{"id":8195,"date":"2022-03-26T00:28:57","date_gmt":"2022-03-26T04:28:57","guid":{"rendered":"https:\/\/minutocerord.com\/?p=8195"},"modified":"2022-03-26T00:28:59","modified_gmt":"2022-03-26T04:28:59","slug":"la-rd-preside-asamblea-onu-y-apoya-resolucion-sobre-ucrania","status":"publish","type":"post","link":"https:\/\/minutocerord.com\/?p=8195","title":{"rendered":"La RD preside Asamblea ONU y apoya resoluci\u00f3n sobre Ucrania"},"content":{"rendered":"\n<p><strong>SANTO DOMINGO.- R<\/strong>ep\u00fablica Dominicana presidi\u00f3 la reuni\u00f3n de la Asamblea General de la Organizaci\u00f3n de las Naciones Unidas (ONU) en la cual se adopt\u00f3 la resoluci\u00f3n \u201cConsecuencias humanitarias de la agresi\u00f3n contra Ucrania\u201d.<\/p>\n\n\n\n<p>El pa\u00eds exigi\u00f3 el cese inmediato de las hostilidades por parte de Rusia, as\u00ed como todo ataque contra la poblaci\u00f3n ucraniana o las infraestructuras civiles.<\/p>\n\n\n\n<p>En su rol de vicepresidente del 76\u00ba per\u00edodo de sesiones de la Asamblea General de la ONU, el representante permanente de Rep\u00fablica Dominicana ante este organismo, embajador Jos\u00e9 Blanco, moder\u00f3 los debates de dicho documento, el cual obtuvo 140 votos a favor, cinco en contra y 38 abstenciones.<\/p>\n\n\n\n<p>En sus disposiciones, el documento tambi\u00e9n exige la protecci\u00f3n de los civiles, incluidos el personal humanitario, los periodistas, y los colectivos m\u00e1s vulnerables, como mujeres y ni\u00f1os.<\/p>\n\n\n\n<p><strong>PROTECCI\u00d3N DERECHOS CIVILES<\/strong><\/p>\n\n\n\n<p>Otra demanda del principal \u00f3rgano de la ONU es la protecci\u00f3n a los civiles que huyen de los enfrentamientos para permitirles el paso seguro, sin obst\u00e1culos ni discriminaci\u00f3n de ning\u00fan tipo. Adem\u00e1s, el documento conviene la garant\u00eda al acceso irrestricto del personal y los suministros humanitarios, y demanda el fin del asedio a las ciudades ucranianas tales como Mari\u00fapol.<\/p>\n\n\n\n<p>Asimismo, el texto condena la violaci\u00f3n a las leyes internacionales humanitarias y de derechos humanos, y exhorta a las partes a respetar los estatutos establecidos dentro del marco de los Convenios de Ginebra de 1949. Por otro lado, la resoluci\u00f3n llama a financiar el Plan de Respuesta Humanitaria de la ONU y el plan regional de respuesta para los refugiados de Ucrania en los pa\u00edses vecinos.<\/p>\n\n\n\n<p>La Asamblea General alienta a continuar las negociaciones entre todas las partes, e insta a la resoluci\u00f3n pac\u00edfica e inmediata del conflicto entre Rusia y Ucrania a trav\u00e9s del di\u00e1logo y otros medios, de conformidad con el derecho internacional.<\/p>\n\n\n\n<p>Rep\u00fablica Dominicana reitera su compromiso con la promoci\u00f3n de los valores democr\u00e1ticos y el respeto a los derechos humanos consagrados en la Constituci\u00f3n y los tratados internacionales a los cuales el pa\u00eds se adhiere.<\/p>\n","protected":false},"excerpt":{"rendered":"<p>SANTO DOMINGO.- Rep\u00fablica Dominicana presidi\u00f3 la reuni\u00f3n de la Asamblea General de la Organizaci\u00f3n de las Naciones Unidas (ONU) en la cual se adopt\u00f3 la resoluci\u00f3n \u201cConsecuencias humanitarias de la agresi\u00f3n contra Ucrania\u201d. El pa\u00eds exigi\u00f3 el cese inmediato de las hostilidades por parte de Rusia, as\u00ed como todo ataque contra la poblaci\u00f3n ucraniana o [&hellip;]<\/p>\n","protected":false},"author":1,"featured_media":8196,"comment_status":"open","ping_status":"open","sticky":false,"template":"","format":"standard","meta":{"nf_dc_page":"","jetpack_post_was_ever_published":false,"_jetpack_newsletter_access":"","_jetpack_dont_email_post_to_subs":false,"_jetpack_newsletter_tier_id":0,"_jetpack_memberships_contains_paywalled_content":false,"_jetpack_memberships_contains_paid_content":false,"footnotes":"","jetpack_publicize_message":"","jetpack_publicize_feature_enabled":true,"jetpack_social_post_already_shared":false,"jetpack_social_options":{"image_generator_settings":{"template":"highway","default_image_id":0,"font":"","enabled":false},"version":2}},"categories":[65],"tags":[],"class_list":["post-8195","post","type-post","status-publish","format-standard","has-post-thumbnail","hentry","category-nacionales"],"yoast_head":"<!-- This site is optimized with the Yoast SEO plugin v27.4 - https:\/\/yoast.com\/product\/yoast-seo-wordpress\/ -->\n<title>La RD preside Asamblea ONU y apoya resoluci\u00f3n sobre Ucrania - Minuto Cero RD<\/title>\n<meta name=\"robots\" content=\"index, follow, max-snippet:-1, max-image-preview:large, max-video-preview:-1\" \/>\n<link rel=\"canonical\" href=\"http:\/\/minutocerord.com\/?p=8195\" \/>\n<meta property=\"og:locale\" content=\"es_ES\" \/>\n<meta property=\"og:type\" content=\"article\" \/>\n<meta property=\"og:title\" content=\"La RD preside Asamblea ONU y apoya resoluci\u00f3n sobre Ucrania - Minuto Cero RD\" \/>\n<meta property=\"og:description\" content=\"SANTO DOMINGO.- Rep\u00fablica Dominicana presidi\u00f3 la reuni\u00f3n de la Asamblea General de la Organizaci\u00f3n de las Naciones Unidas (ONU) en la cual se adopt\u00f3 la resoluci\u00f3n \u201cConsecuencias humanitarias de la agresi\u00f3n contra Ucrania\u201d. El pa\u00eds exigi\u00f3 el cese inmediato de las hostilidades por parte de Rusia, as\u00ed como todo ataque contra la poblaci\u00f3n ucraniana o [&hellip;]\" \/>\n<meta property=\"og:url\" content=\"http:\/\/minutocerord.com\/?p=8195\" \/>\n<meta property=\"og:site_name\" content=\"Minuto Cero RD\" \/>\n<meta property=\"article:publisher\" content=\"https:\/\/www.facebook.com\/Genofnotes\" \/>\n<meta property=\"article:author\" content=\"https:\/\/www.facebook.com\/Genofnotes\" \/>\n<meta property=\"article:published_time\" content=\"2022-03-26T04:28:57+00:00\" \/>\n<meta property=\"article:modified_time\" content=\"2022-03-26T04:28:59+00:00\" \/>\n<meta property=\"og:image\" content=\"https:\/\/i0.wp.com\/minutocerord.com\/wp-content\/uploads\/2022\/03\/RD.jpg?fit=1005%2C496\" \/>\n\t<meta property=\"og:image:width\" content=\"1005\" \/>\n\t<meta property=\"og:image:height\" content=\"496\" \/>\n\t<meta property=\"og:image:type\" content=\"image\/jpeg\" \/>\n<meta name=\"author\" content=\"Genof\u00f3ntes Urb\u00e1ez\" \/>\n<meta name=\"twitter:card\" content=\"summary_large_image\" \/>\n<meta name=\"twitter:label1\" content=\"Written by\" \/>\n\t<meta name=\"twitter:data1\" content=\"Genof\u00f3ntes Urb\u00e1ez\" \/>\n\t<meta name=\"twitter:label2\" content=\"Est. reading time\" \/>\n\t<meta name=\"twitter:data2\" content=\"2 minutos\" \/>\n<script type=\"application\/ld+json\" class=\"yoast-schema-graph\">{\"@context\":\"https:\\\/\\\/schema.org\",\"@graph\":[{\"@type\":\"Article\",\"@id\":\"http:\\\/\\\/minutocerord.com\\\/?p=8195#article\",\"isPartOf\":{\"@id\":\"http:\\\/\\\/minutocerord.com\\\/?p=8195\"},\"author\":{\"name\":\"Genof\u00f3ntes Urb\u00e1ez\",\"@id\":\"https:\\\/\\\/minutocerord.com\\\/#\\\/schema\\\/person\\\/60b5372d60aaa0a5171fb6488be9aee6\"},\"headline\":\"La RD preside Asamblea ONU y apoya resoluci\u00f3n sobre Ucrania\",\"datePublished\":\"2022-03-26T04:28:57+00:00\",\"dateModified\":\"2022-03-26T04:28:59+00:00\",\"mainEntityOfPage\":{\"@id\":\"http:\\\/\\\/minutocerord.com\\\/?p=8195\"},\"wordCount\":375,\"commentCount\":0,\"publisher\":{\"@id\":\"https:\\\/\\\/minutocerord.com\\\/#\\\/schema\\\/person\\\/60b5372d60aaa0a5171fb6488be9aee6\"},\"image\":{\"@id\":\"http:\\\/\\\/minutocerord.com\\\/?p=8195#primaryimage\"},\"thumbnailUrl\":\"https:\\\/\\\/i0.wp.com\\\/minutocerord.com\\\/wp-content\\\/uploads\\\/2022\\\/03\\\/RD.jpg?fit=1005%2C496&ssl=1\",\"articleSection\":[\"Nacionales\"],\"inLanguage\":\"es-DO\",\"potentialAction\":[{\"@type\":\"CommentAction\",\"name\":\"Comment\",\"target\":[\"http:\\\/\\\/minutocerord.com\\\/?p=8195#respond\"]}]},{\"@type\":\"WebPage\",\"@id\":\"http:\\\/\\\/minutocerord.com\\\/?p=8195\",\"url\":\"http:\\\/\\\/minutocerord.com\\\/?p=8195\",\"name\":\"La RD preside Asamblea ONU y apoya resoluci\u00f3n sobre Ucrania - Minuto Cero RD\",\"isPartOf\":{\"@id\":\"https:\\\/\\\/minutocerord.com\\\/#website\"},\"primaryImageOfPage\":{\"@id\":\"http:\\\/\\\/minutocerord.com\\\/?p=8195#primaryimage\"},\"image\":{\"@id\":\"http:\\\/\\\/minutocerord.com\\\/?p=8195#primaryimage\"},\"thumbnailUrl\":\"https:\\\/\\\/i0.wp.com\\\/minutocerord.com\\\/wp-content\\\/uploads\\\/2022\\\/03\\\/RD.jpg?fit=1005%2C496&ssl=1\",\"datePublished\":\"2022-03-26T04:28:57+00:00\",\"dateModified\":\"2022-03-26T04:28:59+00:00\",\"breadcrumb\":{\"@id\":\"http:\\\/\\\/minutocerord.com\\\/?p=8195#breadcrumb\"},\"inLanguage\":\"es-DO\",\"potentialAction\":[{\"@type\":\"ReadAction\",\"target\":[\"http:\\\/\\\/minutocerord.com\\\/?p=8195\"]}]},{\"@type\":\"ImageObject\",\"inLanguage\":\"es-DO\",\"@id\":\"http:\\\/\\\/minutocerord.com\\\/?p=8195#primaryimage\",\"url\":\"https:\\\/\\\/i0.wp.com\\\/minutocerord.com\\\/wp-content\\\/uploads\\\/2022\\\/03\\\/RD.jpg?fit=1005%2C496&ssl=1\",\"contentUrl\":\"https:\\\/\\\/i0.wp.com\\\/minutocerord.com\\\/wp-content\\\/uploads\\\/2022\\\/03\\\/RD.jpg?fit=1005%2C496&ssl=1\",\"width\":1005,\"height\":496},{\"@type\":\"BreadcrumbList\",\"@id\":\"http:\\\/\\\/minutocerord.com\\\/?p=8195#breadcrumb\",\"itemListElement\":[{\"@type\":\"ListItem\",\"position\":1,\"name\":\"Home\",\"item\":\"https:\\\/\\\/minutocerord.com\\\/\"},{\"@type\":\"ListItem\",\"position\":2,\"name\":\"La RD preside Asamblea ONU y apoya resoluci\u00f3n sobre Ucrania\"}]},{\"@type\":\"WebSite\",\"@id\":\"https:\\\/\\\/minutocerord.com\\\/#website\",\"url\":\"https:\\\/\\\/minutocerord.com\\\/\",\"name\":\"Minuto Cero RD\",\"description\":\"Periodismo serio y veraz\",\"publisher\":{\"@id\":\"https:\\\/\\\/minutocerord.com\\\/#\\\/schema\\\/person\\\/60b5372d60aaa0a5171fb6488be9aee6\"},\"potentialAction\":[{\"@type\":\"SearchAction\",\"target\":{\"@type\":\"EntryPoint\",\"urlTemplate\":\"https:\\\/\\\/minutocerord.com\\\/?s={search_term_string}\"},\"query-input\":{\"@type\":\"PropertyValueSpecification\",\"valueRequired\":true,\"valueName\":\"search_term_string\"}}],\"inLanguage\":\"es-DO\"},{\"@type\":[\"Person\",\"Organization\"],\"@id\":\"https:\\\/\\\/minutocerord.com\\\/#\\\/schema\\\/person\\\/60b5372d60aaa0a5171fb6488be9aee6\",\"name\":\"Genof\u00f3ntes Urb\u00e1ez\",\"image\":{\"@type\":\"ImageObject\",\"inLanguage\":\"es-DO\",\"@id\":\"https:\\\/\\\/secure.gravatar.com\\\/avatar\\\/a49ef3186a692098ac3e8a1612261e3ad70cf9e44553dff2929e67939a0ecb9d?s=96&d=identicon&r=g\",\"url\":\"https:\\\/\\\/secure.gravatar.com\\\/avatar\\\/a49ef3186a692098ac3e8a1612261e3ad70cf9e44553dff2929e67939a0ecb9d?s=96&d=identicon&r=g\",\"contentUrl\":\"https:\\\/\\\/secure.gravatar.com\\\/avatar\\\/a49ef3186a692098ac3e8a1612261e3ad70cf9e44553dff2929e67939a0ecb9d?s=96&d=identicon&r=g\",\"caption\":\"Genof\u00f3ntes Urb\u00e1ez\"},\"logo\":{\"@id\":\"https:\\\/\\\/secure.gravatar.com\\\/avatar\\\/a49ef3186a692098ac3e8a1612261e3ad70cf9e44553dff2929e67939a0ecb9d?s=96&d=identicon&r=g\"},\"description\":\"Periodista \\\/ Locutor\",\"sameAs\":[\"https:\\\/\\\/www.facebook.com\\\/Genofnotes\",\"https:\\\/\\\/www.instagram.com\\\/genofnotes\\\/\"]}]}<\/script>\n<!-- \/ Yoast SEO plugin. -->","yoast_head_json":{"title":"La RD preside Asamblea ONU y apoya resoluci\u00f3n sobre Ucrania - Minuto Cero RD","robots":{"index":"index","follow":"follow","max-snippet":"max-snippet:-1","max-image-preview":"max-image-preview:large","max-video-preview":"max-video-preview:-1"},"canonical":"http:\/\/minutocerord.com\/?p=8195","og_locale":"es_ES","og_type":"article","og_title":"La RD preside Asamblea ONU y apoya resoluci\u00f3n sobre Ucrania - Minuto Cero RD","og_description":"SANTO DOMINGO.- Rep\u00fablica Dominicana presidi\u00f3 la reuni\u00f3n de la Asamblea General de la Organizaci\u00f3n de las Naciones Unidas (ONU) en la cual se adopt\u00f3 la resoluci\u00f3n \u201cConsecuencias humanitarias de la agresi\u00f3n contra Ucrania\u201d. El pa\u00eds exigi\u00f3 el cese inmediato de las hostilidades por parte de Rusia, as\u00ed como todo ataque contra la poblaci\u00f3n ucraniana o [&hellip;]","og_url":"http:\/\/minutocerord.com\/?p=8195","og_site_name":"Minuto Cero RD","article_publisher":"https:\/\/www.facebook.com\/Genofnotes","article_author":"https:\/\/www.facebook.com\/Genofnotes","article_published_time":"2022-03-26T04:28:57+00:00","article_modified_time":"2022-03-26T04:28:59+00:00","og_image":[{"width":1005,"height":496,"url":"https:\/\/i0.wp.com\/minutocerord.com\/wp-content\/uploads\/2022\/03\/RD.jpg?fit=1005%2C496","type":"image\/jpeg"}],"author":"Genof\u00f3ntes Urb\u00e1ez","twitter_card":"summary_large_image","twitter_misc":{"Written by":"Genof\u00f3ntes Urb\u00e1ez","Est. reading time":"2 minutos"},"schema":{"@context":"https:\/\/schema.org","@graph":[{"@type":"Article","@id":"http:\/\/minutocerord.com\/?p=8195#article","isPartOf":{"@id":"http:\/\/minutocerord.com\/?p=8195"},"author":{"name":"Genof\u00f3ntes Urb\u00e1ez","@id":"https:\/\/minutocerord.com\/#\/schema\/person\/60b5372d60aaa0a5171fb6488be9aee6"},"headline":"La RD preside Asamblea ONU y apoya resoluci\u00f3n sobre Ucrania","datePublished":"2022-03-26T04:28:57+00:00","dateModified":"2022-03-26T04:28:59+00:00","mainEntityOfPage":{"@id":"http:\/\/minutocerord.com\/?p=8195"},"wordCount":375,"commentCount":0,"publisher":{"@id":"https:\/\/minutocerord.com\/#\/schema\/person\/60b5372d60aaa0a5171fb6488be9aee6"},"image":{"@id":"http:\/\/minutocerord.com\/?p=8195#primaryimage"},"thumbnailUrl":"https:\/\/i0.wp.com\/minutocerord.com\/wp-content\/uploads\/2022\/03\/RD.jpg?fit=1005%2C496&ssl=1","articleSection":["Nacionales"],"inLanguage":"es-DO","potentialAction":[{"@type":"CommentAction","name":"Comment","target":["http:\/\/minutocerord.com\/?p=8195#respond"]}]},{"@type":"WebPage","@id":"http:\/\/minutocerord.com\/?p=8195","url":"http:\/\/minutocerord.com\/?p=8195","name":"La RD preside Asamblea ONU y apoya resoluci\u00f3n sobre Ucrania - Minuto Cero RD","isPartOf":{"@id":"https:\/\/minutocerord.com\/#website"},"primaryImageOfPage":{"@id":"http:\/\/minutocerord.com\/?p=8195#primaryimage"},"image":{"@id":"http:\/\/minutocerord.com\/?p=8195#primaryimage"},"thumbnailUrl":"https:\/\/i0.wp.com\/minutocerord.com\/wp-content\/uploads\/2022\/03\/RD.jpg?fit=1005%2C496&ssl=1","datePublished":"2022-03-26T04:28:57+00:00","dateModified":"2022-03-26T04:28:59+00:00","breadcrumb":{"@id":"http:\/\/minutocerord.com\/?p=8195#breadcrumb"},"inLanguage":"es-DO","potentialAction":[{"@type":"ReadAction","target":["http:\/\/minutocerord.com\/?p=8195"]}]},{"@type":"ImageObject","inLanguage":"es-DO","@id":"http:\/\/minutocerord.com\/?p=8195#primaryimage","url":"https:\/\/i0.wp.com\/minutocerord.com\/wp-content\/uploads\/2022\/03\/RD.jpg?fit=1005%2C496&ssl=1","contentUrl":"https:\/\/i0.wp.com\/minutocerord.com\/wp-content\/uploads\/2022\/03\/RD.jpg?fit=1005%2C496&ssl=1","width":1005,"height":496},{"@type":"BreadcrumbList","@id":"http:\/\/minutocerord.com\/?p=8195#breadcrumb","itemListElement":[{"@type":"ListItem","position":1,"name":"Home","item":"https:\/\/minutocerord.com\/"},{"@type":"ListItem","position":2,"name":"La RD preside Asamblea ONU y apoya resoluci\u00f3n sobre Ucrania"}]},{"@type":"WebSite","@id":"https:\/\/minutocerord.com\/#website","url":"https:\/\/minutocerord.com\/","name":"Minuto Cero RD","description":"Periodismo serio y veraz","publisher":{"@id":"https:\/\/minutocerord.com\/#\/schema\/person\/60b5372d60aaa0a5171fb6488be9aee6"},"potentialAction":[{"@type":"SearchAction","target":{"@type":"EntryPoint","urlTemplate":"https:\/\/minutocerord.com\/?s={search_term_string}"},"query-input":{"@type":"PropertyValueSpecification","valueRequired":true,"valueName":"search_term_string"}}],"inLanguage":"es-DO"},{"@type":["Person","Organization"],"@id":"https:\/\/minutocerord.com\/#\/schema\/person\/60b5372d60aaa0a5171fb6488be9aee6","name":"Genof\u00f3ntes Urb\u00e1ez","image":{"@type":"ImageObject","inLanguage":"es-DO","@id":"https:\/\/secure.gravatar.com\/avatar\/a49ef3186a692098ac3e8a1612261e3ad70cf9e44553dff2929e67939a0ecb9d?s=96&d=identicon&r=g","url":"https:\/\/secure.gravatar.com\/avatar\/a49ef3186a692098ac3e8a1612261e3ad70cf9e44553dff2929e67939a0ecb9d?s=96&d=identicon&r=g","contentUrl":"https:\/\/secure.gravatar.com\/avatar\/a49ef3186a692098ac3e8a1612261e3ad70cf9e44553dff2929e67939a0ecb9d?s=96&d=identicon&r=g","caption":"Genof\u00f3ntes Urb\u00e1ez"},"logo":{"@id":"https:\/\/secure.gravatar.com\/avatar\/a49ef3186a692098ac3e8a1612261e3ad70cf9e44553dff2929e67939a0ecb9d?s=96&d=identicon&r=g"},"description":"Periodista \/ Locutor","sameAs":["https:\/\/www.facebook.com\/Genofnotes","https:\/\/www.instagram.com\/genofnotes\/"]}]}},"jetpack_publicize_connections":[],"jetpack_featured_media_url":"https:\/\/i0.wp.com\/minutocerord.com\/wp-content\/uploads\/2022\/03\/RD.jpg?fit=1005%2C496&ssl=1","jetpack-related-posts":[],"jetpack_sharing_enabled":true,"_links":{"self":[{"href":"https:\/\/minutocerord.com\/index.php?rest_route=\/wp\/v2\/posts\/8195","targetHints":{"allow":["GET"]}}],"collection":[{"href":"https:\/\/minutocerord.com\/index.php?rest_route=\/wp\/v2\/posts"}],"about":[{"href":"https:\/\/minutocerord.com\/index.php?rest_route=\/wp\/v2\/types\/post"}],"author":[{"embeddable":true,"href":"https:\/\/minutocerord.com\/index.php?rest_route=\/wp\/v2\/users\/1"}],"replies":[{"embeddable":true,"href":"https:\/\/minutocerord.com\/index.php?rest_route=%2Fwp%2Fv2%2Fcomments&post=8195"}],"version-history":[{"count":1,"href":"https:\/\/minutocerord.com\/index.php?rest_route=\/wp\/v2\/posts\/8195\/revisions"}],"predecessor-version":[{"id":8197,"href":"https:\/\/minutocerord.com\/index.php?rest_route=\/wp\/v2\/posts\/8195\/revisions\/8197"}],"wp:featuredmedia":[{"embeddable":true,"href":"https:\/\/minutocerord.com\/index.php?rest_route=\/wp\/v2\/media\/8196"}],"wp:attachment":[{"href":"https:\/\/minutocerord.com\/index.php?rest_route=%2Fwp%2Fv2%2Fmedia&parent=8195"}],"wp:term":[{"taxonomy":"category","embeddable":true,"href":"https:\/\/minutocerord.com\/index.php?rest_route=%2Fwp%2Fv2%2Fcategories&post=8195"},{"taxonomy":"post_tag","embeddable":true,"href":"https:\/\/minutocerord.com\/index.php?rest_route=%2Fwp%2Fv2%2Ftags&post=8195"}],"curies":[{"name":"wp","href":"https:\/\/api.w.org\/{rel}","templated":true}]}}