{"id":8198,"date":"2022-03-27T22:51:07","date_gmt":"2022-03-28T02:51:07","guid":{"rendered":"https:\/\/minutocerord.com\/?p=8198"},"modified":"2022-03-28T00:54:13","modified_gmt":"2022-03-28T04:54:13","slug":"conozca-el-prontuario-delictivo-de-el-temible-calin-el-dominicano-apresado-en-portugal-el-pasado-sabado","status":"publish","type":"post","link":"https:\/\/minutocerord.com\/?p=8198","title":{"rendered":"Conozca el prontuario delictivo de \u201cel temible Calin\u201d el dominicano apresado en Portugal el pasado s\u00e1bado."},"content":{"rendered":"\n<p><strong>Santo Domingo.-<\/strong> Aunque puede resultar poco familiar para muchos, para las autoridades policiales y judiciales locales es muy popular, y es que \u201cel temible Calin\u201d, es due\u00f1o de un largo historial criminal, tanto en el pa\u00eds como en aguas extranjeras.<\/p>\n\n\n\n<p>Carlos Julio Matos Montero, nombre de pila del presunto narcotraficante fue apresado en Portugal el pasado s\u00e1bado.<\/p>\n\n\n\n<p><strong>Historial delictivo&nbsp;<\/strong><\/p>\n\n\n\n<p>Fue deportado en el 2003 de Estados Unidos tras cumplir un a\u00f1o de prisi\u00f3n.<\/p>\n\n\n\n<p>Tambi\u00e9n es se\u00f1alado como supuesto contacto de los carteles de Medell\u00edn y el cartel del golfo en M\u00e9xico.<\/p>\n\n\n\n<p>En el 2011 \u201cel temible Calin\u201d, tambi\u00e9n le acusaron por muerte de Jos\u00e9 Lenin Matos y Matos (Hansel), en el distrito municipal de Canoa, Barahona, durante las fiestas patronales. Tambi\u00e9n, se le atribuye la muerte a tiros de Nilvio Ram\u00edrez Matos, en Tamayo<\/p>\n\n\n\n<p>En el 2014 fue acusado del asesinato del director de la Junta Municipal de Monserrate, Tamayo.<\/p>\n\n\n\n<p><strong>Arresto en Portugal&nbsp;<\/strong><\/p>\n\n\n\n<p>Se recuerda que en una operaci\u00f3n entre Espa\u00f1a y Portugal fue detenido el narcotraficante conocido como \u201cel temible Cal\u00edn\u201d, cuando intentaba huir a Rep\u00fablica Dominicana, inform\u00f3 la Polic\u00eda espa\u00f1ola.<\/p>\n\n\n\n<p>La Polic\u00eda explic\u00f3 en un comunicado que fue desarticulada una organizaci\u00f3n acusada de introducir coca\u00edna en Espa\u00f1a, que supuestamente lideraba Carlos Julio Matos Montero, \u201cel temible Cal\u00edn\u201d, quien cuenta con un largo historial criminal y estaba a punto de huir desde Portugal a Rep\u00fablica Dominicana, su pa\u00eds natal.<\/p>\n\n\n\n<p>Este hombre era investigado por la Polic\u00eda espa\u00f1ola desde 2019 como supuesto responsable de la introducci\u00f3n en Espa\u00f1a de cuarenta kilos de coca\u00edna a trav\u00e9s del aeropuerto de Madrid y fue detenido cuando iba a tomar un vuelo desde Lisboa.<\/p>\n\n\n\n<p>La operaci\u00f3n policial culmin\u00f3 con numerosos registros en varias ciudades espa\u00f1olas, en los que fueron intervenidos 83 kilos de coca\u00edna, 28 terminales de telefon\u00eda, un rev\u00f3lver, siete veh\u00edculos, dos b\u00e1sculas y numerosa documentaci\u00f3n, entre otros efectos.<\/p>\n\n\n\n<p>La investigaci\u00f3n se inici\u00f3 en abril de 2021 cuando los agentes tuvieron conocimiento de que un hombre de origen dominicano era presuntamente el responsable del traslado de una mujer a la isla espa\u00f1ola de Lanzarote (Atl\u00e1ntico) con sesenta bolas de coca\u00edna, por lo que fue detenida en el aeropuerto de Madrid.<\/p>\n\n\n\n<p>Los agentes averiguaron que se trataba de \u201cel temible Cal\u00edn\u201d y posteriormente detectaron que el supuesto destinatario del estupefaciente y l\u00edder de la organizaci\u00f3n huy\u00f3 a Portugal al percatarse de los arrestos de otros presuntos miembros de la banda, por lo que se emiti\u00f3 una orden europea de detenci\u00f3n y fue arrestado por la Polic\u00eda de Portugal cuando trataba de fugarse a su pa\u00eds de origen.<\/p>\n\n\n\n<p>La investigaci\u00f3n apunt\u00f3 a que los investigados podr\u00edan ser propietarios de una maleta intervenida en el aeropuerto de Lisboa en octubre de 2021 con treinta kilos de coca\u00edna y de otras dos en enero de 2022 con otros cincuenta kilos, hasta que efectuaron varios arrestos, entre ellas una mujer que empleaba documentaci\u00f3n falsa de B\u00e9lgica para ocultar una orden de detenci\u00f3n que pesaba sobre ella por tr\u00e1fico de drogas, seg\u00fan la Polic\u00eda.<\/p>\n\n\n\n<p><strong>Fuente Externa<\/strong><\/p>\n","protected":false},"excerpt":{"rendered":"<p>Santo Domingo.- Aunque puede resultar poco familiar para muchos, para las autoridades policiales y judiciales locales es muy popular, y es que \u201cel temible Calin\u201d, es due\u00f1o de un largo historial criminal, tanto en el pa\u00eds como en aguas extranjeras. Carlos Julio Matos Montero, nombre de pila del presunto narcotraficante fue apresado en Portugal el [&hellip;]<\/p>\n","protected":false},"author":1,"featured_media":8199,"comment_status":"open","ping_status":"open","sticky":false,"template":"","format":"standard","meta":{"nf_dc_page":"","jetpack_post_was_ever_published":false,"_jetpack_newsletter_access":"","_jetpack_dont_email_post_to_subs":false,"_jetpack_newsletter_tier_id":0,"_jetpack_memberships_contains_paywalled_content":false,"_jetpack_memberships_contains_paid_content":false,"footnotes":"","jetpack_publicize_message":"","jetpack_publicize_feature_enabled":true,"jetpack_social_post_already_shared":false,"jetpack_social_options":{"image_generator_settings":{"template":"highway","default_image_id":0,"font":"","enabled":false},"version":2}},"categories":[65],"tags":[],"class_list":["post-8198","post","type-post","status-publish","format-standard","has-post-thumbnail","hentry","category-nacionales"],"yoast_head":"<!-- This site is optimized with the Yoast SEO plugin v27.4 - https:\/\/yoast.com\/product\/yoast-seo-wordpress\/ -->\n<title>Conozca el prontuario delictivo de \u201cel temible Calin\u201d el dominicano apresado en Portugal el pasado s\u00e1bado. - Minuto Cero RD<\/title>\n<meta name=\"robots\" content=\"index, follow, max-snippet:-1, max-image-preview:large, max-video-preview:-1\" \/>\n<link rel=\"canonical\" href=\"http:\/\/minutocerord.com\/?p=8198\" \/>\n<meta property=\"og:locale\" content=\"es_ES\" \/>\n<meta property=\"og:type\" content=\"article\" \/>\n<meta property=\"og:title\" content=\"Conozca el prontuario delictivo de \u201cel temible Calin\u201d el dominicano apresado en Portugal el pasado s\u00e1bado. - Minuto Cero RD\" \/>\n<meta property=\"og:description\" content=\"Santo Domingo.- Aunque puede resultar poco familiar para muchos, para las autoridades policiales y judiciales locales es muy popular, y es que \u201cel temible Calin\u201d, es due\u00f1o de un largo historial criminal, tanto en el pa\u00eds como en aguas extranjeras. Carlos Julio Matos Montero, nombre de pila del presunto narcotraficante fue apresado en Portugal el [&hellip;]\" \/>\n<meta property=\"og:url\" content=\"http:\/\/minutocerord.com\/?p=8198\" \/>\n<meta property=\"og:site_name\" content=\"Minuto Cero RD\" \/>\n<meta property=\"article:publisher\" content=\"https:\/\/www.facebook.com\/Genofnotes\" \/>\n<meta property=\"article:author\" content=\"https:\/\/www.facebook.com\/Genofnotes\" \/>\n<meta property=\"article:published_time\" content=\"2022-03-28T02:51:07+00:00\" \/>\n<meta property=\"article:modified_time\" content=\"2022-03-28T04:54:13+00:00\" \/>\n<meta property=\"og:image\" content=\"https:\/\/i0.wp.com\/minutocerord.com\/wp-content\/uploads\/2022\/03\/88eadb95-calin-preso-624070991d4a1-624074860c9b8.jpg?fit=1052%2C630\" \/>\n\t<meta property=\"og:image:width\" content=\"1052\" \/>\n\t<meta property=\"og:image:height\" content=\"630\" \/>\n\t<meta property=\"og:image:type\" content=\"image\/jpeg\" \/>\n<meta name=\"author\" content=\"Genof\u00f3ntes Urb\u00e1ez\" \/>\n<meta name=\"twitter:card\" content=\"summary_large_image\" \/>\n<meta name=\"twitter:label1\" content=\"Written by\" \/>\n\t<meta name=\"twitter:data1\" content=\"Genof\u00f3ntes Urb\u00e1ez\" \/>\n\t<meta name=\"twitter:label2\" content=\"Est. reading time\" \/>\n\t<meta name=\"twitter:data2\" content=\"3 minutos\" \/>\n<script type=\"application\/ld+json\" class=\"yoast-schema-graph\">{\"@context\":\"https:\\\/\\\/schema.org\",\"@graph\":[{\"@type\":\"Article\",\"@id\":\"http:\\\/\\\/minutocerord.com\\\/?p=8198#article\",\"isPartOf\":{\"@id\":\"http:\\\/\\\/minutocerord.com\\\/?p=8198\"},\"author\":{\"name\":\"Genof\u00f3ntes Urb\u00e1ez\",\"@id\":\"https:\\\/\\\/minutocerord.com\\\/#\\\/schema\\\/person\\\/60b5372d60aaa0a5171fb6488be9aee6\"},\"headline\":\"Conozca el prontuario delictivo de \u201cel temible Calin\u201d el dominicano apresado en Portugal el pasado s\u00e1bado.\",\"datePublished\":\"2022-03-28T02:51:07+00:00\",\"dateModified\":\"2022-03-28T04:54:13+00:00\",\"mainEntityOfPage\":{\"@id\":\"http:\\\/\\\/minutocerord.com\\\/?p=8198\"},\"wordCount\":566,\"commentCount\":0,\"publisher\":{\"@id\":\"https:\\\/\\\/minutocerord.com\\\/#\\\/schema\\\/person\\\/60b5372d60aaa0a5171fb6488be9aee6\"},\"image\":{\"@id\":\"http:\\\/\\\/minutocerord.com\\\/?p=8198#primaryimage\"},\"thumbnailUrl\":\"https:\\\/\\\/i0.wp.com\\\/minutocerord.com\\\/wp-content\\\/uploads\\\/2022\\\/03\\\/88eadb95-calin-preso-624070991d4a1-624074860c9b8.jpg?fit=1052%2C630&ssl=1\",\"articleSection\":[\"Nacionales\"],\"inLanguage\":\"es-DO\",\"potentialAction\":[{\"@type\":\"CommentAction\",\"name\":\"Comment\",\"target\":[\"http:\\\/\\\/minutocerord.com\\\/?p=8198#respond\"]}]},{\"@type\":\"WebPage\",\"@id\":\"http:\\\/\\\/minutocerord.com\\\/?p=8198\",\"url\":\"http:\\\/\\\/minutocerord.com\\\/?p=8198\",\"name\":\"Conozca el prontuario delictivo de \u201cel temible Calin\u201d el dominicano apresado en Portugal el pasado s\u00e1bado. - Minuto Cero RD\",\"isPartOf\":{\"@id\":\"https:\\\/\\\/minutocerord.com\\\/#website\"},\"primaryImageOfPage\":{\"@id\":\"http:\\\/\\\/minutocerord.com\\\/?p=8198#primaryimage\"},\"image\":{\"@id\":\"http:\\\/\\\/minutocerord.com\\\/?p=8198#primaryimage\"},\"thumbnailUrl\":\"https:\\\/\\\/i0.wp.com\\\/minutocerord.com\\\/wp-content\\\/uploads\\\/2022\\\/03\\\/88eadb95-calin-preso-624070991d4a1-624074860c9b8.jpg?fit=1052%2C630&ssl=1\",\"datePublished\":\"2022-03-28T02:51:07+00:00\",\"dateModified\":\"2022-03-28T04:54:13+00:00\",\"breadcrumb\":{\"@id\":\"http:\\\/\\\/minutocerord.com\\\/?p=8198#breadcrumb\"},\"inLanguage\":\"es-DO\",\"potentialAction\":[{\"@type\":\"ReadAction\",\"target\":[\"http:\\\/\\\/minutocerord.com\\\/?p=8198\"]}]},{\"@type\":\"ImageObject\",\"inLanguage\":\"es-DO\",\"@id\":\"http:\\\/\\\/minutocerord.com\\\/?p=8198#primaryimage\",\"url\":\"https:\\\/\\\/i0.wp.com\\\/minutocerord.com\\\/wp-content\\\/uploads\\\/2022\\\/03\\\/88eadb95-calin-preso-624070991d4a1-624074860c9b8.jpg?fit=1052%2C630&ssl=1\",\"contentUrl\":\"https:\\\/\\\/i0.wp.com\\\/minutocerord.com\\\/wp-content\\\/uploads\\\/2022\\\/03\\\/88eadb95-calin-preso-624070991d4a1-624074860c9b8.jpg?fit=1052%2C630&ssl=1\",\"width\":1052,\"height\":630},{\"@type\":\"BreadcrumbList\",\"@id\":\"http:\\\/\\\/minutocerord.com\\\/?p=8198#breadcrumb\",\"itemListElement\":[{\"@type\":\"ListItem\",\"position\":1,\"name\":\"Home\",\"item\":\"https:\\\/\\\/minutocerord.com\\\/\"},{\"@type\":\"ListItem\",\"position\":2,\"name\":\"Conozca el prontuario delictivo de \u201cel temible Calin\u201d el dominicano apresado en Portugal el pasado s\u00e1bado.\"}]},{\"@type\":\"WebSite\",\"@id\":\"https:\\\/\\\/minutocerord.com\\\/#website\",\"url\":\"https:\\\/\\\/minutocerord.com\\\/\",\"name\":\"Minuto Cero RD\",\"description\":\"Periodismo serio y veraz\",\"publisher\":{\"@id\":\"https:\\\/\\\/minutocerord.com\\\/#\\\/schema\\\/person\\\/60b5372d60aaa0a5171fb6488be9aee6\"},\"potentialAction\":[{\"@type\":\"SearchAction\",\"target\":{\"@type\":\"EntryPoint\",\"urlTemplate\":\"https:\\\/\\\/minutocerord.com\\\/?s={search_term_string}\"},\"query-input\":{\"@type\":\"PropertyValueSpecification\",\"valueRequired\":true,\"valueName\":\"search_term_string\"}}],\"inLanguage\":\"es-DO\"},{\"@type\":[\"Person\",\"Organization\"],\"@id\":\"https:\\\/\\\/minutocerord.com\\\/#\\\/schema\\\/person\\\/60b5372d60aaa0a5171fb6488be9aee6\",\"name\":\"Genof\u00f3ntes Urb\u00e1ez\",\"image\":{\"@type\":\"ImageObject\",\"inLanguage\":\"es-DO\",\"@id\":\"https:\\\/\\\/secure.gravatar.com\\\/avatar\\\/a49ef3186a692098ac3e8a1612261e3ad70cf9e44553dff2929e67939a0ecb9d?s=96&d=identicon&r=g\",\"url\":\"https:\\\/\\\/secure.gravatar.com\\\/avatar\\\/a49ef3186a692098ac3e8a1612261e3ad70cf9e44553dff2929e67939a0ecb9d?s=96&d=identicon&r=g\",\"contentUrl\":\"https:\\\/\\\/secure.gravatar.com\\\/avatar\\\/a49ef3186a692098ac3e8a1612261e3ad70cf9e44553dff2929e67939a0ecb9d?s=96&d=identicon&r=g\",\"caption\":\"Genof\u00f3ntes Urb\u00e1ez\"},\"logo\":{\"@id\":\"https:\\\/\\\/secure.gravatar.com\\\/avatar\\\/a49ef3186a692098ac3e8a1612261e3ad70cf9e44553dff2929e67939a0ecb9d?s=96&d=identicon&r=g\"},\"description\":\"Periodista \\\/ Locutor\",\"sameAs\":[\"https:\\\/\\\/www.facebook.com\\\/Genofnotes\",\"https:\\\/\\\/www.instagram.com\\\/genofnotes\\\/\"]}]}<\/script>\n<!-- \/ Yoast SEO plugin. -->","yoast_head_json":{"title":"Conozca el prontuario delictivo de \u201cel temible Calin\u201d el dominicano apresado en Portugal el pasado s\u00e1bado. - Minuto Cero RD","robots":{"index":"index","follow":"follow","max-snippet":"max-snippet:-1","max-image-preview":"max-image-preview:large","max-video-preview":"max-video-preview:-1"},"canonical":"http:\/\/minutocerord.com\/?p=8198","og_locale":"es_ES","og_type":"article","og_title":"Conozca el prontuario delictivo de \u201cel temible Calin\u201d el dominicano apresado en Portugal el pasado s\u00e1bado. - Minuto Cero RD","og_description":"Santo Domingo.- Aunque puede resultar poco familiar para muchos, para las autoridades policiales y judiciales locales es muy popular, y es que \u201cel temible Calin\u201d, es due\u00f1o de un largo historial criminal, tanto en el pa\u00eds como en aguas extranjeras. Carlos Julio Matos Montero, nombre de pila del presunto narcotraficante fue apresado en Portugal el [&hellip;]","og_url":"http:\/\/minutocerord.com\/?p=8198","og_site_name":"Minuto Cero RD","article_publisher":"https:\/\/www.facebook.com\/Genofnotes","article_author":"https:\/\/www.facebook.com\/Genofnotes","article_published_time":"2022-03-28T02:51:07+00:00","article_modified_time":"2022-03-28T04:54:13+00:00","og_image":[{"width":1052,"height":630,"url":"https:\/\/i0.wp.com\/minutocerord.com\/wp-content\/uploads\/2022\/03\/88eadb95-calin-preso-624070991d4a1-624074860c9b8.jpg?fit=1052%2C630","type":"image\/jpeg"}],"author":"Genof\u00f3ntes Urb\u00e1ez","twitter_card":"summary_large_image","twitter_misc":{"Written by":"Genof\u00f3ntes Urb\u00e1ez","Est. reading time":"3 minutos"},"schema":{"@context":"https:\/\/schema.org","@graph":[{"@type":"Article","@id":"http:\/\/minutocerord.com\/?p=8198#article","isPartOf":{"@id":"http:\/\/minutocerord.com\/?p=8198"},"author":{"name":"Genof\u00f3ntes Urb\u00e1ez","@id":"https:\/\/minutocerord.com\/#\/schema\/person\/60b5372d60aaa0a5171fb6488be9aee6"},"headline":"Conozca el prontuario delictivo de \u201cel temible Calin\u201d el dominicano apresado en Portugal el pasado s\u00e1bado.","datePublished":"2022-03-28T02:51:07+00:00","dateModified":"2022-03-28T04:54:13+00:00","mainEntityOfPage":{"@id":"http:\/\/minutocerord.com\/?p=8198"},"wordCount":566,"commentCount":0,"publisher":{"@id":"https:\/\/minutocerord.com\/#\/schema\/person\/60b5372d60aaa0a5171fb6488be9aee6"},"image":{"@id":"http:\/\/minutocerord.com\/?p=8198#primaryimage"},"thumbnailUrl":"https:\/\/i0.wp.com\/minutocerord.com\/wp-content\/uploads\/2022\/03\/88eadb95-calin-preso-624070991d4a1-624074860c9b8.jpg?fit=1052%2C630&ssl=1","articleSection":["Nacionales"],"inLanguage":"es-DO","potentialAction":[{"@type":"CommentAction","name":"Comment","target":["http:\/\/minutocerord.com\/?p=8198#respond"]}]},{"@type":"WebPage","@id":"http:\/\/minutocerord.com\/?p=8198","url":"http:\/\/minutocerord.com\/?p=8198","name":"Conozca el prontuario delictivo de \u201cel temible Calin\u201d el dominicano apresado en Portugal el pasado s\u00e1bado. - Minuto Cero RD","isPartOf":{"@id":"https:\/\/minutocerord.com\/#website"},"primaryImageOfPage":{"@id":"http:\/\/minutocerord.com\/?p=8198#primaryimage"},"image":{"@id":"http:\/\/minutocerord.com\/?p=8198#primaryimage"},"thumbnailUrl":"https:\/\/i0.wp.com\/minutocerord.com\/wp-content\/uploads\/2022\/03\/88eadb95-calin-preso-624070991d4a1-624074860c9b8.jpg?fit=1052%2C630&ssl=1","datePublished":"2022-03-28T02:51:07+00:00","dateModified":"2022-03-28T04:54:13+00:00","breadcrumb":{"@id":"http:\/\/minutocerord.com\/?p=8198#breadcrumb"},"inLanguage":"es-DO","potentialAction":[{"@type":"ReadAction","target":["http:\/\/minutocerord.com\/?p=8198"]}]},{"@type":"ImageObject","inLanguage":"es-DO","@id":"http:\/\/minutocerord.com\/?p=8198#primaryimage","url":"https:\/\/i0.wp.com\/minutocerord.com\/wp-content\/uploads\/2022\/03\/88eadb95-calin-preso-624070991d4a1-624074860c9b8.jpg?fit=1052%2C630&ssl=1","contentUrl":"https:\/\/i0.wp.com\/minutocerord.com\/wp-content\/uploads\/2022\/03\/88eadb95-calin-preso-624070991d4a1-624074860c9b8.jpg?fit=1052%2C630&ssl=1","width":1052,"height":630},{"@type":"BreadcrumbList","@id":"http:\/\/minutocerord.com\/?p=8198#breadcrumb","itemListElement":[{"@type":"ListItem","position":1,"name":"Home","item":"https:\/\/minutocerord.com\/"},{"@type":"ListItem","position":2,"name":"Conozca el prontuario delictivo de \u201cel temible Calin\u201d el dominicano apresado en Portugal el pasado s\u00e1bado."}]},{"@type":"WebSite","@id":"https:\/\/minutocerord.com\/#website","url":"https:\/\/minutocerord.com\/","name":"Minuto Cero RD","description":"Periodismo serio y veraz","publisher":{"@id":"https:\/\/minutocerord.com\/#\/schema\/person\/60b5372d60aaa0a5171fb6488be9aee6"},"potentialAction":[{"@type":"SearchAction","target":{"@type":"EntryPoint","urlTemplate":"https:\/\/minutocerord.com\/?s={search_term_string}"},"query-input":{"@type":"PropertyValueSpecification","valueRequired":true,"valueName":"search_term_string"}}],"inLanguage":"es-DO"},{"@type":["Person","Organization"],"@id":"https:\/\/minutocerord.com\/#\/schema\/person\/60b5372d60aaa0a5171fb6488be9aee6","name":"Genof\u00f3ntes Urb\u00e1ez","image":{"@type":"ImageObject","inLanguage":"es-DO","@id":"https:\/\/secure.gravatar.com\/avatar\/a49ef3186a692098ac3e8a1612261e3ad70cf9e44553dff2929e67939a0ecb9d?s=96&d=identicon&r=g","url":"https:\/\/secure.gravatar.com\/avatar\/a49ef3186a692098ac3e8a1612261e3ad70cf9e44553dff2929e67939a0ecb9d?s=96&d=identicon&r=g","contentUrl":"https:\/\/secure.gravatar.com\/avatar\/a49ef3186a692098ac3e8a1612261e3ad70cf9e44553dff2929e67939a0ecb9d?s=96&d=identicon&r=g","caption":"Genof\u00f3ntes Urb\u00e1ez"},"logo":{"@id":"https:\/\/secure.gravatar.com\/avatar\/a49ef3186a692098ac3e8a1612261e3ad70cf9e44553dff2929e67939a0ecb9d?s=96&d=identicon&r=g"},"description":"Periodista \/ Locutor","sameAs":["https:\/\/www.facebook.com\/Genofnotes","https:\/\/www.instagram.com\/genofnotes\/"]}]}},"jetpack_publicize_connections":[],"jetpack_featured_media_url":"https:\/\/i0.wp.com\/minutocerord.com\/wp-content\/uploads\/2022\/03\/88eadb95-calin-preso-624070991d4a1-624074860c9b8.jpg?fit=1052%2C630&ssl=1","jetpack-related-posts":[],"jetpack_sharing_enabled":true,"_links":{"self":[{"href":"https:\/\/minutocerord.com\/index.php?rest_route=\/wp\/v2\/posts\/8198","targetHints":{"allow":["GET"]}}],"collection":[{"href":"https:\/\/minutocerord.com\/index.php?rest_route=\/wp\/v2\/posts"}],"about":[{"href":"https:\/\/minutocerord.com\/index.php?rest_route=\/wp\/v2\/types\/post"}],"author":[{"embeddable":true,"href":"https:\/\/minutocerord.com\/index.php?rest_route=\/wp\/v2\/users\/1"}],"replies":[{"embeddable":true,"href":"https:\/\/minutocerord.com\/index.php?rest_route=%2Fwp%2Fv2%2Fcomments&post=8198"}],"version-history":[{"count":3,"href":"https:\/\/minutocerord.com\/index.php?rest_route=\/wp\/v2\/posts\/8198\/revisions"}],"predecessor-version":[{"id":8203,"href":"https:\/\/minutocerord.com\/index.php?rest_route=\/wp\/v2\/posts\/8198\/revisions\/8203"}],"wp:featuredmedia":[{"embeddable":true,"href":"https:\/\/minutocerord.com\/index.php?rest_route=\/wp\/v2\/media\/8199"}],"wp:attachment":[{"href":"https:\/\/minutocerord.com\/index.php?rest_route=%2Fwp%2Fv2%2Fmedia&parent=8198"}],"wp:term":[{"taxonomy":"category","embeddable":true,"href":"https:\/\/minutocerord.com\/index.php?rest_route=%2Fwp%2Fv2%2Fcategories&post=8198"},{"taxonomy":"post_tag","embeddable":true,"href":"https:\/\/minutocerord.com\/index.php?rest_route=%2Fwp%2Fv2%2Ftags&post=8198"}],"curies":[{"name":"wp","href":"https:\/\/api.w.org\/{rel}","templated":true}]}}