{"id":8214,"date":"2022-03-30T20:19:57","date_gmt":"2022-03-31T00:19:57","guid":{"rendered":"https:\/\/minutocerord.com\/?p=8214"},"modified":"2022-03-30T20:19:59","modified_gmt":"2022-03-31T00:19:59","slug":"nueva-york-dominicano-muere-apunalado-tras-choque-automovilistico","status":"publish","type":"post","link":"https:\/\/minutocerord.com\/?p=8214","title":{"rendered":"NUEVA YORK: Dominicano muere apu\u00f1alado tras choque automovil\u00edstico"},"content":{"rendered":"\n<p><strong>NUEVA YORK.- <\/strong>La Polic\u00eda identific\u00f3 como William Peralta D\u00edaz al pasajero dominicano que muri\u00f3 apu\u00f1alado la noche del s\u00e1bado tras una discusi\u00f3n por un choque vial en El Bronx.<\/p>\n\n\n\n<p>La Uniformada a\u00fanpersigue al conductor de un veh\u00edculo SUV blanco y al menos a otra persona involucrada en el apu\u00f1alamiento mortal ocurrido alrededor de las 11:59 frente al 2162 de Bruckner Boulevard, en el vecindario Castle Hill.<\/p>\n\n\n\n<p>Peralta D\u00edaz, de 42 a\u00f1os, fue llevado de urgencia al Hospital Jacobi, donde lo declararon muerto.<\/p>\n\n\n\n<p>Ir\u00f3nicamente, Peralta D\u00edaz era pasajero en un sed\u00e1n de cuatro puertas Mazda 1999 que era conducido por su novia y que fue golpeado por la parte trasera del SUV.<\/p>\n\n\n\n<p>Peralta D\u00edaz sali\u00f3 del auto para hablar con el otro conductor, pero \u00e9ste lo apu\u00f1al\u00f3 y huy\u00f3.<\/p>\n\n\n\n<p>Si tiene informaci\u00f3n que ayude con la detenci\u00f3n del homicida, llame al 1-888-577-4782.<\/p>\n","protected":false},"excerpt":{"rendered":"<p>NUEVA YORK.- La Polic\u00eda identific\u00f3 como William Peralta D\u00edaz al pasajero dominicano que muri\u00f3 apu\u00f1alado la noche del s\u00e1bado tras una discusi\u00f3n por un choque vial en El Bronx. La Uniformada a\u00fanpersigue al conductor de un veh\u00edculo SUV blanco y al menos a otra persona involucrada en el apu\u00f1alamiento mortal ocurrido alrededor de las 11:59 [&hellip;]<\/p>\n","protected":false},"author":1,"featured_media":8215,"comment_status":"open","ping_status":"open","sticky":false,"template":"","format":"standard","meta":{"nf_dc_page":"","jetpack_post_was_ever_published":false,"_jetpack_newsletter_access":"","_jetpack_dont_email_post_to_subs":false,"_jetpack_newsletter_tier_id":0,"_jetpack_memberships_contains_paywalled_content":false,"_jetpack_memberships_contains_paid_content":false,"footnotes":"","jetpack_publicize_message":"","jetpack_publicize_feature_enabled":true,"jetpack_social_post_already_shared":false,"jetpack_social_options":{"image_generator_settings":{"template":"highway","default_image_id":0,"font":"","enabled":false},"version":2}},"categories":[82],"tags":[],"class_list":["post-8214","post","type-post","status-publish","format-standard","has-post-thumbnail","hentry","category-new-york"],"yoast_head":"<!-- This site is optimized with the Yoast SEO plugin v27.4 - https:\/\/yoast.com\/product\/yoast-seo-wordpress\/ -->\n<title>NUEVA YORK: Dominicano muere apu\u00f1alado tras choque automovil\u00edstico - Minuto Cero RD<\/title>\n<meta name=\"robots\" content=\"index, follow, max-snippet:-1, max-image-preview:large, max-video-preview:-1\" \/>\n<link rel=\"canonical\" href=\"http:\/\/minutocerord.com\/?p=8214\" \/>\n<meta property=\"og:locale\" content=\"es_ES\" \/>\n<meta property=\"og:type\" content=\"article\" \/>\n<meta property=\"og:title\" content=\"NUEVA YORK: Dominicano muere apu\u00f1alado tras choque automovil\u00edstico - Minuto Cero RD\" \/>\n<meta property=\"og:description\" content=\"NUEVA YORK.- La Polic\u00eda identific\u00f3 como William Peralta D\u00edaz al pasajero dominicano que muri\u00f3 apu\u00f1alado la noche del s\u00e1bado tras una discusi\u00f3n por un choque vial en El Bronx. La Uniformada a\u00fanpersigue al conductor de un veh\u00edculo SUV blanco y al menos a otra persona involucrada en el apu\u00f1alamiento mortal ocurrido alrededor de las 11:59 [&hellip;]\" \/>\n<meta property=\"og:url\" content=\"http:\/\/minutocerord.com\/?p=8214\" \/>\n<meta property=\"og:site_name\" content=\"Minuto Cero RD\" \/>\n<meta property=\"article:publisher\" content=\"https:\/\/www.facebook.com\/Genofnotes\" \/>\n<meta property=\"article:author\" content=\"https:\/\/www.facebook.com\/Genofnotes\" \/>\n<meta property=\"article:published_time\" content=\"2022-03-31T00:19:57+00:00\" \/>\n<meta property=\"article:modified_time\" content=\"2022-03-31T00:19:59+00:00\" \/>\n<meta property=\"og:image\" content=\"https:\/\/i0.wp.com\/minutocerord.com\/wp-content\/uploads\/2022\/03\/Repartidor-de-comida-dominicano-asesinado.jpg?fit=1046%2C556\" \/>\n\t<meta property=\"og:image:width\" content=\"1046\" \/>\n\t<meta property=\"og:image:height\" content=\"556\" \/>\n\t<meta property=\"og:image:type\" content=\"image\/jpeg\" \/>\n<meta name=\"author\" content=\"Genof\u00f3ntes Urb\u00e1ez\" \/>\n<meta name=\"twitter:card\" content=\"summary_large_image\" \/>\n<meta name=\"twitter:label1\" content=\"Written by\" \/>\n\t<meta name=\"twitter:data1\" content=\"Genof\u00f3ntes Urb\u00e1ez\" \/>\n\t<meta name=\"twitter:label2\" content=\"Est. reading time\" \/>\n\t<meta name=\"twitter:data2\" content=\"1 minuto\" \/>\n<script type=\"application\/ld+json\" class=\"yoast-schema-graph\">{\"@context\":\"https:\\\/\\\/schema.org\",\"@graph\":[{\"@type\":\"Article\",\"@id\":\"http:\\\/\\\/minutocerord.com\\\/?p=8214#article\",\"isPartOf\":{\"@id\":\"http:\\\/\\\/minutocerord.com\\\/?p=8214\"},\"author\":{\"name\":\"Genof\u00f3ntes Urb\u00e1ez\",\"@id\":\"https:\\\/\\\/minutocerord.com\\\/#\\\/schema\\\/person\\\/60b5372d60aaa0a5171fb6488be9aee6\"},\"headline\":\"NUEVA YORK: Dominicano muere apu\u00f1alado tras choque automovil\u00edstico\",\"datePublished\":\"2022-03-31T00:19:57+00:00\",\"dateModified\":\"2022-03-31T00:19:59+00:00\",\"mainEntityOfPage\":{\"@id\":\"http:\\\/\\\/minutocerord.com\\\/?p=8214\"},\"wordCount\":167,\"commentCount\":0,\"publisher\":{\"@id\":\"https:\\\/\\\/minutocerord.com\\\/#\\\/schema\\\/person\\\/60b5372d60aaa0a5171fb6488be9aee6\"},\"image\":{\"@id\":\"http:\\\/\\\/minutocerord.com\\\/?p=8214#primaryimage\"},\"thumbnailUrl\":\"https:\\\/\\\/i0.wp.com\\\/minutocerord.com\\\/wp-content\\\/uploads\\\/2022\\\/03\\\/Repartidor-de-comida-dominicano-asesinado.jpg?fit=1046%2C556&ssl=1\",\"articleSection\":[\"New York\"],\"inLanguage\":\"es-DO\",\"potentialAction\":[{\"@type\":\"CommentAction\",\"name\":\"Comment\",\"target\":[\"http:\\\/\\\/minutocerord.com\\\/?p=8214#respond\"]}]},{\"@type\":\"WebPage\",\"@id\":\"http:\\\/\\\/minutocerord.com\\\/?p=8214\",\"url\":\"http:\\\/\\\/minutocerord.com\\\/?p=8214\",\"name\":\"NUEVA YORK: Dominicano muere apu\u00f1alado tras choque automovil\u00edstico - Minuto Cero RD\",\"isPartOf\":{\"@id\":\"https:\\\/\\\/minutocerord.com\\\/#website\"},\"primaryImageOfPage\":{\"@id\":\"http:\\\/\\\/minutocerord.com\\\/?p=8214#primaryimage\"},\"image\":{\"@id\":\"http:\\\/\\\/minutocerord.com\\\/?p=8214#primaryimage\"},\"thumbnailUrl\":\"https:\\\/\\\/i0.wp.com\\\/minutocerord.com\\\/wp-content\\\/uploads\\\/2022\\\/03\\\/Repartidor-de-comida-dominicano-asesinado.jpg?fit=1046%2C556&ssl=1\",\"datePublished\":\"2022-03-31T00:19:57+00:00\",\"dateModified\":\"2022-03-31T00:19:59+00:00\",\"breadcrumb\":{\"@id\":\"http:\\\/\\\/minutocerord.com\\\/?p=8214#breadcrumb\"},\"inLanguage\":\"es-DO\",\"potentialAction\":[{\"@type\":\"ReadAction\",\"target\":[\"http:\\\/\\\/minutocerord.com\\\/?p=8214\"]}]},{\"@type\":\"ImageObject\",\"inLanguage\":\"es-DO\",\"@id\":\"http:\\\/\\\/minutocerord.com\\\/?p=8214#primaryimage\",\"url\":\"https:\\\/\\\/i0.wp.com\\\/minutocerord.com\\\/wp-content\\\/uploads\\\/2022\\\/03\\\/Repartidor-de-comida-dominicano-asesinado.jpg?fit=1046%2C556&ssl=1\",\"contentUrl\":\"https:\\\/\\\/i0.wp.com\\\/minutocerord.com\\\/wp-content\\\/uploads\\\/2022\\\/03\\\/Repartidor-de-comida-dominicano-asesinado.jpg?fit=1046%2C556&ssl=1\",\"width\":1046,\"height\":556},{\"@type\":\"BreadcrumbList\",\"@id\":\"http:\\\/\\\/minutocerord.com\\\/?p=8214#breadcrumb\",\"itemListElement\":[{\"@type\":\"ListItem\",\"position\":1,\"name\":\"Home\",\"item\":\"https:\\\/\\\/minutocerord.com\\\/\"},{\"@type\":\"ListItem\",\"position\":2,\"name\":\"NUEVA YORK: Dominicano muere apu\u00f1alado tras choque automovil\u00edstico\"}]},{\"@type\":\"WebSite\",\"@id\":\"https:\\\/\\\/minutocerord.com\\\/#website\",\"url\":\"https:\\\/\\\/minutocerord.com\\\/\",\"name\":\"Minuto Cero RD\",\"description\":\"Periodismo serio y veraz\",\"publisher\":{\"@id\":\"https:\\\/\\\/minutocerord.com\\\/#\\\/schema\\\/person\\\/60b5372d60aaa0a5171fb6488be9aee6\"},\"potentialAction\":[{\"@type\":\"SearchAction\",\"target\":{\"@type\":\"EntryPoint\",\"urlTemplate\":\"https:\\\/\\\/minutocerord.com\\\/?s={search_term_string}\"},\"query-input\":{\"@type\":\"PropertyValueSpecification\",\"valueRequired\":true,\"valueName\":\"search_term_string\"}}],\"inLanguage\":\"es-DO\"},{\"@type\":[\"Person\",\"Organization\"],\"@id\":\"https:\\\/\\\/minutocerord.com\\\/#\\\/schema\\\/person\\\/60b5372d60aaa0a5171fb6488be9aee6\",\"name\":\"Genof\u00f3ntes Urb\u00e1ez\",\"image\":{\"@type\":\"ImageObject\",\"inLanguage\":\"es-DO\",\"@id\":\"https:\\\/\\\/secure.gravatar.com\\\/avatar\\\/a49ef3186a692098ac3e8a1612261e3ad70cf9e44553dff2929e67939a0ecb9d?s=96&d=identicon&r=g\",\"url\":\"https:\\\/\\\/secure.gravatar.com\\\/avatar\\\/a49ef3186a692098ac3e8a1612261e3ad70cf9e44553dff2929e67939a0ecb9d?s=96&d=identicon&r=g\",\"contentUrl\":\"https:\\\/\\\/secure.gravatar.com\\\/avatar\\\/a49ef3186a692098ac3e8a1612261e3ad70cf9e44553dff2929e67939a0ecb9d?s=96&d=identicon&r=g\",\"caption\":\"Genof\u00f3ntes Urb\u00e1ez\"},\"logo\":{\"@id\":\"https:\\\/\\\/secure.gravatar.com\\\/avatar\\\/a49ef3186a692098ac3e8a1612261e3ad70cf9e44553dff2929e67939a0ecb9d?s=96&d=identicon&r=g\"},\"description\":\"Periodista \\\/ Locutor\",\"sameAs\":[\"https:\\\/\\\/www.facebook.com\\\/Genofnotes\",\"https:\\\/\\\/www.instagram.com\\\/genofnotes\\\/\"]}]}<\/script>\n<!-- \/ Yoast SEO plugin. -->","yoast_head_json":{"title":"NUEVA YORK: Dominicano muere apu\u00f1alado tras choque automovil\u00edstico - Minuto Cero RD","robots":{"index":"index","follow":"follow","max-snippet":"max-snippet:-1","max-image-preview":"max-image-preview:large","max-video-preview":"max-video-preview:-1"},"canonical":"http:\/\/minutocerord.com\/?p=8214","og_locale":"es_ES","og_type":"article","og_title":"NUEVA YORK: Dominicano muere apu\u00f1alado tras choque automovil\u00edstico - Minuto Cero RD","og_description":"NUEVA YORK.- La Polic\u00eda identific\u00f3 como William Peralta D\u00edaz al pasajero dominicano que muri\u00f3 apu\u00f1alado la noche del s\u00e1bado tras una discusi\u00f3n por un choque vial en El Bronx. La Uniformada a\u00fanpersigue al conductor de un veh\u00edculo SUV blanco y al menos a otra persona involucrada en el apu\u00f1alamiento mortal ocurrido alrededor de las 11:59 [&hellip;]","og_url":"http:\/\/minutocerord.com\/?p=8214","og_site_name":"Minuto Cero RD","article_publisher":"https:\/\/www.facebook.com\/Genofnotes","article_author":"https:\/\/www.facebook.com\/Genofnotes","article_published_time":"2022-03-31T00:19:57+00:00","article_modified_time":"2022-03-31T00:19:59+00:00","og_image":[{"width":1046,"height":556,"url":"https:\/\/i0.wp.com\/minutocerord.com\/wp-content\/uploads\/2022\/03\/Repartidor-de-comida-dominicano-asesinado.jpg?fit=1046%2C556","type":"image\/jpeg"}],"author":"Genof\u00f3ntes Urb\u00e1ez","twitter_card":"summary_large_image","twitter_misc":{"Written by":"Genof\u00f3ntes Urb\u00e1ez","Est. reading time":"1 minuto"},"schema":{"@context":"https:\/\/schema.org","@graph":[{"@type":"Article","@id":"http:\/\/minutocerord.com\/?p=8214#article","isPartOf":{"@id":"http:\/\/minutocerord.com\/?p=8214"},"author":{"name":"Genof\u00f3ntes Urb\u00e1ez","@id":"https:\/\/minutocerord.com\/#\/schema\/person\/60b5372d60aaa0a5171fb6488be9aee6"},"headline":"NUEVA YORK: Dominicano muere apu\u00f1alado tras choque automovil\u00edstico","datePublished":"2022-03-31T00:19:57+00:00","dateModified":"2022-03-31T00:19:59+00:00","mainEntityOfPage":{"@id":"http:\/\/minutocerord.com\/?p=8214"},"wordCount":167,"commentCount":0,"publisher":{"@id":"https:\/\/minutocerord.com\/#\/schema\/person\/60b5372d60aaa0a5171fb6488be9aee6"},"image":{"@id":"http:\/\/minutocerord.com\/?p=8214#primaryimage"},"thumbnailUrl":"https:\/\/i0.wp.com\/minutocerord.com\/wp-content\/uploads\/2022\/03\/Repartidor-de-comida-dominicano-asesinado.jpg?fit=1046%2C556&ssl=1","articleSection":["New York"],"inLanguage":"es-DO","potentialAction":[{"@type":"CommentAction","name":"Comment","target":["http:\/\/minutocerord.com\/?p=8214#respond"]}]},{"@type":"WebPage","@id":"http:\/\/minutocerord.com\/?p=8214","url":"http:\/\/minutocerord.com\/?p=8214","name":"NUEVA YORK: Dominicano muere apu\u00f1alado tras choque automovil\u00edstico - Minuto Cero RD","isPartOf":{"@id":"https:\/\/minutocerord.com\/#website"},"primaryImageOfPage":{"@id":"http:\/\/minutocerord.com\/?p=8214#primaryimage"},"image":{"@id":"http:\/\/minutocerord.com\/?p=8214#primaryimage"},"thumbnailUrl":"https:\/\/i0.wp.com\/minutocerord.com\/wp-content\/uploads\/2022\/03\/Repartidor-de-comida-dominicano-asesinado.jpg?fit=1046%2C556&ssl=1","datePublished":"2022-03-31T00:19:57+00:00","dateModified":"2022-03-31T00:19:59+00:00","breadcrumb":{"@id":"http:\/\/minutocerord.com\/?p=8214#breadcrumb"},"inLanguage":"es-DO","potentialAction":[{"@type":"ReadAction","target":["http:\/\/minutocerord.com\/?p=8214"]}]},{"@type":"ImageObject","inLanguage":"es-DO","@id":"http:\/\/minutocerord.com\/?p=8214#primaryimage","url":"https:\/\/i0.wp.com\/minutocerord.com\/wp-content\/uploads\/2022\/03\/Repartidor-de-comida-dominicano-asesinado.jpg?fit=1046%2C556&ssl=1","contentUrl":"https:\/\/i0.wp.com\/minutocerord.com\/wp-content\/uploads\/2022\/03\/Repartidor-de-comida-dominicano-asesinado.jpg?fit=1046%2C556&ssl=1","width":1046,"height":556},{"@type":"BreadcrumbList","@id":"http:\/\/minutocerord.com\/?p=8214#breadcrumb","itemListElement":[{"@type":"ListItem","position":1,"name":"Home","item":"https:\/\/minutocerord.com\/"},{"@type":"ListItem","position":2,"name":"NUEVA YORK: Dominicano muere apu\u00f1alado tras choque automovil\u00edstico"}]},{"@type":"WebSite","@id":"https:\/\/minutocerord.com\/#website","url":"https:\/\/minutocerord.com\/","name":"Minuto Cero RD","description":"Periodismo serio y veraz","publisher":{"@id":"https:\/\/minutocerord.com\/#\/schema\/person\/60b5372d60aaa0a5171fb6488be9aee6"},"potentialAction":[{"@type":"SearchAction","target":{"@type":"EntryPoint","urlTemplate":"https:\/\/minutocerord.com\/?s={search_term_string}"},"query-input":{"@type":"PropertyValueSpecification","valueRequired":true,"valueName":"search_term_string"}}],"inLanguage":"es-DO"},{"@type":["Person","Organization"],"@id":"https:\/\/minutocerord.com\/#\/schema\/person\/60b5372d60aaa0a5171fb6488be9aee6","name":"Genof\u00f3ntes Urb\u00e1ez","image":{"@type":"ImageObject","inLanguage":"es-DO","@id":"https:\/\/secure.gravatar.com\/avatar\/a49ef3186a692098ac3e8a1612261e3ad70cf9e44553dff2929e67939a0ecb9d?s=96&d=identicon&r=g","url":"https:\/\/secure.gravatar.com\/avatar\/a49ef3186a692098ac3e8a1612261e3ad70cf9e44553dff2929e67939a0ecb9d?s=96&d=identicon&r=g","contentUrl":"https:\/\/secure.gravatar.com\/avatar\/a49ef3186a692098ac3e8a1612261e3ad70cf9e44553dff2929e67939a0ecb9d?s=96&d=identicon&r=g","caption":"Genof\u00f3ntes Urb\u00e1ez"},"logo":{"@id":"https:\/\/secure.gravatar.com\/avatar\/a49ef3186a692098ac3e8a1612261e3ad70cf9e44553dff2929e67939a0ecb9d?s=96&d=identicon&r=g"},"description":"Periodista \/ Locutor","sameAs":["https:\/\/www.facebook.com\/Genofnotes","https:\/\/www.instagram.com\/genofnotes\/"]}]}},"jetpack_publicize_connections":[],"jetpack_featured_media_url":"https:\/\/i0.wp.com\/minutocerord.com\/wp-content\/uploads\/2022\/03\/Repartidor-de-comida-dominicano-asesinado.jpg?fit=1046%2C556&ssl=1","jetpack-related-posts":[],"jetpack_sharing_enabled":true,"_links":{"self":[{"href":"https:\/\/minutocerord.com\/index.php?rest_route=\/wp\/v2\/posts\/8214","targetHints":{"allow":["GET"]}}],"collection":[{"href":"https:\/\/minutocerord.com\/index.php?rest_route=\/wp\/v2\/posts"}],"about":[{"href":"https:\/\/minutocerord.com\/index.php?rest_route=\/wp\/v2\/types\/post"}],"author":[{"embeddable":true,"href":"https:\/\/minutocerord.com\/index.php?rest_route=\/wp\/v2\/users\/1"}],"replies":[{"embeddable":true,"href":"https:\/\/minutocerord.com\/index.php?rest_route=%2Fwp%2Fv2%2Fcomments&post=8214"}],"version-history":[{"count":1,"href":"https:\/\/minutocerord.com\/index.php?rest_route=\/wp\/v2\/posts\/8214\/revisions"}],"predecessor-version":[{"id":8216,"href":"https:\/\/minutocerord.com\/index.php?rest_route=\/wp\/v2\/posts\/8214\/revisions\/8216"}],"wp:featuredmedia":[{"embeddable":true,"href":"https:\/\/minutocerord.com\/index.php?rest_route=\/wp\/v2\/media\/8215"}],"wp:attachment":[{"href":"https:\/\/minutocerord.com\/index.php?rest_route=%2Fwp%2Fv2%2Fmedia&parent=8214"}],"wp:term":[{"taxonomy":"category","embeddable":true,"href":"https:\/\/minutocerord.com\/index.php?rest_route=%2Fwp%2Fv2%2Fcategories&post=8214"},{"taxonomy":"post_tag","embeddable":true,"href":"https:\/\/minutocerord.com\/index.php?rest_route=%2Fwp%2Fv2%2Ftags&post=8214"}],"curies":[{"name":"wp","href":"https:\/\/api.w.org\/{rel}","templated":true}]}}