{"id":824,"date":"2020-11-21T00:30:12","date_gmt":"2020-11-21T04:30:12","guid":{"rendered":"https:\/\/minutocerord.com\/?p=824"},"modified":"2020-11-21T00:30:29","modified_gmt":"2020-11-21T04:30:29","slug":"el-papa-francisco-en-problemas-por-un-me-gusta-en-instagram-a-la-foto-picante-de-una-modelo-brasilena","status":"publish","type":"post","link":"https:\/\/minutocerord.com\/?p=824","title":{"rendered":"El papa Francisco en problemas por un &#8220;me gusta&#8221; en Instagram a la foto picante de una modelo brasile\u00f1a"},"content":{"rendered":"\n<p>\u00a0El Vaticano ha iniciado una investigaci\u00f3n interna, alrededor de la cuenta oficial del papa Francisco en Instagram, luego del esc\u00e1ndalo generado por un \u201cme gusta\u201d dejado, supuestamente desde ese perfil, en una provocativa fotograf\u00eda de una modelo brasile\u00f1a la semana pasada.<\/p>\n\n\n\n<figure class=\"wp-block-image is-resized\"><img data-recalc-dims=\"1\" decoding=\"async\" loading=\"lazy\" src=\"https:\/\/i0.wp.com\/1.bp.blogspot.com\/-Wi6_T61E9f4\/X7hHEAuEx_I\/AAAAAAAHXAs\/HMDVbDx477cTV0IqBhF1xIydfw3utMlfQCLcBGAsYHQ\/s320\/35781842-8958289-image-m-19_1605630223598.jpg?resize=640%2C982&#038;ssl=1\" alt=\"La imagen tiene un atributo ALT vac\u00edo; su nombre de archivo es 35781842-8958289-image-m-19_1605630223598.jpg\" width=\"640\" height=\"982\"\/><\/figure>\n\n\n\n<p>Fuentes cercanas a la oficina de prensa de la Santa Sede confirmaron a Catholic News Agency que se determinar\u00e1 c\u00f3mo apareci\u00f3 la reacci\u00f3n en la publicaci\u00f3n, subrayando que las redes sociales asociadas al pont\u00edfice son administradas por un equipo de empleados.<\/p>\n\n\n\n<p>En la foto en cuesti\u00f3n, la modelo Natalia Garibotto posa con un<\/p>\n\n\n\n<p>atuendo de lencer\u00eda que simula un uniforme de colegiala. Aunque se desconoce la hora y fecha exacta del pol\u00e9mico \u201cme gusta\u201d, fue reportado por Garibotto y distintos medios el 13 de noviembre. &#8220;Al menos, me voy al cielo&#8221;, escribi\u00f3 al respecto la brasile\u00f1a en Twitter ese d\u00eda.<\/p>\n\n\n\n<p>El \u201clike\u201d desapareci\u00f3 m\u00e1s tarde y desde el Vaticano se negaron a comentar lo ocurrido. Ni Garibotto ni el papa Francisco se siguen en Instagram. Vale aclarar que la cuenta del m\u00e1ximo l\u00edder de la Iglesia Cat\u00f3lica no sigue a ning\u00fan usuario.<\/p>\n\n\n\n<p>Fuente: RT<\/p>\n","protected":false},"excerpt":{"rendered":"<p>\u00a0El Vaticano ha iniciado una investigaci\u00f3n interna, alrededor de la cuenta oficial del papa Francisco en Instagram, luego del esc\u00e1ndalo generado por un \u201cme gusta\u201d dejado, supuestamente desde ese perfil, en una provocativa fotograf\u00eda de una modelo brasile\u00f1a la semana pasada. Fuentes cercanas a la oficina de prensa de la Santa Sede confirmaron a Catholic [&hellip;]<\/p>\n","protected":false},"author":1,"featured_media":826,"comment_status":"open","ping_status":"open","sticky":false,"template":"","format":"standard","meta":{"nf_dc_page":"","jetpack_post_was_ever_published":false,"_jetpack_newsletter_access":"","_jetpack_dont_email_post_to_subs":false,"_jetpack_newsletter_tier_id":0,"_jetpack_memberships_contains_paywalled_content":false,"_jetpack_memberships_contains_paid_content":false,"footnotes":"","jetpack_publicize_message":"","jetpack_publicize_feature_enabled":true,"jetpack_social_post_already_shared":false,"jetpack_social_options":{"image_generator_settings":{"template":"highway","default_image_id":0,"font":"","enabled":false},"version":2}},"categories":[77],"tags":[],"class_list":["post-824","post","type-post","status-publish","format-standard","has-post-thumbnail","hentry","category-italia"],"yoast_head":"<!-- This site is optimized with the Yoast SEO plugin v27.5 - https:\/\/yoast.com\/product\/yoast-seo-wordpress\/ -->\n<title>El papa Francisco en problemas por un &quot;me gusta&quot; en Instagram a la foto picante de una modelo brasile\u00f1a - Minuto Cero RD<\/title>\n<meta name=\"robots\" content=\"index, follow, max-snippet:-1, max-image-preview:large, max-video-preview:-1\" \/>\n<link rel=\"canonical\" href=\"http:\/\/minutocerord.com\/?p=824\" \/>\n<meta property=\"og:locale\" content=\"es_ES\" \/>\n<meta property=\"og:type\" content=\"article\" \/>\n<meta property=\"og:title\" content=\"El papa Francisco en problemas por un &quot;me gusta&quot; en Instagram a la foto picante de una modelo brasile\u00f1a - Minuto Cero RD\" \/>\n<meta property=\"og:description\" content=\"\u00a0El Vaticano ha iniciado una investigaci\u00f3n interna, alrededor de la cuenta oficial del papa Francisco en Instagram, luego del esc\u00e1ndalo generado por un \u201cme gusta\u201d dejado, supuestamente desde ese perfil, en una provocativa fotograf\u00eda de una modelo brasile\u00f1a la semana pasada. Fuentes cercanas a la oficina de prensa de la Santa Sede confirmaron a Catholic [&hellip;]\" \/>\n<meta property=\"og:url\" content=\"http:\/\/minutocerord.com\/?p=824\" \/>\n<meta property=\"og:site_name\" content=\"Minuto Cero RD\" \/>\n<meta property=\"article:publisher\" content=\"https:\/\/www.facebook.com\/Genofnotes\" \/>\n<meta property=\"article:author\" content=\"https:\/\/www.facebook.com\/Genofnotes\" \/>\n<meta property=\"article:published_time\" content=\"2020-11-21T04:30:12+00:00\" \/>\n<meta property=\"article:modified_time\" content=\"2020-11-21T04:30:29+00:00\" \/>\n<meta property=\"og:image\" content=\"https:\/\/i0.wp.com\/minutocerord.com\/wp-content\/uploads\/2020\/11\/Captura-1-1.png?fit=573%2C618\" \/>\n\t<meta property=\"og:image:width\" content=\"573\" \/>\n\t<meta property=\"og:image:height\" content=\"618\" \/>\n\t<meta property=\"og:image:type\" content=\"image\/png\" \/>\n<meta name=\"author\" content=\"Genof\u00f3ntes Urb\u00e1ez\" \/>\n<meta name=\"twitter:card\" content=\"summary_large_image\" \/>\n<meta name=\"twitter:label1\" content=\"Written by\" \/>\n\t<meta name=\"twitter:data1\" content=\"Genof\u00f3ntes Urb\u00e1ez\" \/>\n\t<meta name=\"twitter:label2\" content=\"Est. reading time\" \/>\n\t<meta name=\"twitter:data2\" content=\"1 minuto\" \/>\n<script type=\"application\/ld+json\" class=\"yoast-schema-graph\">{\"@context\":\"https:\\\/\\\/schema.org\",\"@graph\":[{\"@type\":\"Article\",\"@id\":\"http:\\\/\\\/minutocerord.com\\\/?p=824#article\",\"isPartOf\":{\"@id\":\"http:\\\/\\\/minutocerord.com\\\/?p=824\"},\"author\":{\"name\":\"Genof\u00f3ntes Urb\u00e1ez\",\"@id\":\"https:\\\/\\\/minutocerord.com\\\/#\\\/schema\\\/person\\\/60b5372d60aaa0a5171fb6488be9aee6\"},\"headline\":\"El papa Francisco en problemas por un &#8220;me gusta&#8221; en Instagram a la foto picante de una modelo brasile\u00f1a\",\"datePublished\":\"2020-11-21T04:30:12+00:00\",\"dateModified\":\"2020-11-21T04:30:29+00:00\",\"mainEntityOfPage\":{\"@id\":\"http:\\\/\\\/minutocerord.com\\\/?p=824\"},\"wordCount\":222,\"commentCount\":0,\"publisher\":{\"@id\":\"https:\\\/\\\/minutocerord.com\\\/#\\\/schema\\\/person\\\/60b5372d60aaa0a5171fb6488be9aee6\"},\"image\":{\"@id\":\"http:\\\/\\\/minutocerord.com\\\/?p=824#primaryimage\"},\"thumbnailUrl\":\"https:\\\/\\\/i0.wp.com\\\/minutocerord.com\\\/wp-content\\\/uploads\\\/2020\\\/11\\\/Captura-1-1.png?fit=573%2C618&ssl=1\",\"articleSection\":[\"Italia\"],\"inLanguage\":\"es-DO\",\"potentialAction\":[{\"@type\":\"CommentAction\",\"name\":\"Comment\",\"target\":[\"http:\\\/\\\/minutocerord.com\\\/?p=824#respond\"]}]},{\"@type\":\"WebPage\",\"@id\":\"http:\\\/\\\/minutocerord.com\\\/?p=824\",\"url\":\"http:\\\/\\\/minutocerord.com\\\/?p=824\",\"name\":\"El papa Francisco en problemas por un \\\"me gusta\\\" en Instagram a la foto picante de una modelo brasile\u00f1a - Minuto Cero RD\",\"isPartOf\":{\"@id\":\"https:\\\/\\\/minutocerord.com\\\/#website\"},\"primaryImageOfPage\":{\"@id\":\"http:\\\/\\\/minutocerord.com\\\/?p=824#primaryimage\"},\"image\":{\"@id\":\"http:\\\/\\\/minutocerord.com\\\/?p=824#primaryimage\"},\"thumbnailUrl\":\"https:\\\/\\\/i0.wp.com\\\/minutocerord.com\\\/wp-content\\\/uploads\\\/2020\\\/11\\\/Captura-1-1.png?fit=573%2C618&ssl=1\",\"datePublished\":\"2020-11-21T04:30:12+00:00\",\"dateModified\":\"2020-11-21T04:30:29+00:00\",\"breadcrumb\":{\"@id\":\"http:\\\/\\\/minutocerord.com\\\/?p=824#breadcrumb\"},\"inLanguage\":\"es-DO\",\"potentialAction\":[{\"@type\":\"ReadAction\",\"target\":[\"http:\\\/\\\/minutocerord.com\\\/?p=824\"]}]},{\"@type\":\"ImageObject\",\"inLanguage\":\"es-DO\",\"@id\":\"http:\\\/\\\/minutocerord.com\\\/?p=824#primaryimage\",\"url\":\"https:\\\/\\\/i0.wp.com\\\/minutocerord.com\\\/wp-content\\\/uploads\\\/2020\\\/11\\\/Captura-1-1.png?fit=573%2C618&ssl=1\",\"contentUrl\":\"https:\\\/\\\/i0.wp.com\\\/minutocerord.com\\\/wp-content\\\/uploads\\\/2020\\\/11\\\/Captura-1-1.png?fit=573%2C618&ssl=1\",\"width\":573,\"height\":618},{\"@type\":\"BreadcrumbList\",\"@id\":\"http:\\\/\\\/minutocerord.com\\\/?p=824#breadcrumb\",\"itemListElement\":[{\"@type\":\"ListItem\",\"position\":1,\"name\":\"Home\",\"item\":\"https:\\\/\\\/minutocerord.com\\\/\"},{\"@type\":\"ListItem\",\"position\":2,\"name\":\"El papa Francisco en problemas por un &#8220;me gusta&#8221; en Instagram a la foto picante de una modelo brasile\u00f1a\"}]},{\"@type\":\"WebSite\",\"@id\":\"https:\\\/\\\/minutocerord.com\\\/#website\",\"url\":\"https:\\\/\\\/minutocerord.com\\\/\",\"name\":\"Minuto Cero RD\",\"description\":\"Periodismo serio y veraz\",\"publisher\":{\"@id\":\"https:\\\/\\\/minutocerord.com\\\/#\\\/schema\\\/person\\\/60b5372d60aaa0a5171fb6488be9aee6\"},\"potentialAction\":[{\"@type\":\"SearchAction\",\"target\":{\"@type\":\"EntryPoint\",\"urlTemplate\":\"https:\\\/\\\/minutocerord.com\\\/?s={search_term_string}\"},\"query-input\":{\"@type\":\"PropertyValueSpecification\",\"valueRequired\":true,\"valueName\":\"search_term_string\"}}],\"inLanguage\":\"es-DO\"},{\"@type\":[\"Person\",\"Organization\"],\"@id\":\"https:\\\/\\\/minutocerord.com\\\/#\\\/schema\\\/person\\\/60b5372d60aaa0a5171fb6488be9aee6\",\"name\":\"Genof\u00f3ntes Urb\u00e1ez\",\"image\":{\"@type\":\"ImageObject\",\"inLanguage\":\"es-DO\",\"@id\":\"https:\\\/\\\/secure.gravatar.com\\\/avatar\\\/a49ef3186a692098ac3e8a1612261e3ad70cf9e44553dff2929e67939a0ecb9d?s=96&d=identicon&r=g\",\"url\":\"https:\\\/\\\/secure.gravatar.com\\\/avatar\\\/a49ef3186a692098ac3e8a1612261e3ad70cf9e44553dff2929e67939a0ecb9d?s=96&d=identicon&r=g\",\"contentUrl\":\"https:\\\/\\\/secure.gravatar.com\\\/avatar\\\/a49ef3186a692098ac3e8a1612261e3ad70cf9e44553dff2929e67939a0ecb9d?s=96&d=identicon&r=g\",\"caption\":\"Genof\u00f3ntes Urb\u00e1ez\"},\"logo\":{\"@id\":\"https:\\\/\\\/secure.gravatar.com\\\/avatar\\\/a49ef3186a692098ac3e8a1612261e3ad70cf9e44553dff2929e67939a0ecb9d?s=96&d=identicon&r=g\"},\"description\":\"Periodista \\\/ Locutor\",\"sameAs\":[\"https:\\\/\\\/www.facebook.com\\\/Genofnotes\",\"https:\\\/\\\/www.instagram.com\\\/genofnotes\\\/\"]}]}<\/script>\n<!-- \/ Yoast SEO plugin. -->","yoast_head_json":{"title":"El papa Francisco en problemas por un \"me gusta\" en Instagram a la foto picante de una modelo brasile\u00f1a - Minuto Cero RD","robots":{"index":"index","follow":"follow","max-snippet":"max-snippet:-1","max-image-preview":"max-image-preview:large","max-video-preview":"max-video-preview:-1"},"canonical":"http:\/\/minutocerord.com\/?p=824","og_locale":"es_ES","og_type":"article","og_title":"El papa Francisco en problemas por un \"me gusta\" en Instagram a la foto picante de una modelo brasile\u00f1a - Minuto Cero RD","og_description":"\u00a0El Vaticano ha iniciado una investigaci\u00f3n interna, alrededor de la cuenta oficial del papa Francisco en Instagram, luego del esc\u00e1ndalo generado por un \u201cme gusta\u201d dejado, supuestamente desde ese perfil, en una provocativa fotograf\u00eda de una modelo brasile\u00f1a la semana pasada. Fuentes cercanas a la oficina de prensa de la Santa Sede confirmaron a Catholic [&hellip;]","og_url":"http:\/\/minutocerord.com\/?p=824","og_site_name":"Minuto Cero RD","article_publisher":"https:\/\/www.facebook.com\/Genofnotes","article_author":"https:\/\/www.facebook.com\/Genofnotes","article_published_time":"2020-11-21T04:30:12+00:00","article_modified_time":"2020-11-21T04:30:29+00:00","og_image":[{"width":573,"height":618,"url":"https:\/\/i0.wp.com\/minutocerord.com\/wp-content\/uploads\/2020\/11\/Captura-1-1.png?fit=573%2C618","type":"image\/png"}],"author":"Genof\u00f3ntes Urb\u00e1ez","twitter_card":"summary_large_image","twitter_misc":{"Written by":"Genof\u00f3ntes Urb\u00e1ez","Est. reading time":"1 minuto"},"schema":{"@context":"https:\/\/schema.org","@graph":[{"@type":"Article","@id":"http:\/\/minutocerord.com\/?p=824#article","isPartOf":{"@id":"http:\/\/minutocerord.com\/?p=824"},"author":{"name":"Genof\u00f3ntes Urb\u00e1ez","@id":"https:\/\/minutocerord.com\/#\/schema\/person\/60b5372d60aaa0a5171fb6488be9aee6"},"headline":"El papa Francisco en problemas por un &#8220;me gusta&#8221; en Instagram a la foto picante de una modelo brasile\u00f1a","datePublished":"2020-11-21T04:30:12+00:00","dateModified":"2020-11-21T04:30:29+00:00","mainEntityOfPage":{"@id":"http:\/\/minutocerord.com\/?p=824"},"wordCount":222,"commentCount":0,"publisher":{"@id":"https:\/\/minutocerord.com\/#\/schema\/person\/60b5372d60aaa0a5171fb6488be9aee6"},"image":{"@id":"http:\/\/minutocerord.com\/?p=824#primaryimage"},"thumbnailUrl":"https:\/\/i0.wp.com\/minutocerord.com\/wp-content\/uploads\/2020\/11\/Captura-1-1.png?fit=573%2C618&ssl=1","articleSection":["Italia"],"inLanguage":"es-DO","potentialAction":[{"@type":"CommentAction","name":"Comment","target":["http:\/\/minutocerord.com\/?p=824#respond"]}]},{"@type":"WebPage","@id":"http:\/\/minutocerord.com\/?p=824","url":"http:\/\/minutocerord.com\/?p=824","name":"El papa Francisco en problemas por un \"me gusta\" en Instagram a la foto picante de una modelo brasile\u00f1a - Minuto Cero RD","isPartOf":{"@id":"https:\/\/minutocerord.com\/#website"},"primaryImageOfPage":{"@id":"http:\/\/minutocerord.com\/?p=824#primaryimage"},"image":{"@id":"http:\/\/minutocerord.com\/?p=824#primaryimage"},"thumbnailUrl":"https:\/\/i0.wp.com\/minutocerord.com\/wp-content\/uploads\/2020\/11\/Captura-1-1.png?fit=573%2C618&ssl=1","datePublished":"2020-11-21T04:30:12+00:00","dateModified":"2020-11-21T04:30:29+00:00","breadcrumb":{"@id":"http:\/\/minutocerord.com\/?p=824#breadcrumb"},"inLanguage":"es-DO","potentialAction":[{"@type":"ReadAction","target":["http:\/\/minutocerord.com\/?p=824"]}]},{"@type":"ImageObject","inLanguage":"es-DO","@id":"http:\/\/minutocerord.com\/?p=824#primaryimage","url":"https:\/\/i0.wp.com\/minutocerord.com\/wp-content\/uploads\/2020\/11\/Captura-1-1.png?fit=573%2C618&ssl=1","contentUrl":"https:\/\/i0.wp.com\/minutocerord.com\/wp-content\/uploads\/2020\/11\/Captura-1-1.png?fit=573%2C618&ssl=1","width":573,"height":618},{"@type":"BreadcrumbList","@id":"http:\/\/minutocerord.com\/?p=824#breadcrumb","itemListElement":[{"@type":"ListItem","position":1,"name":"Home","item":"https:\/\/minutocerord.com\/"},{"@type":"ListItem","position":2,"name":"El papa Francisco en problemas por un &#8220;me gusta&#8221; en Instagram a la foto picante de una modelo brasile\u00f1a"}]},{"@type":"WebSite","@id":"https:\/\/minutocerord.com\/#website","url":"https:\/\/minutocerord.com\/","name":"Minuto Cero RD","description":"Periodismo serio y veraz","publisher":{"@id":"https:\/\/minutocerord.com\/#\/schema\/person\/60b5372d60aaa0a5171fb6488be9aee6"},"potentialAction":[{"@type":"SearchAction","target":{"@type":"EntryPoint","urlTemplate":"https:\/\/minutocerord.com\/?s={search_term_string}"},"query-input":{"@type":"PropertyValueSpecification","valueRequired":true,"valueName":"search_term_string"}}],"inLanguage":"es-DO"},{"@type":["Person","Organization"],"@id":"https:\/\/minutocerord.com\/#\/schema\/person\/60b5372d60aaa0a5171fb6488be9aee6","name":"Genof\u00f3ntes Urb\u00e1ez","image":{"@type":"ImageObject","inLanguage":"es-DO","@id":"https:\/\/secure.gravatar.com\/avatar\/a49ef3186a692098ac3e8a1612261e3ad70cf9e44553dff2929e67939a0ecb9d?s=96&d=identicon&r=g","url":"https:\/\/secure.gravatar.com\/avatar\/a49ef3186a692098ac3e8a1612261e3ad70cf9e44553dff2929e67939a0ecb9d?s=96&d=identicon&r=g","contentUrl":"https:\/\/secure.gravatar.com\/avatar\/a49ef3186a692098ac3e8a1612261e3ad70cf9e44553dff2929e67939a0ecb9d?s=96&d=identicon&r=g","caption":"Genof\u00f3ntes Urb\u00e1ez"},"logo":{"@id":"https:\/\/secure.gravatar.com\/avatar\/a49ef3186a692098ac3e8a1612261e3ad70cf9e44553dff2929e67939a0ecb9d?s=96&d=identicon&r=g"},"description":"Periodista \/ Locutor","sameAs":["https:\/\/www.facebook.com\/Genofnotes","https:\/\/www.instagram.com\/genofnotes\/"]}]}},"jetpack_publicize_connections":[],"jetpack_featured_media_url":"https:\/\/i0.wp.com\/minutocerord.com\/wp-content\/uploads\/2020\/11\/Captura-1-1.png?fit=573%2C618&ssl=1","jetpack-related-posts":[],"jetpack_sharing_enabled":true,"_links":{"self":[{"href":"https:\/\/minutocerord.com\/index.php?rest_route=\/wp\/v2\/posts\/824","targetHints":{"allow":["GET"]}}],"collection":[{"href":"https:\/\/minutocerord.com\/index.php?rest_route=\/wp\/v2\/posts"}],"about":[{"href":"https:\/\/minutocerord.com\/index.php?rest_route=\/wp\/v2\/types\/post"}],"author":[{"embeddable":true,"href":"https:\/\/minutocerord.com\/index.php?rest_route=\/wp\/v2\/users\/1"}],"replies":[{"embeddable":true,"href":"https:\/\/minutocerord.com\/index.php?rest_route=%2Fwp%2Fv2%2Fcomments&post=824"}],"version-history":[{"count":1,"href":"https:\/\/minutocerord.com\/index.php?rest_route=\/wp\/v2\/posts\/824\/revisions"}],"predecessor-version":[{"id":827,"href":"https:\/\/minutocerord.com\/index.php?rest_route=\/wp\/v2\/posts\/824\/revisions\/827"}],"wp:featuredmedia":[{"embeddable":true,"href":"https:\/\/minutocerord.com\/index.php?rest_route=\/wp\/v2\/media\/826"}],"wp:attachment":[{"href":"https:\/\/minutocerord.com\/index.php?rest_route=%2Fwp%2Fv2%2Fmedia&parent=824"}],"wp:term":[{"taxonomy":"category","embeddable":true,"href":"https:\/\/minutocerord.com\/index.php?rest_route=%2Fwp%2Fv2%2Fcategories&post=824"},{"taxonomy":"post_tag","embeddable":true,"href":"https:\/\/minutocerord.com\/index.php?rest_route=%2Fwp%2Fv2%2Ftags&post=824"}],"curies":[{"name":"wp","href":"https:\/\/api.w.org\/{rel}","templated":true}]}}