{"id":834,"date":"2020-11-21T01:15:47","date_gmt":"2020-11-21T05:15:47","guid":{"rendered":"https:\/\/minutocerord.com\/?p=834"},"modified":"2020-11-21T01:15:49","modified_gmt":"2020-11-21T05:15:49","slug":"opinion-retire-ese-cuadernillo-ministro-fulcar","status":"publish","type":"post","link":"https:\/\/minutocerord.com\/?p=834","title":{"rendered":"Opini\u00f3n: Retire ese cuadernillo, Ministro Fulcar"},"content":{"rendered":"\n<p>\u00a0\u00a0En la historia pol\u00edtica dominicana y en muchos pa\u00edses de Am\u00e9rica Latina, se producen muchas situaciones inexplicables, sorprendentes e inveros\u00edmiles. Una de esas situaciones es que, salvo honradas excepciones, los sectores progresistas cuando llegan al poder toman una serie de medidas y de acciones de car\u00e1cter totalmente conservador, que no encuentran explicaciones l\u00f3gicas.<\/p>\n\n\n\n<p>\u00a0Por ejemplo, el PRD lleg\u00f3 al poder en el a\u00f1o 1978, derrotando el gobierno conservador del doctor Balaguer. El PRD de ese entonces era un partido muy progresista, dirigido por el doctor Pe\u00f1a G\u00f3mez y con una pol\u00edtica internacional de avanzada. En el a\u00f1o 1979 nos azot\u00f3 el Cicl\u00f3n David y provoc\u00f3 grandes da\u00f1os. El gobierno de Cuba, encabezado por Fidel Castro, ofreci\u00f3 ayuda humanitaria y prometi\u00f3 enviarnos un avi\u00f3n fletado con esa ayuda. Pero el gobierno de Don Antonio Guzm\u00e1n, fruto de las presiones de Estados Unidos, no quiso aceptar esa ayuda.\u00a0<\/p>\n\n\n\n<p>\u00a0En el caso de los gobiernos del PLD, tambi\u00e9n se produjeron acciones que no se corresponden con el car\u00e1cter progresista que define a ese partido. Un ejemplo es el caso de la acci\u00f3n totalmente incorrecta del gobierno de Danilo Medina, de reconocer como presidente de Venezuela al pe\u00f3n norteamericano Juan Guaid\u00f3. Un grave error de Danilo y el PLD que choca con su historial progresista en pol\u00edtica internacional.<\/p>\n\n\n\n<p>En el caso del actual gobierno del PRM hay un caso que nos soprende grandemente y nos apena, sobretodo porque el ministerio que est\u00e1 vinculado es dirigido por un hombre con un gran historial de defensa de las causas progresistas del mundo. Me refiero al caso de la autorizaci\u00f3n de un cuadernillo para dar clases a nuestros alumnos de 6to grado, en el cual hay conceptos muy cuestionables por parte de un autor m\u00e1s cuestionable a\u00fan.<\/p>\n\n\n\n<p>Ese cuadernillo utilizado para el desarrollo de competencias en los alumnos, dedica cuatro p\u00e1ginas a&nbsp;un art\u00edculo del se\u00f1or Carlos S\u00e1nchez Berza\u00edn titulado \u201cDictaduras usan coronavirus para sostenerse, conspirar y lucrar\u201d, en donde acusa a los presidentes de Cuba, Venezuela y Nicaragua \u201cde aprovechar la pandemia para fortalecer sus reg\u00edmenes de facto, conspirar para derrocar democracias, lucrarse con la ayuda internacional, el tr\u00e1fico de m\u00e9dicos esclavos e incrementar el narcotr\u00e1fico\u201d.<\/p>\n\n\n\n<p>Esa visi\u00f3n es incorrecta y prejuicida. Es incre\u00edble que ese irrespeto a tres naciones que tienen relaciones con Rep\u00fablica Dominicana, sea permitido que se le ense\u00f1e a nuestros estudiantes. La corriente profesoral Juan Pablo de Duarte de la ADP, al pedir que sea eliminado ese cuadernillo afirma que \u201cel&nbsp;&nbsp;MINERD debe evitar las imposiciones carentes de rigor cient\u00edfico como es evidente en los indicados textos, cuyos autores act\u00faan m\u00e1s como propagandistas y promotores fan\u00e1ticos, que como cientistas sociales que no aportan en la formaci\u00f3n de sujetos cr\u00edticos y libres de pensamiento\u00bb.<\/p>\n\n\n\n<p>\u00a0Y tienen raz\u00f3n pues ese autor del art\u00edculo, Carlos S\u00e1nchez Berza\u00edn, es uno de los responsables de la Masacre de Octubre del 2003 en Bolivia, cuando siendo \u00e9l Ministro de Defensa dio la orden para disparar a una manifestaci\u00f3n pac\u00edfica de obreros bolivianos, provocando la muerte de casi un centenar. Por ese hecho el presidente Gonzalez de Lozada y el propio Berza\u00edn, renunciaron y salieron huyendo para Estados Unidos. Ambos fueron condenados por la justicia boliviana y norteamericana por esos cr\u00edmenes.\u00a0<\/p>\n\n\n\n<p>Conozco al ministro Roberto Fulcar y me resulta dif\u00edcil creer que \u00e9l haya autorizado ese cuadernillo. Y si lo aprob\u00f3, tengo la esperanza de que, al conocer todo estas informaciones, dar\u00e1 la orden de sacarlo de una vez del pensum. Por favor, retire ese cuadernillo, Ministro Fulcar.<\/p>\n\n\n\n<p><em><a href=\"mailto:euricabral07@gmail.com\" target=\"_blank\" rel=\"noreferrer noopener\">euricabral07@gmail.com<\/a><\/em><\/p>\n","protected":false},"excerpt":{"rendered":"<p>\u00a0\u00a0En la historia pol\u00edtica dominicana y en muchos pa\u00edses de Am\u00e9rica Latina, se producen muchas situaciones inexplicables, sorprendentes e inveros\u00edmiles. Una de esas situaciones es que, salvo honradas excepciones, los sectores progresistas cuando llegan al poder toman una serie de medidas y de acciones de car\u00e1cter totalmente conservador, que no encuentran explicaciones l\u00f3gicas. \u00a0Por ejemplo, [&hellip;]<\/p>\n","protected":false},"author":1,"featured_media":835,"comment_status":"open","ping_status":"open","sticky":false,"template":"","format":"standard","meta":{"nf_dc_page":"","jetpack_post_was_ever_published":false,"_jetpack_newsletter_access":"","_jetpack_dont_email_post_to_subs":false,"_jetpack_newsletter_tier_id":0,"_jetpack_memberships_contains_paywalled_content":false,"_jetpack_memberships_contains_paid_content":false,"footnotes":"","jetpack_publicize_message":"","jetpack_publicize_feature_enabled":true,"jetpack_social_post_already_shared":false,"jetpack_social_options":{"image_generator_settings":{"template":"highway","default_image_id":0,"font":"","enabled":false},"version":2}},"categories":[69],"tags":[],"class_list":["post-834","post","type-post","status-publish","format-standard","has-post-thumbnail","hentry","category-opinion"],"yoast_head":"<!-- This site is optimized with the Yoast SEO plugin v27.5 - https:\/\/yoast.com\/product\/yoast-seo-wordpress\/ -->\n<title>Opini\u00f3n: Retire ese cuadernillo, Ministro Fulcar - Minuto Cero RD<\/title>\n<meta name=\"robots\" content=\"index, follow, max-snippet:-1, max-image-preview:large, max-video-preview:-1\" \/>\n<link rel=\"canonical\" href=\"http:\/\/minutocerord.com\/?p=834\" \/>\n<meta property=\"og:locale\" content=\"es_ES\" \/>\n<meta property=\"og:type\" content=\"article\" \/>\n<meta property=\"og:title\" content=\"Opini\u00f3n: Retire ese cuadernillo, Ministro Fulcar - Minuto Cero RD\" \/>\n<meta property=\"og:description\" content=\"\u00a0\u00a0En la historia pol\u00edtica dominicana y en muchos pa\u00edses de Am\u00e9rica Latina, se producen muchas situaciones inexplicables, sorprendentes e inveros\u00edmiles. Una de esas situaciones es que, salvo honradas excepciones, los sectores progresistas cuando llegan al poder toman una serie de medidas y de acciones de car\u00e1cter totalmente conservador, que no encuentran explicaciones l\u00f3gicas. \u00a0Por ejemplo, [&hellip;]\" \/>\n<meta property=\"og:url\" content=\"http:\/\/minutocerord.com\/?p=834\" \/>\n<meta property=\"og:site_name\" content=\"Minuto Cero RD\" \/>\n<meta property=\"article:publisher\" content=\"https:\/\/www.facebook.com\/Genofnotes\" \/>\n<meta property=\"article:author\" content=\"https:\/\/www.facebook.com\/Genofnotes\" \/>\n<meta property=\"article:published_time\" content=\"2020-11-21T05:15:47+00:00\" \/>\n<meta property=\"article:modified_time\" content=\"2020-11-21T05:15:49+00:00\" \/>\n<meta property=\"og:image\" content=\"https:\/\/i0.wp.com\/minutocerord.com\/wp-content\/uploads\/2020\/11\/Euri-Cabral.jpg?fit=390%2C409\" \/>\n\t<meta property=\"og:image:width\" content=\"390\" \/>\n\t<meta property=\"og:image:height\" content=\"409\" \/>\n\t<meta property=\"og:image:type\" content=\"image\/jpeg\" \/>\n<meta name=\"author\" content=\"Genof\u00f3ntes Urb\u00e1ez\" \/>\n<meta name=\"twitter:card\" content=\"summary_large_image\" \/>\n<meta name=\"twitter:label1\" content=\"Written by\" \/>\n\t<meta name=\"twitter:data1\" content=\"Genof\u00f3ntes Urb\u00e1ez\" \/>\n\t<meta name=\"twitter:label2\" content=\"Est. reading time\" \/>\n\t<meta name=\"twitter:data2\" content=\"3 minutos\" \/>\n<script type=\"application\/ld+json\" class=\"yoast-schema-graph\">{\"@context\":\"https:\\\/\\\/schema.org\",\"@graph\":[{\"@type\":\"Article\",\"@id\":\"http:\\\/\\\/minutocerord.com\\\/?p=834#article\",\"isPartOf\":{\"@id\":\"http:\\\/\\\/minutocerord.com\\\/?p=834\"},\"author\":{\"name\":\"Genof\u00f3ntes Urb\u00e1ez\",\"@id\":\"https:\\\/\\\/minutocerord.com\\\/#\\\/schema\\\/person\\\/60b5372d60aaa0a5171fb6488be9aee6\"},\"headline\":\"Opini\u00f3n: Retire ese cuadernillo, Ministro Fulcar\",\"datePublished\":\"2020-11-21T05:15:47+00:00\",\"dateModified\":\"2020-11-21T05:15:49+00:00\",\"mainEntityOfPage\":{\"@id\":\"http:\\\/\\\/minutocerord.com\\\/?p=834\"},\"wordCount\":640,\"commentCount\":0,\"publisher\":{\"@id\":\"https:\\\/\\\/minutocerord.com\\\/#\\\/schema\\\/person\\\/60b5372d60aaa0a5171fb6488be9aee6\"},\"image\":{\"@id\":\"http:\\\/\\\/minutocerord.com\\\/?p=834#primaryimage\"},\"thumbnailUrl\":\"https:\\\/\\\/i0.wp.com\\\/minutocerord.com\\\/wp-content\\\/uploads\\\/2020\\\/11\\\/Euri-Cabral.jpg?fit=390%2C409&ssl=1\",\"articleSection\":[\"Opini\u00f3n\"],\"inLanguage\":\"es-DO\",\"potentialAction\":[{\"@type\":\"CommentAction\",\"name\":\"Comment\",\"target\":[\"http:\\\/\\\/minutocerord.com\\\/?p=834#respond\"]}]},{\"@type\":\"WebPage\",\"@id\":\"http:\\\/\\\/minutocerord.com\\\/?p=834\",\"url\":\"http:\\\/\\\/minutocerord.com\\\/?p=834\",\"name\":\"Opini\u00f3n: Retire ese cuadernillo, Ministro Fulcar - Minuto Cero RD\",\"isPartOf\":{\"@id\":\"https:\\\/\\\/minutocerord.com\\\/#website\"},\"primaryImageOfPage\":{\"@id\":\"http:\\\/\\\/minutocerord.com\\\/?p=834#primaryimage\"},\"image\":{\"@id\":\"http:\\\/\\\/minutocerord.com\\\/?p=834#primaryimage\"},\"thumbnailUrl\":\"https:\\\/\\\/i0.wp.com\\\/minutocerord.com\\\/wp-content\\\/uploads\\\/2020\\\/11\\\/Euri-Cabral.jpg?fit=390%2C409&ssl=1\",\"datePublished\":\"2020-11-21T05:15:47+00:00\",\"dateModified\":\"2020-11-21T05:15:49+00:00\",\"breadcrumb\":{\"@id\":\"http:\\\/\\\/minutocerord.com\\\/?p=834#breadcrumb\"},\"inLanguage\":\"es-DO\",\"potentialAction\":[{\"@type\":\"ReadAction\",\"target\":[\"http:\\\/\\\/minutocerord.com\\\/?p=834\"]}]},{\"@type\":\"ImageObject\",\"inLanguage\":\"es-DO\",\"@id\":\"http:\\\/\\\/minutocerord.com\\\/?p=834#primaryimage\",\"url\":\"https:\\\/\\\/i0.wp.com\\\/minutocerord.com\\\/wp-content\\\/uploads\\\/2020\\\/11\\\/Euri-Cabral.jpg?fit=390%2C409&ssl=1\",\"contentUrl\":\"https:\\\/\\\/i0.wp.com\\\/minutocerord.com\\\/wp-content\\\/uploads\\\/2020\\\/11\\\/Euri-Cabral.jpg?fit=390%2C409&ssl=1\",\"width\":390,\"height\":409},{\"@type\":\"BreadcrumbList\",\"@id\":\"http:\\\/\\\/minutocerord.com\\\/?p=834#breadcrumb\",\"itemListElement\":[{\"@type\":\"ListItem\",\"position\":1,\"name\":\"Home\",\"item\":\"https:\\\/\\\/minutocerord.com\\\/\"},{\"@type\":\"ListItem\",\"position\":2,\"name\":\"Opini\u00f3n: Retire ese cuadernillo, Ministro Fulcar\"}]},{\"@type\":\"WebSite\",\"@id\":\"https:\\\/\\\/minutocerord.com\\\/#website\",\"url\":\"https:\\\/\\\/minutocerord.com\\\/\",\"name\":\"Minuto Cero RD\",\"description\":\"Periodismo serio y veraz\",\"publisher\":{\"@id\":\"https:\\\/\\\/minutocerord.com\\\/#\\\/schema\\\/person\\\/60b5372d60aaa0a5171fb6488be9aee6\"},\"potentialAction\":[{\"@type\":\"SearchAction\",\"target\":{\"@type\":\"EntryPoint\",\"urlTemplate\":\"https:\\\/\\\/minutocerord.com\\\/?s={search_term_string}\"},\"query-input\":{\"@type\":\"PropertyValueSpecification\",\"valueRequired\":true,\"valueName\":\"search_term_string\"}}],\"inLanguage\":\"es-DO\"},{\"@type\":[\"Person\",\"Organization\"],\"@id\":\"https:\\\/\\\/minutocerord.com\\\/#\\\/schema\\\/person\\\/60b5372d60aaa0a5171fb6488be9aee6\",\"name\":\"Genof\u00f3ntes Urb\u00e1ez\",\"image\":{\"@type\":\"ImageObject\",\"inLanguage\":\"es-DO\",\"@id\":\"https:\\\/\\\/secure.gravatar.com\\\/avatar\\\/a49ef3186a692098ac3e8a1612261e3ad70cf9e44553dff2929e67939a0ecb9d?s=96&d=identicon&r=g\",\"url\":\"https:\\\/\\\/secure.gravatar.com\\\/avatar\\\/a49ef3186a692098ac3e8a1612261e3ad70cf9e44553dff2929e67939a0ecb9d?s=96&d=identicon&r=g\",\"contentUrl\":\"https:\\\/\\\/secure.gravatar.com\\\/avatar\\\/a49ef3186a692098ac3e8a1612261e3ad70cf9e44553dff2929e67939a0ecb9d?s=96&d=identicon&r=g\",\"caption\":\"Genof\u00f3ntes Urb\u00e1ez\"},\"logo\":{\"@id\":\"https:\\\/\\\/secure.gravatar.com\\\/avatar\\\/a49ef3186a692098ac3e8a1612261e3ad70cf9e44553dff2929e67939a0ecb9d?s=96&d=identicon&r=g\"},\"description\":\"Periodista \\\/ Locutor\",\"sameAs\":[\"https:\\\/\\\/www.facebook.com\\\/Genofnotes\",\"https:\\\/\\\/www.instagram.com\\\/genofnotes\\\/\"]}]}<\/script>\n<!-- \/ Yoast SEO plugin. -->","yoast_head_json":{"title":"Opini\u00f3n: Retire ese cuadernillo, Ministro Fulcar - Minuto Cero RD","robots":{"index":"index","follow":"follow","max-snippet":"max-snippet:-1","max-image-preview":"max-image-preview:large","max-video-preview":"max-video-preview:-1"},"canonical":"http:\/\/minutocerord.com\/?p=834","og_locale":"es_ES","og_type":"article","og_title":"Opini\u00f3n: Retire ese cuadernillo, Ministro Fulcar - Minuto Cero RD","og_description":"\u00a0\u00a0En la historia pol\u00edtica dominicana y en muchos pa\u00edses de Am\u00e9rica Latina, se producen muchas situaciones inexplicables, sorprendentes e inveros\u00edmiles. Una de esas situaciones es que, salvo honradas excepciones, los sectores progresistas cuando llegan al poder toman una serie de medidas y de acciones de car\u00e1cter totalmente conservador, que no encuentran explicaciones l\u00f3gicas. \u00a0Por ejemplo, [&hellip;]","og_url":"http:\/\/minutocerord.com\/?p=834","og_site_name":"Minuto Cero RD","article_publisher":"https:\/\/www.facebook.com\/Genofnotes","article_author":"https:\/\/www.facebook.com\/Genofnotes","article_published_time":"2020-11-21T05:15:47+00:00","article_modified_time":"2020-11-21T05:15:49+00:00","og_image":[{"width":390,"height":409,"url":"https:\/\/i0.wp.com\/minutocerord.com\/wp-content\/uploads\/2020\/11\/Euri-Cabral.jpg?fit=390%2C409","type":"image\/jpeg"}],"author":"Genof\u00f3ntes Urb\u00e1ez","twitter_card":"summary_large_image","twitter_misc":{"Written by":"Genof\u00f3ntes Urb\u00e1ez","Est. reading time":"3 minutos"},"schema":{"@context":"https:\/\/schema.org","@graph":[{"@type":"Article","@id":"http:\/\/minutocerord.com\/?p=834#article","isPartOf":{"@id":"http:\/\/minutocerord.com\/?p=834"},"author":{"name":"Genof\u00f3ntes Urb\u00e1ez","@id":"https:\/\/minutocerord.com\/#\/schema\/person\/60b5372d60aaa0a5171fb6488be9aee6"},"headline":"Opini\u00f3n: Retire ese cuadernillo, Ministro Fulcar","datePublished":"2020-11-21T05:15:47+00:00","dateModified":"2020-11-21T05:15:49+00:00","mainEntityOfPage":{"@id":"http:\/\/minutocerord.com\/?p=834"},"wordCount":640,"commentCount":0,"publisher":{"@id":"https:\/\/minutocerord.com\/#\/schema\/person\/60b5372d60aaa0a5171fb6488be9aee6"},"image":{"@id":"http:\/\/minutocerord.com\/?p=834#primaryimage"},"thumbnailUrl":"https:\/\/i0.wp.com\/minutocerord.com\/wp-content\/uploads\/2020\/11\/Euri-Cabral.jpg?fit=390%2C409&ssl=1","articleSection":["Opini\u00f3n"],"inLanguage":"es-DO","potentialAction":[{"@type":"CommentAction","name":"Comment","target":["http:\/\/minutocerord.com\/?p=834#respond"]}]},{"@type":"WebPage","@id":"http:\/\/minutocerord.com\/?p=834","url":"http:\/\/minutocerord.com\/?p=834","name":"Opini\u00f3n: Retire ese cuadernillo, Ministro Fulcar - Minuto Cero RD","isPartOf":{"@id":"https:\/\/minutocerord.com\/#website"},"primaryImageOfPage":{"@id":"http:\/\/minutocerord.com\/?p=834#primaryimage"},"image":{"@id":"http:\/\/minutocerord.com\/?p=834#primaryimage"},"thumbnailUrl":"https:\/\/i0.wp.com\/minutocerord.com\/wp-content\/uploads\/2020\/11\/Euri-Cabral.jpg?fit=390%2C409&ssl=1","datePublished":"2020-11-21T05:15:47+00:00","dateModified":"2020-11-21T05:15:49+00:00","breadcrumb":{"@id":"http:\/\/minutocerord.com\/?p=834#breadcrumb"},"inLanguage":"es-DO","potentialAction":[{"@type":"ReadAction","target":["http:\/\/minutocerord.com\/?p=834"]}]},{"@type":"ImageObject","inLanguage":"es-DO","@id":"http:\/\/minutocerord.com\/?p=834#primaryimage","url":"https:\/\/i0.wp.com\/minutocerord.com\/wp-content\/uploads\/2020\/11\/Euri-Cabral.jpg?fit=390%2C409&ssl=1","contentUrl":"https:\/\/i0.wp.com\/minutocerord.com\/wp-content\/uploads\/2020\/11\/Euri-Cabral.jpg?fit=390%2C409&ssl=1","width":390,"height":409},{"@type":"BreadcrumbList","@id":"http:\/\/minutocerord.com\/?p=834#breadcrumb","itemListElement":[{"@type":"ListItem","position":1,"name":"Home","item":"https:\/\/minutocerord.com\/"},{"@type":"ListItem","position":2,"name":"Opini\u00f3n: Retire ese cuadernillo, Ministro Fulcar"}]},{"@type":"WebSite","@id":"https:\/\/minutocerord.com\/#website","url":"https:\/\/minutocerord.com\/","name":"Minuto Cero RD","description":"Periodismo serio y veraz","publisher":{"@id":"https:\/\/minutocerord.com\/#\/schema\/person\/60b5372d60aaa0a5171fb6488be9aee6"},"potentialAction":[{"@type":"SearchAction","target":{"@type":"EntryPoint","urlTemplate":"https:\/\/minutocerord.com\/?s={search_term_string}"},"query-input":{"@type":"PropertyValueSpecification","valueRequired":true,"valueName":"search_term_string"}}],"inLanguage":"es-DO"},{"@type":["Person","Organization"],"@id":"https:\/\/minutocerord.com\/#\/schema\/person\/60b5372d60aaa0a5171fb6488be9aee6","name":"Genof\u00f3ntes Urb\u00e1ez","image":{"@type":"ImageObject","inLanguage":"es-DO","@id":"https:\/\/secure.gravatar.com\/avatar\/a49ef3186a692098ac3e8a1612261e3ad70cf9e44553dff2929e67939a0ecb9d?s=96&d=identicon&r=g","url":"https:\/\/secure.gravatar.com\/avatar\/a49ef3186a692098ac3e8a1612261e3ad70cf9e44553dff2929e67939a0ecb9d?s=96&d=identicon&r=g","contentUrl":"https:\/\/secure.gravatar.com\/avatar\/a49ef3186a692098ac3e8a1612261e3ad70cf9e44553dff2929e67939a0ecb9d?s=96&d=identicon&r=g","caption":"Genof\u00f3ntes Urb\u00e1ez"},"logo":{"@id":"https:\/\/secure.gravatar.com\/avatar\/a49ef3186a692098ac3e8a1612261e3ad70cf9e44553dff2929e67939a0ecb9d?s=96&d=identicon&r=g"},"description":"Periodista \/ Locutor","sameAs":["https:\/\/www.facebook.com\/Genofnotes","https:\/\/www.instagram.com\/genofnotes\/"]}]}},"jetpack_publicize_connections":[],"jetpack_featured_media_url":"https:\/\/i0.wp.com\/minutocerord.com\/wp-content\/uploads\/2020\/11\/Euri-Cabral.jpg?fit=390%2C409&ssl=1","jetpack-related-posts":[],"jetpack_sharing_enabled":true,"_links":{"self":[{"href":"https:\/\/minutocerord.com\/index.php?rest_route=\/wp\/v2\/posts\/834","targetHints":{"allow":["GET"]}}],"collection":[{"href":"https:\/\/minutocerord.com\/index.php?rest_route=\/wp\/v2\/posts"}],"about":[{"href":"https:\/\/minutocerord.com\/index.php?rest_route=\/wp\/v2\/types\/post"}],"author":[{"embeddable":true,"href":"https:\/\/minutocerord.com\/index.php?rest_route=\/wp\/v2\/users\/1"}],"replies":[{"embeddable":true,"href":"https:\/\/minutocerord.com\/index.php?rest_route=%2Fwp%2Fv2%2Fcomments&post=834"}],"version-history":[{"count":1,"href":"https:\/\/minutocerord.com\/index.php?rest_route=\/wp\/v2\/posts\/834\/revisions"}],"predecessor-version":[{"id":836,"href":"https:\/\/minutocerord.com\/index.php?rest_route=\/wp\/v2\/posts\/834\/revisions\/836"}],"wp:featuredmedia":[{"embeddable":true,"href":"https:\/\/minutocerord.com\/index.php?rest_route=\/wp\/v2\/media\/835"}],"wp:attachment":[{"href":"https:\/\/minutocerord.com\/index.php?rest_route=%2Fwp%2Fv2%2Fmedia&parent=834"}],"wp:term":[{"taxonomy":"category","embeddable":true,"href":"https:\/\/minutocerord.com\/index.php?rest_route=%2Fwp%2Fv2%2Fcategories&post=834"},{"taxonomy":"post_tag","embeddable":true,"href":"https:\/\/minutocerord.com\/index.php?rest_route=%2Fwp%2Fv2%2Ftags&post=834"}],"curies":[{"name":"wp","href":"https:\/\/api.w.org\/{rel}","templated":true}]}}