{"id":8372,"date":"2022-04-11T08:54:27","date_gmt":"2022-04-11T12:54:27","guid":{"rendered":"https:\/\/minutocerord.com\/?p=8372"},"modified":"2022-04-11T08:55:24","modified_gmt":"2022-04-11T12:55:24","slug":"locutor-haitiano-dominicanos-son-asesinos-sinverguenzas-y-ladronazos","status":"publish","type":"post","link":"https:\/\/minutocerord.com\/?p=8372","title":{"rendered":"Locutor haitiano: dominicanos son asesinos, sinverg\u00fcenzas y ladronazos"},"content":{"rendered":"\n<p><strong>Haiti &#8211;<\/strong> Un locutor haitiano reaccion\u00f3 indignado al comentar la noticia del asesinato tres hijos de una de sus compatriotas en territorio dominicano. En el comentario llama a la familia de las victimas hacer justicia con sus propias manos.<\/p>\n\n\n\n<p>En un programa de una emisora on line, Edmond Celadieu manifest\u00f3 que la mayor\u00eda de los dominicanos son \u201casesinos, sinverg\u00fcenza y ladronazos\u201d. Por lo que hizo un llamado a sus compatriotas en el pa\u00eds a hacer justicia ellos mismos.<\/p>\n\n\n\n<p>\u201cUstedes tiene que levantarse, ustedes tienen que reclamar sus derechos, la justicia dominicana no van hacer nada por ustedes. Lo que tienen que hacer su propia justicia\u201d, insisti\u00f3 el locutor haitiano.<\/p>\n\n\n\n<p>Adem\u00e1s, llama a que&nbsp; \u201custedes no pueden quedarse con los brazos cruzados, ning\u00fan gobierno dominicano nos van a dar justicia a los haitianos\u201d, dijo el comunicador durante un comentario.<a><\/a><\/p>\n\n\n\n<p>Utilicen sus armas, utilicen sus machetes, utilicen sus piedras o unos hierros. Ustedes no pueden quedarse de brazos cruzados, continua reaccionado el locutor haitiano en un programa de la emisora on line radioteleradical.com.<\/p>\n\n\n\n<p>\u201cHasta cuando, hasta donde va a llegar eso\u201d, exclama en la parte final de su comentario.<\/p>\n\n\n\n<p>Edmond Celadieu se define en sus redes sociales como un periodista y t\u00e9cnico de programaci\u00f3n. Es locutor en una emisora. Dice que vive en Santiago de Chile. Es decir que hace sus programas y comentarios fuera de territorio haitiano. Es un inmigrantes como millones de haitianos dispersos por distintos pa\u00edses del mundo.<\/p>\n\n\n\n<p>La inestabilidad pol\u00edtica, que condujo al asesinato del presidente Jovel Moise, profundiza la pobreza y la corrupci\u00f3n en la Rep\u00fablica de Hait\u00ed. Desde el asesinato de Moise no se han podido convocar elecciones para escoger otro presidente.<\/p>\n\n\n\n<p>ELCARIBE<\/p>\n","protected":false},"excerpt":{"rendered":"<p>Haiti &#8211; Un locutor haitiano reaccion\u00f3 indignado al comentar la noticia del asesinato tres hijos de una de sus compatriotas en territorio dominicano. En el comentario llama a la familia de las victimas hacer justicia con sus propias manos. En un programa de una emisora on line, Edmond Celadieu manifest\u00f3 que la mayor\u00eda de los [&hellip;]<\/p>\n","protected":false},"author":1,"featured_media":8373,"comment_status":"open","ping_status":"open","sticky":false,"template":"","format":"standard","meta":{"nf_dc_page":"","jetpack_post_was_ever_published":false,"_jetpack_newsletter_access":"","_jetpack_dont_email_post_to_subs":false,"_jetpack_newsletter_tier_id":0,"_jetpack_memberships_contains_paywalled_content":false,"_jetpack_memberships_contains_paid_content":false,"footnotes":"","jetpack_publicize_message":"","jetpack_publicize_feature_enabled":true,"jetpack_social_post_already_shared":false,"jetpack_social_options":{"image_generator_settings":{"template":"highway","default_image_id":0,"font":"","enabled":false},"version":2}},"categories":[75],"tags":[],"class_list":["post-8372","post","type-post","status-publish","format-standard","has-post-thumbnail","hentry","category-haiti"],"yoast_head":"<!-- This site is optimized with the Yoast SEO plugin v27.4 - https:\/\/yoast.com\/product\/yoast-seo-wordpress\/ -->\n<title>Locutor haitiano: dominicanos son asesinos, sinverg\u00fcenzas y ladronazos - Minuto Cero RD<\/title>\n<meta name=\"robots\" content=\"index, follow, max-snippet:-1, max-image-preview:large, max-video-preview:-1\" \/>\n<link rel=\"canonical\" href=\"http:\/\/minutocerord.com\/?p=8372\" \/>\n<meta property=\"og:locale\" content=\"es_ES\" \/>\n<meta property=\"og:type\" content=\"article\" \/>\n<meta property=\"og:title\" content=\"Locutor haitiano: dominicanos son asesinos, sinverg\u00fcenzas y ladronazos - Minuto Cero RD\" \/>\n<meta property=\"og:description\" content=\"Haiti &#8211; Un locutor haitiano reaccion\u00f3 indignado al comentar la noticia del asesinato tres hijos de una de sus compatriotas en territorio dominicano. En el comentario llama a la familia de las victimas hacer justicia con sus propias manos. En un programa de una emisora on line, Edmond Celadieu manifest\u00f3 que la mayor\u00eda de los [&hellip;]\" \/>\n<meta property=\"og:url\" content=\"http:\/\/minutocerord.com\/?p=8372\" \/>\n<meta property=\"og:site_name\" content=\"Minuto Cero RD\" \/>\n<meta property=\"article:publisher\" content=\"https:\/\/www.facebook.com\/Genofnotes\" \/>\n<meta property=\"article:author\" content=\"https:\/\/www.facebook.com\/Genofnotes\" \/>\n<meta property=\"article:published_time\" content=\"2022-04-11T12:54:27+00:00\" \/>\n<meta property=\"article:modified_time\" content=\"2022-04-11T12:55:24+00:00\" \/>\n<meta property=\"og:image\" content=\"https:\/\/i0.wp.com\/minutocerord.com\/wp-content\/uploads\/2022\/04\/FQBqLoCWUAAGfj4.jpg?fit=696%2C457\" \/>\n\t<meta property=\"og:image:width\" content=\"696\" \/>\n\t<meta property=\"og:image:height\" content=\"457\" \/>\n\t<meta property=\"og:image:type\" content=\"image\/jpeg\" \/>\n<meta name=\"author\" content=\"Genof\u00f3ntes Urb\u00e1ez\" \/>\n<meta name=\"twitter:card\" content=\"summary_large_image\" \/>\n<meta name=\"twitter:label1\" content=\"Written by\" \/>\n\t<meta name=\"twitter:data1\" content=\"Genof\u00f3ntes Urb\u00e1ez\" \/>\n\t<meta name=\"twitter:label2\" content=\"Est. reading time\" \/>\n\t<meta name=\"twitter:data2\" content=\"2 minutos\" \/>\n<script type=\"application\/ld+json\" class=\"yoast-schema-graph\">{\"@context\":\"https:\\\/\\\/schema.org\",\"@graph\":[{\"@type\":\"Article\",\"@id\":\"http:\\\/\\\/minutocerord.com\\\/?p=8372#article\",\"isPartOf\":{\"@id\":\"http:\\\/\\\/minutocerord.com\\\/?p=8372\"},\"author\":{\"name\":\"Genof\u00f3ntes Urb\u00e1ez\",\"@id\":\"https:\\\/\\\/minutocerord.com\\\/#\\\/schema\\\/person\\\/60b5372d60aaa0a5171fb6488be9aee6\"},\"headline\":\"Locutor haitiano: dominicanos son asesinos, sinverg\u00fcenzas y ladronazos\",\"datePublished\":\"2022-04-11T12:54:27+00:00\",\"dateModified\":\"2022-04-11T12:55:24+00:00\",\"mainEntityOfPage\":{\"@id\":\"http:\\\/\\\/minutocerord.com\\\/?p=8372\"},\"wordCount\":299,\"commentCount\":0,\"publisher\":{\"@id\":\"https:\\\/\\\/minutocerord.com\\\/#\\\/schema\\\/person\\\/60b5372d60aaa0a5171fb6488be9aee6\"},\"image\":{\"@id\":\"http:\\\/\\\/minutocerord.com\\\/?p=8372#primaryimage\"},\"thumbnailUrl\":\"https:\\\/\\\/i0.wp.com\\\/minutocerord.com\\\/wp-content\\\/uploads\\\/2022\\\/04\\\/FQBqLoCWUAAGfj4.jpg?fit=696%2C457&ssl=1\",\"articleSection\":[\"Hait\u00ed\"],\"inLanguage\":\"es-DO\",\"potentialAction\":[{\"@type\":\"CommentAction\",\"name\":\"Comment\",\"target\":[\"http:\\\/\\\/minutocerord.com\\\/?p=8372#respond\"]}]},{\"@type\":\"WebPage\",\"@id\":\"http:\\\/\\\/minutocerord.com\\\/?p=8372\",\"url\":\"http:\\\/\\\/minutocerord.com\\\/?p=8372\",\"name\":\"Locutor haitiano: dominicanos son asesinos, sinverg\u00fcenzas y ladronazos - Minuto Cero RD\",\"isPartOf\":{\"@id\":\"https:\\\/\\\/minutocerord.com\\\/#website\"},\"primaryImageOfPage\":{\"@id\":\"http:\\\/\\\/minutocerord.com\\\/?p=8372#primaryimage\"},\"image\":{\"@id\":\"http:\\\/\\\/minutocerord.com\\\/?p=8372#primaryimage\"},\"thumbnailUrl\":\"https:\\\/\\\/i0.wp.com\\\/minutocerord.com\\\/wp-content\\\/uploads\\\/2022\\\/04\\\/FQBqLoCWUAAGfj4.jpg?fit=696%2C457&ssl=1\",\"datePublished\":\"2022-04-11T12:54:27+00:00\",\"dateModified\":\"2022-04-11T12:55:24+00:00\",\"breadcrumb\":{\"@id\":\"http:\\\/\\\/minutocerord.com\\\/?p=8372#breadcrumb\"},\"inLanguage\":\"es-DO\",\"potentialAction\":[{\"@type\":\"ReadAction\",\"target\":[\"http:\\\/\\\/minutocerord.com\\\/?p=8372\"]}]},{\"@type\":\"ImageObject\",\"inLanguage\":\"es-DO\",\"@id\":\"http:\\\/\\\/minutocerord.com\\\/?p=8372#primaryimage\",\"url\":\"https:\\\/\\\/i0.wp.com\\\/minutocerord.com\\\/wp-content\\\/uploads\\\/2022\\\/04\\\/FQBqLoCWUAAGfj4.jpg?fit=696%2C457&ssl=1\",\"contentUrl\":\"https:\\\/\\\/i0.wp.com\\\/minutocerord.com\\\/wp-content\\\/uploads\\\/2022\\\/04\\\/FQBqLoCWUAAGfj4.jpg?fit=696%2C457&ssl=1\",\"width\":696,\"height\":457},{\"@type\":\"BreadcrumbList\",\"@id\":\"http:\\\/\\\/minutocerord.com\\\/?p=8372#breadcrumb\",\"itemListElement\":[{\"@type\":\"ListItem\",\"position\":1,\"name\":\"Home\",\"item\":\"https:\\\/\\\/minutocerord.com\\\/\"},{\"@type\":\"ListItem\",\"position\":2,\"name\":\"Locutor haitiano: dominicanos son asesinos, sinverg\u00fcenzas y ladronazos\"}]},{\"@type\":\"WebSite\",\"@id\":\"https:\\\/\\\/minutocerord.com\\\/#website\",\"url\":\"https:\\\/\\\/minutocerord.com\\\/\",\"name\":\"Minuto Cero RD\",\"description\":\"Periodismo serio y veraz\",\"publisher\":{\"@id\":\"https:\\\/\\\/minutocerord.com\\\/#\\\/schema\\\/person\\\/60b5372d60aaa0a5171fb6488be9aee6\"},\"potentialAction\":[{\"@type\":\"SearchAction\",\"target\":{\"@type\":\"EntryPoint\",\"urlTemplate\":\"https:\\\/\\\/minutocerord.com\\\/?s={search_term_string}\"},\"query-input\":{\"@type\":\"PropertyValueSpecification\",\"valueRequired\":true,\"valueName\":\"search_term_string\"}}],\"inLanguage\":\"es-DO\"},{\"@type\":[\"Person\",\"Organization\"],\"@id\":\"https:\\\/\\\/minutocerord.com\\\/#\\\/schema\\\/person\\\/60b5372d60aaa0a5171fb6488be9aee6\",\"name\":\"Genof\u00f3ntes Urb\u00e1ez\",\"image\":{\"@type\":\"ImageObject\",\"inLanguage\":\"es-DO\",\"@id\":\"https:\\\/\\\/secure.gravatar.com\\\/avatar\\\/a49ef3186a692098ac3e8a1612261e3ad70cf9e44553dff2929e67939a0ecb9d?s=96&d=identicon&r=g\",\"url\":\"https:\\\/\\\/secure.gravatar.com\\\/avatar\\\/a49ef3186a692098ac3e8a1612261e3ad70cf9e44553dff2929e67939a0ecb9d?s=96&d=identicon&r=g\",\"contentUrl\":\"https:\\\/\\\/secure.gravatar.com\\\/avatar\\\/a49ef3186a692098ac3e8a1612261e3ad70cf9e44553dff2929e67939a0ecb9d?s=96&d=identicon&r=g\",\"caption\":\"Genof\u00f3ntes Urb\u00e1ez\"},\"logo\":{\"@id\":\"https:\\\/\\\/secure.gravatar.com\\\/avatar\\\/a49ef3186a692098ac3e8a1612261e3ad70cf9e44553dff2929e67939a0ecb9d?s=96&d=identicon&r=g\"},\"description\":\"Periodista \\\/ Locutor\",\"sameAs\":[\"https:\\\/\\\/www.facebook.com\\\/Genofnotes\",\"https:\\\/\\\/www.instagram.com\\\/genofnotes\\\/\"]}]}<\/script>\n<!-- \/ Yoast SEO plugin. -->","yoast_head_json":{"title":"Locutor haitiano: dominicanos son asesinos, sinverg\u00fcenzas y ladronazos - Minuto Cero RD","robots":{"index":"index","follow":"follow","max-snippet":"max-snippet:-1","max-image-preview":"max-image-preview:large","max-video-preview":"max-video-preview:-1"},"canonical":"http:\/\/minutocerord.com\/?p=8372","og_locale":"es_ES","og_type":"article","og_title":"Locutor haitiano: dominicanos son asesinos, sinverg\u00fcenzas y ladronazos - Minuto Cero RD","og_description":"Haiti &#8211; Un locutor haitiano reaccion\u00f3 indignado al comentar la noticia del asesinato tres hijos de una de sus compatriotas en territorio dominicano. En el comentario llama a la familia de las victimas hacer justicia con sus propias manos. En un programa de una emisora on line, Edmond Celadieu manifest\u00f3 que la mayor\u00eda de los [&hellip;]","og_url":"http:\/\/minutocerord.com\/?p=8372","og_site_name":"Minuto Cero RD","article_publisher":"https:\/\/www.facebook.com\/Genofnotes","article_author":"https:\/\/www.facebook.com\/Genofnotes","article_published_time":"2022-04-11T12:54:27+00:00","article_modified_time":"2022-04-11T12:55:24+00:00","og_image":[{"width":696,"height":457,"url":"https:\/\/i0.wp.com\/minutocerord.com\/wp-content\/uploads\/2022\/04\/FQBqLoCWUAAGfj4.jpg?fit=696%2C457","type":"image\/jpeg"}],"author":"Genof\u00f3ntes Urb\u00e1ez","twitter_card":"summary_large_image","twitter_misc":{"Written by":"Genof\u00f3ntes Urb\u00e1ez","Est. reading time":"2 minutos"},"schema":{"@context":"https:\/\/schema.org","@graph":[{"@type":"Article","@id":"http:\/\/minutocerord.com\/?p=8372#article","isPartOf":{"@id":"http:\/\/minutocerord.com\/?p=8372"},"author":{"name":"Genof\u00f3ntes Urb\u00e1ez","@id":"https:\/\/minutocerord.com\/#\/schema\/person\/60b5372d60aaa0a5171fb6488be9aee6"},"headline":"Locutor haitiano: dominicanos son asesinos, sinverg\u00fcenzas y ladronazos","datePublished":"2022-04-11T12:54:27+00:00","dateModified":"2022-04-11T12:55:24+00:00","mainEntityOfPage":{"@id":"http:\/\/minutocerord.com\/?p=8372"},"wordCount":299,"commentCount":0,"publisher":{"@id":"https:\/\/minutocerord.com\/#\/schema\/person\/60b5372d60aaa0a5171fb6488be9aee6"},"image":{"@id":"http:\/\/minutocerord.com\/?p=8372#primaryimage"},"thumbnailUrl":"https:\/\/i0.wp.com\/minutocerord.com\/wp-content\/uploads\/2022\/04\/FQBqLoCWUAAGfj4.jpg?fit=696%2C457&ssl=1","articleSection":["Hait\u00ed"],"inLanguage":"es-DO","potentialAction":[{"@type":"CommentAction","name":"Comment","target":["http:\/\/minutocerord.com\/?p=8372#respond"]}]},{"@type":"WebPage","@id":"http:\/\/minutocerord.com\/?p=8372","url":"http:\/\/minutocerord.com\/?p=8372","name":"Locutor haitiano: dominicanos son asesinos, sinverg\u00fcenzas y ladronazos - Minuto Cero RD","isPartOf":{"@id":"https:\/\/minutocerord.com\/#website"},"primaryImageOfPage":{"@id":"http:\/\/minutocerord.com\/?p=8372#primaryimage"},"image":{"@id":"http:\/\/minutocerord.com\/?p=8372#primaryimage"},"thumbnailUrl":"https:\/\/i0.wp.com\/minutocerord.com\/wp-content\/uploads\/2022\/04\/FQBqLoCWUAAGfj4.jpg?fit=696%2C457&ssl=1","datePublished":"2022-04-11T12:54:27+00:00","dateModified":"2022-04-11T12:55:24+00:00","breadcrumb":{"@id":"http:\/\/minutocerord.com\/?p=8372#breadcrumb"},"inLanguage":"es-DO","potentialAction":[{"@type":"ReadAction","target":["http:\/\/minutocerord.com\/?p=8372"]}]},{"@type":"ImageObject","inLanguage":"es-DO","@id":"http:\/\/minutocerord.com\/?p=8372#primaryimage","url":"https:\/\/i0.wp.com\/minutocerord.com\/wp-content\/uploads\/2022\/04\/FQBqLoCWUAAGfj4.jpg?fit=696%2C457&ssl=1","contentUrl":"https:\/\/i0.wp.com\/minutocerord.com\/wp-content\/uploads\/2022\/04\/FQBqLoCWUAAGfj4.jpg?fit=696%2C457&ssl=1","width":696,"height":457},{"@type":"BreadcrumbList","@id":"http:\/\/minutocerord.com\/?p=8372#breadcrumb","itemListElement":[{"@type":"ListItem","position":1,"name":"Home","item":"https:\/\/minutocerord.com\/"},{"@type":"ListItem","position":2,"name":"Locutor haitiano: dominicanos son asesinos, sinverg\u00fcenzas y ladronazos"}]},{"@type":"WebSite","@id":"https:\/\/minutocerord.com\/#website","url":"https:\/\/minutocerord.com\/","name":"Minuto Cero RD","description":"Periodismo serio y veraz","publisher":{"@id":"https:\/\/minutocerord.com\/#\/schema\/person\/60b5372d60aaa0a5171fb6488be9aee6"},"potentialAction":[{"@type":"SearchAction","target":{"@type":"EntryPoint","urlTemplate":"https:\/\/minutocerord.com\/?s={search_term_string}"},"query-input":{"@type":"PropertyValueSpecification","valueRequired":true,"valueName":"search_term_string"}}],"inLanguage":"es-DO"},{"@type":["Person","Organization"],"@id":"https:\/\/minutocerord.com\/#\/schema\/person\/60b5372d60aaa0a5171fb6488be9aee6","name":"Genof\u00f3ntes Urb\u00e1ez","image":{"@type":"ImageObject","inLanguage":"es-DO","@id":"https:\/\/secure.gravatar.com\/avatar\/a49ef3186a692098ac3e8a1612261e3ad70cf9e44553dff2929e67939a0ecb9d?s=96&d=identicon&r=g","url":"https:\/\/secure.gravatar.com\/avatar\/a49ef3186a692098ac3e8a1612261e3ad70cf9e44553dff2929e67939a0ecb9d?s=96&d=identicon&r=g","contentUrl":"https:\/\/secure.gravatar.com\/avatar\/a49ef3186a692098ac3e8a1612261e3ad70cf9e44553dff2929e67939a0ecb9d?s=96&d=identicon&r=g","caption":"Genof\u00f3ntes Urb\u00e1ez"},"logo":{"@id":"https:\/\/secure.gravatar.com\/avatar\/a49ef3186a692098ac3e8a1612261e3ad70cf9e44553dff2929e67939a0ecb9d?s=96&d=identicon&r=g"},"description":"Periodista \/ Locutor","sameAs":["https:\/\/www.facebook.com\/Genofnotes","https:\/\/www.instagram.com\/genofnotes\/"]}]}},"jetpack_publicize_connections":[],"jetpack_featured_media_url":"https:\/\/i0.wp.com\/minutocerord.com\/wp-content\/uploads\/2022\/04\/FQBqLoCWUAAGfj4.jpg?fit=696%2C457&ssl=1","jetpack-related-posts":[],"jetpack_sharing_enabled":true,"_links":{"self":[{"href":"https:\/\/minutocerord.com\/index.php?rest_route=\/wp\/v2\/posts\/8372","targetHints":{"allow":["GET"]}}],"collection":[{"href":"https:\/\/minutocerord.com\/index.php?rest_route=\/wp\/v2\/posts"}],"about":[{"href":"https:\/\/minutocerord.com\/index.php?rest_route=\/wp\/v2\/types\/post"}],"author":[{"embeddable":true,"href":"https:\/\/minutocerord.com\/index.php?rest_route=\/wp\/v2\/users\/1"}],"replies":[{"embeddable":true,"href":"https:\/\/minutocerord.com\/index.php?rest_route=%2Fwp%2Fv2%2Fcomments&post=8372"}],"version-history":[{"count":1,"href":"https:\/\/minutocerord.com\/index.php?rest_route=\/wp\/v2\/posts\/8372\/revisions"}],"predecessor-version":[{"id":8374,"href":"https:\/\/minutocerord.com\/index.php?rest_route=\/wp\/v2\/posts\/8372\/revisions\/8374"}],"wp:featuredmedia":[{"embeddable":true,"href":"https:\/\/minutocerord.com\/index.php?rest_route=\/wp\/v2\/media\/8373"}],"wp:attachment":[{"href":"https:\/\/minutocerord.com\/index.php?rest_route=%2Fwp%2Fv2%2Fmedia&parent=8372"}],"wp:term":[{"taxonomy":"category","embeddable":true,"href":"https:\/\/minutocerord.com\/index.php?rest_route=%2Fwp%2Fv2%2Fcategories&post=8372"},{"taxonomy":"post_tag","embeddable":true,"href":"https:\/\/minutocerord.com\/index.php?rest_route=%2Fwp%2Fv2%2Ftags&post=8372"}],"curies":[{"name":"wp","href":"https:\/\/api.w.org\/{rel}","templated":true}]}}