{"id":8381,"date":"2022-04-11T09:51:17","date_gmt":"2022-04-11T13:51:17","guid":{"rendered":"https:\/\/minutocerord.com\/?p=8381"},"modified":"2022-04-11T09:51:21","modified_gmt":"2022-04-11T13:51:21","slug":"covid-en-rd-ocupacion-hospitalaria-es-de-uno-porciento","status":"publish","type":"post","link":"https:\/\/minutocerord.com\/?p=8381","title":{"rendered":"Covid en RD: Ocupaci\u00f3n hospitalaria es de uno porciento"},"content":{"rendered":"\n<p>Santo Domingo.- El Ministerio de Salud P\u00fablica report\u00f3 este lunes&nbsp; 14 casos de Covid-19 detectados en las \u00faltimas 24 horas y cero defunciones a causa del virus.<\/p>\n\n\n\n<p>De acuerdo al bolet\u00edn n\u00famero 753 dado a conocer por Direcci\u00f3n General de Epidemiolog\u00eda (DIGEPI), se\u00f1ala que a la fecha un total de 4,375 personas han muerto por la enfermedad desde que inici\u00f3 la pandemia, con una letalidad en 0.76 por ciento y la mortalidad por mill\u00f3n de habitantes situada en&nbsp; 418.72.<\/p>\n\n\n\n<p>Asimismo, precisa que el n\u00famero de casos activos baj\u00f3 a 62; mientras que hasta el momento en el pa\u00eds se han&nbsp; registrado 578,570 casos, de los cuales se han recuperado 574,133; en tanto que 2,670,988 han sido descartados por pruebas de laboratorio.<\/p>\n\n\n\n<p>Inform\u00f3 que la ocupaci\u00f3n hospitalaria sigue bajando, ya que de un total de 585 camas de Cuidados Intensivos (UCI) hay 13 en uso, lo que representa un 2 por ciento, mientras que de 469 ventiladores del sistema&nbsp; 10 personas&nbsp; est\u00e1n conectadas, para un 2 por ciento, y de las 2,373 camas COVID con las que cuenta la Red Hospitalaria, est\u00e1n ocupadas 35, para un 1 por ciento.<a><\/a><\/p>\n\n\n\n<p>En la Rep\u00fablica Dominicana se han tomado un total de 3,249,558&nbsp; muestras desde que inici\u00f3 la pandemia, equivalentes a 311,007 por mill\u00f3n de personas.<\/p>\n\n\n\n<p>DIGEPI detalla que en las \u00faltimas 24 horas se hicieron 662 pruebas de Reacci\u00f3n en Cadena de la Polimerasa (PCR), y 55 de ant\u00edgeno, con&nbsp; 607 muestras hechas por primera vez.<\/p>\n","protected":false},"excerpt":{"rendered":"<p>Santo Domingo.- El Ministerio de Salud P\u00fablica report\u00f3 este lunes&nbsp; 14 casos de Covid-19 detectados en las \u00faltimas 24 horas y cero defunciones a causa del virus. De acuerdo al bolet\u00edn n\u00famero 753 dado a conocer por Direcci\u00f3n General de Epidemiolog\u00eda (DIGEPI), se\u00f1ala que a la fecha un total de 4,375 personas han muerto por [&hellip;]<\/p>\n","protected":false},"author":1,"featured_media":7741,"comment_status":"open","ping_status":"open","sticky":false,"template":"","format":"standard","meta":{"nf_dc_page":"","jetpack_post_was_ever_published":false,"_jetpack_newsletter_access":"","_jetpack_dont_email_post_to_subs":false,"_jetpack_newsletter_tier_id":0,"_jetpack_memberships_contains_paywalled_content":false,"_jetpack_memberships_contains_paid_content":false,"footnotes":"","jetpack_publicize_message":"","jetpack_publicize_feature_enabled":true,"jetpack_social_post_already_shared":false,"jetpack_social_options":{"image_generator_settings":{"template":"highway","default_image_id":0,"font":"","enabled":false},"version":2}},"categories":[67],"tags":[],"class_list":["post-8381","post","type-post","status-publish","format-standard","has-post-thumbnail","hentry","category-salud"],"yoast_head":"<!-- This site is optimized with the Yoast SEO plugin v27.4 - https:\/\/yoast.com\/product\/yoast-seo-wordpress\/ -->\n<title>Covid en RD: Ocupaci\u00f3n hospitalaria es de uno porciento - Minuto Cero RD<\/title>\n<meta name=\"robots\" content=\"index, follow, max-snippet:-1, max-image-preview:large, max-video-preview:-1\" \/>\n<link rel=\"canonical\" href=\"http:\/\/minutocerord.com\/?p=8381\" \/>\n<meta property=\"og:locale\" content=\"es_ES\" \/>\n<meta property=\"og:type\" content=\"article\" \/>\n<meta property=\"og:title\" content=\"Covid en RD: Ocupaci\u00f3n hospitalaria es de uno porciento - Minuto Cero RD\" \/>\n<meta property=\"og:description\" content=\"Santo Domingo.- El Ministerio de Salud P\u00fablica report\u00f3 este lunes&nbsp; 14 casos de Covid-19 detectados en las \u00faltimas 24 horas y cero defunciones a causa del virus. De acuerdo al bolet\u00edn n\u00famero 753 dado a conocer por Direcci\u00f3n General de Epidemiolog\u00eda (DIGEPI), se\u00f1ala que a la fecha un total de 4,375 personas han muerto por [&hellip;]\" \/>\n<meta property=\"og:url\" content=\"http:\/\/minutocerord.com\/?p=8381\" \/>\n<meta property=\"og:site_name\" content=\"Minuto Cero RD\" \/>\n<meta property=\"article:publisher\" content=\"https:\/\/www.facebook.com\/Genofnotes\" \/>\n<meta property=\"article:author\" content=\"https:\/\/www.facebook.com\/Genofnotes\" \/>\n<meta property=\"article:published_time\" content=\"2022-04-11T13:51:17+00:00\" \/>\n<meta property=\"article:modified_time\" content=\"2022-04-11T13:51:21+00:00\" \/>\n<meta property=\"og:image\" content=\"https:\/\/i0.wp.com\/minutocerord.com\/wp-content\/uploads\/2022\/02\/1-salud.jpeg?fit=680%2C359\" \/>\n\t<meta property=\"og:image:width\" content=\"680\" \/>\n\t<meta property=\"og:image:height\" content=\"359\" \/>\n\t<meta property=\"og:image:type\" content=\"image\/jpeg\" \/>\n<meta name=\"author\" content=\"Genof\u00f3ntes Urb\u00e1ez\" \/>\n<meta name=\"twitter:card\" content=\"summary_large_image\" \/>\n<meta name=\"twitter:label1\" content=\"Written by\" \/>\n\t<meta name=\"twitter:data1\" content=\"Genof\u00f3ntes Urb\u00e1ez\" \/>\n\t<meta name=\"twitter:label2\" content=\"Est. reading time\" \/>\n\t<meta name=\"twitter:data2\" content=\"2 minutos\" \/>\n<script type=\"application\/ld+json\" class=\"yoast-schema-graph\">{\"@context\":\"https:\\\/\\\/schema.org\",\"@graph\":[{\"@type\":\"Article\",\"@id\":\"http:\\\/\\\/minutocerord.com\\\/?p=8381#article\",\"isPartOf\":{\"@id\":\"http:\\\/\\\/minutocerord.com\\\/?p=8381\"},\"author\":{\"name\":\"Genof\u00f3ntes Urb\u00e1ez\",\"@id\":\"https:\\\/\\\/minutocerord.com\\\/#\\\/schema\\\/person\\\/60b5372d60aaa0a5171fb6488be9aee6\"},\"headline\":\"Covid en RD: Ocupaci\u00f3n hospitalaria es de uno porciento\",\"datePublished\":\"2022-04-11T13:51:17+00:00\",\"dateModified\":\"2022-04-11T13:51:21+00:00\",\"mainEntityOfPage\":{\"@id\":\"http:\\\/\\\/minutocerord.com\\\/?p=8381\"},\"wordCount\":252,\"commentCount\":0,\"publisher\":{\"@id\":\"https:\\\/\\\/minutocerord.com\\\/#\\\/schema\\\/person\\\/60b5372d60aaa0a5171fb6488be9aee6\"},\"image\":{\"@id\":\"http:\\\/\\\/minutocerord.com\\\/?p=8381#primaryimage\"},\"thumbnailUrl\":\"https:\\\/\\\/i0.wp.com\\\/minutocerord.com\\\/wp-content\\\/uploads\\\/2022\\\/02\\\/1-salud.jpeg?fit=680%2C359&ssl=1\",\"articleSection\":[\"Salud\"],\"inLanguage\":\"es-DO\",\"potentialAction\":[{\"@type\":\"CommentAction\",\"name\":\"Comment\",\"target\":[\"http:\\\/\\\/minutocerord.com\\\/?p=8381#respond\"]}]},{\"@type\":\"WebPage\",\"@id\":\"http:\\\/\\\/minutocerord.com\\\/?p=8381\",\"url\":\"http:\\\/\\\/minutocerord.com\\\/?p=8381\",\"name\":\"Covid en RD: Ocupaci\u00f3n hospitalaria es de uno porciento - Minuto Cero RD\",\"isPartOf\":{\"@id\":\"https:\\\/\\\/minutocerord.com\\\/#website\"},\"primaryImageOfPage\":{\"@id\":\"http:\\\/\\\/minutocerord.com\\\/?p=8381#primaryimage\"},\"image\":{\"@id\":\"http:\\\/\\\/minutocerord.com\\\/?p=8381#primaryimage\"},\"thumbnailUrl\":\"https:\\\/\\\/i0.wp.com\\\/minutocerord.com\\\/wp-content\\\/uploads\\\/2022\\\/02\\\/1-salud.jpeg?fit=680%2C359&ssl=1\",\"datePublished\":\"2022-04-11T13:51:17+00:00\",\"dateModified\":\"2022-04-11T13:51:21+00:00\",\"breadcrumb\":{\"@id\":\"http:\\\/\\\/minutocerord.com\\\/?p=8381#breadcrumb\"},\"inLanguage\":\"es-DO\",\"potentialAction\":[{\"@type\":\"ReadAction\",\"target\":[\"http:\\\/\\\/minutocerord.com\\\/?p=8381\"]}]},{\"@type\":\"ImageObject\",\"inLanguage\":\"es-DO\",\"@id\":\"http:\\\/\\\/minutocerord.com\\\/?p=8381#primaryimage\",\"url\":\"https:\\\/\\\/i0.wp.com\\\/minutocerord.com\\\/wp-content\\\/uploads\\\/2022\\\/02\\\/1-salud.jpeg?fit=680%2C359&ssl=1\",\"contentUrl\":\"https:\\\/\\\/i0.wp.com\\\/minutocerord.com\\\/wp-content\\\/uploads\\\/2022\\\/02\\\/1-salud.jpeg?fit=680%2C359&ssl=1\",\"width\":680,\"height\":359},{\"@type\":\"BreadcrumbList\",\"@id\":\"http:\\\/\\\/minutocerord.com\\\/?p=8381#breadcrumb\",\"itemListElement\":[{\"@type\":\"ListItem\",\"position\":1,\"name\":\"Home\",\"item\":\"https:\\\/\\\/minutocerord.com\\\/\"},{\"@type\":\"ListItem\",\"position\":2,\"name\":\"Covid en RD: Ocupaci\u00f3n hospitalaria es de uno porciento\"}]},{\"@type\":\"WebSite\",\"@id\":\"https:\\\/\\\/minutocerord.com\\\/#website\",\"url\":\"https:\\\/\\\/minutocerord.com\\\/\",\"name\":\"Minuto Cero RD\",\"description\":\"Periodismo serio y veraz\",\"publisher\":{\"@id\":\"https:\\\/\\\/minutocerord.com\\\/#\\\/schema\\\/person\\\/60b5372d60aaa0a5171fb6488be9aee6\"},\"potentialAction\":[{\"@type\":\"SearchAction\",\"target\":{\"@type\":\"EntryPoint\",\"urlTemplate\":\"https:\\\/\\\/minutocerord.com\\\/?s={search_term_string}\"},\"query-input\":{\"@type\":\"PropertyValueSpecification\",\"valueRequired\":true,\"valueName\":\"search_term_string\"}}],\"inLanguage\":\"es-DO\"},{\"@type\":[\"Person\",\"Organization\"],\"@id\":\"https:\\\/\\\/minutocerord.com\\\/#\\\/schema\\\/person\\\/60b5372d60aaa0a5171fb6488be9aee6\",\"name\":\"Genof\u00f3ntes Urb\u00e1ez\",\"image\":{\"@type\":\"ImageObject\",\"inLanguage\":\"es-DO\",\"@id\":\"https:\\\/\\\/secure.gravatar.com\\\/avatar\\\/a49ef3186a692098ac3e8a1612261e3ad70cf9e44553dff2929e67939a0ecb9d?s=96&d=identicon&r=g\",\"url\":\"https:\\\/\\\/secure.gravatar.com\\\/avatar\\\/a49ef3186a692098ac3e8a1612261e3ad70cf9e44553dff2929e67939a0ecb9d?s=96&d=identicon&r=g\",\"contentUrl\":\"https:\\\/\\\/secure.gravatar.com\\\/avatar\\\/a49ef3186a692098ac3e8a1612261e3ad70cf9e44553dff2929e67939a0ecb9d?s=96&d=identicon&r=g\",\"caption\":\"Genof\u00f3ntes Urb\u00e1ez\"},\"logo\":{\"@id\":\"https:\\\/\\\/secure.gravatar.com\\\/avatar\\\/a49ef3186a692098ac3e8a1612261e3ad70cf9e44553dff2929e67939a0ecb9d?s=96&d=identicon&r=g\"},\"description\":\"Periodista \\\/ Locutor\",\"sameAs\":[\"https:\\\/\\\/www.facebook.com\\\/Genofnotes\",\"https:\\\/\\\/www.instagram.com\\\/genofnotes\\\/\"]}]}<\/script>\n<!-- \/ Yoast SEO plugin. -->","yoast_head_json":{"title":"Covid en RD: Ocupaci\u00f3n hospitalaria es de uno porciento - Minuto Cero RD","robots":{"index":"index","follow":"follow","max-snippet":"max-snippet:-1","max-image-preview":"max-image-preview:large","max-video-preview":"max-video-preview:-1"},"canonical":"http:\/\/minutocerord.com\/?p=8381","og_locale":"es_ES","og_type":"article","og_title":"Covid en RD: Ocupaci\u00f3n hospitalaria es de uno porciento - Minuto Cero RD","og_description":"Santo Domingo.- El Ministerio de Salud P\u00fablica report\u00f3 este lunes&nbsp; 14 casos de Covid-19 detectados en las \u00faltimas 24 horas y cero defunciones a causa del virus. De acuerdo al bolet\u00edn n\u00famero 753 dado a conocer por Direcci\u00f3n General de Epidemiolog\u00eda (DIGEPI), se\u00f1ala que a la fecha un total de 4,375 personas han muerto por [&hellip;]","og_url":"http:\/\/minutocerord.com\/?p=8381","og_site_name":"Minuto Cero RD","article_publisher":"https:\/\/www.facebook.com\/Genofnotes","article_author":"https:\/\/www.facebook.com\/Genofnotes","article_published_time":"2022-04-11T13:51:17+00:00","article_modified_time":"2022-04-11T13:51:21+00:00","og_image":[{"width":680,"height":359,"url":"https:\/\/i0.wp.com\/minutocerord.com\/wp-content\/uploads\/2022\/02\/1-salud.jpeg?fit=680%2C359","type":"image\/jpeg"}],"author":"Genof\u00f3ntes Urb\u00e1ez","twitter_card":"summary_large_image","twitter_misc":{"Written by":"Genof\u00f3ntes Urb\u00e1ez","Est. reading time":"2 minutos"},"schema":{"@context":"https:\/\/schema.org","@graph":[{"@type":"Article","@id":"http:\/\/minutocerord.com\/?p=8381#article","isPartOf":{"@id":"http:\/\/minutocerord.com\/?p=8381"},"author":{"name":"Genof\u00f3ntes Urb\u00e1ez","@id":"https:\/\/minutocerord.com\/#\/schema\/person\/60b5372d60aaa0a5171fb6488be9aee6"},"headline":"Covid en RD: Ocupaci\u00f3n hospitalaria es de uno porciento","datePublished":"2022-04-11T13:51:17+00:00","dateModified":"2022-04-11T13:51:21+00:00","mainEntityOfPage":{"@id":"http:\/\/minutocerord.com\/?p=8381"},"wordCount":252,"commentCount":0,"publisher":{"@id":"https:\/\/minutocerord.com\/#\/schema\/person\/60b5372d60aaa0a5171fb6488be9aee6"},"image":{"@id":"http:\/\/minutocerord.com\/?p=8381#primaryimage"},"thumbnailUrl":"https:\/\/i0.wp.com\/minutocerord.com\/wp-content\/uploads\/2022\/02\/1-salud.jpeg?fit=680%2C359&ssl=1","articleSection":["Salud"],"inLanguage":"es-DO","potentialAction":[{"@type":"CommentAction","name":"Comment","target":["http:\/\/minutocerord.com\/?p=8381#respond"]}]},{"@type":"WebPage","@id":"http:\/\/minutocerord.com\/?p=8381","url":"http:\/\/minutocerord.com\/?p=8381","name":"Covid en RD: Ocupaci\u00f3n hospitalaria es de uno porciento - Minuto Cero RD","isPartOf":{"@id":"https:\/\/minutocerord.com\/#website"},"primaryImageOfPage":{"@id":"http:\/\/minutocerord.com\/?p=8381#primaryimage"},"image":{"@id":"http:\/\/minutocerord.com\/?p=8381#primaryimage"},"thumbnailUrl":"https:\/\/i0.wp.com\/minutocerord.com\/wp-content\/uploads\/2022\/02\/1-salud.jpeg?fit=680%2C359&ssl=1","datePublished":"2022-04-11T13:51:17+00:00","dateModified":"2022-04-11T13:51:21+00:00","breadcrumb":{"@id":"http:\/\/minutocerord.com\/?p=8381#breadcrumb"},"inLanguage":"es-DO","potentialAction":[{"@type":"ReadAction","target":["http:\/\/minutocerord.com\/?p=8381"]}]},{"@type":"ImageObject","inLanguage":"es-DO","@id":"http:\/\/minutocerord.com\/?p=8381#primaryimage","url":"https:\/\/i0.wp.com\/minutocerord.com\/wp-content\/uploads\/2022\/02\/1-salud.jpeg?fit=680%2C359&ssl=1","contentUrl":"https:\/\/i0.wp.com\/minutocerord.com\/wp-content\/uploads\/2022\/02\/1-salud.jpeg?fit=680%2C359&ssl=1","width":680,"height":359},{"@type":"BreadcrumbList","@id":"http:\/\/minutocerord.com\/?p=8381#breadcrumb","itemListElement":[{"@type":"ListItem","position":1,"name":"Home","item":"https:\/\/minutocerord.com\/"},{"@type":"ListItem","position":2,"name":"Covid en RD: Ocupaci\u00f3n hospitalaria es de uno porciento"}]},{"@type":"WebSite","@id":"https:\/\/minutocerord.com\/#website","url":"https:\/\/minutocerord.com\/","name":"Minuto Cero RD","description":"Periodismo serio y veraz","publisher":{"@id":"https:\/\/minutocerord.com\/#\/schema\/person\/60b5372d60aaa0a5171fb6488be9aee6"},"potentialAction":[{"@type":"SearchAction","target":{"@type":"EntryPoint","urlTemplate":"https:\/\/minutocerord.com\/?s={search_term_string}"},"query-input":{"@type":"PropertyValueSpecification","valueRequired":true,"valueName":"search_term_string"}}],"inLanguage":"es-DO"},{"@type":["Person","Organization"],"@id":"https:\/\/minutocerord.com\/#\/schema\/person\/60b5372d60aaa0a5171fb6488be9aee6","name":"Genof\u00f3ntes Urb\u00e1ez","image":{"@type":"ImageObject","inLanguage":"es-DO","@id":"https:\/\/secure.gravatar.com\/avatar\/a49ef3186a692098ac3e8a1612261e3ad70cf9e44553dff2929e67939a0ecb9d?s=96&d=identicon&r=g","url":"https:\/\/secure.gravatar.com\/avatar\/a49ef3186a692098ac3e8a1612261e3ad70cf9e44553dff2929e67939a0ecb9d?s=96&d=identicon&r=g","contentUrl":"https:\/\/secure.gravatar.com\/avatar\/a49ef3186a692098ac3e8a1612261e3ad70cf9e44553dff2929e67939a0ecb9d?s=96&d=identicon&r=g","caption":"Genof\u00f3ntes Urb\u00e1ez"},"logo":{"@id":"https:\/\/secure.gravatar.com\/avatar\/a49ef3186a692098ac3e8a1612261e3ad70cf9e44553dff2929e67939a0ecb9d?s=96&d=identicon&r=g"},"description":"Periodista \/ Locutor","sameAs":["https:\/\/www.facebook.com\/Genofnotes","https:\/\/www.instagram.com\/genofnotes\/"]}]}},"jetpack_publicize_connections":[],"jetpack_featured_media_url":"https:\/\/i0.wp.com\/minutocerord.com\/wp-content\/uploads\/2022\/02\/1-salud.jpeg?fit=680%2C359&ssl=1","jetpack-related-posts":[],"jetpack_sharing_enabled":true,"_links":{"self":[{"href":"https:\/\/minutocerord.com\/index.php?rest_route=\/wp\/v2\/posts\/8381","targetHints":{"allow":["GET"]}}],"collection":[{"href":"https:\/\/minutocerord.com\/index.php?rest_route=\/wp\/v2\/posts"}],"about":[{"href":"https:\/\/minutocerord.com\/index.php?rest_route=\/wp\/v2\/types\/post"}],"author":[{"embeddable":true,"href":"https:\/\/minutocerord.com\/index.php?rest_route=\/wp\/v2\/users\/1"}],"replies":[{"embeddable":true,"href":"https:\/\/minutocerord.com\/index.php?rest_route=%2Fwp%2Fv2%2Fcomments&post=8381"}],"version-history":[{"count":1,"href":"https:\/\/minutocerord.com\/index.php?rest_route=\/wp\/v2\/posts\/8381\/revisions"}],"predecessor-version":[{"id":8382,"href":"https:\/\/minutocerord.com\/index.php?rest_route=\/wp\/v2\/posts\/8381\/revisions\/8382"}],"wp:featuredmedia":[{"embeddable":true,"href":"https:\/\/minutocerord.com\/index.php?rest_route=\/wp\/v2\/media\/7741"}],"wp:attachment":[{"href":"https:\/\/minutocerord.com\/index.php?rest_route=%2Fwp%2Fv2%2Fmedia&parent=8381"}],"wp:term":[{"taxonomy":"category","embeddable":true,"href":"https:\/\/minutocerord.com\/index.php?rest_route=%2Fwp%2Fv2%2Fcategories&post=8381"},{"taxonomy":"post_tag","embeddable":true,"href":"https:\/\/minutocerord.com\/index.php?rest_route=%2Fwp%2Fv2%2Ftags&post=8381"}],"curies":[{"name":"wp","href":"https:\/\/api.w.org\/{rel}","templated":true}]}}