{"id":8383,"date":"2022-04-11T10:03:59","date_gmt":"2022-04-11T14:03:59","guid":{"rendered":"https:\/\/minutocerord.com\/?p=8383"},"modified":"2022-04-11T10:04:03","modified_gmt":"2022-04-11T14:04:03","slug":"pasajeros-de-vuelo-de-jet-blue-se-quejaron-de-que-viajaron-con-banos-fuera-de-servicio","status":"publish","type":"post","link":"https:\/\/minutocerord.com\/?p=8383","title":{"rendered":"Pasajeros de vuelo de Jet Blue se quejaron de que viajaron con ba\u00f1os fuera de servicio"},"content":{"rendered":"\n<p><strong>Santo Domingo, RD.-<\/strong> Pasajeros de un vuelo de Jet-Blue, en la ruta Boston-Santo Domingo, reaccionaron indignados y molestos por la decisi\u00f3n de la l\u00ednea a\u00e9rea de despachar su vuelo con los ba\u00f1os del avi\u00f3n fuera de servicio, provocando inconvenientes a algunos de los viajeros que se les presentaba la urgencia de hacer alguna necesidad fisiol\u00f3gica.<\/p>\n\n\n\n<p>Durante 3 horas y 50 minutos que dur\u00f3 el vuelo desde Boston, Estados Unidos, hasta la capital dominicana, muchos pasajeros entre ellos ni\u00f1os y ancianos de edad avanzada tuvieron que retener sus deseos de ir al ba\u00f1o porque los mismos estaban cerrados.<\/p>\n\n\n\n<p>La&nbsp; profesora pensionada, Mery Rivas, de 79 a\u00f1os de edad relat\u00f3 que viajaba en el vuelo1830 de Jet-Blue en compa\u00f1\u00eda de su esposo Francisco, de 82 a\u00f1os, que estuvo a punto de orinar en el pasillo del aeropuerto luego de que el avi\u00f3n aterrizo.<\/p>\n\n\n\n<p><strong>\u201cMi esposo estaba desesperado porque la vejiga se le estaba explotando y estaba deseoso y nervioso por que el avi\u00f3n descendiera para ir al ba\u00f1o&#8221;, dijo Rivas<\/strong><\/p>\n\n\n\n<p>La se\u00f1ora indic\u00f3 adem\u00e1s que, una vez aterriz\u00f3 la aeronave, su pareja corri\u00f3 r\u00e1pidamente antes de que la mayor\u00eda de los pasajeros salieran del avi\u00f3n. Un empleado del aeropuerto le ubic\u00f3 un ba\u00f1o y pudo orinar, pero al octagenario caballero casi se le sale la orina en el pasillo del aeropuerto, seg\u00fan su pareja.&nbsp;<\/p>\n\n\n\n<p>Ante tal escenario, la se\u00f1ora qued\u00f3 sola en la silla de ruedas en la que ven\u00eda por sus condiciones f\u00edsica de salud.<\/p>\n\n\n\n<p><strong>&#8220;Cruel e inhumano&#8221;<\/strong><\/p>\n\n\n\n<p>Pese a que fueron avisados de la situaci\u00f3n antes de abordar la aeronave y que un empleado les comunic\u00f3 que deb\u00edan usar los ba\u00f1os del aeropuerto porque los sanitarios de la aeronave estaban da\u00f1ados, Rivas calific\u00f3 la actitud de la aerol\u00ednea como cruel e inhumana, &#8220;porque mantuvieron a m\u00e1s de 130 pasajeros es esa situaci\u00f3n sin poder hacer sus necesidades fisiol\u00f3gicas en la aeronave&#8221;.<\/p>\n\n\n\n<p>\u201cYo entiendo que lo que ten\u00eda que hacer Jet-Blue era cambiar el avi\u00f3n o suspender el vuelo porque es algo ins\u00f3lito que un avi\u00f3n con m\u00e1s de 100 pasajeros abordo irresponsablemente se le permita salir sin servicios de ba\u00f1o&#8221;, deplor\u00f3 la dama, aun indignada por la situaci\u00f3n desesperante que tuvieron que pasar.<\/p>\n\n\n\n<p>Rivas asegur\u00f3 que muchos no aguantaron la desesperaci\u00f3n, reflejada en el rostro de pasajeros ancianos, ni\u00f1os y mujeres, y mojaron su pantal\u00f3n.<\/p>\n\n\n\n<p>Adem\u00e1s de la ausencia de los sanitarios, el vuelo tuvo un retraso de dos horas en su salida de Boston, generando mayor descontento entre los pasajeros que estaban esperando.<\/p>\n\n\n\n<p>En los \u00faltimos meses la l\u00ednea a\u00e9rea Jet-Blue ha venido recurrentemente confrontando dificultades&nbsp; por el deterioro de la calidad de su servicios abordo, as\u00ed como tambi\u00e9n por la falta de puntualidad en la salidas y llegada de sus vuelos.<\/p>\n\n\n\n<p>Tambi\u00e9n han confrontado problemas con algunos pasajeros que han protestado por la situaci\u00f3n e incluso han llegado al extremo de sacarlos de los aviones, por manifestarse en desacuerdo por la negligencia de sus servicios.<\/p>\n\n\n\n<p>Se recuerda el caso de&nbsp; la periodista Consuelo Despradel, quien fue bajada de un vuelo comercial de la l\u00ednea Jet Blue en el aeropuerto Kennedy de Nueva York, cuando se dispon\u00eda a regresar el pa\u00eds tras trabajar en la urbe norteamericana.<\/p>\n\n\n\n<p>En el video que r\u00e1pidamente se hizo viral en las redes sociales, tomado por un pasajero, se observ\u00f3 cuando la comunicadora y otros pasajeros, son bajados de la nave.<\/p>\n\n\n\n<p>Ella aleg\u00f3 en la grabaci\u00f3n, en tono pausado, que la medida en su contra se debe a que protest\u00f3 \u201cpor sus derechos\u201d.<\/p>\n\n\n\n<p>Por Rafael Castro<\/p>\n","protected":false},"excerpt":{"rendered":"<p>Santo Domingo, RD.- Pasajeros de un vuelo de Jet-Blue, en la ruta Boston-Santo Domingo, reaccionaron indignados y molestos por la decisi\u00f3n de la l\u00ednea a\u00e9rea de despachar su vuelo con los ba\u00f1os del avi\u00f3n fuera de servicio, provocando inconvenientes a algunos de los viajeros que se les presentaba la urgencia de hacer alguna necesidad fisiol\u00f3gica. [&hellip;]<\/p>\n","protected":false},"author":1,"featured_media":8384,"comment_status":"open","ping_status":"open","sticky":false,"template":"","format":"standard","meta":{"nf_dc_page":"","jetpack_post_was_ever_published":false,"_jetpack_newsletter_access":"","_jetpack_dont_email_post_to_subs":false,"_jetpack_newsletter_tier_id":0,"_jetpack_memberships_contains_paywalled_content":false,"_jetpack_memberships_contains_paid_content":false,"footnotes":"","jetpack_publicize_message":"","jetpack_publicize_feature_enabled":true,"jetpack_social_post_already_shared":false,"jetpack_social_options":{"image_generator_settings":{"template":"highway","default_image_id":0,"font":"","enabled":false},"version":2}},"categories":[65],"tags":[],"class_list":["post-8383","post","type-post","status-publish","format-standard","has-post-thumbnail","hentry","category-nacionales"],"yoast_head":"<!-- This site is optimized with the Yoast SEO plugin v27.4 - https:\/\/yoast.com\/product\/yoast-seo-wordpress\/ -->\n<title>Pasajeros de vuelo de Jet Blue se quejaron de que viajaron con ba\u00f1os fuera de servicio - Minuto Cero RD<\/title>\n<meta name=\"robots\" content=\"index, follow, max-snippet:-1, max-image-preview:large, max-video-preview:-1\" \/>\n<link rel=\"canonical\" href=\"http:\/\/minutocerord.com\/?p=8383\" \/>\n<meta property=\"og:locale\" content=\"es_ES\" \/>\n<meta property=\"og:type\" content=\"article\" \/>\n<meta property=\"og:title\" content=\"Pasajeros de vuelo de Jet Blue se quejaron de que viajaron con ba\u00f1os fuera de servicio - Minuto Cero RD\" \/>\n<meta property=\"og:description\" content=\"Santo Domingo, RD.- Pasajeros de un vuelo de Jet-Blue, en la ruta Boston-Santo Domingo, reaccionaron indignados y molestos por la decisi\u00f3n de la l\u00ednea a\u00e9rea de despachar su vuelo con los ba\u00f1os del avi\u00f3n fuera de servicio, provocando inconvenientes a algunos de los viajeros que se les presentaba la urgencia de hacer alguna necesidad fisiol\u00f3gica. [&hellip;]\" \/>\n<meta property=\"og:url\" content=\"http:\/\/minutocerord.com\/?p=8383\" \/>\n<meta property=\"og:site_name\" content=\"Minuto Cero RD\" \/>\n<meta property=\"article:publisher\" content=\"https:\/\/www.facebook.com\/Genofnotes\" \/>\n<meta property=\"article:author\" content=\"https:\/\/www.facebook.com\/Genofnotes\" \/>\n<meta property=\"article:published_time\" content=\"2022-04-11T14:03:59+00:00\" \/>\n<meta property=\"article:modified_time\" content=\"2022-04-11T14:04:03+00:00\" \/>\n<meta property=\"og:image\" content=\"https:\/\/i0.wp.com\/minutocerord.com\/wp-content\/uploads\/2022\/04\/Jetblue-12-1-700x440-1.jpg?fit=1120%2C704\" \/>\n\t<meta property=\"og:image:width\" content=\"1120\" \/>\n\t<meta property=\"og:image:height\" content=\"704\" \/>\n\t<meta property=\"og:image:type\" content=\"image\/jpeg\" \/>\n<meta name=\"author\" content=\"Genof\u00f3ntes Urb\u00e1ez\" \/>\n<meta name=\"twitter:card\" content=\"summary_large_image\" \/>\n<meta name=\"twitter:label1\" content=\"Written by\" \/>\n\t<meta name=\"twitter:data1\" content=\"Genof\u00f3ntes Urb\u00e1ez\" \/>\n\t<meta name=\"twitter:label2\" content=\"Est. reading time\" \/>\n\t<meta name=\"twitter:data2\" content=\"3 minutos\" \/>\n<script type=\"application\/ld+json\" class=\"yoast-schema-graph\">{\"@context\":\"https:\\\/\\\/schema.org\",\"@graph\":[{\"@type\":\"Article\",\"@id\":\"http:\\\/\\\/minutocerord.com\\\/?p=8383#article\",\"isPartOf\":{\"@id\":\"http:\\\/\\\/minutocerord.com\\\/?p=8383\"},\"author\":{\"name\":\"Genof\u00f3ntes Urb\u00e1ez\",\"@id\":\"https:\\\/\\\/minutocerord.com\\\/#\\\/schema\\\/person\\\/60b5372d60aaa0a5171fb6488be9aee6\"},\"headline\":\"Pasajeros de vuelo de Jet Blue se quejaron de que viajaron con ba\u00f1os fuera de servicio\",\"datePublished\":\"2022-04-11T14:03:59+00:00\",\"dateModified\":\"2022-04-11T14:04:03+00:00\",\"mainEntityOfPage\":{\"@id\":\"http:\\\/\\\/minutocerord.com\\\/?p=8383\"},\"wordCount\":651,\"commentCount\":0,\"publisher\":{\"@id\":\"https:\\\/\\\/minutocerord.com\\\/#\\\/schema\\\/person\\\/60b5372d60aaa0a5171fb6488be9aee6\"},\"image\":{\"@id\":\"http:\\\/\\\/minutocerord.com\\\/?p=8383#primaryimage\"},\"thumbnailUrl\":\"https:\\\/\\\/i0.wp.com\\\/minutocerord.com\\\/wp-content\\\/uploads\\\/2022\\\/04\\\/Jetblue-12-1-700x440-1.jpg?fit=1120%2C704&ssl=1\",\"articleSection\":[\"Nacionales\"],\"inLanguage\":\"es-DO\",\"potentialAction\":[{\"@type\":\"CommentAction\",\"name\":\"Comment\",\"target\":[\"http:\\\/\\\/minutocerord.com\\\/?p=8383#respond\"]}]},{\"@type\":\"WebPage\",\"@id\":\"http:\\\/\\\/minutocerord.com\\\/?p=8383\",\"url\":\"http:\\\/\\\/minutocerord.com\\\/?p=8383\",\"name\":\"Pasajeros de vuelo de Jet Blue se quejaron de que viajaron con ba\u00f1os fuera de servicio - Minuto Cero RD\",\"isPartOf\":{\"@id\":\"https:\\\/\\\/minutocerord.com\\\/#website\"},\"primaryImageOfPage\":{\"@id\":\"http:\\\/\\\/minutocerord.com\\\/?p=8383#primaryimage\"},\"image\":{\"@id\":\"http:\\\/\\\/minutocerord.com\\\/?p=8383#primaryimage\"},\"thumbnailUrl\":\"https:\\\/\\\/i0.wp.com\\\/minutocerord.com\\\/wp-content\\\/uploads\\\/2022\\\/04\\\/Jetblue-12-1-700x440-1.jpg?fit=1120%2C704&ssl=1\",\"datePublished\":\"2022-04-11T14:03:59+00:00\",\"dateModified\":\"2022-04-11T14:04:03+00:00\",\"breadcrumb\":{\"@id\":\"http:\\\/\\\/minutocerord.com\\\/?p=8383#breadcrumb\"},\"inLanguage\":\"es-DO\",\"potentialAction\":[{\"@type\":\"ReadAction\",\"target\":[\"http:\\\/\\\/minutocerord.com\\\/?p=8383\"]}]},{\"@type\":\"ImageObject\",\"inLanguage\":\"es-DO\",\"@id\":\"http:\\\/\\\/minutocerord.com\\\/?p=8383#primaryimage\",\"url\":\"https:\\\/\\\/i0.wp.com\\\/minutocerord.com\\\/wp-content\\\/uploads\\\/2022\\\/04\\\/Jetblue-12-1-700x440-1.jpg?fit=1120%2C704&ssl=1\",\"contentUrl\":\"https:\\\/\\\/i0.wp.com\\\/minutocerord.com\\\/wp-content\\\/uploads\\\/2022\\\/04\\\/Jetblue-12-1-700x440-1.jpg?fit=1120%2C704&ssl=1\",\"width\":1120,\"height\":704},{\"@type\":\"BreadcrumbList\",\"@id\":\"http:\\\/\\\/minutocerord.com\\\/?p=8383#breadcrumb\",\"itemListElement\":[{\"@type\":\"ListItem\",\"position\":1,\"name\":\"Home\",\"item\":\"https:\\\/\\\/minutocerord.com\\\/\"},{\"@type\":\"ListItem\",\"position\":2,\"name\":\"Pasajeros de vuelo de Jet Blue se quejaron de que viajaron con ba\u00f1os fuera de servicio\"}]},{\"@type\":\"WebSite\",\"@id\":\"https:\\\/\\\/minutocerord.com\\\/#website\",\"url\":\"https:\\\/\\\/minutocerord.com\\\/\",\"name\":\"Minuto Cero RD\",\"description\":\"Periodismo serio y veraz\",\"publisher\":{\"@id\":\"https:\\\/\\\/minutocerord.com\\\/#\\\/schema\\\/person\\\/60b5372d60aaa0a5171fb6488be9aee6\"},\"potentialAction\":[{\"@type\":\"SearchAction\",\"target\":{\"@type\":\"EntryPoint\",\"urlTemplate\":\"https:\\\/\\\/minutocerord.com\\\/?s={search_term_string}\"},\"query-input\":{\"@type\":\"PropertyValueSpecification\",\"valueRequired\":true,\"valueName\":\"search_term_string\"}}],\"inLanguage\":\"es-DO\"},{\"@type\":[\"Person\",\"Organization\"],\"@id\":\"https:\\\/\\\/minutocerord.com\\\/#\\\/schema\\\/person\\\/60b5372d60aaa0a5171fb6488be9aee6\",\"name\":\"Genof\u00f3ntes Urb\u00e1ez\",\"image\":{\"@type\":\"ImageObject\",\"inLanguage\":\"es-DO\",\"@id\":\"https:\\\/\\\/secure.gravatar.com\\\/avatar\\\/a49ef3186a692098ac3e8a1612261e3ad70cf9e44553dff2929e67939a0ecb9d?s=96&d=identicon&r=g\",\"url\":\"https:\\\/\\\/secure.gravatar.com\\\/avatar\\\/a49ef3186a692098ac3e8a1612261e3ad70cf9e44553dff2929e67939a0ecb9d?s=96&d=identicon&r=g\",\"contentUrl\":\"https:\\\/\\\/secure.gravatar.com\\\/avatar\\\/a49ef3186a692098ac3e8a1612261e3ad70cf9e44553dff2929e67939a0ecb9d?s=96&d=identicon&r=g\",\"caption\":\"Genof\u00f3ntes Urb\u00e1ez\"},\"logo\":{\"@id\":\"https:\\\/\\\/secure.gravatar.com\\\/avatar\\\/a49ef3186a692098ac3e8a1612261e3ad70cf9e44553dff2929e67939a0ecb9d?s=96&d=identicon&r=g\"},\"description\":\"Periodista \\\/ Locutor\",\"sameAs\":[\"https:\\\/\\\/www.facebook.com\\\/Genofnotes\",\"https:\\\/\\\/www.instagram.com\\\/genofnotes\\\/\"]}]}<\/script>\n<!-- \/ Yoast SEO plugin. -->","yoast_head_json":{"title":"Pasajeros de vuelo de Jet Blue se quejaron de que viajaron con ba\u00f1os fuera de servicio - Minuto Cero RD","robots":{"index":"index","follow":"follow","max-snippet":"max-snippet:-1","max-image-preview":"max-image-preview:large","max-video-preview":"max-video-preview:-1"},"canonical":"http:\/\/minutocerord.com\/?p=8383","og_locale":"es_ES","og_type":"article","og_title":"Pasajeros de vuelo de Jet Blue se quejaron de que viajaron con ba\u00f1os fuera de servicio - Minuto Cero RD","og_description":"Santo Domingo, RD.- Pasajeros de un vuelo de Jet-Blue, en la ruta Boston-Santo Domingo, reaccionaron indignados y molestos por la decisi\u00f3n de la l\u00ednea a\u00e9rea de despachar su vuelo con los ba\u00f1os del avi\u00f3n fuera de servicio, provocando inconvenientes a algunos de los viajeros que se les presentaba la urgencia de hacer alguna necesidad fisiol\u00f3gica. [&hellip;]","og_url":"http:\/\/minutocerord.com\/?p=8383","og_site_name":"Minuto Cero RD","article_publisher":"https:\/\/www.facebook.com\/Genofnotes","article_author":"https:\/\/www.facebook.com\/Genofnotes","article_published_time":"2022-04-11T14:03:59+00:00","article_modified_time":"2022-04-11T14:04:03+00:00","og_image":[{"width":1120,"height":704,"url":"https:\/\/i0.wp.com\/minutocerord.com\/wp-content\/uploads\/2022\/04\/Jetblue-12-1-700x440-1.jpg?fit=1120%2C704","type":"image\/jpeg"}],"author":"Genof\u00f3ntes Urb\u00e1ez","twitter_card":"summary_large_image","twitter_misc":{"Written by":"Genof\u00f3ntes Urb\u00e1ez","Est. reading time":"3 minutos"},"schema":{"@context":"https:\/\/schema.org","@graph":[{"@type":"Article","@id":"http:\/\/minutocerord.com\/?p=8383#article","isPartOf":{"@id":"http:\/\/minutocerord.com\/?p=8383"},"author":{"name":"Genof\u00f3ntes Urb\u00e1ez","@id":"https:\/\/minutocerord.com\/#\/schema\/person\/60b5372d60aaa0a5171fb6488be9aee6"},"headline":"Pasajeros de vuelo de Jet Blue se quejaron de que viajaron con ba\u00f1os fuera de servicio","datePublished":"2022-04-11T14:03:59+00:00","dateModified":"2022-04-11T14:04:03+00:00","mainEntityOfPage":{"@id":"http:\/\/minutocerord.com\/?p=8383"},"wordCount":651,"commentCount":0,"publisher":{"@id":"https:\/\/minutocerord.com\/#\/schema\/person\/60b5372d60aaa0a5171fb6488be9aee6"},"image":{"@id":"http:\/\/minutocerord.com\/?p=8383#primaryimage"},"thumbnailUrl":"https:\/\/i0.wp.com\/minutocerord.com\/wp-content\/uploads\/2022\/04\/Jetblue-12-1-700x440-1.jpg?fit=1120%2C704&ssl=1","articleSection":["Nacionales"],"inLanguage":"es-DO","potentialAction":[{"@type":"CommentAction","name":"Comment","target":["http:\/\/minutocerord.com\/?p=8383#respond"]}]},{"@type":"WebPage","@id":"http:\/\/minutocerord.com\/?p=8383","url":"http:\/\/minutocerord.com\/?p=8383","name":"Pasajeros de vuelo de Jet Blue se quejaron de que viajaron con ba\u00f1os fuera de servicio - Minuto Cero RD","isPartOf":{"@id":"https:\/\/minutocerord.com\/#website"},"primaryImageOfPage":{"@id":"http:\/\/minutocerord.com\/?p=8383#primaryimage"},"image":{"@id":"http:\/\/minutocerord.com\/?p=8383#primaryimage"},"thumbnailUrl":"https:\/\/i0.wp.com\/minutocerord.com\/wp-content\/uploads\/2022\/04\/Jetblue-12-1-700x440-1.jpg?fit=1120%2C704&ssl=1","datePublished":"2022-04-11T14:03:59+00:00","dateModified":"2022-04-11T14:04:03+00:00","breadcrumb":{"@id":"http:\/\/minutocerord.com\/?p=8383#breadcrumb"},"inLanguage":"es-DO","potentialAction":[{"@type":"ReadAction","target":["http:\/\/minutocerord.com\/?p=8383"]}]},{"@type":"ImageObject","inLanguage":"es-DO","@id":"http:\/\/minutocerord.com\/?p=8383#primaryimage","url":"https:\/\/i0.wp.com\/minutocerord.com\/wp-content\/uploads\/2022\/04\/Jetblue-12-1-700x440-1.jpg?fit=1120%2C704&ssl=1","contentUrl":"https:\/\/i0.wp.com\/minutocerord.com\/wp-content\/uploads\/2022\/04\/Jetblue-12-1-700x440-1.jpg?fit=1120%2C704&ssl=1","width":1120,"height":704},{"@type":"BreadcrumbList","@id":"http:\/\/minutocerord.com\/?p=8383#breadcrumb","itemListElement":[{"@type":"ListItem","position":1,"name":"Home","item":"https:\/\/minutocerord.com\/"},{"@type":"ListItem","position":2,"name":"Pasajeros de vuelo de Jet Blue se quejaron de que viajaron con ba\u00f1os fuera de servicio"}]},{"@type":"WebSite","@id":"https:\/\/minutocerord.com\/#website","url":"https:\/\/minutocerord.com\/","name":"Minuto Cero RD","description":"Periodismo serio y veraz","publisher":{"@id":"https:\/\/minutocerord.com\/#\/schema\/person\/60b5372d60aaa0a5171fb6488be9aee6"},"potentialAction":[{"@type":"SearchAction","target":{"@type":"EntryPoint","urlTemplate":"https:\/\/minutocerord.com\/?s={search_term_string}"},"query-input":{"@type":"PropertyValueSpecification","valueRequired":true,"valueName":"search_term_string"}}],"inLanguage":"es-DO"},{"@type":["Person","Organization"],"@id":"https:\/\/minutocerord.com\/#\/schema\/person\/60b5372d60aaa0a5171fb6488be9aee6","name":"Genof\u00f3ntes Urb\u00e1ez","image":{"@type":"ImageObject","inLanguage":"es-DO","@id":"https:\/\/secure.gravatar.com\/avatar\/a49ef3186a692098ac3e8a1612261e3ad70cf9e44553dff2929e67939a0ecb9d?s=96&d=identicon&r=g","url":"https:\/\/secure.gravatar.com\/avatar\/a49ef3186a692098ac3e8a1612261e3ad70cf9e44553dff2929e67939a0ecb9d?s=96&d=identicon&r=g","contentUrl":"https:\/\/secure.gravatar.com\/avatar\/a49ef3186a692098ac3e8a1612261e3ad70cf9e44553dff2929e67939a0ecb9d?s=96&d=identicon&r=g","caption":"Genof\u00f3ntes Urb\u00e1ez"},"logo":{"@id":"https:\/\/secure.gravatar.com\/avatar\/a49ef3186a692098ac3e8a1612261e3ad70cf9e44553dff2929e67939a0ecb9d?s=96&d=identicon&r=g"},"description":"Periodista \/ Locutor","sameAs":["https:\/\/www.facebook.com\/Genofnotes","https:\/\/www.instagram.com\/genofnotes\/"]}]}},"jetpack_publicize_connections":[],"jetpack_featured_media_url":"https:\/\/i0.wp.com\/minutocerord.com\/wp-content\/uploads\/2022\/04\/Jetblue-12-1-700x440-1.jpg?fit=1120%2C704&ssl=1","jetpack-related-posts":[],"jetpack_sharing_enabled":true,"_links":{"self":[{"href":"https:\/\/minutocerord.com\/index.php?rest_route=\/wp\/v2\/posts\/8383","targetHints":{"allow":["GET"]}}],"collection":[{"href":"https:\/\/minutocerord.com\/index.php?rest_route=\/wp\/v2\/posts"}],"about":[{"href":"https:\/\/minutocerord.com\/index.php?rest_route=\/wp\/v2\/types\/post"}],"author":[{"embeddable":true,"href":"https:\/\/minutocerord.com\/index.php?rest_route=\/wp\/v2\/users\/1"}],"replies":[{"embeddable":true,"href":"https:\/\/minutocerord.com\/index.php?rest_route=%2Fwp%2Fv2%2Fcomments&post=8383"}],"version-history":[{"count":1,"href":"https:\/\/minutocerord.com\/index.php?rest_route=\/wp\/v2\/posts\/8383\/revisions"}],"predecessor-version":[{"id":8385,"href":"https:\/\/minutocerord.com\/index.php?rest_route=\/wp\/v2\/posts\/8383\/revisions\/8385"}],"wp:featuredmedia":[{"embeddable":true,"href":"https:\/\/minutocerord.com\/index.php?rest_route=\/wp\/v2\/media\/8384"}],"wp:attachment":[{"href":"https:\/\/minutocerord.com\/index.php?rest_route=%2Fwp%2Fv2%2Fmedia&parent=8383"}],"wp:term":[{"taxonomy":"category","embeddable":true,"href":"https:\/\/minutocerord.com\/index.php?rest_route=%2Fwp%2Fv2%2Fcategories&post=8383"},{"taxonomy":"post_tag","embeddable":true,"href":"https:\/\/minutocerord.com\/index.php?rest_route=%2Fwp%2Fv2%2Ftags&post=8383"}],"curies":[{"name":"wp","href":"https:\/\/api.w.org\/{rel}","templated":true}]}}