{"id":8401,"date":"2022-04-13T10:02:43","date_gmt":"2022-04-13T14:02:43","guid":{"rendered":"https:\/\/minutocerord.com\/?p=8401"},"modified":"2022-04-13T10:28:53","modified_gmt":"2022-04-13T14:28:53","slug":"ny-identifican-hombre-baleo-a-16-personas-en-una-estacion-del-tren","status":"publish","type":"post","link":"https:\/\/minutocerord.com\/?p=8401","title":{"rendered":"NY: Identifican hombre bale\u00f3 a 16 personas en una estaci\u00f3n del tren"},"content":{"rendered":"\n<figure class=\"wp-block-embed is-type-video is-provider-youtube wp-block-embed-youtube wp-embed-aspect-16-9 wp-has-aspect-ratio\"><div class=\"wp-block-embed__wrapper\">\n<iframe loading=\"lazy\" title=\"Polic\u00eda identifica a un hombre como &quot;persona de inter\u00e9s&quot; tras ataque en el metro de NY\" width=\"640\" height=\"360\" src=\"https:\/\/www.youtube.com\/embed\/NDMfLUznpkc?feature=oembed\" frameborder=\"0\" allow=\"accelerometer; autoplay; clipboard-write; encrypted-media; gyroscope; picture-in-picture; web-share\" referrerpolicy=\"strict-origin-when-cross-origin\" allowfullscreen><\/iframe>\n<\/div><\/figure>\n\n\n\n<figure class=\"wp-block-embed is-type-rich is-provider-embed-handler wp-block-embed-embed-handler wp-embed-aspect-16-9 wp-has-aspect-ratio\"><div class=\"wp-block-embed__wrapper\">\n<div class=\"youtube-embed\" data-video_id=\"yAiehFDfTdQ\"><iframe loading=\"lazy\" title=\"Un tiroteo en Nueva York deja varios heridos (12\/04\/22) | EL PA\u00cdS\" width=\"640\" height=\"360\" src=\"https:\/\/www.youtube.com\/embed\/yAiehFDfTdQ?feature=oembed&#038;enablejsapi=1\" frameborder=\"0\" allow=\"accelerometer; autoplay; clipboard-write; encrypted-media; gyroscope; picture-in-picture; web-share\" referrerpolicy=\"strict-origin-when-cross-origin\" allowfullscreen><\/iframe><\/div>\n<\/div><\/figure>\n\n\n\n<p><strong>NUEVA YORK.- <\/strong>La Polic\u00eda identific\u00f3 al hombre responsable del tiroteo dentro de un vag\u00f3n del tren subterr\u00e1neo de Nueva York que sald\u00f3 con al menos 29 personas heridas.<\/p>\n\n\n\n<p>Se trata de Frank James, de 62 a\u00f1os, quien seg\u00fan los investigadores, alquil\u00f3 una camioneta U-Haul vinculada al ataque en la estaci\u00f3n Sunset Park, de Brooklyn.<\/p>\n\n\n\n<p>Los investigadores obtuvieron un video de marzo en el que James dice que estaba entrando \u201cen la zona de peligro\u201d e informa al alcalde de Nueva York, Eric Adams, que es una v\u00edctima programada de salud mental.<\/p>\n\n\n\n<p>James tambi\u00e9n advierte en la grabaci\u00f3n que ha estado lleno de \u201codio, ira y amargura\u201d.<\/p>\n\n\n\n<p>Indica que le diagnosticaron una enfermedad mental y critica a los servicios de salud mental de Nueva York, calific\u00e1ndolos de \u201cespect\u00e1culo de terror\u00bb. \u201cLo que est\u00e1 pasando en ese lugar es violencia\u201d, asegura James respecto a un centro de salud donde lo habr\u00edan atendido.<\/p>\n\n\n\n<p>Sin embargo, aclar\u00f3 que no se trata de violencia f\u00edsica, sino de \u201cun tipo de violencia que experimenta un ni\u00f1o en la escuela primaria. Eso lo har\u00eda ir a buscar un arma y disparar a los \u2018hijos de madre\u2019\u201d.<\/p>\n\n\n\n<p>Los investigadores, que cuentan con el apoyo del FBI, tambi\u00e9n encontraron una tarjeta de cr\u00e9dito que se le cay\u00f3 a James cuando escapaba de la escena y que&nbsp;fue usada en Filadelfia para alquilar la camioneta de carga U-Haul supuestamente utilizada por James.<\/p>\n\n\n\n<p>Al comienzo de la pesquisa, las autoridades informaron que buscaban a una persona de tez oscura, 5 pies y 5 pulgadas de contextura robusta.<\/p>\n\n\n\n<p>El sospechoso llevaba puesto un chaleco de construcci\u00f3n verde y sudadera gris con capucha, seg\u00fan la Polic\u00eda.<\/p>\n\n\n\n<p>En la escena fue ocupada una pistola 9 mil\u00edmetros, un hacha y \u201cfuegos artificiales\u201d.<\/p>\n\n\n\n<p>Este mi\u00e9rcoles la Polic\u00eda aclar\u00f3 que no se ha determinado que James fue la personas que dispar\u00f3.<\/p>\n\n\n\n<p>Si tiene informaci\u00f3n relacionada con el tiroteo, llame al 1-888-577-4782.<\/p>\n","protected":false},"excerpt":{"rendered":"<p>NUEVA YORK.- La Polic\u00eda identific\u00f3 al hombre responsable del tiroteo dentro de un vag\u00f3n del tren subterr\u00e1neo de Nueva York que sald\u00f3 con al menos 29 personas heridas. Se trata de Frank James, de 62 a\u00f1os, quien seg\u00fan los investigadores, alquil\u00f3 una camioneta U-Haul vinculada al ataque en la estaci\u00f3n Sunset Park, de Brooklyn. Los [&hellip;]<\/p>\n","protected":false},"author":1,"featured_media":8404,"comment_status":"open","ping_status":"open","sticky":false,"template":"","format":"standard","meta":{"nf_dc_page":"","jetpack_post_was_ever_published":false,"_jetpack_newsletter_access":"","_jetpack_dont_email_post_to_subs":false,"_jetpack_newsletter_tier_id":0,"_jetpack_memberships_contains_paywalled_content":false,"_jetpack_memberships_contains_paid_content":false,"footnotes":"","jetpack_publicize_message":"","jetpack_publicize_feature_enabled":true,"jetpack_social_post_already_shared":false,"jetpack_social_options":{"image_generator_settings":{"template":"highway","default_image_id":0,"font":"","enabled":false},"version":2}},"categories":[82],"tags":[],"class_list":["post-8401","post","type-post","status-publish","format-standard","has-post-thumbnail","hentry","category-new-york"],"yoast_head":"<!-- This site is optimized with the Yoast SEO plugin v27.4 - https:\/\/yoast.com\/product\/yoast-seo-wordpress\/ -->\n<title>NY: Identifican hombre bale\u00f3 a 16 personas en una estaci\u00f3n del tren - Minuto Cero RD<\/title>\n<meta name=\"robots\" content=\"index, follow, max-snippet:-1, max-image-preview:large, max-video-preview:-1\" \/>\n<link rel=\"canonical\" href=\"http:\/\/minutocerord.com\/?p=8401\" \/>\n<meta property=\"og:locale\" content=\"es_ES\" \/>\n<meta property=\"og:type\" content=\"article\" \/>\n<meta property=\"og:title\" content=\"NY: Identifican hombre bale\u00f3 a 16 personas en una estaci\u00f3n del tren - Minuto Cero RD\" \/>\n<meta property=\"og:description\" content=\"NUEVA YORK.- La Polic\u00eda identific\u00f3 al hombre responsable del tiroteo dentro de un vag\u00f3n del tren subterr\u00e1neo de Nueva York que sald\u00f3 con al menos 29 personas heridas. Se trata de Frank James, de 62 a\u00f1os, quien seg\u00fan los investigadores, alquil\u00f3 una camioneta U-Haul vinculada al ataque en la estaci\u00f3n Sunset Park, de Brooklyn. Los [&hellip;]\" \/>\n<meta property=\"og:url\" content=\"http:\/\/minutocerord.com\/?p=8401\" \/>\n<meta property=\"og:site_name\" content=\"Minuto Cero RD\" \/>\n<meta property=\"article:publisher\" content=\"https:\/\/www.facebook.com\/Genofnotes\" \/>\n<meta property=\"article:author\" content=\"https:\/\/www.facebook.com\/Genofnotes\" \/>\n<meta property=\"article:published_time\" content=\"2022-04-13T14:02:43+00:00\" \/>\n<meta property=\"article:modified_time\" content=\"2022-04-13T14:28:53+00:00\" \/>\n<meta property=\"og:image\" content=\"https:\/\/i0.wp.com\/minutocerord.com\/wp-content\/uploads\/2022\/04\/Untitled-35.jpg?fit=960%2C513\" \/>\n\t<meta property=\"og:image:width\" content=\"960\" \/>\n\t<meta property=\"og:image:height\" content=\"513\" \/>\n\t<meta property=\"og:image:type\" content=\"image\/jpeg\" \/>\n<meta name=\"author\" content=\"Genof\u00f3ntes Urb\u00e1ez\" \/>\n<meta name=\"twitter:card\" content=\"summary_large_image\" \/>\n<meta name=\"twitter:label1\" content=\"Written by\" \/>\n\t<meta name=\"twitter:data1\" content=\"Genof\u00f3ntes Urb\u00e1ez\" \/>\n\t<meta name=\"twitter:label2\" content=\"Est. reading time\" \/>\n\t<meta name=\"twitter:data2\" content=\"2 minutos\" \/>\n<script type=\"application\/ld+json\" class=\"yoast-schema-graph\">{\"@context\":\"https:\\\/\\\/schema.org\",\"@graph\":[{\"@type\":\"Article\",\"@id\":\"http:\\\/\\\/minutocerord.com\\\/?p=8401#article\",\"isPartOf\":{\"@id\":\"http:\\\/\\\/minutocerord.com\\\/?p=8401\"},\"author\":{\"name\":\"Genof\u00f3ntes Urb\u00e1ez\",\"@id\":\"https:\\\/\\\/minutocerord.com\\\/#\\\/schema\\\/person\\\/60b5372d60aaa0a5171fb6488be9aee6\"},\"headline\":\"NY: Identifican hombre bale\u00f3 a 16 personas en una estaci\u00f3n del tren\",\"datePublished\":\"2022-04-13T14:02:43+00:00\",\"dateModified\":\"2022-04-13T14:28:53+00:00\",\"mainEntityOfPage\":{\"@id\":\"http:\\\/\\\/minutocerord.com\\\/?p=8401\"},\"wordCount\":359,\"commentCount\":0,\"publisher\":{\"@id\":\"https:\\\/\\\/minutocerord.com\\\/#\\\/schema\\\/person\\\/60b5372d60aaa0a5171fb6488be9aee6\"},\"image\":{\"@id\":\"http:\\\/\\\/minutocerord.com\\\/?p=8401#primaryimage\"},\"thumbnailUrl\":\"https:\\\/\\\/i0.wp.com\\\/minutocerord.com\\\/wp-content\\\/uploads\\\/2022\\\/04\\\/Untitled-35.jpg?fit=960%2C513&ssl=1\",\"articleSection\":[\"New York\"],\"inLanguage\":\"es-DO\",\"potentialAction\":[{\"@type\":\"CommentAction\",\"name\":\"Comment\",\"target\":[\"http:\\\/\\\/minutocerord.com\\\/?p=8401#respond\"]}]},{\"@type\":\"WebPage\",\"@id\":\"http:\\\/\\\/minutocerord.com\\\/?p=8401\",\"url\":\"http:\\\/\\\/minutocerord.com\\\/?p=8401\",\"name\":\"NY: Identifican hombre bale\u00f3 a 16 personas en una estaci\u00f3n del tren - Minuto Cero RD\",\"isPartOf\":{\"@id\":\"https:\\\/\\\/minutocerord.com\\\/#website\"},\"primaryImageOfPage\":{\"@id\":\"http:\\\/\\\/minutocerord.com\\\/?p=8401#primaryimage\"},\"image\":{\"@id\":\"http:\\\/\\\/minutocerord.com\\\/?p=8401#primaryimage\"},\"thumbnailUrl\":\"https:\\\/\\\/i0.wp.com\\\/minutocerord.com\\\/wp-content\\\/uploads\\\/2022\\\/04\\\/Untitled-35.jpg?fit=960%2C513&ssl=1\",\"datePublished\":\"2022-04-13T14:02:43+00:00\",\"dateModified\":\"2022-04-13T14:28:53+00:00\",\"breadcrumb\":{\"@id\":\"http:\\\/\\\/minutocerord.com\\\/?p=8401#breadcrumb\"},\"inLanguage\":\"es-DO\",\"potentialAction\":[{\"@type\":\"ReadAction\",\"target\":[\"http:\\\/\\\/minutocerord.com\\\/?p=8401\"]}]},{\"@type\":\"ImageObject\",\"inLanguage\":\"es-DO\",\"@id\":\"http:\\\/\\\/minutocerord.com\\\/?p=8401#primaryimage\",\"url\":\"https:\\\/\\\/i0.wp.com\\\/minutocerord.com\\\/wp-content\\\/uploads\\\/2022\\\/04\\\/Untitled-35.jpg?fit=960%2C513&ssl=1\",\"contentUrl\":\"https:\\\/\\\/i0.wp.com\\\/minutocerord.com\\\/wp-content\\\/uploads\\\/2022\\\/04\\\/Untitled-35.jpg?fit=960%2C513&ssl=1\",\"width\":960,\"height\":513},{\"@type\":\"BreadcrumbList\",\"@id\":\"http:\\\/\\\/minutocerord.com\\\/?p=8401#breadcrumb\",\"itemListElement\":[{\"@type\":\"ListItem\",\"position\":1,\"name\":\"Home\",\"item\":\"https:\\\/\\\/minutocerord.com\\\/\"},{\"@type\":\"ListItem\",\"position\":2,\"name\":\"NY: Identifican hombre bale\u00f3 a 16 personas en una estaci\u00f3n del tren\"}]},{\"@type\":\"WebSite\",\"@id\":\"https:\\\/\\\/minutocerord.com\\\/#website\",\"url\":\"https:\\\/\\\/minutocerord.com\\\/\",\"name\":\"Minuto Cero RD\",\"description\":\"Periodismo serio y veraz\",\"publisher\":{\"@id\":\"https:\\\/\\\/minutocerord.com\\\/#\\\/schema\\\/person\\\/60b5372d60aaa0a5171fb6488be9aee6\"},\"potentialAction\":[{\"@type\":\"SearchAction\",\"target\":{\"@type\":\"EntryPoint\",\"urlTemplate\":\"https:\\\/\\\/minutocerord.com\\\/?s={search_term_string}\"},\"query-input\":{\"@type\":\"PropertyValueSpecification\",\"valueRequired\":true,\"valueName\":\"search_term_string\"}}],\"inLanguage\":\"es-DO\"},{\"@type\":[\"Person\",\"Organization\"],\"@id\":\"https:\\\/\\\/minutocerord.com\\\/#\\\/schema\\\/person\\\/60b5372d60aaa0a5171fb6488be9aee6\",\"name\":\"Genof\u00f3ntes Urb\u00e1ez\",\"image\":{\"@type\":\"ImageObject\",\"inLanguage\":\"es-DO\",\"@id\":\"https:\\\/\\\/secure.gravatar.com\\\/avatar\\\/a49ef3186a692098ac3e8a1612261e3ad70cf9e44553dff2929e67939a0ecb9d?s=96&d=identicon&r=g\",\"url\":\"https:\\\/\\\/secure.gravatar.com\\\/avatar\\\/a49ef3186a692098ac3e8a1612261e3ad70cf9e44553dff2929e67939a0ecb9d?s=96&d=identicon&r=g\",\"contentUrl\":\"https:\\\/\\\/secure.gravatar.com\\\/avatar\\\/a49ef3186a692098ac3e8a1612261e3ad70cf9e44553dff2929e67939a0ecb9d?s=96&d=identicon&r=g\",\"caption\":\"Genof\u00f3ntes Urb\u00e1ez\"},\"logo\":{\"@id\":\"https:\\\/\\\/secure.gravatar.com\\\/avatar\\\/a49ef3186a692098ac3e8a1612261e3ad70cf9e44553dff2929e67939a0ecb9d?s=96&d=identicon&r=g\"},\"description\":\"Periodista \\\/ Locutor\",\"sameAs\":[\"https:\\\/\\\/www.facebook.com\\\/Genofnotes\",\"https:\\\/\\\/www.instagram.com\\\/genofnotes\\\/\"]}]}<\/script>\n<!-- \/ Yoast SEO plugin. -->","yoast_head_json":{"title":"NY: Identifican hombre bale\u00f3 a 16 personas en una estaci\u00f3n del tren - Minuto Cero RD","robots":{"index":"index","follow":"follow","max-snippet":"max-snippet:-1","max-image-preview":"max-image-preview:large","max-video-preview":"max-video-preview:-1"},"canonical":"http:\/\/minutocerord.com\/?p=8401","og_locale":"es_ES","og_type":"article","og_title":"NY: Identifican hombre bale\u00f3 a 16 personas en una estaci\u00f3n del tren - Minuto Cero RD","og_description":"NUEVA YORK.- La Polic\u00eda identific\u00f3 al hombre responsable del tiroteo dentro de un vag\u00f3n del tren subterr\u00e1neo de Nueva York que sald\u00f3 con al menos 29 personas heridas. Se trata de Frank James, de 62 a\u00f1os, quien seg\u00fan los investigadores, alquil\u00f3 una camioneta U-Haul vinculada al ataque en la estaci\u00f3n Sunset Park, de Brooklyn. Los [&hellip;]","og_url":"http:\/\/minutocerord.com\/?p=8401","og_site_name":"Minuto Cero RD","article_publisher":"https:\/\/www.facebook.com\/Genofnotes","article_author":"https:\/\/www.facebook.com\/Genofnotes","article_published_time":"2022-04-13T14:02:43+00:00","article_modified_time":"2022-04-13T14:28:53+00:00","og_image":[{"width":960,"height":513,"url":"https:\/\/i0.wp.com\/minutocerord.com\/wp-content\/uploads\/2022\/04\/Untitled-35.jpg?fit=960%2C513","type":"image\/jpeg"}],"author":"Genof\u00f3ntes Urb\u00e1ez","twitter_card":"summary_large_image","twitter_misc":{"Written by":"Genof\u00f3ntes Urb\u00e1ez","Est. reading time":"2 minutos"},"schema":{"@context":"https:\/\/schema.org","@graph":[{"@type":"Article","@id":"http:\/\/minutocerord.com\/?p=8401#article","isPartOf":{"@id":"http:\/\/minutocerord.com\/?p=8401"},"author":{"name":"Genof\u00f3ntes Urb\u00e1ez","@id":"https:\/\/minutocerord.com\/#\/schema\/person\/60b5372d60aaa0a5171fb6488be9aee6"},"headline":"NY: Identifican hombre bale\u00f3 a 16 personas en una estaci\u00f3n del tren","datePublished":"2022-04-13T14:02:43+00:00","dateModified":"2022-04-13T14:28:53+00:00","mainEntityOfPage":{"@id":"http:\/\/minutocerord.com\/?p=8401"},"wordCount":359,"commentCount":0,"publisher":{"@id":"https:\/\/minutocerord.com\/#\/schema\/person\/60b5372d60aaa0a5171fb6488be9aee6"},"image":{"@id":"http:\/\/minutocerord.com\/?p=8401#primaryimage"},"thumbnailUrl":"https:\/\/i0.wp.com\/minutocerord.com\/wp-content\/uploads\/2022\/04\/Untitled-35.jpg?fit=960%2C513&ssl=1","articleSection":["New York"],"inLanguage":"es-DO","potentialAction":[{"@type":"CommentAction","name":"Comment","target":["http:\/\/minutocerord.com\/?p=8401#respond"]}]},{"@type":"WebPage","@id":"http:\/\/minutocerord.com\/?p=8401","url":"http:\/\/minutocerord.com\/?p=8401","name":"NY: Identifican hombre bale\u00f3 a 16 personas en una estaci\u00f3n del tren - Minuto Cero RD","isPartOf":{"@id":"https:\/\/minutocerord.com\/#website"},"primaryImageOfPage":{"@id":"http:\/\/minutocerord.com\/?p=8401#primaryimage"},"image":{"@id":"http:\/\/minutocerord.com\/?p=8401#primaryimage"},"thumbnailUrl":"https:\/\/i0.wp.com\/minutocerord.com\/wp-content\/uploads\/2022\/04\/Untitled-35.jpg?fit=960%2C513&ssl=1","datePublished":"2022-04-13T14:02:43+00:00","dateModified":"2022-04-13T14:28:53+00:00","breadcrumb":{"@id":"http:\/\/minutocerord.com\/?p=8401#breadcrumb"},"inLanguage":"es-DO","potentialAction":[{"@type":"ReadAction","target":["http:\/\/minutocerord.com\/?p=8401"]}]},{"@type":"ImageObject","inLanguage":"es-DO","@id":"http:\/\/minutocerord.com\/?p=8401#primaryimage","url":"https:\/\/i0.wp.com\/minutocerord.com\/wp-content\/uploads\/2022\/04\/Untitled-35.jpg?fit=960%2C513&ssl=1","contentUrl":"https:\/\/i0.wp.com\/minutocerord.com\/wp-content\/uploads\/2022\/04\/Untitled-35.jpg?fit=960%2C513&ssl=1","width":960,"height":513},{"@type":"BreadcrumbList","@id":"http:\/\/minutocerord.com\/?p=8401#breadcrumb","itemListElement":[{"@type":"ListItem","position":1,"name":"Home","item":"https:\/\/minutocerord.com\/"},{"@type":"ListItem","position":2,"name":"NY: Identifican hombre bale\u00f3 a 16 personas en una estaci\u00f3n del tren"}]},{"@type":"WebSite","@id":"https:\/\/minutocerord.com\/#website","url":"https:\/\/minutocerord.com\/","name":"Minuto Cero RD","description":"Periodismo serio y veraz","publisher":{"@id":"https:\/\/minutocerord.com\/#\/schema\/person\/60b5372d60aaa0a5171fb6488be9aee6"},"potentialAction":[{"@type":"SearchAction","target":{"@type":"EntryPoint","urlTemplate":"https:\/\/minutocerord.com\/?s={search_term_string}"},"query-input":{"@type":"PropertyValueSpecification","valueRequired":true,"valueName":"search_term_string"}}],"inLanguage":"es-DO"},{"@type":["Person","Organization"],"@id":"https:\/\/minutocerord.com\/#\/schema\/person\/60b5372d60aaa0a5171fb6488be9aee6","name":"Genof\u00f3ntes Urb\u00e1ez","image":{"@type":"ImageObject","inLanguage":"es-DO","@id":"https:\/\/secure.gravatar.com\/avatar\/a49ef3186a692098ac3e8a1612261e3ad70cf9e44553dff2929e67939a0ecb9d?s=96&d=identicon&r=g","url":"https:\/\/secure.gravatar.com\/avatar\/a49ef3186a692098ac3e8a1612261e3ad70cf9e44553dff2929e67939a0ecb9d?s=96&d=identicon&r=g","contentUrl":"https:\/\/secure.gravatar.com\/avatar\/a49ef3186a692098ac3e8a1612261e3ad70cf9e44553dff2929e67939a0ecb9d?s=96&d=identicon&r=g","caption":"Genof\u00f3ntes Urb\u00e1ez"},"logo":{"@id":"https:\/\/secure.gravatar.com\/avatar\/a49ef3186a692098ac3e8a1612261e3ad70cf9e44553dff2929e67939a0ecb9d?s=96&d=identicon&r=g"},"description":"Periodista \/ Locutor","sameAs":["https:\/\/www.facebook.com\/Genofnotes","https:\/\/www.instagram.com\/genofnotes\/"]}]}},"jetpack_publicize_connections":[],"jetpack_featured_media_url":"https:\/\/i0.wp.com\/minutocerord.com\/wp-content\/uploads\/2022\/04\/Untitled-35.jpg?fit=960%2C513&ssl=1","jetpack-related-posts":[],"jetpack_sharing_enabled":true,"_links":{"self":[{"href":"https:\/\/minutocerord.com\/index.php?rest_route=\/wp\/v2\/posts\/8401","targetHints":{"allow":["GET"]}}],"collection":[{"href":"https:\/\/minutocerord.com\/index.php?rest_route=\/wp\/v2\/posts"}],"about":[{"href":"https:\/\/minutocerord.com\/index.php?rest_route=\/wp\/v2\/types\/post"}],"author":[{"embeddable":true,"href":"https:\/\/minutocerord.com\/index.php?rest_route=\/wp\/v2\/users\/1"}],"replies":[{"embeddable":true,"href":"https:\/\/minutocerord.com\/index.php?rest_route=%2Fwp%2Fv2%2Fcomments&post=8401"}],"version-history":[{"count":2,"href":"https:\/\/minutocerord.com\/index.php?rest_route=\/wp\/v2\/posts\/8401\/revisions"}],"predecessor-version":[{"id":8411,"href":"https:\/\/minutocerord.com\/index.php?rest_route=\/wp\/v2\/posts\/8401\/revisions\/8411"}],"wp:featuredmedia":[{"embeddable":true,"href":"https:\/\/minutocerord.com\/index.php?rest_route=\/wp\/v2\/media\/8404"}],"wp:attachment":[{"href":"https:\/\/minutocerord.com\/index.php?rest_route=%2Fwp%2Fv2%2Fmedia&parent=8401"}],"wp:term":[{"taxonomy":"category","embeddable":true,"href":"https:\/\/minutocerord.com\/index.php?rest_route=%2Fwp%2Fv2%2Fcategories&post=8401"},{"taxonomy":"post_tag","embeddable":true,"href":"https:\/\/minutocerord.com\/index.php?rest_route=%2Fwp%2Fv2%2Ftags&post=8401"}],"curies":[{"name":"wp","href":"https:\/\/api.w.org\/{rel}","templated":true}]}}