{"id":8408,"date":"2022-04-13T10:17:54","date_gmt":"2022-04-13T14:17:54","guid":{"rendered":"https:\/\/minutocerord.com\/?p=8408"},"modified":"2022-04-13T10:17:56","modified_gmt":"2022-04-13T14:17:56","slug":"digesett-borro-material-grafico-de-equipos-retenidos-a-periodistas","status":"publish","type":"post","link":"https:\/\/minutocerord.com\/?p=8408","title":{"rendered":"Digesett borr\u00f3 material gr\u00e1fico de equipos retenidos a periodistas"},"content":{"rendered":"\n<p><strong>Santo Domingo. \u2013<\/strong> La Direcci\u00f3n General de Seguridad y Transporte Terrestre (Digesett) borr\u00f3 total o parcialmente el contenido gr\u00e1fico de c\u00e1maras y celulares que retuvieron a miembros de la prensa durante el incidente ocurrido el lunes en el dep\u00f3sito de veh\u00edculos del can\u00f3dromo en una visita del Defensor del Pueblo.<\/p>\n\n\n\n<p>El fot\u00f3grafo Raul Asencio, de List\u00edn Diario, presente durante la agresi\u00f3n al equipo del Defensor del Pueblo, Pablo Ulloa, y a periodistas que los acompa\u00f1aban, se\u00f1al\u00f3 a Efe que al recuperar su c\u00e1mara comprob\u00f3 que faltaban parte de las fotograf\u00edas que tom\u00f3 en la trifulca.<\/p>\n\n\n\n<p>La redactora Lourdes Aponte encontr\u00f3 su celular \u00abformateado\u00bb, como \u00absalido de f\u00e1brica\u00bb, dispositivo con el que la periodista grab\u00f3 v\u00eddeos del incidente, en los que qued\u00f3 recogida la actuaci\u00f3n de los agentes en contra del grupo que intent\u00f3 acceder a las instalaciones del Centro de Retenci\u00f3n Vehicular, conocido como el can\u00f3dromo.<\/p>\n\n\n\n<p>El responsable de comunicaci\u00f3n de la Digesett, Roberto Valenzuela, acompa\u00f1ado por el teniente coronel Iv\u00e1n Matos, entreg\u00f3 la c\u00e1mara y el celular en la sede del peri\u00f3dico, donde fot\u00f3grafo y redactora pudieron comprobar que hab\u00edan sido manipulados.<\/p>\n\n\n\n<p><strong>VE INTENTO DE OCULTAR LO OCURRIDO<\/strong><\/p>\n\n\n\n<p>Para el fotoperiodista, el hecho de que hayan formateado el celular con el que se grabaron los videos de la trifulca, aprovechando que el dispositivo no ten\u00eda contrase\u00f1a, induce a pensar que \u00abquieren ocultar\u00bb lo ocurrido.<\/p>\n\n\n\n<p>M\u00e1s a\u00fan cuando est\u00e1n circulando im\u00e1genes de algunos agentes de la Digesett lesionados \u00abpor la agresi\u00f3n que supuestamente nosotros le hicimos a ellos, y en los v\u00eddeos que grab\u00f3 mi compa\u00f1era se ver\u00eda todo lo contrario\u00bb, explic\u00f3 el fotoperiodista.<\/p>\n\n\n\n<p>Entre las fotos que se han conservado \u00abhe podido identificar quien fue quien me agredi\u00f3\u00bb y quien \u00abme amenaz\u00f3 diciendo que me iba a partir la boca si segu\u00eda haciendo fotos\u00bb, explic\u00f3 Asencio, que va a seguir un proceso ante la Fiscal\u00eda, interpuesto por el defensor del Pueblo.<\/p>\n\n\n\n<p>Durante el conflicto, pudo ver c\u00f3mo agredieron al fot\u00f3grafo del Defensor del Pueblo, que sufri\u00f3 da\u00f1os personales, mientras que al camar\u00f3grafo de CDN le arrebataron la c\u00e1mara, la tiraron al suelo y la pisaron, apunt\u00f3.<\/p>\n\n\n\n<p>Como consecuencia del incidente, la destituy\u00f3 este lunes a la coronel Ysabelita de los Santos como responsable del Centro de Retenci\u00f3n Vehicular y en su lugar se nombr\u00f3 al teniente coronel de la Polic\u00eda Nacional Hip\u00f3lito Rijo.EFE<\/p>\n","protected":false},"excerpt":{"rendered":"<p>Santo Domingo. \u2013 La Direcci\u00f3n General de Seguridad y Transporte Terrestre (Digesett) borr\u00f3 total o parcialmente el contenido gr\u00e1fico de c\u00e1maras y celulares que retuvieron a miembros de la prensa durante el incidente ocurrido el lunes en el dep\u00f3sito de veh\u00edculos del can\u00f3dromo en una visita del Defensor del Pueblo. El fot\u00f3grafo Raul Asencio, de [&hellip;]<\/p>\n","protected":false},"author":1,"featured_media":8409,"comment_status":"open","ping_status":"open","sticky":false,"template":"","format":"standard","meta":{"nf_dc_page":"","jetpack_post_was_ever_published":false,"_jetpack_newsletter_access":"","_jetpack_dont_email_post_to_subs":false,"_jetpack_newsletter_tier_id":0,"_jetpack_memberships_contains_paywalled_content":false,"_jetpack_memberships_contains_paid_content":false,"footnotes":"","jetpack_publicize_message":"","jetpack_publicize_feature_enabled":true,"jetpack_social_post_already_shared":false,"jetpack_social_options":{"image_generator_settings":{"template":"highway","default_image_id":0,"font":"","enabled":false},"version":2}},"categories":[65],"tags":[],"class_list":["post-8408","post","type-post","status-publish","format-standard","has-post-thumbnail","hentry","category-nacionales"],"yoast_head":"<!-- This site is optimized with the Yoast SEO plugin v27.4 - https:\/\/yoast.com\/product\/yoast-seo-wordpress\/ -->\n<title>Digesett borr\u00f3 material gr\u00e1fico de equipos retenidos a periodistas - Minuto Cero RD<\/title>\n<meta name=\"robots\" content=\"index, follow, max-snippet:-1, max-image-preview:large, max-video-preview:-1\" \/>\n<link rel=\"canonical\" href=\"http:\/\/minutocerord.com\/?p=8408\" \/>\n<meta property=\"og:locale\" content=\"es_ES\" \/>\n<meta property=\"og:type\" content=\"article\" \/>\n<meta property=\"og:title\" content=\"Digesett borr\u00f3 material gr\u00e1fico de equipos retenidos a periodistas - Minuto Cero RD\" \/>\n<meta property=\"og:description\" content=\"Santo Domingo. \u2013 La Direcci\u00f3n General de Seguridad y Transporte Terrestre (Digesett) borr\u00f3 total o parcialmente el contenido gr\u00e1fico de c\u00e1maras y celulares que retuvieron a miembros de la prensa durante el incidente ocurrido el lunes en el dep\u00f3sito de veh\u00edculos del can\u00f3dromo en una visita del Defensor del Pueblo. El fot\u00f3grafo Raul Asencio, de [&hellip;]\" \/>\n<meta property=\"og:url\" content=\"http:\/\/minutocerord.com\/?p=8408\" \/>\n<meta property=\"og:site_name\" content=\"Minuto Cero RD\" \/>\n<meta property=\"article:publisher\" content=\"https:\/\/www.facebook.com\/Genofnotes\" \/>\n<meta property=\"article:author\" content=\"https:\/\/www.facebook.com\/Genofnotes\" \/>\n<meta property=\"article:published_time\" content=\"2022-04-13T14:17:54+00:00\" \/>\n<meta property=\"article:modified_time\" content=\"2022-04-13T14:17:56+00:00\" \/>\n<meta property=\"og:image\" content=\"https:\/\/i0.wp.com\/minutocerord.com\/wp-content\/uploads\/2022\/04\/Incidenrte.jpg?fit=720%2C489\" \/>\n\t<meta property=\"og:image:width\" content=\"720\" \/>\n\t<meta property=\"og:image:height\" content=\"489\" \/>\n\t<meta property=\"og:image:type\" content=\"image\/jpeg\" \/>\n<meta name=\"author\" content=\"Genof\u00f3ntes Urb\u00e1ez\" \/>\n<meta name=\"twitter:card\" content=\"summary_large_image\" \/>\n<meta name=\"twitter:label1\" content=\"Written by\" \/>\n\t<meta name=\"twitter:data1\" content=\"Genof\u00f3ntes Urb\u00e1ez\" \/>\n\t<meta name=\"twitter:label2\" content=\"Est. reading time\" \/>\n\t<meta name=\"twitter:data2\" content=\"2 minutos\" \/>\n<script type=\"application\/ld+json\" class=\"yoast-schema-graph\">{\"@context\":\"https:\\\/\\\/schema.org\",\"@graph\":[{\"@type\":\"Article\",\"@id\":\"http:\\\/\\\/minutocerord.com\\\/?p=8408#article\",\"isPartOf\":{\"@id\":\"http:\\\/\\\/minutocerord.com\\\/?p=8408\"},\"author\":{\"name\":\"Genof\u00f3ntes Urb\u00e1ez\",\"@id\":\"https:\\\/\\\/minutocerord.com\\\/#\\\/schema\\\/person\\\/60b5372d60aaa0a5171fb6488be9aee6\"},\"headline\":\"Digesett borr\u00f3 material gr\u00e1fico de equipos retenidos a periodistas\",\"datePublished\":\"2022-04-13T14:17:54+00:00\",\"dateModified\":\"2022-04-13T14:17:56+00:00\",\"mainEntityOfPage\":{\"@id\":\"http:\\\/\\\/minutocerord.com\\\/?p=8408\"},\"wordCount\":439,\"commentCount\":0,\"publisher\":{\"@id\":\"https:\\\/\\\/minutocerord.com\\\/#\\\/schema\\\/person\\\/60b5372d60aaa0a5171fb6488be9aee6\"},\"image\":{\"@id\":\"http:\\\/\\\/minutocerord.com\\\/?p=8408#primaryimage\"},\"thumbnailUrl\":\"https:\\\/\\\/i0.wp.com\\\/minutocerord.com\\\/wp-content\\\/uploads\\\/2022\\\/04\\\/Incidenrte.jpg?fit=720%2C489&ssl=1\",\"articleSection\":[\"Nacionales\"],\"inLanguage\":\"es-DO\",\"potentialAction\":[{\"@type\":\"CommentAction\",\"name\":\"Comment\",\"target\":[\"http:\\\/\\\/minutocerord.com\\\/?p=8408#respond\"]}]},{\"@type\":\"WebPage\",\"@id\":\"http:\\\/\\\/minutocerord.com\\\/?p=8408\",\"url\":\"http:\\\/\\\/minutocerord.com\\\/?p=8408\",\"name\":\"Digesett borr\u00f3 material gr\u00e1fico de equipos retenidos a periodistas - Minuto Cero RD\",\"isPartOf\":{\"@id\":\"https:\\\/\\\/minutocerord.com\\\/#website\"},\"primaryImageOfPage\":{\"@id\":\"http:\\\/\\\/minutocerord.com\\\/?p=8408#primaryimage\"},\"image\":{\"@id\":\"http:\\\/\\\/minutocerord.com\\\/?p=8408#primaryimage\"},\"thumbnailUrl\":\"https:\\\/\\\/i0.wp.com\\\/minutocerord.com\\\/wp-content\\\/uploads\\\/2022\\\/04\\\/Incidenrte.jpg?fit=720%2C489&ssl=1\",\"datePublished\":\"2022-04-13T14:17:54+00:00\",\"dateModified\":\"2022-04-13T14:17:56+00:00\",\"breadcrumb\":{\"@id\":\"http:\\\/\\\/minutocerord.com\\\/?p=8408#breadcrumb\"},\"inLanguage\":\"es-DO\",\"potentialAction\":[{\"@type\":\"ReadAction\",\"target\":[\"http:\\\/\\\/minutocerord.com\\\/?p=8408\"]}]},{\"@type\":\"ImageObject\",\"inLanguage\":\"es-DO\",\"@id\":\"http:\\\/\\\/minutocerord.com\\\/?p=8408#primaryimage\",\"url\":\"https:\\\/\\\/i0.wp.com\\\/minutocerord.com\\\/wp-content\\\/uploads\\\/2022\\\/04\\\/Incidenrte.jpg?fit=720%2C489&ssl=1\",\"contentUrl\":\"https:\\\/\\\/i0.wp.com\\\/minutocerord.com\\\/wp-content\\\/uploads\\\/2022\\\/04\\\/Incidenrte.jpg?fit=720%2C489&ssl=1\",\"width\":720,\"height\":489},{\"@type\":\"BreadcrumbList\",\"@id\":\"http:\\\/\\\/minutocerord.com\\\/?p=8408#breadcrumb\",\"itemListElement\":[{\"@type\":\"ListItem\",\"position\":1,\"name\":\"Home\",\"item\":\"https:\\\/\\\/minutocerord.com\\\/\"},{\"@type\":\"ListItem\",\"position\":2,\"name\":\"Digesett borr\u00f3 material gr\u00e1fico de equipos retenidos a periodistas\"}]},{\"@type\":\"WebSite\",\"@id\":\"https:\\\/\\\/minutocerord.com\\\/#website\",\"url\":\"https:\\\/\\\/minutocerord.com\\\/\",\"name\":\"Minuto Cero RD\",\"description\":\"Periodismo serio y veraz\",\"publisher\":{\"@id\":\"https:\\\/\\\/minutocerord.com\\\/#\\\/schema\\\/person\\\/60b5372d60aaa0a5171fb6488be9aee6\"},\"potentialAction\":[{\"@type\":\"SearchAction\",\"target\":{\"@type\":\"EntryPoint\",\"urlTemplate\":\"https:\\\/\\\/minutocerord.com\\\/?s={search_term_string}\"},\"query-input\":{\"@type\":\"PropertyValueSpecification\",\"valueRequired\":true,\"valueName\":\"search_term_string\"}}],\"inLanguage\":\"es-DO\"},{\"@type\":[\"Person\",\"Organization\"],\"@id\":\"https:\\\/\\\/minutocerord.com\\\/#\\\/schema\\\/person\\\/60b5372d60aaa0a5171fb6488be9aee6\",\"name\":\"Genof\u00f3ntes Urb\u00e1ez\",\"image\":{\"@type\":\"ImageObject\",\"inLanguage\":\"es-DO\",\"@id\":\"https:\\\/\\\/secure.gravatar.com\\\/avatar\\\/a49ef3186a692098ac3e8a1612261e3ad70cf9e44553dff2929e67939a0ecb9d?s=96&d=identicon&r=g\",\"url\":\"https:\\\/\\\/secure.gravatar.com\\\/avatar\\\/a49ef3186a692098ac3e8a1612261e3ad70cf9e44553dff2929e67939a0ecb9d?s=96&d=identicon&r=g\",\"contentUrl\":\"https:\\\/\\\/secure.gravatar.com\\\/avatar\\\/a49ef3186a692098ac3e8a1612261e3ad70cf9e44553dff2929e67939a0ecb9d?s=96&d=identicon&r=g\",\"caption\":\"Genof\u00f3ntes Urb\u00e1ez\"},\"logo\":{\"@id\":\"https:\\\/\\\/secure.gravatar.com\\\/avatar\\\/a49ef3186a692098ac3e8a1612261e3ad70cf9e44553dff2929e67939a0ecb9d?s=96&d=identicon&r=g\"},\"description\":\"Periodista \\\/ Locutor\",\"sameAs\":[\"https:\\\/\\\/www.facebook.com\\\/Genofnotes\",\"https:\\\/\\\/www.instagram.com\\\/genofnotes\\\/\"]}]}<\/script>\n<!-- \/ Yoast SEO plugin. -->","yoast_head_json":{"title":"Digesett borr\u00f3 material gr\u00e1fico de equipos retenidos a periodistas - Minuto Cero RD","robots":{"index":"index","follow":"follow","max-snippet":"max-snippet:-1","max-image-preview":"max-image-preview:large","max-video-preview":"max-video-preview:-1"},"canonical":"http:\/\/minutocerord.com\/?p=8408","og_locale":"es_ES","og_type":"article","og_title":"Digesett borr\u00f3 material gr\u00e1fico de equipos retenidos a periodistas - Minuto Cero RD","og_description":"Santo Domingo. \u2013 La Direcci\u00f3n General de Seguridad y Transporte Terrestre (Digesett) borr\u00f3 total o parcialmente el contenido gr\u00e1fico de c\u00e1maras y celulares que retuvieron a miembros de la prensa durante el incidente ocurrido el lunes en el dep\u00f3sito de veh\u00edculos del can\u00f3dromo en una visita del Defensor del Pueblo. El fot\u00f3grafo Raul Asencio, de [&hellip;]","og_url":"http:\/\/minutocerord.com\/?p=8408","og_site_name":"Minuto Cero RD","article_publisher":"https:\/\/www.facebook.com\/Genofnotes","article_author":"https:\/\/www.facebook.com\/Genofnotes","article_published_time":"2022-04-13T14:17:54+00:00","article_modified_time":"2022-04-13T14:17:56+00:00","og_image":[{"width":720,"height":489,"url":"https:\/\/i0.wp.com\/minutocerord.com\/wp-content\/uploads\/2022\/04\/Incidenrte.jpg?fit=720%2C489","type":"image\/jpeg"}],"author":"Genof\u00f3ntes Urb\u00e1ez","twitter_card":"summary_large_image","twitter_misc":{"Written by":"Genof\u00f3ntes Urb\u00e1ez","Est. reading time":"2 minutos"},"schema":{"@context":"https:\/\/schema.org","@graph":[{"@type":"Article","@id":"http:\/\/minutocerord.com\/?p=8408#article","isPartOf":{"@id":"http:\/\/minutocerord.com\/?p=8408"},"author":{"name":"Genof\u00f3ntes Urb\u00e1ez","@id":"https:\/\/minutocerord.com\/#\/schema\/person\/60b5372d60aaa0a5171fb6488be9aee6"},"headline":"Digesett borr\u00f3 material gr\u00e1fico de equipos retenidos a periodistas","datePublished":"2022-04-13T14:17:54+00:00","dateModified":"2022-04-13T14:17:56+00:00","mainEntityOfPage":{"@id":"http:\/\/minutocerord.com\/?p=8408"},"wordCount":439,"commentCount":0,"publisher":{"@id":"https:\/\/minutocerord.com\/#\/schema\/person\/60b5372d60aaa0a5171fb6488be9aee6"},"image":{"@id":"http:\/\/minutocerord.com\/?p=8408#primaryimage"},"thumbnailUrl":"https:\/\/i0.wp.com\/minutocerord.com\/wp-content\/uploads\/2022\/04\/Incidenrte.jpg?fit=720%2C489&ssl=1","articleSection":["Nacionales"],"inLanguage":"es-DO","potentialAction":[{"@type":"CommentAction","name":"Comment","target":["http:\/\/minutocerord.com\/?p=8408#respond"]}]},{"@type":"WebPage","@id":"http:\/\/minutocerord.com\/?p=8408","url":"http:\/\/minutocerord.com\/?p=8408","name":"Digesett borr\u00f3 material gr\u00e1fico de equipos retenidos a periodistas - Minuto Cero RD","isPartOf":{"@id":"https:\/\/minutocerord.com\/#website"},"primaryImageOfPage":{"@id":"http:\/\/minutocerord.com\/?p=8408#primaryimage"},"image":{"@id":"http:\/\/minutocerord.com\/?p=8408#primaryimage"},"thumbnailUrl":"https:\/\/i0.wp.com\/minutocerord.com\/wp-content\/uploads\/2022\/04\/Incidenrte.jpg?fit=720%2C489&ssl=1","datePublished":"2022-04-13T14:17:54+00:00","dateModified":"2022-04-13T14:17:56+00:00","breadcrumb":{"@id":"http:\/\/minutocerord.com\/?p=8408#breadcrumb"},"inLanguage":"es-DO","potentialAction":[{"@type":"ReadAction","target":["http:\/\/minutocerord.com\/?p=8408"]}]},{"@type":"ImageObject","inLanguage":"es-DO","@id":"http:\/\/minutocerord.com\/?p=8408#primaryimage","url":"https:\/\/i0.wp.com\/minutocerord.com\/wp-content\/uploads\/2022\/04\/Incidenrte.jpg?fit=720%2C489&ssl=1","contentUrl":"https:\/\/i0.wp.com\/minutocerord.com\/wp-content\/uploads\/2022\/04\/Incidenrte.jpg?fit=720%2C489&ssl=1","width":720,"height":489},{"@type":"BreadcrumbList","@id":"http:\/\/minutocerord.com\/?p=8408#breadcrumb","itemListElement":[{"@type":"ListItem","position":1,"name":"Home","item":"https:\/\/minutocerord.com\/"},{"@type":"ListItem","position":2,"name":"Digesett borr\u00f3 material gr\u00e1fico de equipos retenidos a periodistas"}]},{"@type":"WebSite","@id":"https:\/\/minutocerord.com\/#website","url":"https:\/\/minutocerord.com\/","name":"Minuto Cero RD","description":"Periodismo serio y veraz","publisher":{"@id":"https:\/\/minutocerord.com\/#\/schema\/person\/60b5372d60aaa0a5171fb6488be9aee6"},"potentialAction":[{"@type":"SearchAction","target":{"@type":"EntryPoint","urlTemplate":"https:\/\/minutocerord.com\/?s={search_term_string}"},"query-input":{"@type":"PropertyValueSpecification","valueRequired":true,"valueName":"search_term_string"}}],"inLanguage":"es-DO"},{"@type":["Person","Organization"],"@id":"https:\/\/minutocerord.com\/#\/schema\/person\/60b5372d60aaa0a5171fb6488be9aee6","name":"Genof\u00f3ntes Urb\u00e1ez","image":{"@type":"ImageObject","inLanguage":"es-DO","@id":"https:\/\/secure.gravatar.com\/avatar\/a49ef3186a692098ac3e8a1612261e3ad70cf9e44553dff2929e67939a0ecb9d?s=96&d=identicon&r=g","url":"https:\/\/secure.gravatar.com\/avatar\/a49ef3186a692098ac3e8a1612261e3ad70cf9e44553dff2929e67939a0ecb9d?s=96&d=identicon&r=g","contentUrl":"https:\/\/secure.gravatar.com\/avatar\/a49ef3186a692098ac3e8a1612261e3ad70cf9e44553dff2929e67939a0ecb9d?s=96&d=identicon&r=g","caption":"Genof\u00f3ntes Urb\u00e1ez"},"logo":{"@id":"https:\/\/secure.gravatar.com\/avatar\/a49ef3186a692098ac3e8a1612261e3ad70cf9e44553dff2929e67939a0ecb9d?s=96&d=identicon&r=g"},"description":"Periodista \/ Locutor","sameAs":["https:\/\/www.facebook.com\/Genofnotes","https:\/\/www.instagram.com\/genofnotes\/"]}]}},"jetpack_publicize_connections":[],"jetpack_featured_media_url":"https:\/\/i0.wp.com\/minutocerord.com\/wp-content\/uploads\/2022\/04\/Incidenrte.jpg?fit=720%2C489&ssl=1","jetpack-related-posts":[],"jetpack_sharing_enabled":true,"_links":{"self":[{"href":"https:\/\/minutocerord.com\/index.php?rest_route=\/wp\/v2\/posts\/8408","targetHints":{"allow":["GET"]}}],"collection":[{"href":"https:\/\/minutocerord.com\/index.php?rest_route=\/wp\/v2\/posts"}],"about":[{"href":"https:\/\/minutocerord.com\/index.php?rest_route=\/wp\/v2\/types\/post"}],"author":[{"embeddable":true,"href":"https:\/\/minutocerord.com\/index.php?rest_route=\/wp\/v2\/users\/1"}],"replies":[{"embeddable":true,"href":"https:\/\/minutocerord.com\/index.php?rest_route=%2Fwp%2Fv2%2Fcomments&post=8408"}],"version-history":[{"count":1,"href":"https:\/\/minutocerord.com\/index.php?rest_route=\/wp\/v2\/posts\/8408\/revisions"}],"predecessor-version":[{"id":8410,"href":"https:\/\/minutocerord.com\/index.php?rest_route=\/wp\/v2\/posts\/8408\/revisions\/8410"}],"wp:featuredmedia":[{"embeddable":true,"href":"https:\/\/minutocerord.com\/index.php?rest_route=\/wp\/v2\/media\/8409"}],"wp:attachment":[{"href":"https:\/\/minutocerord.com\/index.php?rest_route=%2Fwp%2Fv2%2Fmedia&parent=8408"}],"wp:term":[{"taxonomy":"category","embeddable":true,"href":"https:\/\/minutocerord.com\/index.php?rest_route=%2Fwp%2Fv2%2Fcategories&post=8408"},{"taxonomy":"post_tag","embeddable":true,"href":"https:\/\/minutocerord.com\/index.php?rest_route=%2Fwp%2Fv2%2Ftags&post=8408"}],"curies":[{"name":"wp","href":"https:\/\/api.w.org\/{rel}","templated":true}]}}