{"id":8418,"date":"2022-04-13T12:40:31","date_gmt":"2022-04-13T16:40:31","guid":{"rendered":"https:\/\/minutocerord.com\/?p=8418"},"modified":"2022-04-13T12:40:34","modified_gmt":"2022-04-13T16:40:34","slug":"defensor-del-pueblo-asegura-digesett-no-tiene-criterios-para-retener-vehiculos-y-el-canodromo-es-antro-de-corrupcion","status":"publish","type":"post","link":"https:\/\/minutocerord.com\/?p=8418","title":{"rendered":"Defensor del Pueblo asegura Digesett no tiene criterios para retener veh\u00edculos y el Can\u00f3dromo es antro de corrupci\u00f3n"},"content":{"rendered":"\n<p><strong>SANTO DOMINGO.- <\/strong>El defensor del Pueblo, Pablo Ulloa, afirm\u00f3 que los motores son detenidos por los agentes de tr\u00e1nsito sin ning\u00fan tipo de criterios, \u201ctampoco garant\u00eda de que al momento de devolver los veh\u00edculos sean en las mismas condiciones en que fue detenido que es parte de los problemas que existen\u201d.<\/p>\n\n\n\n<div class=\"wp-block-image\"><figure class=\"alignright\"><a href=\"https:\/\/i0.wp.com\/blogger.googleusercontent.com\/img\/b\/R29vZ2xl\/AVvXsEhjJtzbKQYsc_gQhumPx99D5iE-mGATy7RetsdP93GaDG9pxPYrEIP0X0zwIKLARMTklMt3waD2PXkZhMiDyL8khIsWZwsqwLFsNFnqxz1G2pEj-v6av9RxsLFf-e-HpxNN6HohVoNufBGcQDs2GQxztljnMI5fezwnMZJvR0wiPEMwIO_JQCaYhgA1Qw\/s640\/2fa5c7ac-canodromo-santo-domingo-er-15-640x384.jpg?ssl=1\"><img data-recalc-dims=\"1\" height=\"384\" width=\"640\" decoding=\"async\" loading=\"lazy\" src=\"https:\/\/i0.wp.com\/blogger.googleusercontent.com\/img\/b\/R29vZ2xl\/AVvXsEhjJtzbKQYsc_gQhumPx99D5iE-mGATy7RetsdP93GaDG9pxPYrEIP0X0zwIKLARMTklMt3waD2PXkZhMiDyL8khIsWZwsqwLFsNFnqxz1G2pEj-v6av9RxsLFf-e-HpxNN6HohVoNufBGcQDs2GQxztljnMI5fezwnMZJvR0wiPEMwIO_JQCaYhgA1Qw\/s320\/2fa5c7ac-canodromo-santo-domingo-er-15-640x384.jpg?resize=640%2C384&#038;ssl=1\" alt=\"\"\/><\/a><\/figure><\/div>\n\n\n\n<p>Denunci\u00f3 que el denominado Can\u00f3drono \u00abEl Coco\u00bb es un antro donde funciona una estructura de corrupci\u00f3n, en la que se vulneran los derechos de los ciudadanos.<\/p>\n\n\n\n<p>Ulloa manifest\u00f3 que, pese a que fue destituida ayer la coronela Isabelita de los Santos P\u00e9rez, en el can\u00f3dromo supuestamente hay un contubernio que va m\u00e1s all\u00e1 de una oficial.<\/p>\n\n\n\n<p>\u201cAh\u00ed hay un contubernio que va m\u00e1s all\u00e1 de una coronela, est\u00e1n asociados a los fines de extorsionar y chantajear y fueron los mismos que nos agredieron, eso es una asociaci\u00f3n de malhechores ah\u00ed\u201d, denunci\u00f3 Ulloa.<\/p>\n\n\n\n<p>\u00abLo primero que la Digesett debe hacer es un inventario. Ellos no tienen conocimiento alguno de lo que existe ah\u00ed. Ah\u00ed hay monta\u00f1as de motores que ning\u00fan tipo de criterios tienen. Por lo tanto si t\u00fa no sabes lo que tiene como bien no puedes aplicar un proceso administrativo\u00bb, dijo Ulloa.<\/p>\n","protected":false},"excerpt":{"rendered":"<p>SANTO DOMINGO.- El defensor del Pueblo, Pablo Ulloa, afirm\u00f3 que los motores son detenidos por los agentes de tr\u00e1nsito sin ning\u00fan tipo de criterios, \u201ctampoco garant\u00eda de que al momento de devolver los veh\u00edculos sean en las mismas condiciones en que fue detenido que es parte de los problemas que existen\u201d. Denunci\u00f3 que el denominado [&hellip;]<\/p>\n","protected":false},"author":1,"featured_media":8419,"comment_status":"open","ping_status":"open","sticky":false,"template":"","format":"standard","meta":{"nf_dc_page":"","jetpack_post_was_ever_published":false,"_jetpack_newsletter_access":"","_jetpack_dont_email_post_to_subs":false,"_jetpack_newsletter_tier_id":0,"_jetpack_memberships_contains_paywalled_content":false,"_jetpack_memberships_contains_paid_content":false,"footnotes":"","jetpack_publicize_message":"","jetpack_publicize_feature_enabled":true,"jetpack_social_post_already_shared":false,"jetpack_social_options":{"image_generator_settings":{"template":"highway","default_image_id":0,"font":"","enabled":false},"version":2}},"categories":[65],"tags":[],"class_list":["post-8418","post","type-post","status-publish","format-standard","has-post-thumbnail","hentry","category-nacionales"],"yoast_head":"<!-- This site is optimized with the Yoast SEO plugin v27.4 - https:\/\/yoast.com\/product\/yoast-seo-wordpress\/ -->\n<title>Defensor del Pueblo asegura Digesett no tiene criterios para retener veh\u00edculos y el Can\u00f3dromo es antro de corrupci\u00f3n - Minuto Cero RD<\/title>\n<meta name=\"robots\" content=\"index, follow, max-snippet:-1, max-image-preview:large, max-video-preview:-1\" \/>\n<link rel=\"canonical\" href=\"http:\/\/minutocerord.com\/?p=8418\" \/>\n<meta property=\"og:locale\" content=\"es_ES\" \/>\n<meta property=\"og:type\" content=\"article\" \/>\n<meta property=\"og:title\" content=\"Defensor del Pueblo asegura Digesett no tiene criterios para retener veh\u00edculos y el Can\u00f3dromo es antro de corrupci\u00f3n - Minuto Cero RD\" \/>\n<meta property=\"og:description\" content=\"SANTO DOMINGO.- El defensor del Pueblo, Pablo Ulloa, afirm\u00f3 que los motores son detenidos por los agentes de tr\u00e1nsito sin ning\u00fan tipo de criterios, \u201ctampoco garant\u00eda de que al momento de devolver los veh\u00edculos sean en las mismas condiciones en que fue detenido que es parte de los problemas que existen\u201d. Denunci\u00f3 que el denominado [&hellip;]\" \/>\n<meta property=\"og:url\" content=\"http:\/\/minutocerord.com\/?p=8418\" \/>\n<meta property=\"og:site_name\" content=\"Minuto Cero RD\" \/>\n<meta property=\"article:publisher\" content=\"https:\/\/www.facebook.com\/Genofnotes\" \/>\n<meta property=\"article:author\" content=\"https:\/\/www.facebook.com\/Genofnotes\" \/>\n<meta property=\"article:published_time\" content=\"2022-04-13T16:40:31+00:00\" \/>\n<meta property=\"article:modified_time\" content=\"2022-04-13T16:40:34+00:00\" \/>\n<meta property=\"og:image\" content=\"https:\/\/i0.wp.com\/minutocerord.com\/wp-content\/uploads\/2022\/04\/Pablo-Ulloa-Defensor-del-Pueblo-Fuente-externa-696x411-1.jpeg?fit=696%2C411\" \/>\n\t<meta property=\"og:image:width\" content=\"696\" \/>\n\t<meta property=\"og:image:height\" content=\"411\" \/>\n\t<meta property=\"og:image:type\" content=\"image\/jpeg\" \/>\n<meta name=\"author\" content=\"Genof\u00f3ntes Urb\u00e1ez\" \/>\n<meta name=\"twitter:card\" content=\"summary_large_image\" \/>\n<meta name=\"twitter:label1\" content=\"Written by\" \/>\n\t<meta name=\"twitter:data1\" content=\"Genof\u00f3ntes Urb\u00e1ez\" \/>\n\t<meta name=\"twitter:label2\" content=\"Est. reading time\" \/>\n\t<meta name=\"twitter:data2\" content=\"2 minutos\" \/>\n<script type=\"application\/ld+json\" class=\"yoast-schema-graph\">{\"@context\":\"https:\\\/\\\/schema.org\",\"@graph\":[{\"@type\":\"Article\",\"@id\":\"http:\\\/\\\/minutocerord.com\\\/?p=8418#article\",\"isPartOf\":{\"@id\":\"http:\\\/\\\/minutocerord.com\\\/?p=8418\"},\"author\":{\"name\":\"Genof\u00f3ntes Urb\u00e1ez\",\"@id\":\"https:\\\/\\\/minutocerord.com\\\/#\\\/schema\\\/person\\\/60b5372d60aaa0a5171fb6488be9aee6\"},\"headline\":\"Defensor del Pueblo asegura Digesett no tiene criterios para retener veh\u00edculos y el Can\u00f3dromo es antro de corrupci\u00f3n\",\"datePublished\":\"2022-04-13T16:40:31+00:00\",\"dateModified\":\"2022-04-13T16:40:34+00:00\",\"mainEntityOfPage\":{\"@id\":\"http:\\\/\\\/minutocerord.com\\\/?p=8418\"},\"wordCount\":230,\"commentCount\":0,\"publisher\":{\"@id\":\"https:\\\/\\\/minutocerord.com\\\/#\\\/schema\\\/person\\\/60b5372d60aaa0a5171fb6488be9aee6\"},\"image\":{\"@id\":\"http:\\\/\\\/minutocerord.com\\\/?p=8418#primaryimage\"},\"thumbnailUrl\":\"https:\\\/\\\/i0.wp.com\\\/minutocerord.com\\\/wp-content\\\/uploads\\\/2022\\\/04\\\/Pablo-Ulloa-Defensor-del-Pueblo-Fuente-externa-696x411-1.jpeg?fit=696%2C411&ssl=1\",\"articleSection\":[\"Nacionales\"],\"inLanguage\":\"es-DO\",\"potentialAction\":[{\"@type\":\"CommentAction\",\"name\":\"Comment\",\"target\":[\"http:\\\/\\\/minutocerord.com\\\/?p=8418#respond\"]}]},{\"@type\":\"WebPage\",\"@id\":\"http:\\\/\\\/minutocerord.com\\\/?p=8418\",\"url\":\"http:\\\/\\\/minutocerord.com\\\/?p=8418\",\"name\":\"Defensor del Pueblo asegura Digesett no tiene criterios para retener veh\u00edculos y el Can\u00f3dromo es antro de corrupci\u00f3n - Minuto Cero RD\",\"isPartOf\":{\"@id\":\"https:\\\/\\\/minutocerord.com\\\/#website\"},\"primaryImageOfPage\":{\"@id\":\"http:\\\/\\\/minutocerord.com\\\/?p=8418#primaryimage\"},\"image\":{\"@id\":\"http:\\\/\\\/minutocerord.com\\\/?p=8418#primaryimage\"},\"thumbnailUrl\":\"https:\\\/\\\/i0.wp.com\\\/minutocerord.com\\\/wp-content\\\/uploads\\\/2022\\\/04\\\/Pablo-Ulloa-Defensor-del-Pueblo-Fuente-externa-696x411-1.jpeg?fit=696%2C411&ssl=1\",\"datePublished\":\"2022-04-13T16:40:31+00:00\",\"dateModified\":\"2022-04-13T16:40:34+00:00\",\"breadcrumb\":{\"@id\":\"http:\\\/\\\/minutocerord.com\\\/?p=8418#breadcrumb\"},\"inLanguage\":\"es-DO\",\"potentialAction\":[{\"@type\":\"ReadAction\",\"target\":[\"http:\\\/\\\/minutocerord.com\\\/?p=8418\"]}]},{\"@type\":\"ImageObject\",\"inLanguage\":\"es-DO\",\"@id\":\"http:\\\/\\\/minutocerord.com\\\/?p=8418#primaryimage\",\"url\":\"https:\\\/\\\/i0.wp.com\\\/minutocerord.com\\\/wp-content\\\/uploads\\\/2022\\\/04\\\/Pablo-Ulloa-Defensor-del-Pueblo-Fuente-externa-696x411-1.jpeg?fit=696%2C411&ssl=1\",\"contentUrl\":\"https:\\\/\\\/i0.wp.com\\\/minutocerord.com\\\/wp-content\\\/uploads\\\/2022\\\/04\\\/Pablo-Ulloa-Defensor-del-Pueblo-Fuente-externa-696x411-1.jpeg?fit=696%2C411&ssl=1\",\"width\":696,\"height\":411},{\"@type\":\"BreadcrumbList\",\"@id\":\"http:\\\/\\\/minutocerord.com\\\/?p=8418#breadcrumb\",\"itemListElement\":[{\"@type\":\"ListItem\",\"position\":1,\"name\":\"Home\",\"item\":\"https:\\\/\\\/minutocerord.com\\\/\"},{\"@type\":\"ListItem\",\"position\":2,\"name\":\"Defensor del Pueblo asegura Digesett no tiene criterios para retener veh\u00edculos y el Can\u00f3dromo es antro de corrupci\u00f3n\"}]},{\"@type\":\"WebSite\",\"@id\":\"https:\\\/\\\/minutocerord.com\\\/#website\",\"url\":\"https:\\\/\\\/minutocerord.com\\\/\",\"name\":\"Minuto Cero RD\",\"description\":\"Periodismo serio y veraz\",\"publisher\":{\"@id\":\"https:\\\/\\\/minutocerord.com\\\/#\\\/schema\\\/person\\\/60b5372d60aaa0a5171fb6488be9aee6\"},\"potentialAction\":[{\"@type\":\"SearchAction\",\"target\":{\"@type\":\"EntryPoint\",\"urlTemplate\":\"https:\\\/\\\/minutocerord.com\\\/?s={search_term_string}\"},\"query-input\":{\"@type\":\"PropertyValueSpecification\",\"valueRequired\":true,\"valueName\":\"search_term_string\"}}],\"inLanguage\":\"es-DO\"},{\"@type\":[\"Person\",\"Organization\"],\"@id\":\"https:\\\/\\\/minutocerord.com\\\/#\\\/schema\\\/person\\\/60b5372d60aaa0a5171fb6488be9aee6\",\"name\":\"Genof\u00f3ntes Urb\u00e1ez\",\"image\":{\"@type\":\"ImageObject\",\"inLanguage\":\"es-DO\",\"@id\":\"https:\\\/\\\/secure.gravatar.com\\\/avatar\\\/a49ef3186a692098ac3e8a1612261e3ad70cf9e44553dff2929e67939a0ecb9d?s=96&d=identicon&r=g\",\"url\":\"https:\\\/\\\/secure.gravatar.com\\\/avatar\\\/a49ef3186a692098ac3e8a1612261e3ad70cf9e44553dff2929e67939a0ecb9d?s=96&d=identicon&r=g\",\"contentUrl\":\"https:\\\/\\\/secure.gravatar.com\\\/avatar\\\/a49ef3186a692098ac3e8a1612261e3ad70cf9e44553dff2929e67939a0ecb9d?s=96&d=identicon&r=g\",\"caption\":\"Genof\u00f3ntes Urb\u00e1ez\"},\"logo\":{\"@id\":\"https:\\\/\\\/secure.gravatar.com\\\/avatar\\\/a49ef3186a692098ac3e8a1612261e3ad70cf9e44553dff2929e67939a0ecb9d?s=96&d=identicon&r=g\"},\"description\":\"Periodista \\\/ Locutor\",\"sameAs\":[\"https:\\\/\\\/www.facebook.com\\\/Genofnotes\",\"https:\\\/\\\/www.instagram.com\\\/genofnotes\\\/\"]}]}<\/script>\n<!-- \/ Yoast SEO plugin. -->","yoast_head_json":{"title":"Defensor del Pueblo asegura Digesett no tiene criterios para retener veh\u00edculos y el Can\u00f3dromo es antro de corrupci\u00f3n - Minuto Cero RD","robots":{"index":"index","follow":"follow","max-snippet":"max-snippet:-1","max-image-preview":"max-image-preview:large","max-video-preview":"max-video-preview:-1"},"canonical":"http:\/\/minutocerord.com\/?p=8418","og_locale":"es_ES","og_type":"article","og_title":"Defensor del Pueblo asegura Digesett no tiene criterios para retener veh\u00edculos y el Can\u00f3dromo es antro de corrupci\u00f3n - Minuto Cero RD","og_description":"SANTO DOMINGO.- El defensor del Pueblo, Pablo Ulloa, afirm\u00f3 que los motores son detenidos por los agentes de tr\u00e1nsito sin ning\u00fan tipo de criterios, \u201ctampoco garant\u00eda de que al momento de devolver los veh\u00edculos sean en las mismas condiciones en que fue detenido que es parte de los problemas que existen\u201d. Denunci\u00f3 que el denominado [&hellip;]","og_url":"http:\/\/minutocerord.com\/?p=8418","og_site_name":"Minuto Cero RD","article_publisher":"https:\/\/www.facebook.com\/Genofnotes","article_author":"https:\/\/www.facebook.com\/Genofnotes","article_published_time":"2022-04-13T16:40:31+00:00","article_modified_time":"2022-04-13T16:40:34+00:00","og_image":[{"width":696,"height":411,"url":"https:\/\/i0.wp.com\/minutocerord.com\/wp-content\/uploads\/2022\/04\/Pablo-Ulloa-Defensor-del-Pueblo-Fuente-externa-696x411-1.jpeg?fit=696%2C411","type":"image\/jpeg"}],"author":"Genof\u00f3ntes Urb\u00e1ez","twitter_card":"summary_large_image","twitter_misc":{"Written by":"Genof\u00f3ntes Urb\u00e1ez","Est. reading time":"2 minutos"},"schema":{"@context":"https:\/\/schema.org","@graph":[{"@type":"Article","@id":"http:\/\/minutocerord.com\/?p=8418#article","isPartOf":{"@id":"http:\/\/minutocerord.com\/?p=8418"},"author":{"name":"Genof\u00f3ntes Urb\u00e1ez","@id":"https:\/\/minutocerord.com\/#\/schema\/person\/60b5372d60aaa0a5171fb6488be9aee6"},"headline":"Defensor del Pueblo asegura Digesett no tiene criterios para retener veh\u00edculos y el Can\u00f3dromo es antro de corrupci\u00f3n","datePublished":"2022-04-13T16:40:31+00:00","dateModified":"2022-04-13T16:40:34+00:00","mainEntityOfPage":{"@id":"http:\/\/minutocerord.com\/?p=8418"},"wordCount":230,"commentCount":0,"publisher":{"@id":"https:\/\/minutocerord.com\/#\/schema\/person\/60b5372d60aaa0a5171fb6488be9aee6"},"image":{"@id":"http:\/\/minutocerord.com\/?p=8418#primaryimage"},"thumbnailUrl":"https:\/\/i0.wp.com\/minutocerord.com\/wp-content\/uploads\/2022\/04\/Pablo-Ulloa-Defensor-del-Pueblo-Fuente-externa-696x411-1.jpeg?fit=696%2C411&ssl=1","articleSection":["Nacionales"],"inLanguage":"es-DO","potentialAction":[{"@type":"CommentAction","name":"Comment","target":["http:\/\/minutocerord.com\/?p=8418#respond"]}]},{"@type":"WebPage","@id":"http:\/\/minutocerord.com\/?p=8418","url":"http:\/\/minutocerord.com\/?p=8418","name":"Defensor del Pueblo asegura Digesett no tiene criterios para retener veh\u00edculos y el Can\u00f3dromo es antro de corrupci\u00f3n - Minuto Cero RD","isPartOf":{"@id":"https:\/\/minutocerord.com\/#website"},"primaryImageOfPage":{"@id":"http:\/\/minutocerord.com\/?p=8418#primaryimage"},"image":{"@id":"http:\/\/minutocerord.com\/?p=8418#primaryimage"},"thumbnailUrl":"https:\/\/i0.wp.com\/minutocerord.com\/wp-content\/uploads\/2022\/04\/Pablo-Ulloa-Defensor-del-Pueblo-Fuente-externa-696x411-1.jpeg?fit=696%2C411&ssl=1","datePublished":"2022-04-13T16:40:31+00:00","dateModified":"2022-04-13T16:40:34+00:00","breadcrumb":{"@id":"http:\/\/minutocerord.com\/?p=8418#breadcrumb"},"inLanguage":"es-DO","potentialAction":[{"@type":"ReadAction","target":["http:\/\/minutocerord.com\/?p=8418"]}]},{"@type":"ImageObject","inLanguage":"es-DO","@id":"http:\/\/minutocerord.com\/?p=8418#primaryimage","url":"https:\/\/i0.wp.com\/minutocerord.com\/wp-content\/uploads\/2022\/04\/Pablo-Ulloa-Defensor-del-Pueblo-Fuente-externa-696x411-1.jpeg?fit=696%2C411&ssl=1","contentUrl":"https:\/\/i0.wp.com\/minutocerord.com\/wp-content\/uploads\/2022\/04\/Pablo-Ulloa-Defensor-del-Pueblo-Fuente-externa-696x411-1.jpeg?fit=696%2C411&ssl=1","width":696,"height":411},{"@type":"BreadcrumbList","@id":"http:\/\/minutocerord.com\/?p=8418#breadcrumb","itemListElement":[{"@type":"ListItem","position":1,"name":"Home","item":"https:\/\/minutocerord.com\/"},{"@type":"ListItem","position":2,"name":"Defensor del Pueblo asegura Digesett no tiene criterios para retener veh\u00edculos y el Can\u00f3dromo es antro de corrupci\u00f3n"}]},{"@type":"WebSite","@id":"https:\/\/minutocerord.com\/#website","url":"https:\/\/minutocerord.com\/","name":"Minuto Cero RD","description":"Periodismo serio y veraz","publisher":{"@id":"https:\/\/minutocerord.com\/#\/schema\/person\/60b5372d60aaa0a5171fb6488be9aee6"},"potentialAction":[{"@type":"SearchAction","target":{"@type":"EntryPoint","urlTemplate":"https:\/\/minutocerord.com\/?s={search_term_string}"},"query-input":{"@type":"PropertyValueSpecification","valueRequired":true,"valueName":"search_term_string"}}],"inLanguage":"es-DO"},{"@type":["Person","Organization"],"@id":"https:\/\/minutocerord.com\/#\/schema\/person\/60b5372d60aaa0a5171fb6488be9aee6","name":"Genof\u00f3ntes Urb\u00e1ez","image":{"@type":"ImageObject","inLanguage":"es-DO","@id":"https:\/\/secure.gravatar.com\/avatar\/a49ef3186a692098ac3e8a1612261e3ad70cf9e44553dff2929e67939a0ecb9d?s=96&d=identicon&r=g","url":"https:\/\/secure.gravatar.com\/avatar\/a49ef3186a692098ac3e8a1612261e3ad70cf9e44553dff2929e67939a0ecb9d?s=96&d=identicon&r=g","contentUrl":"https:\/\/secure.gravatar.com\/avatar\/a49ef3186a692098ac3e8a1612261e3ad70cf9e44553dff2929e67939a0ecb9d?s=96&d=identicon&r=g","caption":"Genof\u00f3ntes Urb\u00e1ez"},"logo":{"@id":"https:\/\/secure.gravatar.com\/avatar\/a49ef3186a692098ac3e8a1612261e3ad70cf9e44553dff2929e67939a0ecb9d?s=96&d=identicon&r=g"},"description":"Periodista \/ Locutor","sameAs":["https:\/\/www.facebook.com\/Genofnotes","https:\/\/www.instagram.com\/genofnotes\/"]}]}},"jetpack_publicize_connections":[],"jetpack_featured_media_url":"https:\/\/i0.wp.com\/minutocerord.com\/wp-content\/uploads\/2022\/04\/Pablo-Ulloa-Defensor-del-Pueblo-Fuente-externa-696x411-1.jpeg?fit=696%2C411&ssl=1","jetpack-related-posts":[],"jetpack_sharing_enabled":true,"_links":{"self":[{"href":"https:\/\/minutocerord.com\/index.php?rest_route=\/wp\/v2\/posts\/8418","targetHints":{"allow":["GET"]}}],"collection":[{"href":"https:\/\/minutocerord.com\/index.php?rest_route=\/wp\/v2\/posts"}],"about":[{"href":"https:\/\/minutocerord.com\/index.php?rest_route=\/wp\/v2\/types\/post"}],"author":[{"embeddable":true,"href":"https:\/\/minutocerord.com\/index.php?rest_route=\/wp\/v2\/users\/1"}],"replies":[{"embeddable":true,"href":"https:\/\/minutocerord.com\/index.php?rest_route=%2Fwp%2Fv2%2Fcomments&post=8418"}],"version-history":[{"count":1,"href":"https:\/\/minutocerord.com\/index.php?rest_route=\/wp\/v2\/posts\/8418\/revisions"}],"predecessor-version":[{"id":8420,"href":"https:\/\/minutocerord.com\/index.php?rest_route=\/wp\/v2\/posts\/8418\/revisions\/8420"}],"wp:featuredmedia":[{"embeddable":true,"href":"https:\/\/minutocerord.com\/index.php?rest_route=\/wp\/v2\/media\/8419"}],"wp:attachment":[{"href":"https:\/\/minutocerord.com\/index.php?rest_route=%2Fwp%2Fv2%2Fmedia&parent=8418"}],"wp:term":[{"taxonomy":"category","embeddable":true,"href":"https:\/\/minutocerord.com\/index.php?rest_route=%2Fwp%2Fv2%2Fcategories&post=8418"},{"taxonomy":"post_tag","embeddable":true,"href":"https:\/\/minutocerord.com\/index.php?rest_route=%2Fwp%2Fv2%2Ftags&post=8418"}],"curies":[{"name":"wp","href":"https:\/\/api.w.org\/{rel}","templated":true}]}}