{"id":8424,"date":"2022-04-13T12:46:33","date_gmt":"2022-04-13T16:46:33","guid":{"rendered":"https:\/\/minutocerord.com\/?p=8424"},"modified":"2022-04-13T12:46:35","modified_gmt":"2022-04-13T16:46:35","slug":"la-oms-decide-mantener-la-covid-19-a-nivel-de-pandemia","status":"publish","type":"post","link":"https:\/\/minutocerord.com\/?p=8424","title":{"rendered":"La OMS decide mantener la covid-19 a nivel de pandemia"},"content":{"rendered":"\n<p>La Organizaci\u00f3n Mundial de la Salud (OMS) anunci\u00f3 hoy su decisi\u00f3n de mantener la propagaci\u00f3n de la covid-19 como una emergencia sanitaria internacional o pandemia porque &#8220;no es el momento de bajar la guardia&#8221;, sino m\u00e1s bien de que los pa\u00edses sigan prepar\u00e1ndose para enfrentar este tipo de crisis.<\/p>\n\n\n\n<p>El director general de la organizaci\u00f3n, Tedros Adhanom Ghebreyesus, dijo que el Comit\u00e9 de Emergencias de la OMS (\u00f3rgano compuesto por cient\u00edficos independientes) ha recomendado no cambiar el nivel de alerta en relaci\u00f3n con la covid en vista de que el virus sigue transmiti\u00e9ndose de forma intensa.<\/p>\n\n\n\n<p>Asimismo, su evoluci\u00f3n es imprevisible y la mortalidad se mantiene a niveles elevados, agreg\u00f3.<\/p>\n\n\n\n<p>En este contexto, Tedros indic\u00f3 que hay que continuar con los esfuerzos para que vacunas, tratamientos y otras herramienta desarrolladas para enfrentar la pandemia sean distribuidas de forma equitativa entre los pa\u00edses y dentro de ellos, y que se avance en la vacunaci\u00f3n de los mayores de 65 a\u00f1os, en particular en \u00c1frica.<\/p>\n\n\n\n<p>Cubrir las brechas que siguen existiendo en el acceso a las vacunas &#8220;es la mejor manera de protegernos de futuros brotes&#8221;, coment\u00f3 en una conferencia de prensa.<a><\/a><\/p>\n\n\n\n<p>El presidente del Comit\u00e9 de Emergencia de la OMS, Didier Houssin, sostuvo que &#8220;no ha llegado el momento de relajarse con respecto a este virus&#8221;, ni de perder de vista la importancia de seguir haciendo pruebas de diagn\u00f3stico.<\/p>\n\n\n\n<p>&#8220;No podemos dejar de vacunar, este es el mensaje que el C\u00f3mit\u00e9 considera \u00fatil enviar a los ciudadanos y gobiernos&#8221;, se\u00f1al\u00f3 Houssin en la misma rueda de prensa.<\/p>\n\n\n\n<p>Sobre las condiciones para que la covid-19 deje de estar en el nivel m\u00e1ximo de alerta sanitaria, explic\u00f3 que deben confluir distintos criterios, entre ellos epidemiol\u00f3gicos y otros relacionados con impacto del coronavirus en los lugares donde la transmisi\u00f3n se mantiene alta.<\/p>\n\n\n\n<p>&#8220;Es err\u00f3neo creer que menos cantidad de casos quiere decir que hay menos riesgo. Nos alegramos que hayan menos muertes, pero este virus nos ha sorprendido en el pasado, as\u00ed que tenemos que seguirle la pista todo el tiempo&#8221;, se\u00f1al\u00f3 el director de Emergencias Sanitarias de la OMS, Mike Ryan.<\/p>\n\n\n\n<p>Las muertes reportadas en la \u00faltima semana por covid-19 en el mundo ha sido la m\u00e1s baja desde que empez\u00f3 la pandemia.<\/p>\n\n\n\n<p>Sobre las \u00faltimas subvariantes descubiertas de \u00f3micron (denominadas BA.4 Y BA.5), la directora t\u00e9cnica para la covid-19 en la OMS, Maria Van Kherkove, confirm\u00f3 que se han detectado en un n\u00famero limitado de pa\u00edses de \u00c1frica y Europa, y ahora se est\u00e1 analizando si presentan alg\u00fan cambio significativo con respecto a la variante original.<\/p>\n\n\n\n<p>Confirm\u00f3 que por el momento no se han detectado cambios en la gravedad de la enfermedad o en la defensa que ofrecen las vacunas, pero tambi\u00e9n reconocido que es prematuro sacar conclusiones porque el n\u00famero de secuencias gen\u00e9ticas realizadas es bajo.<\/p>\n\n\n\n<p>EFE<\/p>\n","protected":false},"excerpt":{"rendered":"<p>La Organizaci\u00f3n Mundial de la Salud (OMS) anunci\u00f3 hoy su decisi\u00f3n de mantener la propagaci\u00f3n de la covid-19 como una emergencia sanitaria internacional o pandemia porque &#8220;no es el momento de bajar la guardia&#8221;, sino m\u00e1s bien de que los pa\u00edses sigan prepar\u00e1ndose para enfrentar este tipo de crisis. El director general de la organizaci\u00f3n, [&hellip;]<\/p>\n","protected":false},"author":1,"featured_media":8425,"comment_status":"open","ping_status":"open","sticky":false,"template":"","format":"standard","meta":{"nf_dc_page":"","jetpack_post_was_ever_published":false,"_jetpack_newsletter_access":"","_jetpack_dont_email_post_to_subs":false,"_jetpack_newsletter_tier_id":0,"_jetpack_memberships_contains_paywalled_content":false,"_jetpack_memberships_contains_paid_content":false,"footnotes":"","jetpack_publicize_message":"","jetpack_publicize_feature_enabled":true,"jetpack_social_post_already_shared":false,"jetpack_social_options":{"image_generator_settings":{"template":"highway","default_image_id":0,"font":"","enabled":false},"version":2}},"categories":[67],"tags":[],"class_list":["post-8424","post","type-post","status-publish","format-standard","has-post-thumbnail","hentry","category-salud"],"yoast_head":"<!-- This site is optimized with the Yoast SEO plugin v27.4 - https:\/\/yoast.com\/product\/yoast-seo-wordpress\/ -->\n<title>La OMS decide mantener la covid-19 a nivel de pandemia - Minuto Cero RD<\/title>\n<meta name=\"robots\" content=\"index, follow, max-snippet:-1, max-image-preview:large, max-video-preview:-1\" \/>\n<link rel=\"canonical\" href=\"http:\/\/minutocerord.com\/?p=8424\" \/>\n<meta property=\"og:locale\" content=\"es_ES\" \/>\n<meta property=\"og:type\" content=\"article\" \/>\n<meta property=\"og:title\" content=\"La OMS decide mantener la covid-19 a nivel de pandemia - Minuto Cero RD\" \/>\n<meta property=\"og:description\" content=\"La Organizaci\u00f3n Mundial de la Salud (OMS) anunci\u00f3 hoy su decisi\u00f3n de mantener la propagaci\u00f3n de la covid-19 como una emergencia sanitaria internacional o pandemia porque &#8220;no es el momento de bajar la guardia&#8221;, sino m\u00e1s bien de que los pa\u00edses sigan prepar\u00e1ndose para enfrentar este tipo de crisis. El director general de la organizaci\u00f3n, [&hellip;]\" \/>\n<meta property=\"og:url\" content=\"http:\/\/minutocerord.com\/?p=8424\" \/>\n<meta property=\"og:site_name\" content=\"Minuto Cero RD\" \/>\n<meta property=\"article:publisher\" content=\"https:\/\/www.facebook.com\/Genofnotes\" \/>\n<meta property=\"article:author\" content=\"https:\/\/www.facebook.com\/Genofnotes\" \/>\n<meta property=\"article:published_time\" content=\"2022-04-13T16:46:33+00:00\" \/>\n<meta property=\"article:modified_time\" content=\"2022-04-13T16:46:35+00:00\" \/>\n<meta property=\"og:image\" content=\"https:\/\/i0.wp.com\/minutocerord.com\/wp-content\/uploads\/2022\/04\/48381256dd2098f244d7f553f79c9f234349d804w-6256e4401bf77-768x512-1.jpg?fit=768%2C512\" \/>\n\t<meta property=\"og:image:width\" content=\"768\" \/>\n\t<meta property=\"og:image:height\" content=\"512\" \/>\n\t<meta property=\"og:image:type\" content=\"image\/jpeg\" \/>\n<meta name=\"author\" content=\"Genof\u00f3ntes Urb\u00e1ez\" \/>\n<meta name=\"twitter:card\" content=\"summary_large_image\" \/>\n<meta name=\"twitter:label1\" content=\"Written by\" \/>\n\t<meta name=\"twitter:data1\" content=\"Genof\u00f3ntes Urb\u00e1ez\" \/>\n\t<meta name=\"twitter:label2\" content=\"Est. reading time\" \/>\n\t<meta name=\"twitter:data2\" content=\"3 minutos\" \/>\n<script type=\"application\/ld+json\" class=\"yoast-schema-graph\">{\"@context\":\"https:\\\/\\\/schema.org\",\"@graph\":[{\"@type\":\"Article\",\"@id\":\"http:\\\/\\\/minutocerord.com\\\/?p=8424#article\",\"isPartOf\":{\"@id\":\"http:\\\/\\\/minutocerord.com\\\/?p=8424\"},\"author\":{\"name\":\"Genof\u00f3ntes Urb\u00e1ez\",\"@id\":\"https:\\\/\\\/minutocerord.com\\\/#\\\/schema\\\/person\\\/60b5372d60aaa0a5171fb6488be9aee6\"},\"headline\":\"La OMS decide mantener la covid-19 a nivel de pandemia\",\"datePublished\":\"2022-04-13T16:46:33+00:00\",\"dateModified\":\"2022-04-13T16:46:35+00:00\",\"mainEntityOfPage\":{\"@id\":\"http:\\\/\\\/minutocerord.com\\\/?p=8424\"},\"wordCount\":505,\"commentCount\":0,\"publisher\":{\"@id\":\"https:\\\/\\\/minutocerord.com\\\/#\\\/schema\\\/person\\\/60b5372d60aaa0a5171fb6488be9aee6\"},\"image\":{\"@id\":\"http:\\\/\\\/minutocerord.com\\\/?p=8424#primaryimage\"},\"thumbnailUrl\":\"https:\\\/\\\/i0.wp.com\\\/minutocerord.com\\\/wp-content\\\/uploads\\\/2022\\\/04\\\/48381256dd2098f244d7f553f79c9f234349d804w-6256e4401bf77-768x512-1.jpg?fit=768%2C512&ssl=1\",\"articleSection\":[\"Salud\"],\"inLanguage\":\"es-DO\",\"potentialAction\":[{\"@type\":\"CommentAction\",\"name\":\"Comment\",\"target\":[\"http:\\\/\\\/minutocerord.com\\\/?p=8424#respond\"]}]},{\"@type\":\"WebPage\",\"@id\":\"http:\\\/\\\/minutocerord.com\\\/?p=8424\",\"url\":\"http:\\\/\\\/minutocerord.com\\\/?p=8424\",\"name\":\"La OMS decide mantener la covid-19 a nivel de pandemia - Minuto Cero RD\",\"isPartOf\":{\"@id\":\"https:\\\/\\\/minutocerord.com\\\/#website\"},\"primaryImageOfPage\":{\"@id\":\"http:\\\/\\\/minutocerord.com\\\/?p=8424#primaryimage\"},\"image\":{\"@id\":\"http:\\\/\\\/minutocerord.com\\\/?p=8424#primaryimage\"},\"thumbnailUrl\":\"https:\\\/\\\/i0.wp.com\\\/minutocerord.com\\\/wp-content\\\/uploads\\\/2022\\\/04\\\/48381256dd2098f244d7f553f79c9f234349d804w-6256e4401bf77-768x512-1.jpg?fit=768%2C512&ssl=1\",\"datePublished\":\"2022-04-13T16:46:33+00:00\",\"dateModified\":\"2022-04-13T16:46:35+00:00\",\"breadcrumb\":{\"@id\":\"http:\\\/\\\/minutocerord.com\\\/?p=8424#breadcrumb\"},\"inLanguage\":\"es-DO\",\"potentialAction\":[{\"@type\":\"ReadAction\",\"target\":[\"http:\\\/\\\/minutocerord.com\\\/?p=8424\"]}]},{\"@type\":\"ImageObject\",\"inLanguage\":\"es-DO\",\"@id\":\"http:\\\/\\\/minutocerord.com\\\/?p=8424#primaryimage\",\"url\":\"https:\\\/\\\/i0.wp.com\\\/minutocerord.com\\\/wp-content\\\/uploads\\\/2022\\\/04\\\/48381256dd2098f244d7f553f79c9f234349d804w-6256e4401bf77-768x512-1.jpg?fit=768%2C512&ssl=1\",\"contentUrl\":\"https:\\\/\\\/i0.wp.com\\\/minutocerord.com\\\/wp-content\\\/uploads\\\/2022\\\/04\\\/48381256dd2098f244d7f553f79c9f234349d804w-6256e4401bf77-768x512-1.jpg?fit=768%2C512&ssl=1\",\"width\":768,\"height\":512},{\"@type\":\"BreadcrumbList\",\"@id\":\"http:\\\/\\\/minutocerord.com\\\/?p=8424#breadcrumb\",\"itemListElement\":[{\"@type\":\"ListItem\",\"position\":1,\"name\":\"Home\",\"item\":\"https:\\\/\\\/minutocerord.com\\\/\"},{\"@type\":\"ListItem\",\"position\":2,\"name\":\"La OMS decide mantener la covid-19 a nivel de pandemia\"}]},{\"@type\":\"WebSite\",\"@id\":\"https:\\\/\\\/minutocerord.com\\\/#website\",\"url\":\"https:\\\/\\\/minutocerord.com\\\/\",\"name\":\"Minuto Cero RD\",\"description\":\"Periodismo serio y veraz\",\"publisher\":{\"@id\":\"https:\\\/\\\/minutocerord.com\\\/#\\\/schema\\\/person\\\/60b5372d60aaa0a5171fb6488be9aee6\"},\"potentialAction\":[{\"@type\":\"SearchAction\",\"target\":{\"@type\":\"EntryPoint\",\"urlTemplate\":\"https:\\\/\\\/minutocerord.com\\\/?s={search_term_string}\"},\"query-input\":{\"@type\":\"PropertyValueSpecification\",\"valueRequired\":true,\"valueName\":\"search_term_string\"}}],\"inLanguage\":\"es-DO\"},{\"@type\":[\"Person\",\"Organization\"],\"@id\":\"https:\\\/\\\/minutocerord.com\\\/#\\\/schema\\\/person\\\/60b5372d60aaa0a5171fb6488be9aee6\",\"name\":\"Genof\u00f3ntes Urb\u00e1ez\",\"image\":{\"@type\":\"ImageObject\",\"inLanguage\":\"es-DO\",\"@id\":\"https:\\\/\\\/secure.gravatar.com\\\/avatar\\\/a49ef3186a692098ac3e8a1612261e3ad70cf9e44553dff2929e67939a0ecb9d?s=96&d=identicon&r=g\",\"url\":\"https:\\\/\\\/secure.gravatar.com\\\/avatar\\\/a49ef3186a692098ac3e8a1612261e3ad70cf9e44553dff2929e67939a0ecb9d?s=96&d=identicon&r=g\",\"contentUrl\":\"https:\\\/\\\/secure.gravatar.com\\\/avatar\\\/a49ef3186a692098ac3e8a1612261e3ad70cf9e44553dff2929e67939a0ecb9d?s=96&d=identicon&r=g\",\"caption\":\"Genof\u00f3ntes Urb\u00e1ez\"},\"logo\":{\"@id\":\"https:\\\/\\\/secure.gravatar.com\\\/avatar\\\/a49ef3186a692098ac3e8a1612261e3ad70cf9e44553dff2929e67939a0ecb9d?s=96&d=identicon&r=g\"},\"description\":\"Periodista \\\/ Locutor\",\"sameAs\":[\"https:\\\/\\\/www.facebook.com\\\/Genofnotes\",\"https:\\\/\\\/www.instagram.com\\\/genofnotes\\\/\"]}]}<\/script>\n<!-- \/ Yoast SEO plugin. -->","yoast_head_json":{"title":"La OMS decide mantener la covid-19 a nivel de pandemia - Minuto Cero RD","robots":{"index":"index","follow":"follow","max-snippet":"max-snippet:-1","max-image-preview":"max-image-preview:large","max-video-preview":"max-video-preview:-1"},"canonical":"http:\/\/minutocerord.com\/?p=8424","og_locale":"es_ES","og_type":"article","og_title":"La OMS decide mantener la covid-19 a nivel de pandemia - Minuto Cero RD","og_description":"La Organizaci\u00f3n Mundial de la Salud (OMS) anunci\u00f3 hoy su decisi\u00f3n de mantener la propagaci\u00f3n de la covid-19 como una emergencia sanitaria internacional o pandemia porque &#8220;no es el momento de bajar la guardia&#8221;, sino m\u00e1s bien de que los pa\u00edses sigan prepar\u00e1ndose para enfrentar este tipo de crisis. El director general de la organizaci\u00f3n, [&hellip;]","og_url":"http:\/\/minutocerord.com\/?p=8424","og_site_name":"Minuto Cero RD","article_publisher":"https:\/\/www.facebook.com\/Genofnotes","article_author":"https:\/\/www.facebook.com\/Genofnotes","article_published_time":"2022-04-13T16:46:33+00:00","article_modified_time":"2022-04-13T16:46:35+00:00","og_image":[{"width":768,"height":512,"url":"https:\/\/i0.wp.com\/minutocerord.com\/wp-content\/uploads\/2022\/04\/48381256dd2098f244d7f553f79c9f234349d804w-6256e4401bf77-768x512-1.jpg?fit=768%2C512","type":"image\/jpeg"}],"author":"Genof\u00f3ntes Urb\u00e1ez","twitter_card":"summary_large_image","twitter_misc":{"Written by":"Genof\u00f3ntes Urb\u00e1ez","Est. reading time":"3 minutos"},"schema":{"@context":"https:\/\/schema.org","@graph":[{"@type":"Article","@id":"http:\/\/minutocerord.com\/?p=8424#article","isPartOf":{"@id":"http:\/\/minutocerord.com\/?p=8424"},"author":{"name":"Genof\u00f3ntes Urb\u00e1ez","@id":"https:\/\/minutocerord.com\/#\/schema\/person\/60b5372d60aaa0a5171fb6488be9aee6"},"headline":"La OMS decide mantener la covid-19 a nivel de pandemia","datePublished":"2022-04-13T16:46:33+00:00","dateModified":"2022-04-13T16:46:35+00:00","mainEntityOfPage":{"@id":"http:\/\/minutocerord.com\/?p=8424"},"wordCount":505,"commentCount":0,"publisher":{"@id":"https:\/\/minutocerord.com\/#\/schema\/person\/60b5372d60aaa0a5171fb6488be9aee6"},"image":{"@id":"http:\/\/minutocerord.com\/?p=8424#primaryimage"},"thumbnailUrl":"https:\/\/i0.wp.com\/minutocerord.com\/wp-content\/uploads\/2022\/04\/48381256dd2098f244d7f553f79c9f234349d804w-6256e4401bf77-768x512-1.jpg?fit=768%2C512&ssl=1","articleSection":["Salud"],"inLanguage":"es-DO","potentialAction":[{"@type":"CommentAction","name":"Comment","target":["http:\/\/minutocerord.com\/?p=8424#respond"]}]},{"@type":"WebPage","@id":"http:\/\/minutocerord.com\/?p=8424","url":"http:\/\/minutocerord.com\/?p=8424","name":"La OMS decide mantener la covid-19 a nivel de pandemia - Minuto Cero RD","isPartOf":{"@id":"https:\/\/minutocerord.com\/#website"},"primaryImageOfPage":{"@id":"http:\/\/minutocerord.com\/?p=8424#primaryimage"},"image":{"@id":"http:\/\/minutocerord.com\/?p=8424#primaryimage"},"thumbnailUrl":"https:\/\/i0.wp.com\/minutocerord.com\/wp-content\/uploads\/2022\/04\/48381256dd2098f244d7f553f79c9f234349d804w-6256e4401bf77-768x512-1.jpg?fit=768%2C512&ssl=1","datePublished":"2022-04-13T16:46:33+00:00","dateModified":"2022-04-13T16:46:35+00:00","breadcrumb":{"@id":"http:\/\/minutocerord.com\/?p=8424#breadcrumb"},"inLanguage":"es-DO","potentialAction":[{"@type":"ReadAction","target":["http:\/\/minutocerord.com\/?p=8424"]}]},{"@type":"ImageObject","inLanguage":"es-DO","@id":"http:\/\/minutocerord.com\/?p=8424#primaryimage","url":"https:\/\/i0.wp.com\/minutocerord.com\/wp-content\/uploads\/2022\/04\/48381256dd2098f244d7f553f79c9f234349d804w-6256e4401bf77-768x512-1.jpg?fit=768%2C512&ssl=1","contentUrl":"https:\/\/i0.wp.com\/minutocerord.com\/wp-content\/uploads\/2022\/04\/48381256dd2098f244d7f553f79c9f234349d804w-6256e4401bf77-768x512-1.jpg?fit=768%2C512&ssl=1","width":768,"height":512},{"@type":"BreadcrumbList","@id":"http:\/\/minutocerord.com\/?p=8424#breadcrumb","itemListElement":[{"@type":"ListItem","position":1,"name":"Home","item":"https:\/\/minutocerord.com\/"},{"@type":"ListItem","position":2,"name":"La OMS decide mantener la covid-19 a nivel de pandemia"}]},{"@type":"WebSite","@id":"https:\/\/minutocerord.com\/#website","url":"https:\/\/minutocerord.com\/","name":"Minuto Cero RD","description":"Periodismo serio y veraz","publisher":{"@id":"https:\/\/minutocerord.com\/#\/schema\/person\/60b5372d60aaa0a5171fb6488be9aee6"},"potentialAction":[{"@type":"SearchAction","target":{"@type":"EntryPoint","urlTemplate":"https:\/\/minutocerord.com\/?s={search_term_string}"},"query-input":{"@type":"PropertyValueSpecification","valueRequired":true,"valueName":"search_term_string"}}],"inLanguage":"es-DO"},{"@type":["Person","Organization"],"@id":"https:\/\/minutocerord.com\/#\/schema\/person\/60b5372d60aaa0a5171fb6488be9aee6","name":"Genof\u00f3ntes Urb\u00e1ez","image":{"@type":"ImageObject","inLanguage":"es-DO","@id":"https:\/\/secure.gravatar.com\/avatar\/a49ef3186a692098ac3e8a1612261e3ad70cf9e44553dff2929e67939a0ecb9d?s=96&d=identicon&r=g","url":"https:\/\/secure.gravatar.com\/avatar\/a49ef3186a692098ac3e8a1612261e3ad70cf9e44553dff2929e67939a0ecb9d?s=96&d=identicon&r=g","contentUrl":"https:\/\/secure.gravatar.com\/avatar\/a49ef3186a692098ac3e8a1612261e3ad70cf9e44553dff2929e67939a0ecb9d?s=96&d=identicon&r=g","caption":"Genof\u00f3ntes Urb\u00e1ez"},"logo":{"@id":"https:\/\/secure.gravatar.com\/avatar\/a49ef3186a692098ac3e8a1612261e3ad70cf9e44553dff2929e67939a0ecb9d?s=96&d=identicon&r=g"},"description":"Periodista \/ Locutor","sameAs":["https:\/\/www.facebook.com\/Genofnotes","https:\/\/www.instagram.com\/genofnotes\/"]}]}},"jetpack_publicize_connections":[],"jetpack_featured_media_url":"https:\/\/i0.wp.com\/minutocerord.com\/wp-content\/uploads\/2022\/04\/48381256dd2098f244d7f553f79c9f234349d804w-6256e4401bf77-768x512-1.jpg?fit=768%2C512&ssl=1","jetpack-related-posts":[],"jetpack_sharing_enabled":true,"_links":{"self":[{"href":"https:\/\/minutocerord.com\/index.php?rest_route=\/wp\/v2\/posts\/8424","targetHints":{"allow":["GET"]}}],"collection":[{"href":"https:\/\/minutocerord.com\/index.php?rest_route=\/wp\/v2\/posts"}],"about":[{"href":"https:\/\/minutocerord.com\/index.php?rest_route=\/wp\/v2\/types\/post"}],"author":[{"embeddable":true,"href":"https:\/\/minutocerord.com\/index.php?rest_route=\/wp\/v2\/users\/1"}],"replies":[{"embeddable":true,"href":"https:\/\/minutocerord.com\/index.php?rest_route=%2Fwp%2Fv2%2Fcomments&post=8424"}],"version-history":[{"count":1,"href":"https:\/\/minutocerord.com\/index.php?rest_route=\/wp\/v2\/posts\/8424\/revisions"}],"predecessor-version":[{"id":8426,"href":"https:\/\/minutocerord.com\/index.php?rest_route=\/wp\/v2\/posts\/8424\/revisions\/8426"}],"wp:featuredmedia":[{"embeddable":true,"href":"https:\/\/minutocerord.com\/index.php?rest_route=\/wp\/v2\/media\/8425"}],"wp:attachment":[{"href":"https:\/\/minutocerord.com\/index.php?rest_route=%2Fwp%2Fv2%2Fmedia&parent=8424"}],"wp:term":[{"taxonomy":"category","embeddable":true,"href":"https:\/\/minutocerord.com\/index.php?rest_route=%2Fwp%2Fv2%2Fcategories&post=8424"},{"taxonomy":"post_tag","embeddable":true,"href":"https:\/\/minutocerord.com\/index.php?rest_route=%2Fwp%2Fv2%2Ftags&post=8424"}],"curies":[{"name":"wp","href":"https:\/\/api.w.org\/{rel}","templated":true}]}}