{"id":843,"date":"2020-11-21T02:10:35","date_gmt":"2020-11-21T06:10:35","guid":{"rendered":"https:\/\/minutocerord.com\/?p=843"},"modified":"2020-11-21T02:11:42","modified_gmt":"2020-11-21T06:11:42","slug":"pelicula-representara-a-r-dominicana-en-premios-oscar","status":"publish","type":"post","link":"https:\/\/minutocerord.com\/?p=843","title":{"rendered":"Pel\u00edcula representar\u00e1 a la Republica Dominicana en Premios \u00d3scar"},"content":{"rendered":"\n<p>SANTO DOMINGO.- El largometraje ,-Mis 500 locos-, ambientado en la \u00e9poca del tirano dominicano Rafael Trujillo, representar\u00e1 a ese pa\u00eds en el rengl\u00f3n de Mejor Pel\u00edcula Internacional de los Premios \u00d3scar, seg\u00fan anunci\u00f3 la Direcci\u00f3n General de Cine (DgCine).<\/p>\n\n\n\n<p>El drama, filmado en 2000 y de 90 minutos de duraci\u00f3n, recrea la fuga de un grupo de enfermos mentales de un manicomio en los a\u00f1os de la d\u00e9cada del cincuenta.<\/p>\n\n\n\n<p>\u00abEl llevar nuestras historias a nuevos horizontes siempre ha sido mi deseo profesional, pero a un nivel m\u00e1s personal me sobrecoge la emoci\u00f3n al pensar que la obra y personalidad del doctor (Antonio) Zaglul se conocer\u00e1n en otras latitudes gracias al nivel de exposici\u00f3n que esta importante selecci\u00f3n brinda a \u2018Mis 500 locos&#8217;\u00bb, dijo en un comunicado la directora de la cinta, Leticia Tonos.<\/p>\n\n\n\n<p>La pel\u00edcula toma el mismo t\u00edtulo de un libro muy conocido en la Rep\u00fablica Dominicana que escribiera el psiquiatra Antonio Zaglul, quien durante d\u00e9cadas dirigi\u00f3 el manicomio dominicano.<\/p>\n\n\n\n<p>La realizadora refiri\u00f3 que en un a\u00f1o \u00abtan dif\u00edcil\u00bb para la humanidad, \u00abes definitivamente un buen momento para hablar de nuestros propios h\u00e9roes y de c\u00f3mo ellos nos inspiran a seguir adelante a pesar de los retos que nos imponga la vida\u00bb.<\/p>\n\n\n\n<p>Los criterios de selecci\u00f3n tomados en cuenta por el jurado, a la hora de evaluar las producciones cinematogr\u00e1ficas seleccionadas, incluyeron la representaci\u00f3n digna del pa\u00eds, la calidad argumental, la proyecci\u00f3n local e internacional y la calidad art\u00edstica, dijo el comunicado de la Direcci\u00f3n General de Cine (DgCine).<\/p>\n\n\n\n<p>El organismo dijo que la cinta fue seleccionada por transmitir de manera efectiva la humanidad del personaje principal y por su acertada propuesta visual, en claroscuros, que retrata dignamente el universo de la discapacidad mental, en el contexto socio pol\u00edtico de la dictadura.<\/p>\n\n\n\n<p>\u00abNos enorgullece anunciar, en esta edici\u00f3n de los Premios \u00d3scar, una pel\u00edcula de cine negro, un g\u00e9nero poco utilizado en nuestro pa\u00eds, pero de mucho potencial. De igual forma, nos sentimos felices por Leticia Tonos, quien este a\u00f1o recibi\u00f3 la Medalla al M\u00e9rito Cinematogr\u00e1fico\u00bb, dijo la directora de DgCine, Ivette Marichal.<\/p>\n\n\n\n<p>El gui\u00f3n de \u00abMis 500 locos\u00bb es de Waddys J\u00e1quez y Lenin Compr\u00e9s, con Luis Jos\u00e9 Germ\u00e1n y Jane Santos en los roles protagonistas.<\/p>\n","protected":false},"excerpt":{"rendered":"<p>SANTO DOMINGO.- El largometraje ,-Mis 500 locos-, ambientado en la \u00e9poca del tirano dominicano Rafael Trujillo, representar\u00e1 a ese pa\u00eds en el rengl\u00f3n de Mejor Pel\u00edcula Internacional de los Premios \u00d3scar, seg\u00fan anunci\u00f3 la Direcci\u00f3n General de Cine (DgCine). El drama, filmado en 2000 y de 90 minutos de duraci\u00f3n, recrea la fuga de un [&hellip;]<\/p>\n","protected":false},"author":1,"featured_media":844,"comment_status":"open","ping_status":"open","sticky":false,"template":"","format":"standard","meta":{"nf_dc_page":"","jetpack_post_was_ever_published":false,"_jetpack_newsletter_access":"","_jetpack_dont_email_post_to_subs":false,"_jetpack_newsletter_tier_id":0,"_jetpack_memberships_contains_paywalled_content":false,"_jetpack_memberships_contains_paid_content":false,"footnotes":"","jetpack_publicize_message":"","jetpack_publicize_feature_enabled":true,"jetpack_social_post_already_shared":false,"jetpack_social_options":{"image_generator_settings":{"template":"highway","default_image_id":0,"font":"","enabled":false},"version":2}},"categories":[66],"tags":[],"class_list":["post-843","post","type-post","status-publish","format-standard","has-post-thumbnail","hentry","category-internacionales"],"yoast_head":"<!-- This site is optimized with the Yoast SEO plugin v27.5 - https:\/\/yoast.com\/product\/yoast-seo-wordpress\/ -->\n<title>Pel\u00edcula representar\u00e1 a la Republica Dominicana en Premios \u00d3scar - Minuto Cero RD<\/title>\n<meta name=\"robots\" content=\"index, follow, max-snippet:-1, max-image-preview:large, max-video-preview:-1\" \/>\n<link rel=\"canonical\" href=\"http:\/\/minutocerord.com\/?p=843\" \/>\n<meta property=\"og:locale\" content=\"es_ES\" \/>\n<meta property=\"og:type\" content=\"article\" \/>\n<meta property=\"og:title\" content=\"Pel\u00edcula representar\u00e1 a la Republica Dominicana en Premios \u00d3scar - Minuto Cero RD\" \/>\n<meta property=\"og:description\" content=\"SANTO DOMINGO.- El largometraje ,-Mis 500 locos-, ambientado en la \u00e9poca del tirano dominicano Rafael Trujillo, representar\u00e1 a ese pa\u00eds en el rengl\u00f3n de Mejor Pel\u00edcula Internacional de los Premios \u00d3scar, seg\u00fan anunci\u00f3 la Direcci\u00f3n General de Cine (DgCine). El drama, filmado en 2000 y de 90 minutos de duraci\u00f3n, recrea la fuga de un [&hellip;]\" \/>\n<meta property=\"og:url\" content=\"http:\/\/minutocerord.com\/?p=843\" \/>\n<meta property=\"og:site_name\" content=\"Minuto Cero RD\" \/>\n<meta property=\"article:publisher\" content=\"https:\/\/www.facebook.com\/Genofnotes\" \/>\n<meta property=\"article:author\" content=\"https:\/\/www.facebook.com\/Genofnotes\" \/>\n<meta property=\"article:published_time\" content=\"2020-11-21T06:10:35+00:00\" \/>\n<meta property=\"article:modified_time\" content=\"2020-11-21T06:11:42+00:00\" \/>\n<meta property=\"og:image\" content=\"https:\/\/i0.wp.com\/minutocerord.com\/wp-content\/uploads\/2020\/11\/500lo.jpg?fit=1200%2C671\" \/>\n\t<meta property=\"og:image:width\" content=\"1200\" \/>\n\t<meta property=\"og:image:height\" content=\"671\" \/>\n\t<meta property=\"og:image:type\" content=\"image\/jpeg\" \/>\n<meta name=\"author\" content=\"Genof\u00f3ntes Urb\u00e1ez\" \/>\n<meta name=\"twitter:card\" content=\"summary_large_image\" \/>\n<meta name=\"twitter:label1\" content=\"Written by\" \/>\n\t<meta name=\"twitter:data1\" content=\"Genof\u00f3ntes Urb\u00e1ez\" \/>\n\t<meta name=\"twitter:label2\" content=\"Est. reading time\" \/>\n\t<meta name=\"twitter:data2\" content=\"2 minutos\" \/>\n<script type=\"application\/ld+json\" class=\"yoast-schema-graph\">{\"@context\":\"https:\\\/\\\/schema.org\",\"@graph\":[{\"@type\":\"Article\",\"@id\":\"http:\\\/\\\/minutocerord.com\\\/?p=843#article\",\"isPartOf\":{\"@id\":\"http:\\\/\\\/minutocerord.com\\\/?p=843\"},\"author\":{\"name\":\"Genof\u00f3ntes Urb\u00e1ez\",\"@id\":\"https:\\\/\\\/minutocerord.com\\\/#\\\/schema\\\/person\\\/60b5372d60aaa0a5171fb6488be9aee6\"},\"headline\":\"Pel\u00edcula representar\u00e1 a la Republica Dominicana en Premios \u00d3scar\",\"datePublished\":\"2020-11-21T06:10:35+00:00\",\"dateModified\":\"2020-11-21T06:11:42+00:00\",\"mainEntityOfPage\":{\"@id\":\"http:\\\/\\\/minutocerord.com\\\/?p=843\"},\"wordCount\":415,\"commentCount\":0,\"publisher\":{\"@id\":\"https:\\\/\\\/minutocerord.com\\\/#\\\/schema\\\/person\\\/60b5372d60aaa0a5171fb6488be9aee6\"},\"image\":{\"@id\":\"http:\\\/\\\/minutocerord.com\\\/?p=843#primaryimage\"},\"thumbnailUrl\":\"https:\\\/\\\/i0.wp.com\\\/minutocerord.com\\\/wp-content\\\/uploads\\\/2020\\\/11\\\/500lo.jpg?fit=1200%2C671&ssl=1\",\"articleSection\":[\"Internacionales\"],\"inLanguage\":\"es-DO\",\"potentialAction\":[{\"@type\":\"CommentAction\",\"name\":\"Comment\",\"target\":[\"http:\\\/\\\/minutocerord.com\\\/?p=843#respond\"]}]},{\"@type\":\"WebPage\",\"@id\":\"http:\\\/\\\/minutocerord.com\\\/?p=843\",\"url\":\"http:\\\/\\\/minutocerord.com\\\/?p=843\",\"name\":\"Pel\u00edcula representar\u00e1 a la Republica Dominicana en Premios \u00d3scar - Minuto Cero RD\",\"isPartOf\":{\"@id\":\"https:\\\/\\\/minutocerord.com\\\/#website\"},\"primaryImageOfPage\":{\"@id\":\"http:\\\/\\\/minutocerord.com\\\/?p=843#primaryimage\"},\"image\":{\"@id\":\"http:\\\/\\\/minutocerord.com\\\/?p=843#primaryimage\"},\"thumbnailUrl\":\"https:\\\/\\\/i0.wp.com\\\/minutocerord.com\\\/wp-content\\\/uploads\\\/2020\\\/11\\\/500lo.jpg?fit=1200%2C671&ssl=1\",\"datePublished\":\"2020-11-21T06:10:35+00:00\",\"dateModified\":\"2020-11-21T06:11:42+00:00\",\"breadcrumb\":{\"@id\":\"http:\\\/\\\/minutocerord.com\\\/?p=843#breadcrumb\"},\"inLanguage\":\"es-DO\",\"potentialAction\":[{\"@type\":\"ReadAction\",\"target\":[\"http:\\\/\\\/minutocerord.com\\\/?p=843\"]}]},{\"@type\":\"ImageObject\",\"inLanguage\":\"es-DO\",\"@id\":\"http:\\\/\\\/minutocerord.com\\\/?p=843#primaryimage\",\"url\":\"https:\\\/\\\/i0.wp.com\\\/minutocerord.com\\\/wp-content\\\/uploads\\\/2020\\\/11\\\/500lo.jpg?fit=1200%2C671&ssl=1\",\"contentUrl\":\"https:\\\/\\\/i0.wp.com\\\/minutocerord.com\\\/wp-content\\\/uploads\\\/2020\\\/11\\\/500lo.jpg?fit=1200%2C671&ssl=1\",\"width\":1200,\"height\":671},{\"@type\":\"BreadcrumbList\",\"@id\":\"http:\\\/\\\/minutocerord.com\\\/?p=843#breadcrumb\",\"itemListElement\":[{\"@type\":\"ListItem\",\"position\":1,\"name\":\"Home\",\"item\":\"https:\\\/\\\/minutocerord.com\\\/\"},{\"@type\":\"ListItem\",\"position\":2,\"name\":\"Pel\u00edcula representar\u00e1 a la Republica Dominicana en Premios \u00d3scar\"}]},{\"@type\":\"WebSite\",\"@id\":\"https:\\\/\\\/minutocerord.com\\\/#website\",\"url\":\"https:\\\/\\\/minutocerord.com\\\/\",\"name\":\"Minuto Cero RD\",\"description\":\"Periodismo serio y veraz\",\"publisher\":{\"@id\":\"https:\\\/\\\/minutocerord.com\\\/#\\\/schema\\\/person\\\/60b5372d60aaa0a5171fb6488be9aee6\"},\"potentialAction\":[{\"@type\":\"SearchAction\",\"target\":{\"@type\":\"EntryPoint\",\"urlTemplate\":\"https:\\\/\\\/minutocerord.com\\\/?s={search_term_string}\"},\"query-input\":{\"@type\":\"PropertyValueSpecification\",\"valueRequired\":true,\"valueName\":\"search_term_string\"}}],\"inLanguage\":\"es-DO\"},{\"@type\":[\"Person\",\"Organization\"],\"@id\":\"https:\\\/\\\/minutocerord.com\\\/#\\\/schema\\\/person\\\/60b5372d60aaa0a5171fb6488be9aee6\",\"name\":\"Genof\u00f3ntes Urb\u00e1ez\",\"image\":{\"@type\":\"ImageObject\",\"inLanguage\":\"es-DO\",\"@id\":\"https:\\\/\\\/secure.gravatar.com\\\/avatar\\\/a49ef3186a692098ac3e8a1612261e3ad70cf9e44553dff2929e67939a0ecb9d?s=96&d=identicon&r=g\",\"url\":\"https:\\\/\\\/secure.gravatar.com\\\/avatar\\\/a49ef3186a692098ac3e8a1612261e3ad70cf9e44553dff2929e67939a0ecb9d?s=96&d=identicon&r=g\",\"contentUrl\":\"https:\\\/\\\/secure.gravatar.com\\\/avatar\\\/a49ef3186a692098ac3e8a1612261e3ad70cf9e44553dff2929e67939a0ecb9d?s=96&d=identicon&r=g\",\"caption\":\"Genof\u00f3ntes Urb\u00e1ez\"},\"logo\":{\"@id\":\"https:\\\/\\\/secure.gravatar.com\\\/avatar\\\/a49ef3186a692098ac3e8a1612261e3ad70cf9e44553dff2929e67939a0ecb9d?s=96&d=identicon&r=g\"},\"description\":\"Periodista \\\/ Locutor\",\"sameAs\":[\"https:\\\/\\\/www.facebook.com\\\/Genofnotes\",\"https:\\\/\\\/www.instagram.com\\\/genofnotes\\\/\"]}]}<\/script>\n<!-- \/ Yoast SEO plugin. -->","yoast_head_json":{"title":"Pel\u00edcula representar\u00e1 a la Republica Dominicana en Premios \u00d3scar - Minuto Cero RD","robots":{"index":"index","follow":"follow","max-snippet":"max-snippet:-1","max-image-preview":"max-image-preview:large","max-video-preview":"max-video-preview:-1"},"canonical":"http:\/\/minutocerord.com\/?p=843","og_locale":"es_ES","og_type":"article","og_title":"Pel\u00edcula representar\u00e1 a la Republica Dominicana en Premios \u00d3scar - Minuto Cero RD","og_description":"SANTO DOMINGO.- El largometraje ,-Mis 500 locos-, ambientado en la \u00e9poca del tirano dominicano Rafael Trujillo, representar\u00e1 a ese pa\u00eds en el rengl\u00f3n de Mejor Pel\u00edcula Internacional de los Premios \u00d3scar, seg\u00fan anunci\u00f3 la Direcci\u00f3n General de Cine (DgCine). El drama, filmado en 2000 y de 90 minutos de duraci\u00f3n, recrea la fuga de un [&hellip;]","og_url":"http:\/\/minutocerord.com\/?p=843","og_site_name":"Minuto Cero RD","article_publisher":"https:\/\/www.facebook.com\/Genofnotes","article_author":"https:\/\/www.facebook.com\/Genofnotes","article_published_time":"2020-11-21T06:10:35+00:00","article_modified_time":"2020-11-21T06:11:42+00:00","og_image":[{"width":1200,"height":671,"url":"https:\/\/i0.wp.com\/minutocerord.com\/wp-content\/uploads\/2020\/11\/500lo.jpg?fit=1200%2C671","type":"image\/jpeg"}],"author":"Genof\u00f3ntes Urb\u00e1ez","twitter_card":"summary_large_image","twitter_misc":{"Written by":"Genof\u00f3ntes Urb\u00e1ez","Est. reading time":"2 minutos"},"schema":{"@context":"https:\/\/schema.org","@graph":[{"@type":"Article","@id":"http:\/\/minutocerord.com\/?p=843#article","isPartOf":{"@id":"http:\/\/minutocerord.com\/?p=843"},"author":{"name":"Genof\u00f3ntes Urb\u00e1ez","@id":"https:\/\/minutocerord.com\/#\/schema\/person\/60b5372d60aaa0a5171fb6488be9aee6"},"headline":"Pel\u00edcula representar\u00e1 a la Republica Dominicana en Premios \u00d3scar","datePublished":"2020-11-21T06:10:35+00:00","dateModified":"2020-11-21T06:11:42+00:00","mainEntityOfPage":{"@id":"http:\/\/minutocerord.com\/?p=843"},"wordCount":415,"commentCount":0,"publisher":{"@id":"https:\/\/minutocerord.com\/#\/schema\/person\/60b5372d60aaa0a5171fb6488be9aee6"},"image":{"@id":"http:\/\/minutocerord.com\/?p=843#primaryimage"},"thumbnailUrl":"https:\/\/i0.wp.com\/minutocerord.com\/wp-content\/uploads\/2020\/11\/500lo.jpg?fit=1200%2C671&ssl=1","articleSection":["Internacionales"],"inLanguage":"es-DO","potentialAction":[{"@type":"CommentAction","name":"Comment","target":["http:\/\/minutocerord.com\/?p=843#respond"]}]},{"@type":"WebPage","@id":"http:\/\/minutocerord.com\/?p=843","url":"http:\/\/minutocerord.com\/?p=843","name":"Pel\u00edcula representar\u00e1 a la Republica Dominicana en Premios \u00d3scar - Minuto Cero RD","isPartOf":{"@id":"https:\/\/minutocerord.com\/#website"},"primaryImageOfPage":{"@id":"http:\/\/minutocerord.com\/?p=843#primaryimage"},"image":{"@id":"http:\/\/minutocerord.com\/?p=843#primaryimage"},"thumbnailUrl":"https:\/\/i0.wp.com\/minutocerord.com\/wp-content\/uploads\/2020\/11\/500lo.jpg?fit=1200%2C671&ssl=1","datePublished":"2020-11-21T06:10:35+00:00","dateModified":"2020-11-21T06:11:42+00:00","breadcrumb":{"@id":"http:\/\/minutocerord.com\/?p=843#breadcrumb"},"inLanguage":"es-DO","potentialAction":[{"@type":"ReadAction","target":["http:\/\/minutocerord.com\/?p=843"]}]},{"@type":"ImageObject","inLanguage":"es-DO","@id":"http:\/\/minutocerord.com\/?p=843#primaryimage","url":"https:\/\/i0.wp.com\/minutocerord.com\/wp-content\/uploads\/2020\/11\/500lo.jpg?fit=1200%2C671&ssl=1","contentUrl":"https:\/\/i0.wp.com\/minutocerord.com\/wp-content\/uploads\/2020\/11\/500lo.jpg?fit=1200%2C671&ssl=1","width":1200,"height":671},{"@type":"BreadcrumbList","@id":"http:\/\/minutocerord.com\/?p=843#breadcrumb","itemListElement":[{"@type":"ListItem","position":1,"name":"Home","item":"https:\/\/minutocerord.com\/"},{"@type":"ListItem","position":2,"name":"Pel\u00edcula representar\u00e1 a la Republica Dominicana en Premios \u00d3scar"}]},{"@type":"WebSite","@id":"https:\/\/minutocerord.com\/#website","url":"https:\/\/minutocerord.com\/","name":"Minuto Cero RD","description":"Periodismo serio y veraz","publisher":{"@id":"https:\/\/minutocerord.com\/#\/schema\/person\/60b5372d60aaa0a5171fb6488be9aee6"},"potentialAction":[{"@type":"SearchAction","target":{"@type":"EntryPoint","urlTemplate":"https:\/\/minutocerord.com\/?s={search_term_string}"},"query-input":{"@type":"PropertyValueSpecification","valueRequired":true,"valueName":"search_term_string"}}],"inLanguage":"es-DO"},{"@type":["Person","Organization"],"@id":"https:\/\/minutocerord.com\/#\/schema\/person\/60b5372d60aaa0a5171fb6488be9aee6","name":"Genof\u00f3ntes Urb\u00e1ez","image":{"@type":"ImageObject","inLanguage":"es-DO","@id":"https:\/\/secure.gravatar.com\/avatar\/a49ef3186a692098ac3e8a1612261e3ad70cf9e44553dff2929e67939a0ecb9d?s=96&d=identicon&r=g","url":"https:\/\/secure.gravatar.com\/avatar\/a49ef3186a692098ac3e8a1612261e3ad70cf9e44553dff2929e67939a0ecb9d?s=96&d=identicon&r=g","contentUrl":"https:\/\/secure.gravatar.com\/avatar\/a49ef3186a692098ac3e8a1612261e3ad70cf9e44553dff2929e67939a0ecb9d?s=96&d=identicon&r=g","caption":"Genof\u00f3ntes Urb\u00e1ez"},"logo":{"@id":"https:\/\/secure.gravatar.com\/avatar\/a49ef3186a692098ac3e8a1612261e3ad70cf9e44553dff2929e67939a0ecb9d?s=96&d=identicon&r=g"},"description":"Periodista \/ Locutor","sameAs":["https:\/\/www.facebook.com\/Genofnotes","https:\/\/www.instagram.com\/genofnotes\/"]}]}},"jetpack_publicize_connections":[],"jetpack_featured_media_url":"https:\/\/i0.wp.com\/minutocerord.com\/wp-content\/uploads\/2020\/11\/500lo.jpg?fit=1200%2C671&ssl=1","jetpack-related-posts":[],"jetpack_sharing_enabled":true,"_links":{"self":[{"href":"https:\/\/minutocerord.com\/index.php?rest_route=\/wp\/v2\/posts\/843","targetHints":{"allow":["GET"]}}],"collection":[{"href":"https:\/\/minutocerord.com\/index.php?rest_route=\/wp\/v2\/posts"}],"about":[{"href":"https:\/\/minutocerord.com\/index.php?rest_route=\/wp\/v2\/types\/post"}],"author":[{"embeddable":true,"href":"https:\/\/minutocerord.com\/index.php?rest_route=\/wp\/v2\/users\/1"}],"replies":[{"embeddable":true,"href":"https:\/\/minutocerord.com\/index.php?rest_route=%2Fwp%2Fv2%2Fcomments&post=843"}],"version-history":[{"count":2,"href":"https:\/\/minutocerord.com\/index.php?rest_route=\/wp\/v2\/posts\/843\/revisions"}],"predecessor-version":[{"id":846,"href":"https:\/\/minutocerord.com\/index.php?rest_route=\/wp\/v2\/posts\/843\/revisions\/846"}],"wp:featuredmedia":[{"embeddable":true,"href":"https:\/\/minutocerord.com\/index.php?rest_route=\/wp\/v2\/media\/844"}],"wp:attachment":[{"href":"https:\/\/minutocerord.com\/index.php?rest_route=%2Fwp%2Fv2%2Fmedia&parent=843"}],"wp:term":[{"taxonomy":"category","embeddable":true,"href":"https:\/\/minutocerord.com\/index.php?rest_route=%2Fwp%2Fv2%2Fcategories&post=843"},{"taxonomy":"post_tag","embeddable":true,"href":"https:\/\/minutocerord.com\/index.php?rest_route=%2Fwp%2Fv2%2Ftags&post=843"}],"curies":[{"name":"wp","href":"https:\/\/api.w.org\/{rel}","templated":true}]}}