{"id":8433,"date":"2022-04-13T15:22:55","date_gmt":"2022-04-13T19:22:55","guid":{"rendered":"https:\/\/minutocerord.com\/?p=8433"},"modified":"2022-04-13T15:23:14","modified_gmt":"2022-04-13T19:23:14","slug":"salud-publica-notifica-37-nuevos-casos-de-covid-y-0-defunciones","status":"publish","type":"post","link":"https:\/\/minutocerord.com\/?p=8433","title":{"rendered":"Salud P\u00fablica notifica 37 nuevos casos de covid y 0 defunciones"},"content":{"rendered":"\n<p><strong>SANTO DOMINGO.- <\/strong>El Ministerio de Salud P\u00fablica notific\u00f3 este este mi\u00e9rcoles 37 nuevos contagios de covid-19 en Rep\u00fablica Dominicana, 19 menos que los 56 registrados en la v\u00edspera, y ninguna defunci\u00f3n.<\/p>\n\n\n\n<p><strong>1,851 PRUEBAS<\/strong><\/p>\n\n\n\n<p>Indic\u00f3 que entre las 9:00 de la ma\u00f1ana lunes e igual hora del martes fueron procesadas 1,851 pruebas&nbsp; que detectaron 16 contagios en el Distrito Nacional, 6 en la provincia Santo Domingo, 2 en Santiago, 5 en la Altagracia, 2 en San Crist\u00f3bal, 2 en Puerto Plata, 1 en Azua, 1 en provincia Duarte, 1 en La Vega y 1 en Valverde.<\/p>\n\n\n\n<p><strong>4,375 MUERTOS<\/strong><\/p>\n\n\n\n<p>El total de muertos por covid-19 en el pa\u00eds es de 4,375, el 23.13% de los cuales era hipertenso y el 14.47% diab\u00e9tico.<\/p>\n\n\n\n<p>Entre los infectados hay 2,301 trabajadores de la salud, 1,830 embarazadas y 67,101 menores de 20 a\u00f1os.<\/p>\n\n\n\n<p><strong>OCUPACION HOSPITALARIA<\/strong><\/p>\n\n\n\n<p>En Rep\u00fablica Dominicana hay disponibilidad de 2,373 camas para pacientes de COVID, 40 de las cuales (2%) est\u00e1n ocupadas.<\/p>\n\n\n\n<p>Hay 585 camas en unidades de cuidados intensivos, 15 de ellas ocupadas (3%). De 469 ventiladores disponibles en la red hospitalaria, 10 est\u00e1n ocupados (2%).<\/p>\n\n\n\n<p><strong>CIFRAS CONTAGIOS Y MUERTES<\/strong><\/p>\n\n\n\n<p>28 marzo&nbsp;\u2013 30 contagios, 0 defunciones<\/p>\n\n\n\n<p>29 marzo&nbsp;\u2013 72 contagios, 0 defunciones<\/p>\n\n\n\n<p>30 marzo&nbsp;\u2013 38 contagios, 0 defunciones<\/p>\n\n\n\n<p>31 marzo&nbsp;\u2013 18 contagios, 0 defunciones<\/p>\n\n\n\n<p>1 abril \u2013 92 contagios, 0 defunciones<\/p>\n\n\n\n<p>2 abril \u2013 49 contagios, 0 defunciones<\/p>\n\n\n\n<p>3 abril \u2013 30 contagios, 0 defunciones<\/p>\n\n\n\n<p>4 abril \u2013 44 contagios, 0 defunciones<\/p>\n\n\n\n<p>5 abril \u2013 66 contagios, 0 defunciones<\/p>\n\n\n\n<p>6 abril \u2013 58 contagios, 0 defunciones<\/p>\n\n\n\n<p>7 abril \u2013 39 contagios, 0 defunciones<\/p>\n\n\n\n<p>8 abril \u2013 68 contagios, 0 defunciones<\/p>\n\n\n\n<p>9 abril \u2013 47 contagios, 0 defunciones<\/p>\n\n\n\n<p>10 abril \u2013 25 contagios, 0 defunciones<\/p>\n\n\n\n<p>11 abril \u2013 14 contagios, 0 defunciones<\/p>\n\n\n\n<p>12 abril- 56 contagios, 0 defunciones<\/p>\n\n\n\n<p>13 abril- 37 contagios, 0 defunciones<\/p>\n","protected":false},"excerpt":{"rendered":"<p>SANTO DOMINGO.- El Ministerio de Salud P\u00fablica notific\u00f3 este este mi\u00e9rcoles 37 nuevos contagios de covid-19 en Rep\u00fablica Dominicana, 19 menos que los 56 registrados en la v\u00edspera, y ninguna defunci\u00f3n. 1,851 PRUEBAS Indic\u00f3 que entre las 9:00 de la ma\u00f1ana lunes e igual hora del martes fueron procesadas 1,851 pruebas&nbsp; que detectaron 16 contagios [&hellip;]<\/p>\n","protected":false},"author":1,"featured_media":8434,"comment_status":"open","ping_status":"open","sticky":false,"template":"","format":"standard","meta":{"nf_dc_page":"","jetpack_post_was_ever_published":false,"_jetpack_newsletter_access":"","_jetpack_dont_email_post_to_subs":false,"_jetpack_newsletter_tier_id":0,"_jetpack_memberships_contains_paywalled_content":false,"_jetpack_memberships_contains_paid_content":false,"footnotes":"","jetpack_publicize_message":"","jetpack_publicize_feature_enabled":true,"jetpack_social_post_already_shared":false,"jetpack_social_options":{"image_generator_settings":{"template":"highway","default_image_id":0,"font":"","enabled":false},"version":2}},"categories":[67],"tags":[],"class_list":["post-8433","post","type-post","status-publish","format-standard","has-post-thumbnail","hentry","category-salud"],"yoast_head":"<!-- This site is optimized with the Yoast SEO plugin v27.4 - https:\/\/yoast.com\/product\/yoast-seo-wordpress\/ -->\n<title>Salud P\u00fablica notifica 37 nuevos casos de covid y 0 defunciones - Minuto Cero RD<\/title>\n<meta name=\"robots\" content=\"index, follow, max-snippet:-1, max-image-preview:large, max-video-preview:-1\" \/>\n<link rel=\"canonical\" href=\"http:\/\/minutocerord.com\/?p=8433\" \/>\n<meta property=\"og:locale\" content=\"es_ES\" \/>\n<meta property=\"og:type\" content=\"article\" \/>\n<meta property=\"og:title\" content=\"Salud P\u00fablica notifica 37 nuevos casos de covid y 0 defunciones - Minuto Cero RD\" \/>\n<meta property=\"og:description\" content=\"SANTO DOMINGO.- El Ministerio de Salud P\u00fablica notific\u00f3 este este mi\u00e9rcoles 37 nuevos contagios de covid-19 en Rep\u00fablica Dominicana, 19 menos que los 56 registrados en la v\u00edspera, y ninguna defunci\u00f3n. 1,851 PRUEBAS Indic\u00f3 que entre las 9:00 de la ma\u00f1ana lunes e igual hora del martes fueron procesadas 1,851 pruebas&nbsp; que detectaron 16 contagios [&hellip;]\" \/>\n<meta property=\"og:url\" content=\"http:\/\/minutocerord.com\/?p=8433\" \/>\n<meta property=\"og:site_name\" content=\"Minuto Cero RD\" \/>\n<meta property=\"article:publisher\" content=\"https:\/\/www.facebook.com\/Genofnotes\" \/>\n<meta property=\"article:author\" content=\"https:\/\/www.facebook.com\/Genofnotes\" \/>\n<meta property=\"article:published_time\" content=\"2022-04-13T19:22:55+00:00\" \/>\n<meta property=\"article:modified_time\" content=\"2022-04-13T19:23:14+00:00\" \/>\n<meta property=\"og:image\" content=\"https:\/\/i0.wp.com\/minutocerord.com\/wp-content\/uploads\/2022\/04\/persona-de-salud-ralizando-prueba-pcr-para-detectar-covid-19-13072020-danelis-sena-dl-16195392-20210416225949_17738368_20211201122106.jpg?fit=1970%2C1024\" \/>\n\t<meta property=\"og:image:width\" content=\"1970\" \/>\n\t<meta property=\"og:image:height\" content=\"1024\" \/>\n\t<meta property=\"og:image:type\" content=\"image\/jpeg\" \/>\n<meta name=\"author\" content=\"Genof\u00f3ntes Urb\u00e1ez\" \/>\n<meta name=\"twitter:card\" content=\"summary_large_image\" \/>\n<meta name=\"twitter:label1\" content=\"Written by\" \/>\n\t<meta name=\"twitter:data1\" content=\"Genof\u00f3ntes Urb\u00e1ez\" \/>\n\t<meta name=\"twitter:label2\" content=\"Est. reading time\" \/>\n\t<meta name=\"twitter:data2\" content=\"2 minutos\" \/>\n<script type=\"application\/ld+json\" class=\"yoast-schema-graph\">{\"@context\":\"https:\\\/\\\/schema.org\",\"@graph\":[{\"@type\":\"Article\",\"@id\":\"http:\\\/\\\/minutocerord.com\\\/?p=8433#article\",\"isPartOf\":{\"@id\":\"http:\\\/\\\/minutocerord.com\\\/?p=8433\"},\"author\":{\"name\":\"Genof\u00f3ntes Urb\u00e1ez\",\"@id\":\"https:\\\/\\\/minutocerord.com\\\/#\\\/schema\\\/person\\\/60b5372d60aaa0a5171fb6488be9aee6\"},\"headline\":\"Salud P\u00fablica notifica 37 nuevos casos de covid y 0 defunciones\",\"datePublished\":\"2022-04-13T19:22:55+00:00\",\"dateModified\":\"2022-04-13T19:23:14+00:00\",\"mainEntityOfPage\":{\"@id\":\"http:\\\/\\\/minutocerord.com\\\/?p=8433\"},\"wordCount\":234,\"commentCount\":0,\"publisher\":{\"@id\":\"https:\\\/\\\/minutocerord.com\\\/#\\\/schema\\\/person\\\/60b5372d60aaa0a5171fb6488be9aee6\"},\"image\":{\"@id\":\"http:\\\/\\\/minutocerord.com\\\/?p=8433#primaryimage\"},\"thumbnailUrl\":\"https:\\\/\\\/i0.wp.com\\\/minutocerord.com\\\/wp-content\\\/uploads\\\/2022\\\/04\\\/persona-de-salud-ralizando-prueba-pcr-para-detectar-covid-19-13072020-danelis-sena-dl-16195392-20210416225949_17738368_20211201122106.jpg?fit=1970%2C1024&ssl=1\",\"articleSection\":[\"Salud\"],\"inLanguage\":\"es-DO\",\"potentialAction\":[{\"@type\":\"CommentAction\",\"name\":\"Comment\",\"target\":[\"http:\\\/\\\/minutocerord.com\\\/?p=8433#respond\"]}]},{\"@type\":\"WebPage\",\"@id\":\"http:\\\/\\\/minutocerord.com\\\/?p=8433\",\"url\":\"http:\\\/\\\/minutocerord.com\\\/?p=8433\",\"name\":\"Salud P\u00fablica notifica 37 nuevos casos de covid y 0 defunciones - Minuto Cero RD\",\"isPartOf\":{\"@id\":\"https:\\\/\\\/minutocerord.com\\\/#website\"},\"primaryImageOfPage\":{\"@id\":\"http:\\\/\\\/minutocerord.com\\\/?p=8433#primaryimage\"},\"image\":{\"@id\":\"http:\\\/\\\/minutocerord.com\\\/?p=8433#primaryimage\"},\"thumbnailUrl\":\"https:\\\/\\\/i0.wp.com\\\/minutocerord.com\\\/wp-content\\\/uploads\\\/2022\\\/04\\\/persona-de-salud-ralizando-prueba-pcr-para-detectar-covid-19-13072020-danelis-sena-dl-16195392-20210416225949_17738368_20211201122106.jpg?fit=1970%2C1024&ssl=1\",\"datePublished\":\"2022-04-13T19:22:55+00:00\",\"dateModified\":\"2022-04-13T19:23:14+00:00\",\"breadcrumb\":{\"@id\":\"http:\\\/\\\/minutocerord.com\\\/?p=8433#breadcrumb\"},\"inLanguage\":\"es-DO\",\"potentialAction\":[{\"@type\":\"ReadAction\",\"target\":[\"http:\\\/\\\/minutocerord.com\\\/?p=8433\"]}]},{\"@type\":\"ImageObject\",\"inLanguage\":\"es-DO\",\"@id\":\"http:\\\/\\\/minutocerord.com\\\/?p=8433#primaryimage\",\"url\":\"https:\\\/\\\/i0.wp.com\\\/minutocerord.com\\\/wp-content\\\/uploads\\\/2022\\\/04\\\/persona-de-salud-ralizando-prueba-pcr-para-detectar-covid-19-13072020-danelis-sena-dl-16195392-20210416225949_17738368_20211201122106.jpg?fit=1970%2C1024&ssl=1\",\"contentUrl\":\"https:\\\/\\\/i0.wp.com\\\/minutocerord.com\\\/wp-content\\\/uploads\\\/2022\\\/04\\\/persona-de-salud-ralizando-prueba-pcr-para-detectar-covid-19-13072020-danelis-sena-dl-16195392-20210416225949_17738368_20211201122106.jpg?fit=1970%2C1024&ssl=1\",\"width\":1970,\"height\":1024},{\"@type\":\"BreadcrumbList\",\"@id\":\"http:\\\/\\\/minutocerord.com\\\/?p=8433#breadcrumb\",\"itemListElement\":[{\"@type\":\"ListItem\",\"position\":1,\"name\":\"Home\",\"item\":\"https:\\\/\\\/minutocerord.com\\\/\"},{\"@type\":\"ListItem\",\"position\":2,\"name\":\"Salud P\u00fablica notifica 37 nuevos casos de covid y 0 defunciones\"}]},{\"@type\":\"WebSite\",\"@id\":\"https:\\\/\\\/minutocerord.com\\\/#website\",\"url\":\"https:\\\/\\\/minutocerord.com\\\/\",\"name\":\"Minuto Cero RD\",\"description\":\"Periodismo serio y veraz\",\"publisher\":{\"@id\":\"https:\\\/\\\/minutocerord.com\\\/#\\\/schema\\\/person\\\/60b5372d60aaa0a5171fb6488be9aee6\"},\"potentialAction\":[{\"@type\":\"SearchAction\",\"target\":{\"@type\":\"EntryPoint\",\"urlTemplate\":\"https:\\\/\\\/minutocerord.com\\\/?s={search_term_string}\"},\"query-input\":{\"@type\":\"PropertyValueSpecification\",\"valueRequired\":true,\"valueName\":\"search_term_string\"}}],\"inLanguage\":\"es-DO\"},{\"@type\":[\"Person\",\"Organization\"],\"@id\":\"https:\\\/\\\/minutocerord.com\\\/#\\\/schema\\\/person\\\/60b5372d60aaa0a5171fb6488be9aee6\",\"name\":\"Genof\u00f3ntes Urb\u00e1ez\",\"image\":{\"@type\":\"ImageObject\",\"inLanguage\":\"es-DO\",\"@id\":\"https:\\\/\\\/secure.gravatar.com\\\/avatar\\\/a49ef3186a692098ac3e8a1612261e3ad70cf9e44553dff2929e67939a0ecb9d?s=96&d=identicon&r=g\",\"url\":\"https:\\\/\\\/secure.gravatar.com\\\/avatar\\\/a49ef3186a692098ac3e8a1612261e3ad70cf9e44553dff2929e67939a0ecb9d?s=96&d=identicon&r=g\",\"contentUrl\":\"https:\\\/\\\/secure.gravatar.com\\\/avatar\\\/a49ef3186a692098ac3e8a1612261e3ad70cf9e44553dff2929e67939a0ecb9d?s=96&d=identicon&r=g\",\"caption\":\"Genof\u00f3ntes Urb\u00e1ez\"},\"logo\":{\"@id\":\"https:\\\/\\\/secure.gravatar.com\\\/avatar\\\/a49ef3186a692098ac3e8a1612261e3ad70cf9e44553dff2929e67939a0ecb9d?s=96&d=identicon&r=g\"},\"description\":\"Periodista \\\/ Locutor\",\"sameAs\":[\"https:\\\/\\\/www.facebook.com\\\/Genofnotes\",\"https:\\\/\\\/www.instagram.com\\\/genofnotes\\\/\"]}]}<\/script>\n<!-- \/ Yoast SEO plugin. -->","yoast_head_json":{"title":"Salud P\u00fablica notifica 37 nuevos casos de covid y 0 defunciones - Minuto Cero RD","robots":{"index":"index","follow":"follow","max-snippet":"max-snippet:-1","max-image-preview":"max-image-preview:large","max-video-preview":"max-video-preview:-1"},"canonical":"http:\/\/minutocerord.com\/?p=8433","og_locale":"es_ES","og_type":"article","og_title":"Salud P\u00fablica notifica 37 nuevos casos de covid y 0 defunciones - Minuto Cero RD","og_description":"SANTO DOMINGO.- El Ministerio de Salud P\u00fablica notific\u00f3 este este mi\u00e9rcoles 37 nuevos contagios de covid-19 en Rep\u00fablica Dominicana, 19 menos que los 56 registrados en la v\u00edspera, y ninguna defunci\u00f3n. 1,851 PRUEBAS Indic\u00f3 que entre las 9:00 de la ma\u00f1ana lunes e igual hora del martes fueron procesadas 1,851 pruebas&nbsp; que detectaron 16 contagios [&hellip;]","og_url":"http:\/\/minutocerord.com\/?p=8433","og_site_name":"Minuto Cero RD","article_publisher":"https:\/\/www.facebook.com\/Genofnotes","article_author":"https:\/\/www.facebook.com\/Genofnotes","article_published_time":"2022-04-13T19:22:55+00:00","article_modified_time":"2022-04-13T19:23:14+00:00","og_image":[{"width":1970,"height":1024,"url":"https:\/\/i0.wp.com\/minutocerord.com\/wp-content\/uploads\/2022\/04\/persona-de-salud-ralizando-prueba-pcr-para-detectar-covid-19-13072020-danelis-sena-dl-16195392-20210416225949_17738368_20211201122106.jpg?fit=1970%2C1024","type":"image\/jpeg"}],"author":"Genof\u00f3ntes Urb\u00e1ez","twitter_card":"summary_large_image","twitter_misc":{"Written by":"Genof\u00f3ntes Urb\u00e1ez","Est. reading time":"2 minutos"},"schema":{"@context":"https:\/\/schema.org","@graph":[{"@type":"Article","@id":"http:\/\/minutocerord.com\/?p=8433#article","isPartOf":{"@id":"http:\/\/minutocerord.com\/?p=8433"},"author":{"name":"Genof\u00f3ntes Urb\u00e1ez","@id":"https:\/\/minutocerord.com\/#\/schema\/person\/60b5372d60aaa0a5171fb6488be9aee6"},"headline":"Salud P\u00fablica notifica 37 nuevos casos de covid y 0 defunciones","datePublished":"2022-04-13T19:22:55+00:00","dateModified":"2022-04-13T19:23:14+00:00","mainEntityOfPage":{"@id":"http:\/\/minutocerord.com\/?p=8433"},"wordCount":234,"commentCount":0,"publisher":{"@id":"https:\/\/minutocerord.com\/#\/schema\/person\/60b5372d60aaa0a5171fb6488be9aee6"},"image":{"@id":"http:\/\/minutocerord.com\/?p=8433#primaryimage"},"thumbnailUrl":"https:\/\/i0.wp.com\/minutocerord.com\/wp-content\/uploads\/2022\/04\/persona-de-salud-ralizando-prueba-pcr-para-detectar-covid-19-13072020-danelis-sena-dl-16195392-20210416225949_17738368_20211201122106.jpg?fit=1970%2C1024&ssl=1","articleSection":["Salud"],"inLanguage":"es-DO","potentialAction":[{"@type":"CommentAction","name":"Comment","target":["http:\/\/minutocerord.com\/?p=8433#respond"]}]},{"@type":"WebPage","@id":"http:\/\/minutocerord.com\/?p=8433","url":"http:\/\/minutocerord.com\/?p=8433","name":"Salud P\u00fablica notifica 37 nuevos casos de covid y 0 defunciones - Minuto Cero RD","isPartOf":{"@id":"https:\/\/minutocerord.com\/#website"},"primaryImageOfPage":{"@id":"http:\/\/minutocerord.com\/?p=8433#primaryimage"},"image":{"@id":"http:\/\/minutocerord.com\/?p=8433#primaryimage"},"thumbnailUrl":"https:\/\/i0.wp.com\/minutocerord.com\/wp-content\/uploads\/2022\/04\/persona-de-salud-ralizando-prueba-pcr-para-detectar-covid-19-13072020-danelis-sena-dl-16195392-20210416225949_17738368_20211201122106.jpg?fit=1970%2C1024&ssl=1","datePublished":"2022-04-13T19:22:55+00:00","dateModified":"2022-04-13T19:23:14+00:00","breadcrumb":{"@id":"http:\/\/minutocerord.com\/?p=8433#breadcrumb"},"inLanguage":"es-DO","potentialAction":[{"@type":"ReadAction","target":["http:\/\/minutocerord.com\/?p=8433"]}]},{"@type":"ImageObject","inLanguage":"es-DO","@id":"http:\/\/minutocerord.com\/?p=8433#primaryimage","url":"https:\/\/i0.wp.com\/minutocerord.com\/wp-content\/uploads\/2022\/04\/persona-de-salud-ralizando-prueba-pcr-para-detectar-covid-19-13072020-danelis-sena-dl-16195392-20210416225949_17738368_20211201122106.jpg?fit=1970%2C1024&ssl=1","contentUrl":"https:\/\/i0.wp.com\/minutocerord.com\/wp-content\/uploads\/2022\/04\/persona-de-salud-ralizando-prueba-pcr-para-detectar-covid-19-13072020-danelis-sena-dl-16195392-20210416225949_17738368_20211201122106.jpg?fit=1970%2C1024&ssl=1","width":1970,"height":1024},{"@type":"BreadcrumbList","@id":"http:\/\/minutocerord.com\/?p=8433#breadcrumb","itemListElement":[{"@type":"ListItem","position":1,"name":"Home","item":"https:\/\/minutocerord.com\/"},{"@type":"ListItem","position":2,"name":"Salud P\u00fablica notifica 37 nuevos casos de covid y 0 defunciones"}]},{"@type":"WebSite","@id":"https:\/\/minutocerord.com\/#website","url":"https:\/\/minutocerord.com\/","name":"Minuto Cero RD","description":"Periodismo serio y veraz","publisher":{"@id":"https:\/\/minutocerord.com\/#\/schema\/person\/60b5372d60aaa0a5171fb6488be9aee6"},"potentialAction":[{"@type":"SearchAction","target":{"@type":"EntryPoint","urlTemplate":"https:\/\/minutocerord.com\/?s={search_term_string}"},"query-input":{"@type":"PropertyValueSpecification","valueRequired":true,"valueName":"search_term_string"}}],"inLanguage":"es-DO"},{"@type":["Person","Organization"],"@id":"https:\/\/minutocerord.com\/#\/schema\/person\/60b5372d60aaa0a5171fb6488be9aee6","name":"Genof\u00f3ntes Urb\u00e1ez","image":{"@type":"ImageObject","inLanguage":"es-DO","@id":"https:\/\/secure.gravatar.com\/avatar\/a49ef3186a692098ac3e8a1612261e3ad70cf9e44553dff2929e67939a0ecb9d?s=96&d=identicon&r=g","url":"https:\/\/secure.gravatar.com\/avatar\/a49ef3186a692098ac3e8a1612261e3ad70cf9e44553dff2929e67939a0ecb9d?s=96&d=identicon&r=g","contentUrl":"https:\/\/secure.gravatar.com\/avatar\/a49ef3186a692098ac3e8a1612261e3ad70cf9e44553dff2929e67939a0ecb9d?s=96&d=identicon&r=g","caption":"Genof\u00f3ntes Urb\u00e1ez"},"logo":{"@id":"https:\/\/secure.gravatar.com\/avatar\/a49ef3186a692098ac3e8a1612261e3ad70cf9e44553dff2929e67939a0ecb9d?s=96&d=identicon&r=g"},"description":"Periodista \/ Locutor","sameAs":["https:\/\/www.facebook.com\/Genofnotes","https:\/\/www.instagram.com\/genofnotes\/"]}]}},"jetpack_publicize_connections":[],"jetpack_featured_media_url":"https:\/\/i0.wp.com\/minutocerord.com\/wp-content\/uploads\/2022\/04\/persona-de-salud-ralizando-prueba-pcr-para-detectar-covid-19-13072020-danelis-sena-dl-16195392-20210416225949_17738368_20211201122106.jpg?fit=1970%2C1024&ssl=1","jetpack-related-posts":[],"jetpack_sharing_enabled":true,"_links":{"self":[{"href":"https:\/\/minutocerord.com\/index.php?rest_route=\/wp\/v2\/posts\/8433","targetHints":{"allow":["GET"]}}],"collection":[{"href":"https:\/\/minutocerord.com\/index.php?rest_route=\/wp\/v2\/posts"}],"about":[{"href":"https:\/\/minutocerord.com\/index.php?rest_route=\/wp\/v2\/types\/post"}],"author":[{"embeddable":true,"href":"https:\/\/minutocerord.com\/index.php?rest_route=\/wp\/v2\/users\/1"}],"replies":[{"embeddable":true,"href":"https:\/\/minutocerord.com\/index.php?rest_route=%2Fwp%2Fv2%2Fcomments&post=8433"}],"version-history":[{"count":1,"href":"https:\/\/minutocerord.com\/index.php?rest_route=\/wp\/v2\/posts\/8433\/revisions"}],"predecessor-version":[{"id":8435,"href":"https:\/\/minutocerord.com\/index.php?rest_route=\/wp\/v2\/posts\/8433\/revisions\/8435"}],"wp:featuredmedia":[{"embeddable":true,"href":"https:\/\/minutocerord.com\/index.php?rest_route=\/wp\/v2\/media\/8434"}],"wp:attachment":[{"href":"https:\/\/minutocerord.com\/index.php?rest_route=%2Fwp%2Fv2%2Fmedia&parent=8433"}],"wp:term":[{"taxonomy":"category","embeddable":true,"href":"https:\/\/minutocerord.com\/index.php?rest_route=%2Fwp%2Fv2%2Fcategories&post=8433"},{"taxonomy":"post_tag","embeddable":true,"href":"https:\/\/minutocerord.com\/index.php?rest_route=%2Fwp%2Fv2%2Ftags&post=8433"}],"curies":[{"name":"wp","href":"https:\/\/api.w.org\/{rel}","templated":true}]}}