{"id":8444,"date":"2022-04-13T15:59:21","date_gmt":"2022-04-13T19:59:21","guid":{"rendered":"https:\/\/minutocerord.com\/?p=8444"},"modified":"2022-04-13T15:59:23","modified_gmt":"2022-04-13T19:59:23","slug":"aguaceros-durante-asueto-de-semana-santa-coe-y-onamet-analizan-acciones-a-tomar","status":"publish","type":"post","link":"https:\/\/minutocerord.com\/?p=8444","title":{"rendered":"Aguaceros durante asueto de Semana Santa; COE y Onamet analizan acciones a tomar"},"content":{"rendered":"\n<p><strong>Podr\u00edan clausurar m\u00e1s balnearios para salvar vidas<\/strong><\/p>\n\n\n\n<p><strong>Santo Domingo, RD<\/strong>.- El director del Centro de Operaciones de Emergencias (COE), Juan Manuel M\u00e9ndez, conjuntamente con la directora la Oficina Nacional de Meteorolog\u00eda, Gloria Ceballos, se reunieron ese mi\u00e9rcoles para analizar el panorama meteorol\u00f3gico de los pr\u00f3ximos d\u00edas por la continuidad de los aguaceros.<\/p>\n\n\n\n<p>M\u00e9ndez dijo que a<strong>\u00fan no han emitido alerta, pero \u201cpedimos a la poblaci\u00f3n no descuidarse y mantenerse alerta a las informaciones que se estar\u00e1n ofreciendo m\u00e1s adelante\u201d<\/strong>.<\/p>\n\n\n\n<p>Indic\u00f3 que de ser necesario cerrar\u00edan m\u00e1s playas y r\u00edos,\u201cy todas las medidas necesarias para proteger vidas. Se recuerda que<strong><a href=\"https:\/\/listindiario.com\/la-republica\/2022\/04\/06\/716076\/antes-de-vacacionar-revise-el-listado-de-los-balnearios-clausurados-para-esta-semana-santa\">&nbsp;hay 232 balnearios clausurados.<\/a><\/strong><\/p>\n\n\n\n<p>La reuni\u00f3n se produce este Mi\u00e9rcoles Santos, donde se prev\u00e9 que los aguaceros se extiendan durante el asueto, por la interacci\u00f3n de un sistema frontal con un sistema de alta presi\u00f3n &nbsp;<\/p>\n\n\n\n<p>En la reuni\u00f3n participaron representantes de otras instituciones que conforman el COE.<\/p>\n\n\n\n<p><strong>Aguaceros y oleaje anormal durante el feriado<\/strong><\/p>\n\n\n\n<p>El informe de la Onamet de esta tarde indica que se estar\u00e1n generando nublados con aguaceros moderados localmente, tormentas el\u00e9ctricas y r\u00e1fagas de viento; sobre varias localidades ubicadas en las regiones: norte, noreste, la llanura oriental (incluyendo al Gran Santo Domingo), la cordillera Central y la zona fronteriza.<\/p>\n\n\n\n<p>En cuanto a<strong>l oleaje, se recomienda a las fr\u00e1giles y peque\u00f1as embarcaciones navegar cerca del per\u00edmetro costero sin aventurarse mar adentro.<\/strong><\/p>\n\n\n\n<p>\u201cPara ma\u00f1ana jueves, se mantendr\u00e1n las condiciones favorables para los desarrollos nubosos en horas de la tarde y el transcurso de la noche, asociadas al transporte de humedad del viento y a la presencia de una vaguada. Raz\u00f3n por lo cual, se prev\u00e9n aguaceros moderados a fuertes en ocasiones, tronadas y r\u00e1fagas de viento, principalmente sobre provincias de las regiones: norte, noreste, este, as\u00ed como, la cordillera Central y la zona fronteriza\u201d.&nbsp;<\/p>\n\n\n\n<p>Mientras que para&nbsp;<strong>el Viernes Santo&nbsp;<\/strong>siguen los aguaceros moderados a fuertes, tronadas y r\u00e1fagas de viento sobre varias provincias de las regiones: noroeste, norte, noreste, la llanura costera Caribe\u00f1a (incluyendo al Gran Santo Domingo), as\u00ed como, la cordillera Central y zona fronteriza..<\/p>\n","protected":false},"excerpt":{"rendered":"<p>Podr\u00edan clausurar m\u00e1s balnearios para salvar vidas Santo Domingo, RD.- El director del Centro de Operaciones de Emergencias (COE), Juan Manuel M\u00e9ndez, conjuntamente con la directora la Oficina Nacional de Meteorolog\u00eda, Gloria Ceballos, se reunieron ese mi\u00e9rcoles para analizar el panorama meteorol\u00f3gico de los pr\u00f3ximos d\u00edas por la continuidad de los aguaceros. M\u00e9ndez dijo que [&hellip;]<\/p>\n","protected":false},"author":1,"featured_media":8445,"comment_status":"open","ping_status":"open","sticky":false,"template":"","format":"standard","meta":{"nf_dc_page":"","jetpack_post_was_ever_published":false,"_jetpack_newsletter_access":"","_jetpack_dont_email_post_to_subs":false,"_jetpack_newsletter_tier_id":0,"_jetpack_memberships_contains_paywalled_content":false,"_jetpack_memberships_contains_paid_content":false,"footnotes":"","jetpack_publicize_message":"","jetpack_publicize_feature_enabled":true,"jetpack_social_post_already_shared":false,"jetpack_social_options":{"image_generator_settings":{"template":"highway","default_image_id":0,"font":"","enabled":false},"version":2}},"categories":[87],"tags":[],"class_list":["post-8444","post","type-post","status-publish","format-standard","has-post-thumbnail","hentry","category-el-clima"],"yoast_head":"<!-- This site is optimized with the Yoast SEO plugin v27.4 - https:\/\/yoast.com\/product\/yoast-seo-wordpress\/ -->\n<title>Aguaceros durante asueto de Semana Santa; COE y Onamet analizan acciones a tomar - Minuto Cero RD<\/title>\n<meta name=\"robots\" content=\"index, follow, max-snippet:-1, max-image-preview:large, max-video-preview:-1\" \/>\n<link rel=\"canonical\" href=\"http:\/\/minutocerord.com\/?p=8444\" \/>\n<meta property=\"og:locale\" content=\"es_ES\" \/>\n<meta property=\"og:type\" content=\"article\" \/>\n<meta property=\"og:title\" content=\"Aguaceros durante asueto de Semana Santa; COE y Onamet analizan acciones a tomar - Minuto Cero RD\" \/>\n<meta property=\"og:description\" content=\"Podr\u00edan clausurar m\u00e1s balnearios para salvar vidas Santo Domingo, RD.- El director del Centro de Operaciones de Emergencias (COE), Juan Manuel M\u00e9ndez, conjuntamente con la directora la Oficina Nacional de Meteorolog\u00eda, Gloria Ceballos, se reunieron ese mi\u00e9rcoles para analizar el panorama meteorol\u00f3gico de los pr\u00f3ximos d\u00edas por la continuidad de los aguaceros. M\u00e9ndez dijo que [&hellip;]\" \/>\n<meta property=\"og:url\" content=\"http:\/\/minutocerord.com\/?p=8444\" \/>\n<meta property=\"og:site_name\" content=\"Minuto Cero RD\" \/>\n<meta property=\"article:publisher\" content=\"https:\/\/www.facebook.com\/Genofnotes\" \/>\n<meta property=\"article:author\" content=\"https:\/\/www.facebook.com\/Genofnotes\" \/>\n<meta property=\"article:published_time\" content=\"2022-04-13T19:59:21+00:00\" \/>\n<meta property=\"article:modified_time\" content=\"2022-04-13T19:59:23+00:00\" \/>\n<meta property=\"og:image\" content=\"https:\/\/i0.wp.com\/minutocerord.com\/wp-content\/uploads\/2022\/04\/03-02-19-lluvias-768x432-1.jpg?fit=768%2C432\" \/>\n\t<meta property=\"og:image:width\" content=\"768\" \/>\n\t<meta property=\"og:image:height\" content=\"432\" \/>\n\t<meta property=\"og:image:type\" content=\"image\/jpeg\" \/>\n<meta name=\"author\" content=\"Genof\u00f3ntes Urb\u00e1ez\" \/>\n<meta name=\"twitter:card\" content=\"summary_large_image\" \/>\n<meta name=\"twitter:label1\" content=\"Written by\" \/>\n\t<meta name=\"twitter:data1\" content=\"Genof\u00f3ntes Urb\u00e1ez\" \/>\n\t<meta name=\"twitter:label2\" content=\"Est. reading time\" \/>\n\t<meta name=\"twitter:data2\" content=\"2 minutos\" \/>\n<script type=\"application\/ld+json\" class=\"yoast-schema-graph\">{\"@context\":\"https:\\\/\\\/schema.org\",\"@graph\":[{\"@type\":\"Article\",\"@id\":\"http:\\\/\\\/minutocerord.com\\\/?p=8444#article\",\"isPartOf\":{\"@id\":\"http:\\\/\\\/minutocerord.com\\\/?p=8444\"},\"author\":{\"name\":\"Genof\u00f3ntes Urb\u00e1ez\",\"@id\":\"https:\\\/\\\/minutocerord.com\\\/#\\\/schema\\\/person\\\/60b5372d60aaa0a5171fb6488be9aee6\"},\"headline\":\"Aguaceros durante asueto de Semana Santa; COE y Onamet analizan acciones a tomar\",\"datePublished\":\"2022-04-13T19:59:21+00:00\",\"dateModified\":\"2022-04-13T19:59:23+00:00\",\"mainEntityOfPage\":{\"@id\":\"http:\\\/\\\/minutocerord.com\\\/?p=8444\"},\"wordCount\":390,\"commentCount\":0,\"publisher\":{\"@id\":\"https:\\\/\\\/minutocerord.com\\\/#\\\/schema\\\/person\\\/60b5372d60aaa0a5171fb6488be9aee6\"},\"image\":{\"@id\":\"http:\\\/\\\/minutocerord.com\\\/?p=8444#primaryimage\"},\"thumbnailUrl\":\"https:\\\/\\\/i0.wp.com\\\/minutocerord.com\\\/wp-content\\\/uploads\\\/2022\\\/04\\\/03-02-19-lluvias-768x432-1.jpg?fit=768%2C432&ssl=1\",\"articleSection\":[\"El clima\"],\"inLanguage\":\"es-DO\",\"potentialAction\":[{\"@type\":\"CommentAction\",\"name\":\"Comment\",\"target\":[\"http:\\\/\\\/minutocerord.com\\\/?p=8444#respond\"]}]},{\"@type\":\"WebPage\",\"@id\":\"http:\\\/\\\/minutocerord.com\\\/?p=8444\",\"url\":\"http:\\\/\\\/minutocerord.com\\\/?p=8444\",\"name\":\"Aguaceros durante asueto de Semana Santa; COE y Onamet analizan acciones a tomar - Minuto Cero RD\",\"isPartOf\":{\"@id\":\"https:\\\/\\\/minutocerord.com\\\/#website\"},\"primaryImageOfPage\":{\"@id\":\"http:\\\/\\\/minutocerord.com\\\/?p=8444#primaryimage\"},\"image\":{\"@id\":\"http:\\\/\\\/minutocerord.com\\\/?p=8444#primaryimage\"},\"thumbnailUrl\":\"https:\\\/\\\/i0.wp.com\\\/minutocerord.com\\\/wp-content\\\/uploads\\\/2022\\\/04\\\/03-02-19-lluvias-768x432-1.jpg?fit=768%2C432&ssl=1\",\"datePublished\":\"2022-04-13T19:59:21+00:00\",\"dateModified\":\"2022-04-13T19:59:23+00:00\",\"breadcrumb\":{\"@id\":\"http:\\\/\\\/minutocerord.com\\\/?p=8444#breadcrumb\"},\"inLanguage\":\"es-DO\",\"potentialAction\":[{\"@type\":\"ReadAction\",\"target\":[\"http:\\\/\\\/minutocerord.com\\\/?p=8444\"]}]},{\"@type\":\"ImageObject\",\"inLanguage\":\"es-DO\",\"@id\":\"http:\\\/\\\/minutocerord.com\\\/?p=8444#primaryimage\",\"url\":\"https:\\\/\\\/i0.wp.com\\\/minutocerord.com\\\/wp-content\\\/uploads\\\/2022\\\/04\\\/03-02-19-lluvias-768x432-1.jpg?fit=768%2C432&ssl=1\",\"contentUrl\":\"https:\\\/\\\/i0.wp.com\\\/minutocerord.com\\\/wp-content\\\/uploads\\\/2022\\\/04\\\/03-02-19-lluvias-768x432-1.jpg?fit=768%2C432&ssl=1\",\"width\":768,\"height\":432},{\"@type\":\"BreadcrumbList\",\"@id\":\"http:\\\/\\\/minutocerord.com\\\/?p=8444#breadcrumb\",\"itemListElement\":[{\"@type\":\"ListItem\",\"position\":1,\"name\":\"Home\",\"item\":\"https:\\\/\\\/minutocerord.com\\\/\"},{\"@type\":\"ListItem\",\"position\":2,\"name\":\"Aguaceros durante asueto de Semana Santa; COE y Onamet analizan acciones a tomar\"}]},{\"@type\":\"WebSite\",\"@id\":\"https:\\\/\\\/minutocerord.com\\\/#website\",\"url\":\"https:\\\/\\\/minutocerord.com\\\/\",\"name\":\"Minuto Cero RD\",\"description\":\"Periodismo serio y veraz\",\"publisher\":{\"@id\":\"https:\\\/\\\/minutocerord.com\\\/#\\\/schema\\\/person\\\/60b5372d60aaa0a5171fb6488be9aee6\"},\"potentialAction\":[{\"@type\":\"SearchAction\",\"target\":{\"@type\":\"EntryPoint\",\"urlTemplate\":\"https:\\\/\\\/minutocerord.com\\\/?s={search_term_string}\"},\"query-input\":{\"@type\":\"PropertyValueSpecification\",\"valueRequired\":true,\"valueName\":\"search_term_string\"}}],\"inLanguage\":\"es-DO\"},{\"@type\":[\"Person\",\"Organization\"],\"@id\":\"https:\\\/\\\/minutocerord.com\\\/#\\\/schema\\\/person\\\/60b5372d60aaa0a5171fb6488be9aee6\",\"name\":\"Genof\u00f3ntes Urb\u00e1ez\",\"image\":{\"@type\":\"ImageObject\",\"inLanguage\":\"es-DO\",\"@id\":\"https:\\\/\\\/secure.gravatar.com\\\/avatar\\\/a49ef3186a692098ac3e8a1612261e3ad70cf9e44553dff2929e67939a0ecb9d?s=96&d=identicon&r=g\",\"url\":\"https:\\\/\\\/secure.gravatar.com\\\/avatar\\\/a49ef3186a692098ac3e8a1612261e3ad70cf9e44553dff2929e67939a0ecb9d?s=96&d=identicon&r=g\",\"contentUrl\":\"https:\\\/\\\/secure.gravatar.com\\\/avatar\\\/a49ef3186a692098ac3e8a1612261e3ad70cf9e44553dff2929e67939a0ecb9d?s=96&d=identicon&r=g\",\"caption\":\"Genof\u00f3ntes Urb\u00e1ez\"},\"logo\":{\"@id\":\"https:\\\/\\\/secure.gravatar.com\\\/avatar\\\/a49ef3186a692098ac3e8a1612261e3ad70cf9e44553dff2929e67939a0ecb9d?s=96&d=identicon&r=g\"},\"description\":\"Periodista \\\/ Locutor\",\"sameAs\":[\"https:\\\/\\\/www.facebook.com\\\/Genofnotes\",\"https:\\\/\\\/www.instagram.com\\\/genofnotes\\\/\"]}]}<\/script>\n<!-- \/ Yoast SEO plugin. -->","yoast_head_json":{"title":"Aguaceros durante asueto de Semana Santa; COE y Onamet analizan acciones a tomar - Minuto Cero RD","robots":{"index":"index","follow":"follow","max-snippet":"max-snippet:-1","max-image-preview":"max-image-preview:large","max-video-preview":"max-video-preview:-1"},"canonical":"http:\/\/minutocerord.com\/?p=8444","og_locale":"es_ES","og_type":"article","og_title":"Aguaceros durante asueto de Semana Santa; COE y Onamet analizan acciones a tomar - Minuto Cero RD","og_description":"Podr\u00edan clausurar m\u00e1s balnearios para salvar vidas Santo Domingo, RD.- El director del Centro de Operaciones de Emergencias (COE), Juan Manuel M\u00e9ndez, conjuntamente con la directora la Oficina Nacional de Meteorolog\u00eda, Gloria Ceballos, se reunieron ese mi\u00e9rcoles para analizar el panorama meteorol\u00f3gico de los pr\u00f3ximos d\u00edas por la continuidad de los aguaceros. M\u00e9ndez dijo que [&hellip;]","og_url":"http:\/\/minutocerord.com\/?p=8444","og_site_name":"Minuto Cero RD","article_publisher":"https:\/\/www.facebook.com\/Genofnotes","article_author":"https:\/\/www.facebook.com\/Genofnotes","article_published_time":"2022-04-13T19:59:21+00:00","article_modified_time":"2022-04-13T19:59:23+00:00","og_image":[{"width":768,"height":432,"url":"https:\/\/i0.wp.com\/minutocerord.com\/wp-content\/uploads\/2022\/04\/03-02-19-lluvias-768x432-1.jpg?fit=768%2C432","type":"image\/jpeg"}],"author":"Genof\u00f3ntes Urb\u00e1ez","twitter_card":"summary_large_image","twitter_misc":{"Written by":"Genof\u00f3ntes Urb\u00e1ez","Est. reading time":"2 minutos"},"schema":{"@context":"https:\/\/schema.org","@graph":[{"@type":"Article","@id":"http:\/\/minutocerord.com\/?p=8444#article","isPartOf":{"@id":"http:\/\/minutocerord.com\/?p=8444"},"author":{"name":"Genof\u00f3ntes Urb\u00e1ez","@id":"https:\/\/minutocerord.com\/#\/schema\/person\/60b5372d60aaa0a5171fb6488be9aee6"},"headline":"Aguaceros durante asueto de Semana Santa; COE y Onamet analizan acciones a tomar","datePublished":"2022-04-13T19:59:21+00:00","dateModified":"2022-04-13T19:59:23+00:00","mainEntityOfPage":{"@id":"http:\/\/minutocerord.com\/?p=8444"},"wordCount":390,"commentCount":0,"publisher":{"@id":"https:\/\/minutocerord.com\/#\/schema\/person\/60b5372d60aaa0a5171fb6488be9aee6"},"image":{"@id":"http:\/\/minutocerord.com\/?p=8444#primaryimage"},"thumbnailUrl":"https:\/\/i0.wp.com\/minutocerord.com\/wp-content\/uploads\/2022\/04\/03-02-19-lluvias-768x432-1.jpg?fit=768%2C432&ssl=1","articleSection":["El clima"],"inLanguage":"es-DO","potentialAction":[{"@type":"CommentAction","name":"Comment","target":["http:\/\/minutocerord.com\/?p=8444#respond"]}]},{"@type":"WebPage","@id":"http:\/\/minutocerord.com\/?p=8444","url":"http:\/\/minutocerord.com\/?p=8444","name":"Aguaceros durante asueto de Semana Santa; COE y Onamet analizan acciones a tomar - Minuto Cero RD","isPartOf":{"@id":"https:\/\/minutocerord.com\/#website"},"primaryImageOfPage":{"@id":"http:\/\/minutocerord.com\/?p=8444#primaryimage"},"image":{"@id":"http:\/\/minutocerord.com\/?p=8444#primaryimage"},"thumbnailUrl":"https:\/\/i0.wp.com\/minutocerord.com\/wp-content\/uploads\/2022\/04\/03-02-19-lluvias-768x432-1.jpg?fit=768%2C432&ssl=1","datePublished":"2022-04-13T19:59:21+00:00","dateModified":"2022-04-13T19:59:23+00:00","breadcrumb":{"@id":"http:\/\/minutocerord.com\/?p=8444#breadcrumb"},"inLanguage":"es-DO","potentialAction":[{"@type":"ReadAction","target":["http:\/\/minutocerord.com\/?p=8444"]}]},{"@type":"ImageObject","inLanguage":"es-DO","@id":"http:\/\/minutocerord.com\/?p=8444#primaryimage","url":"https:\/\/i0.wp.com\/minutocerord.com\/wp-content\/uploads\/2022\/04\/03-02-19-lluvias-768x432-1.jpg?fit=768%2C432&ssl=1","contentUrl":"https:\/\/i0.wp.com\/minutocerord.com\/wp-content\/uploads\/2022\/04\/03-02-19-lluvias-768x432-1.jpg?fit=768%2C432&ssl=1","width":768,"height":432},{"@type":"BreadcrumbList","@id":"http:\/\/minutocerord.com\/?p=8444#breadcrumb","itemListElement":[{"@type":"ListItem","position":1,"name":"Home","item":"https:\/\/minutocerord.com\/"},{"@type":"ListItem","position":2,"name":"Aguaceros durante asueto de Semana Santa; COE y Onamet analizan acciones a tomar"}]},{"@type":"WebSite","@id":"https:\/\/minutocerord.com\/#website","url":"https:\/\/minutocerord.com\/","name":"Minuto Cero RD","description":"Periodismo serio y veraz","publisher":{"@id":"https:\/\/minutocerord.com\/#\/schema\/person\/60b5372d60aaa0a5171fb6488be9aee6"},"potentialAction":[{"@type":"SearchAction","target":{"@type":"EntryPoint","urlTemplate":"https:\/\/minutocerord.com\/?s={search_term_string}"},"query-input":{"@type":"PropertyValueSpecification","valueRequired":true,"valueName":"search_term_string"}}],"inLanguage":"es-DO"},{"@type":["Person","Organization"],"@id":"https:\/\/minutocerord.com\/#\/schema\/person\/60b5372d60aaa0a5171fb6488be9aee6","name":"Genof\u00f3ntes Urb\u00e1ez","image":{"@type":"ImageObject","inLanguage":"es-DO","@id":"https:\/\/secure.gravatar.com\/avatar\/a49ef3186a692098ac3e8a1612261e3ad70cf9e44553dff2929e67939a0ecb9d?s=96&d=identicon&r=g","url":"https:\/\/secure.gravatar.com\/avatar\/a49ef3186a692098ac3e8a1612261e3ad70cf9e44553dff2929e67939a0ecb9d?s=96&d=identicon&r=g","contentUrl":"https:\/\/secure.gravatar.com\/avatar\/a49ef3186a692098ac3e8a1612261e3ad70cf9e44553dff2929e67939a0ecb9d?s=96&d=identicon&r=g","caption":"Genof\u00f3ntes Urb\u00e1ez"},"logo":{"@id":"https:\/\/secure.gravatar.com\/avatar\/a49ef3186a692098ac3e8a1612261e3ad70cf9e44553dff2929e67939a0ecb9d?s=96&d=identicon&r=g"},"description":"Periodista \/ Locutor","sameAs":["https:\/\/www.facebook.com\/Genofnotes","https:\/\/www.instagram.com\/genofnotes\/"]}]}},"jetpack_publicize_connections":[],"jetpack_featured_media_url":"https:\/\/i0.wp.com\/minutocerord.com\/wp-content\/uploads\/2022\/04\/03-02-19-lluvias-768x432-1.jpg?fit=768%2C432&ssl=1","jetpack-related-posts":[],"jetpack_sharing_enabled":true,"_links":{"self":[{"href":"https:\/\/minutocerord.com\/index.php?rest_route=\/wp\/v2\/posts\/8444","targetHints":{"allow":["GET"]}}],"collection":[{"href":"https:\/\/minutocerord.com\/index.php?rest_route=\/wp\/v2\/posts"}],"about":[{"href":"https:\/\/minutocerord.com\/index.php?rest_route=\/wp\/v2\/types\/post"}],"author":[{"embeddable":true,"href":"https:\/\/minutocerord.com\/index.php?rest_route=\/wp\/v2\/users\/1"}],"replies":[{"embeddable":true,"href":"https:\/\/minutocerord.com\/index.php?rest_route=%2Fwp%2Fv2%2Fcomments&post=8444"}],"version-history":[{"count":1,"href":"https:\/\/minutocerord.com\/index.php?rest_route=\/wp\/v2\/posts\/8444\/revisions"}],"predecessor-version":[{"id":8446,"href":"https:\/\/minutocerord.com\/index.php?rest_route=\/wp\/v2\/posts\/8444\/revisions\/8446"}],"wp:featuredmedia":[{"embeddable":true,"href":"https:\/\/minutocerord.com\/index.php?rest_route=\/wp\/v2\/media\/8445"}],"wp:attachment":[{"href":"https:\/\/minutocerord.com\/index.php?rest_route=%2Fwp%2Fv2%2Fmedia&parent=8444"}],"wp:term":[{"taxonomy":"category","embeddable":true,"href":"https:\/\/minutocerord.com\/index.php?rest_route=%2Fwp%2Fv2%2Fcategories&post=8444"},{"taxonomy":"post_tag","embeddable":true,"href":"https:\/\/minutocerord.com\/index.php?rest_route=%2Fwp%2Fv2%2Ftags&post=8444"}],"curies":[{"name":"wp","href":"https:\/\/api.w.org\/{rel}","templated":true}]}}