{"id":8452,"date":"2022-04-13T22:14:20","date_gmt":"2022-04-14T02:14:20","guid":{"rendered":"https:\/\/minutocerord.com\/?p=8452"},"modified":"2022-04-13T22:14:23","modified_gmt":"2022-04-14T02:14:23","slug":"ee-uu-denuncia-violaciones-de-derechos-humanos-en-dominicana","status":"publish","type":"post","link":"https:\/\/minutocerord.com\/?p=8452","title":{"rendered":"EE.UU. denuncia violaciones de derechos humanos en Dominicana"},"content":{"rendered":"\n<p><strong>SANTO DOMINGO.-<\/strong> Estados Unidos hizo este martes serios cuestionamientos a las \u00abfuerzas de seguridad\u00bb del Gobierno de la Rep\u00fablica Dominicana, se\u00f1alando entre otras cosas que hay \u00abinformes cre\u00edbles\u00bb de que\u00a0 han cometido abusos y violaciones de derechos humanos.<\/p>\n\n\n\n<p>En un informe sobre la situaci\u00f3n de los derechos humanos en este pa\u00eds, se\u00f1al\u00f3 que \u00abentre los problemas significativos\u00bb se incluyen reportes de asesinatos ilegales o arbitrarios, \u00abtratos o castigos crueles, inhumanos o degradantes por parte de la polic\u00eda y otros agentes del gobierno; condiciones penitenciarias severas y que ponen en peligro la vida; detenciones arbitrarias; injerencia arbitraria a la privacidad; difamaci\u00f3n criminal de periodistas particulares; corrupci\u00f3n gubernamental grave y violencia policial contra personas lesbianas, gays, bisexuales, transg\u00e9nero, queer e intersexuales\u00bb.<\/p>\n\n\n\n<p>Tras indicar que las&nbsp; ejecuciones extrajudiciales de civiles a manos de agentes de la Polic\u00eda fueron un problema, Estados Unidos recoge un dato aportado por la Comisi\u00f3n Nacional de Derechos Humanos (CNDH), una organizaci\u00f3n no gubernamental (ONG),&nbsp; &nbsp;de que m\u00e1s de 4.000 personas murieron durante enfrentamientos con la polic\u00eda o las fuerzas de seguridad entre 2010 y abril de 2021.<\/p>\n\n\n\n<p>Dice que en uno de los casos m\u00e1s destacados del a\u00f1o, en marzo de 2021 la Polic\u00eda mat\u00f3 a Joel D\u00edaz y Elizabeth Mu\u00f1oz en circunstancias poco claras cuando regresaban a casa tras un acto religioso.<\/p>\n\n\n\n<p>Tambi\u00e9n se\u00f1ala que el 2 de octubre, un agente de polic\u00eda fuera de servicio dispar\u00f3 y mat\u00f3 a Leslie Rosado despu\u00e9s de que \u00e9sta supuestamente chocara con la motocicleta del agente y abandonara el lugar.&nbsp;les.<\/p>\n\n\n\n<p><strong>TORTURA Y OTROS TRATOS O PENAS CRUELES<\/strong><\/p>\n\n\n\n<p>Aunque la ley proh\u00edbe la tortura, los golpes y el maltrato f\u00edsico, existen informes de que miembros de las fuerzas de seguridad, principalmente polic\u00edas, llevaron a cabo estas pr\u00e1cticas, dice el informe.<\/p>\n\n\n\n<p>Resalta que en abril, los familiares de un joven de La Vega, la cuarta ciudad m\u00e1s grande, informaron a los medios de comunicaci\u00f3n de que \u00e9ste hab\u00eda sido golpeado por agentes de la polic\u00eda y abandonado en la puerta de una tienda.<\/p>\n\n\n\n<p>Aunque la&nbsp;impunidad era un problema dentro de ciertas unidades de las fuerzas de seguridad, especialmente la Polic\u00eda Nacional,&nbsp; admite que el&nbsp; gobierno trabaj\u00f3 para abordar los problemas relacionados con este mal a trav\u00e9s de programas de capacitaci\u00f3n para los oficiales de polic\u00eda, incluyendo cursos especializados sobre derechos humanos .<\/p>\n\n\n\n<p><strong>CONDICIONES DE LAS PRISIONES Y CENTROS DE DETENCION<\/strong><\/p>\n\n\n\n<p>Estados Unidos observa que la sobrepoblaci\u00f3n sigue siendo un grave problema en las prisiones del viejo modelo.&nbsp; \u00abLa Direcci\u00f3n de Prisiones inform\u00f3 de que en octubre hab\u00eda 16.745 presos en las c\u00e1rceles del modelo antiguo y 10.407 en los CRP.&nbsp; La Victoria, la m\u00e1s vieja de las prisiones, albergaba a 7.647 reclusos, aunque fue dise\u00f1ada para una capacidad m\u00e1xima de 2.011.&nbsp; La poblaci\u00f3n reclusa en todas las prisiones del antiguo modelo superaba su capacidad, mientras que s\u00f3lo uno de los 22 CRP estaba por encima de su capacidad\u00bb, a\u00f1ade.<\/p>\n\n\n\n<p>LEA EL INFORME COMPLETO AQUI:<\/p>\n\n\n\n<h4 class=\"wp-block-heading\"><a href=\"https:\/\/do.usembassy.gov\/es\/informe-de-derechos-humanos-de-la-republica-dominicana-2021\/\">Informe de Derechos Humanos de la Rep\u00fablica Dominicana 2021<\/a><\/h4>\n\n\n\n<figure class=\"wp-block-embed\"><div class=\"wp-block-embed__wrapper\">\nhttps:\/\/do.usembassy.gov\/es\/informe-de-derechos-humanos-de-la-republica-dominicana-2021\/\n<\/div><\/figure>\n","protected":false},"excerpt":{"rendered":"<p>SANTO DOMINGO.- Estados Unidos hizo este martes serios cuestionamientos a las \u00abfuerzas de seguridad\u00bb del Gobierno de la Rep\u00fablica Dominicana, se\u00f1alando entre otras cosas que hay \u00abinformes cre\u00edbles\u00bb de que\u00a0 han cometido abusos y violaciones de derechos humanos. En un informe sobre la situaci\u00f3n de los derechos humanos en este pa\u00eds, se\u00f1al\u00f3 que \u00abentre los [&hellip;]<\/p>\n","protected":false},"author":1,"featured_media":8453,"comment_status":"open","ping_status":"open","sticky":false,"template":"","format":"standard","meta":{"nf_dc_page":"","jetpack_post_was_ever_published":false,"_jetpack_newsletter_access":"","_jetpack_dont_email_post_to_subs":false,"_jetpack_newsletter_tier_id":0,"_jetpack_memberships_contains_paywalled_content":false,"_jetpack_memberships_contains_paid_content":false,"footnotes":"","jetpack_publicize_message":"","jetpack_publicize_feature_enabled":true,"jetpack_social_post_already_shared":false,"jetpack_social_options":{"image_generator_settings":{"template":"highway","default_image_id":0,"font":"","enabled":false},"version":2}},"categories":[65],"tags":[],"class_list":["post-8452","post","type-post","status-publish","format-standard","has-post-thumbnail","hentry","category-nacionales"],"yoast_head":"<!-- This site is optimized with the Yoast SEO plugin v27.4 - https:\/\/yoast.com\/product\/yoast-seo-wordpress\/ -->\n<title>EE.UU. denuncia violaciones de derechos humanos en Dominicana - Minuto Cero RD<\/title>\n<meta name=\"robots\" content=\"index, follow, max-snippet:-1, max-image-preview:large, max-video-preview:-1\" \/>\n<link rel=\"canonical\" href=\"http:\/\/minutocerord.com\/?p=8452\" \/>\n<meta property=\"og:locale\" content=\"es_ES\" \/>\n<meta property=\"og:type\" content=\"article\" \/>\n<meta property=\"og:title\" content=\"EE.UU. denuncia violaciones de derechos humanos en Dominicana - Minuto Cero RD\" \/>\n<meta property=\"og:description\" content=\"SANTO DOMINGO.- Estados Unidos hizo este martes serios cuestionamientos a las \u00abfuerzas de seguridad\u00bb del Gobierno de la Rep\u00fablica Dominicana, se\u00f1alando entre otras cosas que hay \u00abinformes cre\u00edbles\u00bb de que\u00a0 han cometido abusos y violaciones de derechos humanos. En un informe sobre la situaci\u00f3n de los derechos humanos en este pa\u00eds, se\u00f1al\u00f3 que \u00abentre los [&hellip;]\" \/>\n<meta property=\"og:url\" content=\"http:\/\/minutocerord.com\/?p=8452\" \/>\n<meta property=\"og:site_name\" content=\"Minuto Cero RD\" \/>\n<meta property=\"article:publisher\" content=\"https:\/\/www.facebook.com\/Genofnotes\" \/>\n<meta property=\"article:author\" content=\"https:\/\/www.facebook.com\/Genofnotes\" \/>\n<meta property=\"article:published_time\" content=\"2022-04-14T02:14:20+00:00\" \/>\n<meta property=\"article:modified_time\" content=\"2022-04-14T02:14:23+00:00\" \/>\n<meta property=\"og:image\" content=\"https:\/\/i0.wp.com\/minutocerord.com\/wp-content\/uploads\/2022\/04\/motoristas.jpg?fit=580%2C343\" \/>\n\t<meta property=\"og:image:width\" content=\"580\" \/>\n\t<meta property=\"og:image:height\" content=\"343\" \/>\n\t<meta property=\"og:image:type\" content=\"image\/jpeg\" \/>\n<meta name=\"author\" content=\"Genof\u00f3ntes Urb\u00e1ez\" \/>\n<meta name=\"twitter:card\" content=\"summary_large_image\" \/>\n<meta name=\"twitter:label1\" content=\"Written by\" \/>\n\t<meta name=\"twitter:data1\" content=\"Genof\u00f3ntes Urb\u00e1ez\" \/>\n\t<meta name=\"twitter:label2\" content=\"Est. reading time\" \/>\n\t<meta name=\"twitter:data2\" content=\"3 minutos\" \/>\n<script type=\"application\/ld+json\" class=\"yoast-schema-graph\">{\"@context\":\"https:\\\/\\\/schema.org\",\"@graph\":[{\"@type\":\"Article\",\"@id\":\"http:\\\/\\\/minutocerord.com\\\/?p=8452#article\",\"isPartOf\":{\"@id\":\"http:\\\/\\\/minutocerord.com\\\/?p=8452\"},\"author\":{\"name\":\"Genof\u00f3ntes Urb\u00e1ez\",\"@id\":\"https:\\\/\\\/minutocerord.com\\\/#\\\/schema\\\/person\\\/60b5372d60aaa0a5171fb6488be9aee6\"},\"headline\":\"EE.UU. denuncia violaciones de derechos humanos en Dominicana\",\"datePublished\":\"2022-04-14T02:14:20+00:00\",\"dateModified\":\"2022-04-14T02:14:23+00:00\",\"mainEntityOfPage\":{\"@id\":\"http:\\\/\\\/minutocerord.com\\\/?p=8452\"},\"wordCount\":554,\"commentCount\":0,\"publisher\":{\"@id\":\"https:\\\/\\\/minutocerord.com\\\/#\\\/schema\\\/person\\\/60b5372d60aaa0a5171fb6488be9aee6\"},\"image\":{\"@id\":\"http:\\\/\\\/minutocerord.com\\\/?p=8452#primaryimage\"},\"thumbnailUrl\":\"https:\\\/\\\/i0.wp.com\\\/minutocerord.com\\\/wp-content\\\/uploads\\\/2022\\\/04\\\/motoristas.jpg?fit=580%2C343&ssl=1\",\"articleSection\":[\"Nacionales\"],\"inLanguage\":\"es-DO\",\"potentialAction\":[{\"@type\":\"CommentAction\",\"name\":\"Comment\",\"target\":[\"http:\\\/\\\/minutocerord.com\\\/?p=8452#respond\"]}]},{\"@type\":\"WebPage\",\"@id\":\"http:\\\/\\\/minutocerord.com\\\/?p=8452\",\"url\":\"http:\\\/\\\/minutocerord.com\\\/?p=8452\",\"name\":\"EE.UU. denuncia violaciones de derechos humanos en Dominicana - Minuto Cero RD\",\"isPartOf\":{\"@id\":\"https:\\\/\\\/minutocerord.com\\\/#website\"},\"primaryImageOfPage\":{\"@id\":\"http:\\\/\\\/minutocerord.com\\\/?p=8452#primaryimage\"},\"image\":{\"@id\":\"http:\\\/\\\/minutocerord.com\\\/?p=8452#primaryimage\"},\"thumbnailUrl\":\"https:\\\/\\\/i0.wp.com\\\/minutocerord.com\\\/wp-content\\\/uploads\\\/2022\\\/04\\\/motoristas.jpg?fit=580%2C343&ssl=1\",\"datePublished\":\"2022-04-14T02:14:20+00:00\",\"dateModified\":\"2022-04-14T02:14:23+00:00\",\"breadcrumb\":{\"@id\":\"http:\\\/\\\/minutocerord.com\\\/?p=8452#breadcrumb\"},\"inLanguage\":\"es-DO\",\"potentialAction\":[{\"@type\":\"ReadAction\",\"target\":[\"http:\\\/\\\/minutocerord.com\\\/?p=8452\"]}]},{\"@type\":\"ImageObject\",\"inLanguage\":\"es-DO\",\"@id\":\"http:\\\/\\\/minutocerord.com\\\/?p=8452#primaryimage\",\"url\":\"https:\\\/\\\/i0.wp.com\\\/minutocerord.com\\\/wp-content\\\/uploads\\\/2022\\\/04\\\/motoristas.jpg?fit=580%2C343&ssl=1\",\"contentUrl\":\"https:\\\/\\\/i0.wp.com\\\/minutocerord.com\\\/wp-content\\\/uploads\\\/2022\\\/04\\\/motoristas.jpg?fit=580%2C343&ssl=1\",\"width\":580,\"height\":343},{\"@type\":\"BreadcrumbList\",\"@id\":\"http:\\\/\\\/minutocerord.com\\\/?p=8452#breadcrumb\",\"itemListElement\":[{\"@type\":\"ListItem\",\"position\":1,\"name\":\"Home\",\"item\":\"https:\\\/\\\/minutocerord.com\\\/\"},{\"@type\":\"ListItem\",\"position\":2,\"name\":\"EE.UU. denuncia violaciones de derechos humanos en Dominicana\"}]},{\"@type\":\"WebSite\",\"@id\":\"https:\\\/\\\/minutocerord.com\\\/#website\",\"url\":\"https:\\\/\\\/minutocerord.com\\\/\",\"name\":\"Minuto Cero RD\",\"description\":\"Periodismo serio y veraz\",\"publisher\":{\"@id\":\"https:\\\/\\\/minutocerord.com\\\/#\\\/schema\\\/person\\\/60b5372d60aaa0a5171fb6488be9aee6\"},\"potentialAction\":[{\"@type\":\"SearchAction\",\"target\":{\"@type\":\"EntryPoint\",\"urlTemplate\":\"https:\\\/\\\/minutocerord.com\\\/?s={search_term_string}\"},\"query-input\":{\"@type\":\"PropertyValueSpecification\",\"valueRequired\":true,\"valueName\":\"search_term_string\"}}],\"inLanguage\":\"es-DO\"},{\"@type\":[\"Person\",\"Organization\"],\"@id\":\"https:\\\/\\\/minutocerord.com\\\/#\\\/schema\\\/person\\\/60b5372d60aaa0a5171fb6488be9aee6\",\"name\":\"Genof\u00f3ntes Urb\u00e1ez\",\"image\":{\"@type\":\"ImageObject\",\"inLanguage\":\"es-DO\",\"@id\":\"https:\\\/\\\/secure.gravatar.com\\\/avatar\\\/a49ef3186a692098ac3e8a1612261e3ad70cf9e44553dff2929e67939a0ecb9d?s=96&d=identicon&r=g\",\"url\":\"https:\\\/\\\/secure.gravatar.com\\\/avatar\\\/a49ef3186a692098ac3e8a1612261e3ad70cf9e44553dff2929e67939a0ecb9d?s=96&d=identicon&r=g\",\"contentUrl\":\"https:\\\/\\\/secure.gravatar.com\\\/avatar\\\/a49ef3186a692098ac3e8a1612261e3ad70cf9e44553dff2929e67939a0ecb9d?s=96&d=identicon&r=g\",\"caption\":\"Genof\u00f3ntes Urb\u00e1ez\"},\"logo\":{\"@id\":\"https:\\\/\\\/secure.gravatar.com\\\/avatar\\\/a49ef3186a692098ac3e8a1612261e3ad70cf9e44553dff2929e67939a0ecb9d?s=96&d=identicon&r=g\"},\"description\":\"Periodista \\\/ Locutor\",\"sameAs\":[\"https:\\\/\\\/www.facebook.com\\\/Genofnotes\",\"https:\\\/\\\/www.instagram.com\\\/genofnotes\\\/\"]}]}<\/script>\n<!-- \/ Yoast SEO plugin. -->","yoast_head_json":{"title":"EE.UU. denuncia violaciones de derechos humanos en Dominicana - Minuto Cero RD","robots":{"index":"index","follow":"follow","max-snippet":"max-snippet:-1","max-image-preview":"max-image-preview:large","max-video-preview":"max-video-preview:-1"},"canonical":"http:\/\/minutocerord.com\/?p=8452","og_locale":"es_ES","og_type":"article","og_title":"EE.UU. denuncia violaciones de derechos humanos en Dominicana - Minuto Cero RD","og_description":"SANTO DOMINGO.- Estados Unidos hizo este martes serios cuestionamientos a las \u00abfuerzas de seguridad\u00bb del Gobierno de la Rep\u00fablica Dominicana, se\u00f1alando entre otras cosas que hay \u00abinformes cre\u00edbles\u00bb de que\u00a0 han cometido abusos y violaciones de derechos humanos. En un informe sobre la situaci\u00f3n de los derechos humanos en este pa\u00eds, se\u00f1al\u00f3 que \u00abentre los [&hellip;]","og_url":"http:\/\/minutocerord.com\/?p=8452","og_site_name":"Minuto Cero RD","article_publisher":"https:\/\/www.facebook.com\/Genofnotes","article_author":"https:\/\/www.facebook.com\/Genofnotes","article_published_time":"2022-04-14T02:14:20+00:00","article_modified_time":"2022-04-14T02:14:23+00:00","og_image":[{"width":580,"height":343,"url":"https:\/\/i0.wp.com\/minutocerord.com\/wp-content\/uploads\/2022\/04\/motoristas.jpg?fit=580%2C343","type":"image\/jpeg"}],"author":"Genof\u00f3ntes Urb\u00e1ez","twitter_card":"summary_large_image","twitter_misc":{"Written by":"Genof\u00f3ntes Urb\u00e1ez","Est. reading time":"3 minutos"},"schema":{"@context":"https:\/\/schema.org","@graph":[{"@type":"Article","@id":"http:\/\/minutocerord.com\/?p=8452#article","isPartOf":{"@id":"http:\/\/minutocerord.com\/?p=8452"},"author":{"name":"Genof\u00f3ntes Urb\u00e1ez","@id":"https:\/\/minutocerord.com\/#\/schema\/person\/60b5372d60aaa0a5171fb6488be9aee6"},"headline":"EE.UU. denuncia violaciones de derechos humanos en Dominicana","datePublished":"2022-04-14T02:14:20+00:00","dateModified":"2022-04-14T02:14:23+00:00","mainEntityOfPage":{"@id":"http:\/\/minutocerord.com\/?p=8452"},"wordCount":554,"commentCount":0,"publisher":{"@id":"https:\/\/minutocerord.com\/#\/schema\/person\/60b5372d60aaa0a5171fb6488be9aee6"},"image":{"@id":"http:\/\/minutocerord.com\/?p=8452#primaryimage"},"thumbnailUrl":"https:\/\/i0.wp.com\/minutocerord.com\/wp-content\/uploads\/2022\/04\/motoristas.jpg?fit=580%2C343&ssl=1","articleSection":["Nacionales"],"inLanguage":"es-DO","potentialAction":[{"@type":"CommentAction","name":"Comment","target":["http:\/\/minutocerord.com\/?p=8452#respond"]}]},{"@type":"WebPage","@id":"http:\/\/minutocerord.com\/?p=8452","url":"http:\/\/minutocerord.com\/?p=8452","name":"EE.UU. denuncia violaciones de derechos humanos en Dominicana - Minuto Cero RD","isPartOf":{"@id":"https:\/\/minutocerord.com\/#website"},"primaryImageOfPage":{"@id":"http:\/\/minutocerord.com\/?p=8452#primaryimage"},"image":{"@id":"http:\/\/minutocerord.com\/?p=8452#primaryimage"},"thumbnailUrl":"https:\/\/i0.wp.com\/minutocerord.com\/wp-content\/uploads\/2022\/04\/motoristas.jpg?fit=580%2C343&ssl=1","datePublished":"2022-04-14T02:14:20+00:00","dateModified":"2022-04-14T02:14:23+00:00","breadcrumb":{"@id":"http:\/\/minutocerord.com\/?p=8452#breadcrumb"},"inLanguage":"es-DO","potentialAction":[{"@type":"ReadAction","target":["http:\/\/minutocerord.com\/?p=8452"]}]},{"@type":"ImageObject","inLanguage":"es-DO","@id":"http:\/\/minutocerord.com\/?p=8452#primaryimage","url":"https:\/\/i0.wp.com\/minutocerord.com\/wp-content\/uploads\/2022\/04\/motoristas.jpg?fit=580%2C343&ssl=1","contentUrl":"https:\/\/i0.wp.com\/minutocerord.com\/wp-content\/uploads\/2022\/04\/motoristas.jpg?fit=580%2C343&ssl=1","width":580,"height":343},{"@type":"BreadcrumbList","@id":"http:\/\/minutocerord.com\/?p=8452#breadcrumb","itemListElement":[{"@type":"ListItem","position":1,"name":"Home","item":"https:\/\/minutocerord.com\/"},{"@type":"ListItem","position":2,"name":"EE.UU. denuncia violaciones de derechos humanos en Dominicana"}]},{"@type":"WebSite","@id":"https:\/\/minutocerord.com\/#website","url":"https:\/\/minutocerord.com\/","name":"Minuto Cero RD","description":"Periodismo serio y veraz","publisher":{"@id":"https:\/\/minutocerord.com\/#\/schema\/person\/60b5372d60aaa0a5171fb6488be9aee6"},"potentialAction":[{"@type":"SearchAction","target":{"@type":"EntryPoint","urlTemplate":"https:\/\/minutocerord.com\/?s={search_term_string}"},"query-input":{"@type":"PropertyValueSpecification","valueRequired":true,"valueName":"search_term_string"}}],"inLanguage":"es-DO"},{"@type":["Person","Organization"],"@id":"https:\/\/minutocerord.com\/#\/schema\/person\/60b5372d60aaa0a5171fb6488be9aee6","name":"Genof\u00f3ntes Urb\u00e1ez","image":{"@type":"ImageObject","inLanguage":"es-DO","@id":"https:\/\/secure.gravatar.com\/avatar\/a49ef3186a692098ac3e8a1612261e3ad70cf9e44553dff2929e67939a0ecb9d?s=96&d=identicon&r=g","url":"https:\/\/secure.gravatar.com\/avatar\/a49ef3186a692098ac3e8a1612261e3ad70cf9e44553dff2929e67939a0ecb9d?s=96&d=identicon&r=g","contentUrl":"https:\/\/secure.gravatar.com\/avatar\/a49ef3186a692098ac3e8a1612261e3ad70cf9e44553dff2929e67939a0ecb9d?s=96&d=identicon&r=g","caption":"Genof\u00f3ntes Urb\u00e1ez"},"logo":{"@id":"https:\/\/secure.gravatar.com\/avatar\/a49ef3186a692098ac3e8a1612261e3ad70cf9e44553dff2929e67939a0ecb9d?s=96&d=identicon&r=g"},"description":"Periodista \/ Locutor","sameAs":["https:\/\/www.facebook.com\/Genofnotes","https:\/\/www.instagram.com\/genofnotes\/"]}]}},"jetpack_publicize_connections":[],"jetpack_featured_media_url":"https:\/\/i0.wp.com\/minutocerord.com\/wp-content\/uploads\/2022\/04\/motoristas.jpg?fit=580%2C343&ssl=1","jetpack-related-posts":[],"jetpack_sharing_enabled":true,"_links":{"self":[{"href":"https:\/\/minutocerord.com\/index.php?rest_route=\/wp\/v2\/posts\/8452","targetHints":{"allow":["GET"]}}],"collection":[{"href":"https:\/\/minutocerord.com\/index.php?rest_route=\/wp\/v2\/posts"}],"about":[{"href":"https:\/\/minutocerord.com\/index.php?rest_route=\/wp\/v2\/types\/post"}],"author":[{"embeddable":true,"href":"https:\/\/minutocerord.com\/index.php?rest_route=\/wp\/v2\/users\/1"}],"replies":[{"embeddable":true,"href":"https:\/\/minutocerord.com\/index.php?rest_route=%2Fwp%2Fv2%2Fcomments&post=8452"}],"version-history":[{"count":1,"href":"https:\/\/minutocerord.com\/index.php?rest_route=\/wp\/v2\/posts\/8452\/revisions"}],"predecessor-version":[{"id":8454,"href":"https:\/\/minutocerord.com\/index.php?rest_route=\/wp\/v2\/posts\/8452\/revisions\/8454"}],"wp:featuredmedia":[{"embeddable":true,"href":"https:\/\/minutocerord.com\/index.php?rest_route=\/wp\/v2\/media\/8453"}],"wp:attachment":[{"href":"https:\/\/minutocerord.com\/index.php?rest_route=%2Fwp%2Fv2%2Fmedia&parent=8452"}],"wp:term":[{"taxonomy":"category","embeddable":true,"href":"https:\/\/minutocerord.com\/index.php?rest_route=%2Fwp%2Fv2%2Fcategories&post=8452"},{"taxonomy":"post_tag","embeddable":true,"href":"https:\/\/minutocerord.com\/index.php?rest_route=%2Fwp%2Fv2%2Ftags&post=8452"}],"curies":[{"name":"wp","href":"https:\/\/api.w.org\/{rel}","templated":true}]}}