{"id":8455,"date":"2022-04-13T22:17:40","date_gmt":"2022-04-14T02:17:40","guid":{"rendered":"https:\/\/minutocerord.com\/?p=8455"},"modified":"2022-04-13T22:17:42","modified_gmt":"2022-04-14T02:17:42","slug":"cdp-y-sntp-piden-a-abinader-sanciones-ejemplares-contra-la-digesett","status":"publish","type":"post","link":"https:\/\/minutocerord.com\/?p=8455","title":{"rendered":"CDP y SNTP Piden a Abinader sanciones \u00abejemplares\u00bb contra la Digesett"},"content":{"rendered":"\n<p><strong>Santo Domingo.-<\/strong> El Colegio Dominicano de Periodistas (CDP) y otros gremios de prensa solicitaron este mi\u00e9rcoles al presidente Luis Abinader la destituci\u00f3n y aplicaci\u00f3n de sanciones \u00abejemplares\u00bb a los agentes de la Direcci\u00f3n General de Seguridad de Tr\u00e1nsito y Transporte Terrestre (Digesett) que agredieron a periodistas el lunes pasado.<\/p>\n\n\n\n<p>El CDP, el Sindicato Nacional de Trabajadores de la Prensa (SNTP), el C\u00edrculo de Reporteros Gr\u00e1ficos de Televisi\u00f3n (CRGTV) y la Asociaci\u00f3n de Fotoperiodistas de la Rep\u00fablica Dominicana (AFPRD), tambi\u00e9n calificaron de \u00abbochornoso\u00bb que los agentes hayan borrado material informativo y destruido equipos de trabajo de los periodistas y dem\u00e1s trabajadores de la prensa.<\/p>\n\n\n\n<p>\u00abLos gremios de la prensa nos mantendremos vigilantes y seguiremos siendo guardianes del libre ejercicio del periodismo y la libertad de expresi\u00f3n en el pa\u00eds y no permitiremos que sigan destruyendo el clima de libertad que se ha obtenido a fuerza de sangre y torturas\u00bb, expresaron esas entidades en un documento.<\/p>\n\n\n\n<p>En ese sentido, consideraron que no permitir\u00e1n el \u00abretroceso\u00bb de la libertad de prensa por parte de instituciones y personas que act\u00faan contrario a lo que promueve el gobernante.<\/p>\n\n\n\n<p>\u00abSolicitamos al presidente de la Rep\u00fablica, Luis Abinader, la destituci\u00f3n, sanciones ejemplares y sometimiento a la acci\u00f3n de la justicia de la coronela Ysabelita de los Santos y dem\u00e1s agentes que provocaron los ataques a los periodistas, fot\u00f3grafos y camar\u00f3grafos, mientras cubr\u00edan las incidencias de la visita del defensor del Pueblo al can\u00f3dromo el lunes pasado\u00bb, agregaron.<\/p>\n\n\n\n<p>En el lugar funciona un centro de retenci\u00f3n de veh\u00edculos bajo control de la Digesett y durante el incidente fueron agredidos f\u00edsica y verbalmente el defensor del Pueblo, Pablo Ulloa, y varios miembros de medios de comunicaci\u00f3n.<\/p>\n\n\n\n<p>Durante el incidente un miembro del equipo del Defensor del Pueblo ten\u00eda una herida en el labio y el propio Ulloa fue repelido a empujones por los agentes cuando trataba de entrar a las instalaciones del dep\u00f3sito de veh\u00edculos.<\/p>\n\n\n\n<p>\u00abEsta es una agresi\u00f3n inaceptable y reprochable, se est\u00e1 convirtiendo una pr\u00e1ctica com\u00fan en los miembros de la Digesett, quienes a diario se observan por las redes sociales violando los derechos fundamentales de los usuarios de los veh\u00edculos de motor, cuando son llevados a ese centro de retenci\u00f3n, no obstante existir una disposici\u00f3n del Tribunal Constitucional que proh\u00edbe esa pr\u00e1ctica\u00bb, aseguraron los gremios.<\/p>\n\n\n\n<p>El Colegio de Periodistas y las otras entidades advirtieron a quienes intenten limitar la libertad de prensa, \u00abque nos tendr\u00e1n de frente, no importa el sector que sea, seguiremos defendiendo el derecho que tienen los ciudadanos de conocer todo cuando ocurre en el pa\u00eds\u00bb a trav\u00e9s de los medios de comunicaci\u00f3n.<\/p>\n\n\n\n<p>En relaci\u00f3n al incidente, Ulloa se reuni\u00f3 ayer con el presidente Abinader y hoy lo hizo con el ministro de Interior y Polic\u00eda, Jes\u00fas V\u00e1squez Mart\u00ednez, y con el director de la Polic\u00eda Nacional, Eduardo Then.<\/p>\n\n\n\n<p>La televisora CDN inform\u00f3 este mi\u00e9rcoles que se querell\u00f3 contra la Digesett y los agentes actuantes en la agresi\u00f3n f\u00edsica \u00abcontra el camar\u00f3grafo, la periodista, y los da\u00f1os causados a los equipos de grabaci\u00f3n\u00bb en el incidente ocurrido en el can\u00f3dromo.<\/p>\n\n\n\n<p>\u00abEl ejercicio period\u00edstico que realizamos desde nuestro medio de comunicaci\u00f3n, y que realizan todos los colegas periodistas, busca denunciar el atropello de la autoridad contra la ciudadan\u00eda, incluyendo a nuestros periodistas, camar\u00f3grafos y choferes, personal que sale todos los d\u00edas a realizar un trabajo digno y fundamental para la estabilidad social\u00bb, public\u00f3 CDN en su p\u00e1gina electr\u00f3nica.EFE<\/p>\n","protected":false},"excerpt":{"rendered":"<p>Santo Domingo.- El Colegio Dominicano de Periodistas (CDP) y otros gremios de prensa solicitaron este mi\u00e9rcoles al presidente Luis Abinader la destituci\u00f3n y aplicaci\u00f3n de sanciones \u00abejemplares\u00bb a los agentes de la Direcci\u00f3n General de Seguridad de Tr\u00e1nsito y Transporte Terrestre (Digesett) que agredieron a periodistas el lunes pasado. El CDP, el Sindicato Nacional de [&hellip;]<\/p>\n","protected":false},"author":1,"featured_media":8456,"comment_status":"open","ping_status":"open","sticky":false,"template":"","format":"standard","meta":{"nf_dc_page":"","jetpack_post_was_ever_published":false,"_jetpack_newsletter_access":"","_jetpack_dont_email_post_to_subs":false,"_jetpack_newsletter_tier_id":0,"_jetpack_memberships_contains_paywalled_content":false,"_jetpack_memberships_contains_paid_content":false,"footnotes":"","jetpack_publicize_message":"","jetpack_publicize_feature_enabled":true,"jetpack_social_post_already_shared":false,"jetpack_social_options":{"image_generator_settings":{"template":"highway","default_image_id":0,"font":"","enabled":false},"version":2}},"categories":[65],"tags":[],"class_list":["post-8455","post","type-post","status-publish","format-standard","has-post-thumbnail","hentry","category-nacionales"],"yoast_head":"<!-- This site is optimized with the Yoast SEO plugin v27.4 - https:\/\/yoast.com\/product\/yoast-seo-wordpress\/ -->\n<title>CDP y SNTP Piden a Abinader sanciones \u00abejemplares\u00bb contra la Digesett - Minuto Cero RD<\/title>\n<meta name=\"robots\" content=\"index, follow, max-snippet:-1, max-image-preview:large, max-video-preview:-1\" \/>\n<link rel=\"canonical\" href=\"http:\/\/minutocerord.com\/?p=8455\" \/>\n<meta property=\"og:locale\" content=\"es_ES\" \/>\n<meta property=\"og:type\" content=\"article\" \/>\n<meta property=\"og:title\" content=\"CDP y SNTP Piden a Abinader sanciones \u00abejemplares\u00bb contra la Digesett - Minuto Cero RD\" \/>\n<meta property=\"og:description\" content=\"Santo Domingo.- El Colegio Dominicano de Periodistas (CDP) y otros gremios de prensa solicitaron este mi\u00e9rcoles al presidente Luis Abinader la destituci\u00f3n y aplicaci\u00f3n de sanciones \u00abejemplares\u00bb a los agentes de la Direcci\u00f3n General de Seguridad de Tr\u00e1nsito y Transporte Terrestre (Digesett) que agredieron a periodistas el lunes pasado. El CDP, el Sindicato Nacional de [&hellip;]\" \/>\n<meta property=\"og:url\" content=\"http:\/\/minutocerord.com\/?p=8455\" \/>\n<meta property=\"og:site_name\" content=\"Minuto Cero RD\" \/>\n<meta property=\"article:publisher\" content=\"https:\/\/www.facebook.com\/Genofnotes\" \/>\n<meta property=\"article:author\" content=\"https:\/\/www.facebook.com\/Genofnotes\" \/>\n<meta property=\"article:published_time\" content=\"2022-04-14T02:17:40+00:00\" \/>\n<meta property=\"article:modified_time\" content=\"2022-04-14T02:17:42+00:00\" \/>\n<meta property=\"og:image\" content=\"https:\/\/i0.wp.com\/minutocerord.com\/wp-content\/uploads\/2022\/04\/PRENSA.jpeg?fit=680%2C382\" \/>\n\t<meta property=\"og:image:width\" content=\"680\" \/>\n\t<meta property=\"og:image:height\" content=\"382\" \/>\n\t<meta property=\"og:image:type\" content=\"image\/jpeg\" \/>\n<meta name=\"author\" content=\"Genof\u00f3ntes Urb\u00e1ez\" \/>\n<meta name=\"twitter:card\" content=\"summary_large_image\" \/>\n<meta name=\"twitter:label1\" content=\"Written by\" \/>\n\t<meta name=\"twitter:data1\" content=\"Genof\u00f3ntes Urb\u00e1ez\" \/>\n\t<meta name=\"twitter:label2\" content=\"Est. reading time\" \/>\n\t<meta name=\"twitter:data2\" content=\"3 minutos\" \/>\n<script type=\"application\/ld+json\" class=\"yoast-schema-graph\">{\"@context\":\"https:\\\/\\\/schema.org\",\"@graph\":[{\"@type\":\"Article\",\"@id\":\"http:\\\/\\\/minutocerord.com\\\/?p=8455#article\",\"isPartOf\":{\"@id\":\"http:\\\/\\\/minutocerord.com\\\/?p=8455\"},\"author\":{\"name\":\"Genof\u00f3ntes Urb\u00e1ez\",\"@id\":\"https:\\\/\\\/minutocerord.com\\\/#\\\/schema\\\/person\\\/60b5372d60aaa0a5171fb6488be9aee6\"},\"headline\":\"CDP y SNTP Piden a Abinader sanciones \u00abejemplares\u00bb contra la Digesett\",\"datePublished\":\"2022-04-14T02:17:40+00:00\",\"dateModified\":\"2022-04-14T02:17:42+00:00\",\"mainEntityOfPage\":{\"@id\":\"http:\\\/\\\/minutocerord.com\\\/?p=8455\"},\"wordCount\":640,\"commentCount\":0,\"publisher\":{\"@id\":\"https:\\\/\\\/minutocerord.com\\\/#\\\/schema\\\/person\\\/60b5372d60aaa0a5171fb6488be9aee6\"},\"image\":{\"@id\":\"http:\\\/\\\/minutocerord.com\\\/?p=8455#primaryimage\"},\"thumbnailUrl\":\"https:\\\/\\\/i0.wp.com\\\/minutocerord.com\\\/wp-content\\\/uploads\\\/2022\\\/04\\\/PRENSA.jpeg?fit=680%2C382&ssl=1\",\"articleSection\":[\"Nacionales\"],\"inLanguage\":\"es-DO\",\"potentialAction\":[{\"@type\":\"CommentAction\",\"name\":\"Comment\",\"target\":[\"http:\\\/\\\/minutocerord.com\\\/?p=8455#respond\"]}]},{\"@type\":\"WebPage\",\"@id\":\"http:\\\/\\\/minutocerord.com\\\/?p=8455\",\"url\":\"http:\\\/\\\/minutocerord.com\\\/?p=8455\",\"name\":\"CDP y SNTP Piden a Abinader sanciones \u00abejemplares\u00bb contra la Digesett - Minuto Cero RD\",\"isPartOf\":{\"@id\":\"https:\\\/\\\/minutocerord.com\\\/#website\"},\"primaryImageOfPage\":{\"@id\":\"http:\\\/\\\/minutocerord.com\\\/?p=8455#primaryimage\"},\"image\":{\"@id\":\"http:\\\/\\\/minutocerord.com\\\/?p=8455#primaryimage\"},\"thumbnailUrl\":\"https:\\\/\\\/i0.wp.com\\\/minutocerord.com\\\/wp-content\\\/uploads\\\/2022\\\/04\\\/PRENSA.jpeg?fit=680%2C382&ssl=1\",\"datePublished\":\"2022-04-14T02:17:40+00:00\",\"dateModified\":\"2022-04-14T02:17:42+00:00\",\"breadcrumb\":{\"@id\":\"http:\\\/\\\/minutocerord.com\\\/?p=8455#breadcrumb\"},\"inLanguage\":\"es-DO\",\"potentialAction\":[{\"@type\":\"ReadAction\",\"target\":[\"http:\\\/\\\/minutocerord.com\\\/?p=8455\"]}]},{\"@type\":\"ImageObject\",\"inLanguage\":\"es-DO\",\"@id\":\"http:\\\/\\\/minutocerord.com\\\/?p=8455#primaryimage\",\"url\":\"https:\\\/\\\/i0.wp.com\\\/minutocerord.com\\\/wp-content\\\/uploads\\\/2022\\\/04\\\/PRENSA.jpeg?fit=680%2C382&ssl=1\",\"contentUrl\":\"https:\\\/\\\/i0.wp.com\\\/minutocerord.com\\\/wp-content\\\/uploads\\\/2022\\\/04\\\/PRENSA.jpeg?fit=680%2C382&ssl=1\",\"width\":680,\"height\":382},{\"@type\":\"BreadcrumbList\",\"@id\":\"http:\\\/\\\/minutocerord.com\\\/?p=8455#breadcrumb\",\"itemListElement\":[{\"@type\":\"ListItem\",\"position\":1,\"name\":\"Home\",\"item\":\"https:\\\/\\\/minutocerord.com\\\/\"},{\"@type\":\"ListItem\",\"position\":2,\"name\":\"CDP y SNTP Piden a Abinader sanciones \u00abejemplares\u00bb contra la Digesett\"}]},{\"@type\":\"WebSite\",\"@id\":\"https:\\\/\\\/minutocerord.com\\\/#website\",\"url\":\"https:\\\/\\\/minutocerord.com\\\/\",\"name\":\"Minuto Cero RD\",\"description\":\"Periodismo serio y veraz\",\"publisher\":{\"@id\":\"https:\\\/\\\/minutocerord.com\\\/#\\\/schema\\\/person\\\/60b5372d60aaa0a5171fb6488be9aee6\"},\"potentialAction\":[{\"@type\":\"SearchAction\",\"target\":{\"@type\":\"EntryPoint\",\"urlTemplate\":\"https:\\\/\\\/minutocerord.com\\\/?s={search_term_string}\"},\"query-input\":{\"@type\":\"PropertyValueSpecification\",\"valueRequired\":true,\"valueName\":\"search_term_string\"}}],\"inLanguage\":\"es-DO\"},{\"@type\":[\"Person\",\"Organization\"],\"@id\":\"https:\\\/\\\/minutocerord.com\\\/#\\\/schema\\\/person\\\/60b5372d60aaa0a5171fb6488be9aee6\",\"name\":\"Genof\u00f3ntes Urb\u00e1ez\",\"image\":{\"@type\":\"ImageObject\",\"inLanguage\":\"es-DO\",\"@id\":\"https:\\\/\\\/secure.gravatar.com\\\/avatar\\\/a49ef3186a692098ac3e8a1612261e3ad70cf9e44553dff2929e67939a0ecb9d?s=96&d=identicon&r=g\",\"url\":\"https:\\\/\\\/secure.gravatar.com\\\/avatar\\\/a49ef3186a692098ac3e8a1612261e3ad70cf9e44553dff2929e67939a0ecb9d?s=96&d=identicon&r=g\",\"contentUrl\":\"https:\\\/\\\/secure.gravatar.com\\\/avatar\\\/a49ef3186a692098ac3e8a1612261e3ad70cf9e44553dff2929e67939a0ecb9d?s=96&d=identicon&r=g\",\"caption\":\"Genof\u00f3ntes Urb\u00e1ez\"},\"logo\":{\"@id\":\"https:\\\/\\\/secure.gravatar.com\\\/avatar\\\/a49ef3186a692098ac3e8a1612261e3ad70cf9e44553dff2929e67939a0ecb9d?s=96&d=identicon&r=g\"},\"description\":\"Periodista \\\/ Locutor\",\"sameAs\":[\"https:\\\/\\\/www.facebook.com\\\/Genofnotes\",\"https:\\\/\\\/www.instagram.com\\\/genofnotes\\\/\"]}]}<\/script>\n<!-- \/ Yoast SEO plugin. -->","yoast_head_json":{"title":"CDP y SNTP Piden a Abinader sanciones \u00abejemplares\u00bb contra la Digesett - Minuto Cero RD","robots":{"index":"index","follow":"follow","max-snippet":"max-snippet:-1","max-image-preview":"max-image-preview:large","max-video-preview":"max-video-preview:-1"},"canonical":"http:\/\/minutocerord.com\/?p=8455","og_locale":"es_ES","og_type":"article","og_title":"CDP y SNTP Piden a Abinader sanciones \u00abejemplares\u00bb contra la Digesett - Minuto Cero RD","og_description":"Santo Domingo.- El Colegio Dominicano de Periodistas (CDP) y otros gremios de prensa solicitaron este mi\u00e9rcoles al presidente Luis Abinader la destituci\u00f3n y aplicaci\u00f3n de sanciones \u00abejemplares\u00bb a los agentes de la Direcci\u00f3n General de Seguridad de Tr\u00e1nsito y Transporte Terrestre (Digesett) que agredieron a periodistas el lunes pasado. El CDP, el Sindicato Nacional de [&hellip;]","og_url":"http:\/\/minutocerord.com\/?p=8455","og_site_name":"Minuto Cero RD","article_publisher":"https:\/\/www.facebook.com\/Genofnotes","article_author":"https:\/\/www.facebook.com\/Genofnotes","article_published_time":"2022-04-14T02:17:40+00:00","article_modified_time":"2022-04-14T02:17:42+00:00","og_image":[{"width":680,"height":382,"url":"https:\/\/i0.wp.com\/minutocerord.com\/wp-content\/uploads\/2022\/04\/PRENSA.jpeg?fit=680%2C382","type":"image\/jpeg"}],"author":"Genof\u00f3ntes Urb\u00e1ez","twitter_card":"summary_large_image","twitter_misc":{"Written by":"Genof\u00f3ntes Urb\u00e1ez","Est. reading time":"3 minutos"},"schema":{"@context":"https:\/\/schema.org","@graph":[{"@type":"Article","@id":"http:\/\/minutocerord.com\/?p=8455#article","isPartOf":{"@id":"http:\/\/minutocerord.com\/?p=8455"},"author":{"name":"Genof\u00f3ntes Urb\u00e1ez","@id":"https:\/\/minutocerord.com\/#\/schema\/person\/60b5372d60aaa0a5171fb6488be9aee6"},"headline":"CDP y SNTP Piden a Abinader sanciones \u00abejemplares\u00bb contra la Digesett","datePublished":"2022-04-14T02:17:40+00:00","dateModified":"2022-04-14T02:17:42+00:00","mainEntityOfPage":{"@id":"http:\/\/minutocerord.com\/?p=8455"},"wordCount":640,"commentCount":0,"publisher":{"@id":"https:\/\/minutocerord.com\/#\/schema\/person\/60b5372d60aaa0a5171fb6488be9aee6"},"image":{"@id":"http:\/\/minutocerord.com\/?p=8455#primaryimage"},"thumbnailUrl":"https:\/\/i0.wp.com\/minutocerord.com\/wp-content\/uploads\/2022\/04\/PRENSA.jpeg?fit=680%2C382&ssl=1","articleSection":["Nacionales"],"inLanguage":"es-DO","potentialAction":[{"@type":"CommentAction","name":"Comment","target":["http:\/\/minutocerord.com\/?p=8455#respond"]}]},{"@type":"WebPage","@id":"http:\/\/minutocerord.com\/?p=8455","url":"http:\/\/minutocerord.com\/?p=8455","name":"CDP y SNTP Piden a Abinader sanciones \u00abejemplares\u00bb contra la Digesett - Minuto Cero RD","isPartOf":{"@id":"https:\/\/minutocerord.com\/#website"},"primaryImageOfPage":{"@id":"http:\/\/minutocerord.com\/?p=8455#primaryimage"},"image":{"@id":"http:\/\/minutocerord.com\/?p=8455#primaryimage"},"thumbnailUrl":"https:\/\/i0.wp.com\/minutocerord.com\/wp-content\/uploads\/2022\/04\/PRENSA.jpeg?fit=680%2C382&ssl=1","datePublished":"2022-04-14T02:17:40+00:00","dateModified":"2022-04-14T02:17:42+00:00","breadcrumb":{"@id":"http:\/\/minutocerord.com\/?p=8455#breadcrumb"},"inLanguage":"es-DO","potentialAction":[{"@type":"ReadAction","target":["http:\/\/minutocerord.com\/?p=8455"]}]},{"@type":"ImageObject","inLanguage":"es-DO","@id":"http:\/\/minutocerord.com\/?p=8455#primaryimage","url":"https:\/\/i0.wp.com\/minutocerord.com\/wp-content\/uploads\/2022\/04\/PRENSA.jpeg?fit=680%2C382&ssl=1","contentUrl":"https:\/\/i0.wp.com\/minutocerord.com\/wp-content\/uploads\/2022\/04\/PRENSA.jpeg?fit=680%2C382&ssl=1","width":680,"height":382},{"@type":"BreadcrumbList","@id":"http:\/\/minutocerord.com\/?p=8455#breadcrumb","itemListElement":[{"@type":"ListItem","position":1,"name":"Home","item":"https:\/\/minutocerord.com\/"},{"@type":"ListItem","position":2,"name":"CDP y SNTP Piden a Abinader sanciones \u00abejemplares\u00bb contra la Digesett"}]},{"@type":"WebSite","@id":"https:\/\/minutocerord.com\/#website","url":"https:\/\/minutocerord.com\/","name":"Minuto Cero RD","description":"Periodismo serio y veraz","publisher":{"@id":"https:\/\/minutocerord.com\/#\/schema\/person\/60b5372d60aaa0a5171fb6488be9aee6"},"potentialAction":[{"@type":"SearchAction","target":{"@type":"EntryPoint","urlTemplate":"https:\/\/minutocerord.com\/?s={search_term_string}"},"query-input":{"@type":"PropertyValueSpecification","valueRequired":true,"valueName":"search_term_string"}}],"inLanguage":"es-DO"},{"@type":["Person","Organization"],"@id":"https:\/\/minutocerord.com\/#\/schema\/person\/60b5372d60aaa0a5171fb6488be9aee6","name":"Genof\u00f3ntes Urb\u00e1ez","image":{"@type":"ImageObject","inLanguage":"es-DO","@id":"https:\/\/secure.gravatar.com\/avatar\/a49ef3186a692098ac3e8a1612261e3ad70cf9e44553dff2929e67939a0ecb9d?s=96&d=identicon&r=g","url":"https:\/\/secure.gravatar.com\/avatar\/a49ef3186a692098ac3e8a1612261e3ad70cf9e44553dff2929e67939a0ecb9d?s=96&d=identicon&r=g","contentUrl":"https:\/\/secure.gravatar.com\/avatar\/a49ef3186a692098ac3e8a1612261e3ad70cf9e44553dff2929e67939a0ecb9d?s=96&d=identicon&r=g","caption":"Genof\u00f3ntes Urb\u00e1ez"},"logo":{"@id":"https:\/\/secure.gravatar.com\/avatar\/a49ef3186a692098ac3e8a1612261e3ad70cf9e44553dff2929e67939a0ecb9d?s=96&d=identicon&r=g"},"description":"Periodista \/ Locutor","sameAs":["https:\/\/www.facebook.com\/Genofnotes","https:\/\/www.instagram.com\/genofnotes\/"]}]}},"jetpack_publicize_connections":[],"jetpack_featured_media_url":"https:\/\/i0.wp.com\/minutocerord.com\/wp-content\/uploads\/2022\/04\/PRENSA.jpeg?fit=680%2C382&ssl=1","jetpack-related-posts":[],"jetpack_sharing_enabled":true,"_links":{"self":[{"href":"https:\/\/minutocerord.com\/index.php?rest_route=\/wp\/v2\/posts\/8455","targetHints":{"allow":["GET"]}}],"collection":[{"href":"https:\/\/minutocerord.com\/index.php?rest_route=\/wp\/v2\/posts"}],"about":[{"href":"https:\/\/minutocerord.com\/index.php?rest_route=\/wp\/v2\/types\/post"}],"author":[{"embeddable":true,"href":"https:\/\/minutocerord.com\/index.php?rest_route=\/wp\/v2\/users\/1"}],"replies":[{"embeddable":true,"href":"https:\/\/minutocerord.com\/index.php?rest_route=%2Fwp%2Fv2%2Fcomments&post=8455"}],"version-history":[{"count":1,"href":"https:\/\/minutocerord.com\/index.php?rest_route=\/wp\/v2\/posts\/8455\/revisions"}],"predecessor-version":[{"id":8457,"href":"https:\/\/minutocerord.com\/index.php?rest_route=\/wp\/v2\/posts\/8455\/revisions\/8457"}],"wp:featuredmedia":[{"embeddable":true,"href":"https:\/\/minutocerord.com\/index.php?rest_route=\/wp\/v2\/media\/8456"}],"wp:attachment":[{"href":"https:\/\/minutocerord.com\/index.php?rest_route=%2Fwp%2Fv2%2Fmedia&parent=8455"}],"wp:term":[{"taxonomy":"category","embeddable":true,"href":"https:\/\/minutocerord.com\/index.php?rest_route=%2Fwp%2Fv2%2Fcategories&post=8455"},{"taxonomy":"post_tag","embeddable":true,"href":"https:\/\/minutocerord.com\/index.php?rest_route=%2Fwp%2Fv2%2Ftags&post=8455"}],"curies":[{"name":"wp","href":"https:\/\/api.w.org\/{rel}","templated":true}]}}