{"id":8458,"date":"2022-04-13T22:45:14","date_gmt":"2022-04-14T02:45:14","guid":{"rendered":"https:\/\/minutocerord.com\/?p=8458"},"modified":"2022-04-13T22:45:17","modified_gmt":"2022-04-14T02:45:17","slug":"colegio-dominicano-de-locutores-nomina-a-federico-nunez-manan-en-el-renglon-locutor-de-noticias","status":"publish","type":"post","link":"https:\/\/minutocerord.com\/?p=8458","title":{"rendered":"Colegio Dominicano de Locutores nomina a Federico Nu\u00f1ez Ma\u00f1an en el renglon Locutor de Noticias"},"content":{"rendered":"\n<p><strong>Santo Domingo, RD.-<\/strong> Con motivo de celebrarse el 18 de Abril Dia del Locutor, El Colegio Dominicano de Locutores arriba a su 8va. Edicion del Premio Nacional del Locutor, como cada a\u00f1o destacan la importante labor que realizan los hombres y mujeres del micr\u00f3fono en las diferentes \u00e1reas de la locuci\u00f3n.<\/p>\n\n\n\n<p>En esta ocasion otorga el presente Certificado de Nominacion a nuestro querido y gran profesional de las noticias&nbsp;<strong>Federico Nu\u00f1ez Ma\u00f1an,<\/strong>&nbsp;icono de los boletines y considerado por muchos como el todo terreno de la radio. Buscandolanoticia.com se siente halagado por tomar en cuenta a nuestro presidente y propietario y agradece a los organizadores del evento en la persona de su&nbsp;<strong>Presidente advitam Lic. Nelson Gutierrez, Lic. Cesar Perez Presidente Actual y Emmanuel Flores Secretario de Organizacion.<\/strong><\/p>\n\n\n\n<p>Hoy se hizo la entrega de los Certificados a a los Nominados en las diferentes categorias en las instalaciones del Club Narciso Gonz\u00e1lez del Sector de Villa Juana.<\/p>\n\n\n\n<p>El 18 de abril, D\u00eda Nacional del Locutor, ser\u00e1n dado a conocer los ganadores por categor\u00edas, adem\u00e1s del ganador del&nbsp;<strong>Gran Premio Nacional del Locutor&nbsp;<\/strong>que es la m\u00e1xima distinci\u00f3n y se realizar\u00e1n los reconocimientos especiales durante el ceremonial de la Octava Edici\u00f3n del Premio Nacional del Locutor, en el Sal\u00f3n Monina Sol\u00e1, del Centro Cultural Narciso Gonz\u00e1lez a las 7 de la noche, y ser\u00e1 transmitido por las principales plataformas digitales de la Rep\u00fablica Dominicana y el exterior.<\/p>\n\n\n\n<p><strong>Nominados<\/strong>:<\/p>\n\n\n\n<p><strong>Locutor Noticias en Radio:<\/strong><\/p>\n\n\n\n<p>1-Willy Lachapell.<\/p>\n\n\n\n<p>2-Federico N\u00fa\u00f1ez Ma\u00f1\u00e1n.<\/p>\n\n\n\n<figure class=\"wp-block-image\"><a href=\"data:image\/png;base64,iVBORw0KGgoAAAANSUhEUgAABAAAAAL4AQAAAADNd7hgAAAAAnRSTlMAAHaTzTgAAAB1SURBVHja7cEBAQAAAIIg\/69uSEABAAAAAAAAAAAAAAAAAAAAAAAAAAAAAAAAAAAAAAAAAAAAAAAAAAAAAAAAAAAAAAAAAAAAAAAAAAAAAAAAAAAAAAAAAAAAAAAAAAAAAAAAAAAAAAAAAAAAAAAAAAAAAO8GfwcAARhLVQAAAAAASUVORK5CYII=\"><img data-recalc-dims=\"1\" decoding=\"async\" loading=\"lazy\" src=\"https:\/\/i0.wp.com\/buscandolanoticia.com\/wp-content\/uploads\/2022\/04\/WhatsApp-Image-2022-04-13-at-10.08.52-PM-1024x760.jpeg.webp?w=640&#038;ssl=1\" alt=\"\" class=\"wp-image-28419\"\/><\/a><\/figure>\n","protected":false},"excerpt":{"rendered":"<p>Santo Domingo, RD.- Con motivo de celebrarse el 18 de Abril Dia del Locutor, El Colegio Dominicano de Locutores arriba a su 8va. Edicion del Premio Nacional del Locutor, como cada a\u00f1o destacan la importante labor que realizan los hombres y mujeres del micr\u00f3fono en las diferentes \u00e1reas de la locuci\u00f3n. En esta ocasion otorga [&hellip;]<\/p>\n","protected":false},"author":1,"featured_media":8459,"comment_status":"open","ping_status":"open","sticky":false,"template":"","format":"standard","meta":{"nf_dc_page":"","jetpack_post_was_ever_published":false,"_jetpack_newsletter_access":"","_jetpack_dont_email_post_to_subs":false,"_jetpack_newsletter_tier_id":0,"_jetpack_memberships_contains_paywalled_content":false,"_jetpack_memberships_contains_paid_content":false,"footnotes":"","jetpack_publicize_message":"","jetpack_publicize_feature_enabled":true,"jetpack_social_post_already_shared":false,"jetpack_social_options":{"image_generator_settings":{"template":"highway","default_image_id":0,"font":"","enabled":false},"version":2}},"categories":[68],"tags":[],"class_list":["post-8458","post","type-post","status-publish","format-standard","has-post-thumbnail","hentry","category-entretenimiento"],"yoast_head":"<!-- This site is optimized with the Yoast SEO plugin v27.4 - https:\/\/yoast.com\/product\/yoast-seo-wordpress\/ -->\n<title>Colegio Dominicano de Locutores nomina a Federico Nu\u00f1ez Ma\u00f1an en el renglon Locutor de Noticias - Minuto Cero RD<\/title>\n<meta name=\"robots\" content=\"index, follow, max-snippet:-1, max-image-preview:large, max-video-preview:-1\" \/>\n<link rel=\"canonical\" href=\"http:\/\/minutocerord.com\/?p=8458\" \/>\n<meta property=\"og:locale\" content=\"es_ES\" \/>\n<meta property=\"og:type\" content=\"article\" \/>\n<meta property=\"og:title\" content=\"Colegio Dominicano de Locutores nomina a Federico Nu\u00f1ez Ma\u00f1an en el renglon Locutor de Noticias - Minuto Cero RD\" \/>\n<meta property=\"og:description\" content=\"Santo Domingo, RD.- Con motivo de celebrarse el 18 de Abril Dia del Locutor, El Colegio Dominicano de Locutores arriba a su 8va. Edicion del Premio Nacional del Locutor, como cada a\u00f1o destacan la importante labor que realizan los hombres y mujeres del micr\u00f3fono en las diferentes \u00e1reas de la locuci\u00f3n. En esta ocasion otorga [&hellip;]\" \/>\n<meta property=\"og:url\" content=\"http:\/\/minutocerord.com\/?p=8458\" \/>\n<meta property=\"og:site_name\" content=\"Minuto Cero RD\" \/>\n<meta property=\"article:publisher\" content=\"https:\/\/www.facebook.com\/Genofnotes\" \/>\n<meta property=\"article:author\" content=\"https:\/\/www.facebook.com\/Genofnotes\" \/>\n<meta property=\"article:published_time\" content=\"2022-04-14T02:45:14+00:00\" \/>\n<meta property=\"article:modified_time\" content=\"2022-04-14T02:45:17+00:00\" \/>\n<meta property=\"og:image\" content=\"https:\/\/i0.wp.com\/minutocerord.com\/wp-content\/uploads\/2022\/04\/WhatsApp-Image-2022-04-13-at-10.44.22-PM.jpeg?fit=1080%2C1080\" \/>\n\t<meta property=\"og:image:width\" content=\"1080\" \/>\n\t<meta property=\"og:image:height\" content=\"1080\" \/>\n\t<meta property=\"og:image:type\" content=\"image\/jpeg\" \/>\n<meta name=\"author\" content=\"Genof\u00f3ntes Urb\u00e1ez\" \/>\n<meta name=\"twitter:card\" content=\"summary_large_image\" \/>\n<meta name=\"twitter:label1\" content=\"Written by\" \/>\n\t<meta name=\"twitter:data1\" content=\"Genof\u00f3ntes Urb\u00e1ez\" \/>\n\t<meta name=\"twitter:label2\" content=\"Est. reading time\" \/>\n\t<meta name=\"twitter:data2\" content=\"2 minutos\" \/>\n<script type=\"application\/ld+json\" class=\"yoast-schema-graph\">{\"@context\":\"https:\\\/\\\/schema.org\",\"@graph\":[{\"@type\":\"Article\",\"@id\":\"http:\\\/\\\/minutocerord.com\\\/?p=8458#article\",\"isPartOf\":{\"@id\":\"http:\\\/\\\/minutocerord.com\\\/?p=8458\"},\"author\":{\"name\":\"Genof\u00f3ntes Urb\u00e1ez\",\"@id\":\"https:\\\/\\\/minutocerord.com\\\/#\\\/schema\\\/person\\\/60b5372d60aaa0a5171fb6488be9aee6\"},\"headline\":\"Colegio Dominicano de Locutores nomina a Federico Nu\u00f1ez Ma\u00f1an en el renglon Locutor de Noticias\",\"datePublished\":\"2022-04-14T02:45:14+00:00\",\"dateModified\":\"2022-04-14T02:45:17+00:00\",\"mainEntityOfPage\":{\"@id\":\"http:\\\/\\\/minutocerord.com\\\/?p=8458\"},\"wordCount\":285,\"commentCount\":0,\"publisher\":{\"@id\":\"https:\\\/\\\/minutocerord.com\\\/#\\\/schema\\\/person\\\/60b5372d60aaa0a5171fb6488be9aee6\"},\"image\":{\"@id\":\"http:\\\/\\\/minutocerord.com\\\/?p=8458#primaryimage\"},\"thumbnailUrl\":\"https:\\\/\\\/i0.wp.com\\\/minutocerord.com\\\/wp-content\\\/uploads\\\/2022\\\/04\\\/WhatsApp-Image-2022-04-13-at-10.44.22-PM.jpeg?fit=1080%2C1080&ssl=1\",\"articleSection\":[\"Entretenimiento\"],\"inLanguage\":\"es-DO\",\"potentialAction\":[{\"@type\":\"CommentAction\",\"name\":\"Comment\",\"target\":[\"http:\\\/\\\/minutocerord.com\\\/?p=8458#respond\"]}]},{\"@type\":\"WebPage\",\"@id\":\"http:\\\/\\\/minutocerord.com\\\/?p=8458\",\"url\":\"http:\\\/\\\/minutocerord.com\\\/?p=8458\",\"name\":\"Colegio Dominicano de Locutores nomina a Federico Nu\u00f1ez Ma\u00f1an en el renglon Locutor de Noticias - Minuto Cero RD\",\"isPartOf\":{\"@id\":\"https:\\\/\\\/minutocerord.com\\\/#website\"},\"primaryImageOfPage\":{\"@id\":\"http:\\\/\\\/minutocerord.com\\\/?p=8458#primaryimage\"},\"image\":{\"@id\":\"http:\\\/\\\/minutocerord.com\\\/?p=8458#primaryimage\"},\"thumbnailUrl\":\"https:\\\/\\\/i0.wp.com\\\/minutocerord.com\\\/wp-content\\\/uploads\\\/2022\\\/04\\\/WhatsApp-Image-2022-04-13-at-10.44.22-PM.jpeg?fit=1080%2C1080&ssl=1\",\"datePublished\":\"2022-04-14T02:45:14+00:00\",\"dateModified\":\"2022-04-14T02:45:17+00:00\",\"breadcrumb\":{\"@id\":\"http:\\\/\\\/minutocerord.com\\\/?p=8458#breadcrumb\"},\"inLanguage\":\"es-DO\",\"potentialAction\":[{\"@type\":\"ReadAction\",\"target\":[\"http:\\\/\\\/minutocerord.com\\\/?p=8458\"]}]},{\"@type\":\"ImageObject\",\"inLanguage\":\"es-DO\",\"@id\":\"http:\\\/\\\/minutocerord.com\\\/?p=8458#primaryimage\",\"url\":\"https:\\\/\\\/i0.wp.com\\\/minutocerord.com\\\/wp-content\\\/uploads\\\/2022\\\/04\\\/WhatsApp-Image-2022-04-13-at-10.44.22-PM.jpeg?fit=1080%2C1080&ssl=1\",\"contentUrl\":\"https:\\\/\\\/i0.wp.com\\\/minutocerord.com\\\/wp-content\\\/uploads\\\/2022\\\/04\\\/WhatsApp-Image-2022-04-13-at-10.44.22-PM.jpeg?fit=1080%2C1080&ssl=1\",\"width\":1080,\"height\":1080},{\"@type\":\"BreadcrumbList\",\"@id\":\"http:\\\/\\\/minutocerord.com\\\/?p=8458#breadcrumb\",\"itemListElement\":[{\"@type\":\"ListItem\",\"position\":1,\"name\":\"Home\",\"item\":\"https:\\\/\\\/minutocerord.com\\\/\"},{\"@type\":\"ListItem\",\"position\":2,\"name\":\"Colegio Dominicano de Locutores nomina a Federico Nu\u00f1ez Ma\u00f1an en el renglon Locutor de Noticias\"}]},{\"@type\":\"WebSite\",\"@id\":\"https:\\\/\\\/minutocerord.com\\\/#website\",\"url\":\"https:\\\/\\\/minutocerord.com\\\/\",\"name\":\"Minuto Cero RD\",\"description\":\"Periodismo serio y veraz\",\"publisher\":{\"@id\":\"https:\\\/\\\/minutocerord.com\\\/#\\\/schema\\\/person\\\/60b5372d60aaa0a5171fb6488be9aee6\"},\"potentialAction\":[{\"@type\":\"SearchAction\",\"target\":{\"@type\":\"EntryPoint\",\"urlTemplate\":\"https:\\\/\\\/minutocerord.com\\\/?s={search_term_string}\"},\"query-input\":{\"@type\":\"PropertyValueSpecification\",\"valueRequired\":true,\"valueName\":\"search_term_string\"}}],\"inLanguage\":\"es-DO\"},{\"@type\":[\"Person\",\"Organization\"],\"@id\":\"https:\\\/\\\/minutocerord.com\\\/#\\\/schema\\\/person\\\/60b5372d60aaa0a5171fb6488be9aee6\",\"name\":\"Genof\u00f3ntes Urb\u00e1ez\",\"image\":{\"@type\":\"ImageObject\",\"inLanguage\":\"es-DO\",\"@id\":\"https:\\\/\\\/secure.gravatar.com\\\/avatar\\\/a49ef3186a692098ac3e8a1612261e3ad70cf9e44553dff2929e67939a0ecb9d?s=96&d=identicon&r=g\",\"url\":\"https:\\\/\\\/secure.gravatar.com\\\/avatar\\\/a49ef3186a692098ac3e8a1612261e3ad70cf9e44553dff2929e67939a0ecb9d?s=96&d=identicon&r=g\",\"contentUrl\":\"https:\\\/\\\/secure.gravatar.com\\\/avatar\\\/a49ef3186a692098ac3e8a1612261e3ad70cf9e44553dff2929e67939a0ecb9d?s=96&d=identicon&r=g\",\"caption\":\"Genof\u00f3ntes Urb\u00e1ez\"},\"logo\":{\"@id\":\"https:\\\/\\\/secure.gravatar.com\\\/avatar\\\/a49ef3186a692098ac3e8a1612261e3ad70cf9e44553dff2929e67939a0ecb9d?s=96&d=identicon&r=g\"},\"description\":\"Periodista \\\/ Locutor\",\"sameAs\":[\"https:\\\/\\\/www.facebook.com\\\/Genofnotes\",\"https:\\\/\\\/www.instagram.com\\\/genofnotes\\\/\"]}]}<\/script>\n<!-- \/ Yoast SEO plugin. -->","yoast_head_json":{"title":"Colegio Dominicano de Locutores nomina a Federico Nu\u00f1ez Ma\u00f1an en el renglon Locutor de Noticias - Minuto Cero RD","robots":{"index":"index","follow":"follow","max-snippet":"max-snippet:-1","max-image-preview":"max-image-preview:large","max-video-preview":"max-video-preview:-1"},"canonical":"http:\/\/minutocerord.com\/?p=8458","og_locale":"es_ES","og_type":"article","og_title":"Colegio Dominicano de Locutores nomina a Federico Nu\u00f1ez Ma\u00f1an en el renglon Locutor de Noticias - Minuto Cero RD","og_description":"Santo Domingo, RD.- Con motivo de celebrarse el 18 de Abril Dia del Locutor, El Colegio Dominicano de Locutores arriba a su 8va. Edicion del Premio Nacional del Locutor, como cada a\u00f1o destacan la importante labor que realizan los hombres y mujeres del micr\u00f3fono en las diferentes \u00e1reas de la locuci\u00f3n. En esta ocasion otorga [&hellip;]","og_url":"http:\/\/minutocerord.com\/?p=8458","og_site_name":"Minuto Cero RD","article_publisher":"https:\/\/www.facebook.com\/Genofnotes","article_author":"https:\/\/www.facebook.com\/Genofnotes","article_published_time":"2022-04-14T02:45:14+00:00","article_modified_time":"2022-04-14T02:45:17+00:00","og_image":[{"width":1080,"height":1080,"url":"https:\/\/i0.wp.com\/minutocerord.com\/wp-content\/uploads\/2022\/04\/WhatsApp-Image-2022-04-13-at-10.44.22-PM.jpeg?fit=1080%2C1080","type":"image\/jpeg"}],"author":"Genof\u00f3ntes Urb\u00e1ez","twitter_card":"summary_large_image","twitter_misc":{"Written by":"Genof\u00f3ntes Urb\u00e1ez","Est. reading time":"2 minutos"},"schema":{"@context":"https:\/\/schema.org","@graph":[{"@type":"Article","@id":"http:\/\/minutocerord.com\/?p=8458#article","isPartOf":{"@id":"http:\/\/minutocerord.com\/?p=8458"},"author":{"name":"Genof\u00f3ntes Urb\u00e1ez","@id":"https:\/\/minutocerord.com\/#\/schema\/person\/60b5372d60aaa0a5171fb6488be9aee6"},"headline":"Colegio Dominicano de Locutores nomina a Federico Nu\u00f1ez Ma\u00f1an en el renglon Locutor de Noticias","datePublished":"2022-04-14T02:45:14+00:00","dateModified":"2022-04-14T02:45:17+00:00","mainEntityOfPage":{"@id":"http:\/\/minutocerord.com\/?p=8458"},"wordCount":285,"commentCount":0,"publisher":{"@id":"https:\/\/minutocerord.com\/#\/schema\/person\/60b5372d60aaa0a5171fb6488be9aee6"},"image":{"@id":"http:\/\/minutocerord.com\/?p=8458#primaryimage"},"thumbnailUrl":"https:\/\/i0.wp.com\/minutocerord.com\/wp-content\/uploads\/2022\/04\/WhatsApp-Image-2022-04-13-at-10.44.22-PM.jpeg?fit=1080%2C1080&ssl=1","articleSection":["Entretenimiento"],"inLanguage":"es-DO","potentialAction":[{"@type":"CommentAction","name":"Comment","target":["http:\/\/minutocerord.com\/?p=8458#respond"]}]},{"@type":"WebPage","@id":"http:\/\/minutocerord.com\/?p=8458","url":"http:\/\/minutocerord.com\/?p=8458","name":"Colegio Dominicano de Locutores nomina a Federico Nu\u00f1ez Ma\u00f1an en el renglon Locutor de Noticias - Minuto Cero RD","isPartOf":{"@id":"https:\/\/minutocerord.com\/#website"},"primaryImageOfPage":{"@id":"http:\/\/minutocerord.com\/?p=8458#primaryimage"},"image":{"@id":"http:\/\/minutocerord.com\/?p=8458#primaryimage"},"thumbnailUrl":"https:\/\/i0.wp.com\/minutocerord.com\/wp-content\/uploads\/2022\/04\/WhatsApp-Image-2022-04-13-at-10.44.22-PM.jpeg?fit=1080%2C1080&ssl=1","datePublished":"2022-04-14T02:45:14+00:00","dateModified":"2022-04-14T02:45:17+00:00","breadcrumb":{"@id":"http:\/\/minutocerord.com\/?p=8458#breadcrumb"},"inLanguage":"es-DO","potentialAction":[{"@type":"ReadAction","target":["http:\/\/minutocerord.com\/?p=8458"]}]},{"@type":"ImageObject","inLanguage":"es-DO","@id":"http:\/\/minutocerord.com\/?p=8458#primaryimage","url":"https:\/\/i0.wp.com\/minutocerord.com\/wp-content\/uploads\/2022\/04\/WhatsApp-Image-2022-04-13-at-10.44.22-PM.jpeg?fit=1080%2C1080&ssl=1","contentUrl":"https:\/\/i0.wp.com\/minutocerord.com\/wp-content\/uploads\/2022\/04\/WhatsApp-Image-2022-04-13-at-10.44.22-PM.jpeg?fit=1080%2C1080&ssl=1","width":1080,"height":1080},{"@type":"BreadcrumbList","@id":"http:\/\/minutocerord.com\/?p=8458#breadcrumb","itemListElement":[{"@type":"ListItem","position":1,"name":"Home","item":"https:\/\/minutocerord.com\/"},{"@type":"ListItem","position":2,"name":"Colegio Dominicano de Locutores nomina a Federico Nu\u00f1ez Ma\u00f1an en el renglon Locutor de Noticias"}]},{"@type":"WebSite","@id":"https:\/\/minutocerord.com\/#website","url":"https:\/\/minutocerord.com\/","name":"Minuto Cero RD","description":"Periodismo serio y veraz","publisher":{"@id":"https:\/\/minutocerord.com\/#\/schema\/person\/60b5372d60aaa0a5171fb6488be9aee6"},"potentialAction":[{"@type":"SearchAction","target":{"@type":"EntryPoint","urlTemplate":"https:\/\/minutocerord.com\/?s={search_term_string}"},"query-input":{"@type":"PropertyValueSpecification","valueRequired":true,"valueName":"search_term_string"}}],"inLanguage":"es-DO"},{"@type":["Person","Organization"],"@id":"https:\/\/minutocerord.com\/#\/schema\/person\/60b5372d60aaa0a5171fb6488be9aee6","name":"Genof\u00f3ntes Urb\u00e1ez","image":{"@type":"ImageObject","inLanguage":"es-DO","@id":"https:\/\/secure.gravatar.com\/avatar\/a49ef3186a692098ac3e8a1612261e3ad70cf9e44553dff2929e67939a0ecb9d?s=96&d=identicon&r=g","url":"https:\/\/secure.gravatar.com\/avatar\/a49ef3186a692098ac3e8a1612261e3ad70cf9e44553dff2929e67939a0ecb9d?s=96&d=identicon&r=g","contentUrl":"https:\/\/secure.gravatar.com\/avatar\/a49ef3186a692098ac3e8a1612261e3ad70cf9e44553dff2929e67939a0ecb9d?s=96&d=identicon&r=g","caption":"Genof\u00f3ntes Urb\u00e1ez"},"logo":{"@id":"https:\/\/secure.gravatar.com\/avatar\/a49ef3186a692098ac3e8a1612261e3ad70cf9e44553dff2929e67939a0ecb9d?s=96&d=identicon&r=g"},"description":"Periodista \/ Locutor","sameAs":["https:\/\/www.facebook.com\/Genofnotes","https:\/\/www.instagram.com\/genofnotes\/"]}]}},"jetpack_publicize_connections":[],"jetpack_featured_media_url":"https:\/\/i0.wp.com\/minutocerord.com\/wp-content\/uploads\/2022\/04\/WhatsApp-Image-2022-04-13-at-10.44.22-PM.jpeg?fit=1080%2C1080&ssl=1","jetpack-related-posts":[],"jetpack_sharing_enabled":true,"_links":{"self":[{"href":"https:\/\/minutocerord.com\/index.php?rest_route=\/wp\/v2\/posts\/8458","targetHints":{"allow":["GET"]}}],"collection":[{"href":"https:\/\/minutocerord.com\/index.php?rest_route=\/wp\/v2\/posts"}],"about":[{"href":"https:\/\/minutocerord.com\/index.php?rest_route=\/wp\/v2\/types\/post"}],"author":[{"embeddable":true,"href":"https:\/\/minutocerord.com\/index.php?rest_route=\/wp\/v2\/users\/1"}],"replies":[{"embeddable":true,"href":"https:\/\/minutocerord.com\/index.php?rest_route=%2Fwp%2Fv2%2Fcomments&post=8458"}],"version-history":[{"count":1,"href":"https:\/\/minutocerord.com\/index.php?rest_route=\/wp\/v2\/posts\/8458\/revisions"}],"predecessor-version":[{"id":8460,"href":"https:\/\/minutocerord.com\/index.php?rest_route=\/wp\/v2\/posts\/8458\/revisions\/8460"}],"wp:featuredmedia":[{"embeddable":true,"href":"https:\/\/minutocerord.com\/index.php?rest_route=\/wp\/v2\/media\/8459"}],"wp:attachment":[{"href":"https:\/\/minutocerord.com\/index.php?rest_route=%2Fwp%2Fv2%2Fmedia&parent=8458"}],"wp:term":[{"taxonomy":"category","embeddable":true,"href":"https:\/\/minutocerord.com\/index.php?rest_route=%2Fwp%2Fv2%2Fcategories&post=8458"},{"taxonomy":"post_tag","embeddable":true,"href":"https:\/\/minutocerord.com\/index.php?rest_route=%2Fwp%2Fv2%2Ftags&post=8458"}],"curies":[{"name":"wp","href":"https:\/\/api.w.org\/{rel}","templated":true}]}}