{"id":8461,"date":"2022-04-14T00:57:25","date_gmt":"2022-04-14T04:57:25","guid":{"rendered":"https:\/\/minutocerord.com\/?p=8461"},"modified":"2022-04-14T00:57:27","modified_gmt":"2022-04-14T04:57:27","slug":"locutores-agradecen-al-presidente-luis-abinader-por-las-pensiones-otorgadas","status":"publish","type":"post","link":"https:\/\/minutocerord.com\/?p=8461","title":{"rendered":"Locutores agradecen al Presidente Luis Abinader por las pensiones otorgadas"},"content":{"rendered":"\n<p><strong>Con mencion especial a la ex presidente del Circulo de Locutores Dominicanos Ana Daisy Guerrero<\/strong><\/p>\n\n\n\n<p><strong>Santo Domingo.- <\/strong>El Lunes pasado un total de 73 Locutores recibieron la informacion de que el Lic.\u00a0<strong>Luis Abinader Corona, Presidente de la Republica,<\/strong>\u00a0mediante el decreto No. 166-22 de fecha 31 de marzo los habia pensionados.<\/p>\n\n\n\n<p><strong>Ana Daisy Guerrero<\/strong>&nbsp;ex presidenta del Circulo de Locutores Dominicanos fue la portadora de desvelar la gran noticia, la guerrera como se le conoce en los medios radiales se mantuvo activa durante mas de 8 a\u00f1os exigiendo las pensiones sin perder nunca la motivacion de que algun ese dia llegaria.<\/p>\n\n\n\n<p>Todos al unisono damos las gracias, primero a Dios por permitir que esto sea una realidad, luego al presidente Abinader por ser la persona escogida y no menos importante que a la&nbsp;<strong>gran guerrera Ana Daisy Guerrero.<\/strong><\/p>\n\n\n\n<p>Colega Ana Daisy hoy Los Locutores Pensionados te damos un gran abrazo en se\u00f1al de agradecimiento, por tu gallardia y afan de lograr unas pensiones dignas para los prefesionales del microfono, ademas queremos hacer un reconocimiento al director de Jubilaciones y Pensiones Juan Rosa por ser el enlace directo.<\/p>\n\n\n\n<p>La guerrera Dijo no haber perdido nunca la f\u00e9 y que al final escuchar\u00edan sus reclamos, \u201cyo siempre estuve optimista, sab\u00eda que todo nuestro esfuerzo no ser\u00eda en vano y ah\u00ed est\u00e1n los frutos, gracias de todo coraz\u00f3n a todos los Presidentes de Filiales y a todas las personas que me acompa\u00f1aron en esta lucha, este es un logro de todos, recalco.<\/p>\n","protected":false},"excerpt":{"rendered":"<p>Con mencion especial a la ex presidente del Circulo de Locutores Dominicanos Ana Daisy Guerrero Santo Domingo.- El Lunes pasado un total de 73 Locutores recibieron la informacion de que el Lic.\u00a0Luis Abinader Corona, Presidente de la Republica,\u00a0mediante el decreto No. 166-22 de fecha 31 de marzo los habia pensionados. Ana Daisy Guerrero&nbsp;ex presidenta del [&hellip;]<\/p>\n","protected":false},"author":1,"featured_media":8462,"comment_status":"open","ping_status":"open","sticky":false,"template":"","format":"standard","meta":{"nf_dc_page":"","jetpack_post_was_ever_published":false,"_jetpack_newsletter_access":"","_jetpack_dont_email_post_to_subs":false,"_jetpack_newsletter_tier_id":0,"_jetpack_memberships_contains_paywalled_content":false,"_jetpack_memberships_contains_paid_content":false,"footnotes":"","jetpack_publicize_message":"","jetpack_publicize_feature_enabled":true,"jetpack_social_post_already_shared":false,"jetpack_social_options":{"image_generator_settings":{"template":"highway","default_image_id":0,"font":"","enabled":false},"version":2}},"categories":[68],"tags":[],"class_list":["post-8461","post","type-post","status-publish","format-standard","has-post-thumbnail","hentry","category-entretenimiento"],"yoast_head":"<!-- This site is optimized with the Yoast SEO plugin v27.4 - https:\/\/yoast.com\/product\/yoast-seo-wordpress\/ -->\n<title>Locutores agradecen al Presidente Luis Abinader por las pensiones otorgadas - Minuto Cero RD<\/title>\n<meta name=\"robots\" content=\"index, follow, max-snippet:-1, max-image-preview:large, max-video-preview:-1\" \/>\n<link rel=\"canonical\" href=\"http:\/\/minutocerord.com\/?p=8461\" \/>\n<meta property=\"og:locale\" content=\"es_ES\" \/>\n<meta property=\"og:type\" content=\"article\" \/>\n<meta property=\"og:title\" content=\"Locutores agradecen al Presidente Luis Abinader por las pensiones otorgadas - Minuto Cero RD\" \/>\n<meta property=\"og:description\" content=\"Con mencion especial a la ex presidente del Circulo de Locutores Dominicanos Ana Daisy Guerrero Santo Domingo.- El Lunes pasado un total de 73 Locutores recibieron la informacion de que el Lic.\u00a0Luis Abinader Corona, Presidente de la Republica,\u00a0mediante el decreto No. 166-22 de fecha 31 de marzo los habia pensionados. Ana Daisy Guerrero&nbsp;ex presidenta del [&hellip;]\" \/>\n<meta property=\"og:url\" content=\"http:\/\/minutocerord.com\/?p=8461\" \/>\n<meta property=\"og:site_name\" content=\"Minuto Cero RD\" \/>\n<meta property=\"article:publisher\" content=\"https:\/\/www.facebook.com\/Genofnotes\" \/>\n<meta property=\"article:author\" content=\"https:\/\/www.facebook.com\/Genofnotes\" \/>\n<meta property=\"article:published_time\" content=\"2022-04-14T04:57:25+00:00\" \/>\n<meta property=\"article:modified_time\" content=\"2022-04-14T04:57:27+00:00\" \/>\n<meta property=\"og:image\" content=\"https:\/\/i0.wp.com\/minutocerord.com\/wp-content\/uploads\/2022\/04\/ana-696x353-1.png?fit=696%2C353\" \/>\n\t<meta property=\"og:image:width\" content=\"696\" \/>\n\t<meta property=\"og:image:height\" content=\"353\" \/>\n\t<meta property=\"og:image:type\" content=\"image\/png\" \/>\n<meta name=\"author\" content=\"Genof\u00f3ntes Urb\u00e1ez\" \/>\n<meta name=\"twitter:card\" content=\"summary_large_image\" \/>\n<meta name=\"twitter:label1\" content=\"Written by\" \/>\n\t<meta name=\"twitter:data1\" content=\"Genof\u00f3ntes Urb\u00e1ez\" \/>\n\t<meta name=\"twitter:label2\" content=\"Est. reading time\" \/>\n\t<meta name=\"twitter:data2\" content=\"2 minutos\" \/>\n<script type=\"application\/ld+json\" class=\"yoast-schema-graph\">{\"@context\":\"https:\\\/\\\/schema.org\",\"@graph\":[{\"@type\":\"Article\",\"@id\":\"http:\\\/\\\/minutocerord.com\\\/?p=8461#article\",\"isPartOf\":{\"@id\":\"http:\\\/\\\/minutocerord.com\\\/?p=8461\"},\"author\":{\"name\":\"Genof\u00f3ntes Urb\u00e1ez\",\"@id\":\"https:\\\/\\\/minutocerord.com\\\/#\\\/schema\\\/person\\\/60b5372d60aaa0a5171fb6488be9aee6\"},\"headline\":\"Locutores agradecen al Presidente Luis Abinader por las pensiones otorgadas\",\"datePublished\":\"2022-04-14T04:57:25+00:00\",\"dateModified\":\"2022-04-14T04:57:27+00:00\",\"mainEntityOfPage\":{\"@id\":\"http:\\\/\\\/minutocerord.com\\\/?p=8461\"},\"wordCount\":268,\"commentCount\":0,\"publisher\":{\"@id\":\"https:\\\/\\\/minutocerord.com\\\/#\\\/schema\\\/person\\\/60b5372d60aaa0a5171fb6488be9aee6\"},\"image\":{\"@id\":\"http:\\\/\\\/minutocerord.com\\\/?p=8461#primaryimage\"},\"thumbnailUrl\":\"https:\\\/\\\/i0.wp.com\\\/minutocerord.com\\\/wp-content\\\/uploads\\\/2022\\\/04\\\/ana-696x353-1.png?fit=696%2C353&ssl=1\",\"articleSection\":[\"Entretenimiento\"],\"inLanguage\":\"es-DO\",\"potentialAction\":[{\"@type\":\"CommentAction\",\"name\":\"Comment\",\"target\":[\"http:\\\/\\\/minutocerord.com\\\/?p=8461#respond\"]}]},{\"@type\":\"WebPage\",\"@id\":\"http:\\\/\\\/minutocerord.com\\\/?p=8461\",\"url\":\"http:\\\/\\\/minutocerord.com\\\/?p=8461\",\"name\":\"Locutores agradecen al Presidente Luis Abinader por las pensiones otorgadas - Minuto Cero RD\",\"isPartOf\":{\"@id\":\"https:\\\/\\\/minutocerord.com\\\/#website\"},\"primaryImageOfPage\":{\"@id\":\"http:\\\/\\\/minutocerord.com\\\/?p=8461#primaryimage\"},\"image\":{\"@id\":\"http:\\\/\\\/minutocerord.com\\\/?p=8461#primaryimage\"},\"thumbnailUrl\":\"https:\\\/\\\/i0.wp.com\\\/minutocerord.com\\\/wp-content\\\/uploads\\\/2022\\\/04\\\/ana-696x353-1.png?fit=696%2C353&ssl=1\",\"datePublished\":\"2022-04-14T04:57:25+00:00\",\"dateModified\":\"2022-04-14T04:57:27+00:00\",\"breadcrumb\":{\"@id\":\"http:\\\/\\\/minutocerord.com\\\/?p=8461#breadcrumb\"},\"inLanguage\":\"es-DO\",\"potentialAction\":[{\"@type\":\"ReadAction\",\"target\":[\"http:\\\/\\\/minutocerord.com\\\/?p=8461\"]}]},{\"@type\":\"ImageObject\",\"inLanguage\":\"es-DO\",\"@id\":\"http:\\\/\\\/minutocerord.com\\\/?p=8461#primaryimage\",\"url\":\"https:\\\/\\\/i0.wp.com\\\/minutocerord.com\\\/wp-content\\\/uploads\\\/2022\\\/04\\\/ana-696x353-1.png?fit=696%2C353&ssl=1\",\"contentUrl\":\"https:\\\/\\\/i0.wp.com\\\/minutocerord.com\\\/wp-content\\\/uploads\\\/2022\\\/04\\\/ana-696x353-1.png?fit=696%2C353&ssl=1\",\"width\":696,\"height\":353},{\"@type\":\"BreadcrumbList\",\"@id\":\"http:\\\/\\\/minutocerord.com\\\/?p=8461#breadcrumb\",\"itemListElement\":[{\"@type\":\"ListItem\",\"position\":1,\"name\":\"Home\",\"item\":\"https:\\\/\\\/minutocerord.com\\\/\"},{\"@type\":\"ListItem\",\"position\":2,\"name\":\"Locutores agradecen al Presidente Luis Abinader por las pensiones otorgadas\"}]},{\"@type\":\"WebSite\",\"@id\":\"https:\\\/\\\/minutocerord.com\\\/#website\",\"url\":\"https:\\\/\\\/minutocerord.com\\\/\",\"name\":\"Minuto Cero RD\",\"description\":\"Periodismo serio y veraz\",\"publisher\":{\"@id\":\"https:\\\/\\\/minutocerord.com\\\/#\\\/schema\\\/person\\\/60b5372d60aaa0a5171fb6488be9aee6\"},\"potentialAction\":[{\"@type\":\"SearchAction\",\"target\":{\"@type\":\"EntryPoint\",\"urlTemplate\":\"https:\\\/\\\/minutocerord.com\\\/?s={search_term_string}\"},\"query-input\":{\"@type\":\"PropertyValueSpecification\",\"valueRequired\":true,\"valueName\":\"search_term_string\"}}],\"inLanguage\":\"es-DO\"},{\"@type\":[\"Person\",\"Organization\"],\"@id\":\"https:\\\/\\\/minutocerord.com\\\/#\\\/schema\\\/person\\\/60b5372d60aaa0a5171fb6488be9aee6\",\"name\":\"Genof\u00f3ntes Urb\u00e1ez\",\"image\":{\"@type\":\"ImageObject\",\"inLanguage\":\"es-DO\",\"@id\":\"https:\\\/\\\/secure.gravatar.com\\\/avatar\\\/a49ef3186a692098ac3e8a1612261e3ad70cf9e44553dff2929e67939a0ecb9d?s=96&d=identicon&r=g\",\"url\":\"https:\\\/\\\/secure.gravatar.com\\\/avatar\\\/a49ef3186a692098ac3e8a1612261e3ad70cf9e44553dff2929e67939a0ecb9d?s=96&d=identicon&r=g\",\"contentUrl\":\"https:\\\/\\\/secure.gravatar.com\\\/avatar\\\/a49ef3186a692098ac3e8a1612261e3ad70cf9e44553dff2929e67939a0ecb9d?s=96&d=identicon&r=g\",\"caption\":\"Genof\u00f3ntes Urb\u00e1ez\"},\"logo\":{\"@id\":\"https:\\\/\\\/secure.gravatar.com\\\/avatar\\\/a49ef3186a692098ac3e8a1612261e3ad70cf9e44553dff2929e67939a0ecb9d?s=96&d=identicon&r=g\"},\"description\":\"Periodista \\\/ Locutor\",\"sameAs\":[\"https:\\\/\\\/www.facebook.com\\\/Genofnotes\",\"https:\\\/\\\/www.instagram.com\\\/genofnotes\\\/\"]}]}<\/script>\n<!-- \/ Yoast SEO plugin. -->","yoast_head_json":{"title":"Locutores agradecen al Presidente Luis Abinader por las pensiones otorgadas - Minuto Cero RD","robots":{"index":"index","follow":"follow","max-snippet":"max-snippet:-1","max-image-preview":"max-image-preview:large","max-video-preview":"max-video-preview:-1"},"canonical":"http:\/\/minutocerord.com\/?p=8461","og_locale":"es_ES","og_type":"article","og_title":"Locutores agradecen al Presidente Luis Abinader por las pensiones otorgadas - Minuto Cero RD","og_description":"Con mencion especial a la ex presidente del Circulo de Locutores Dominicanos Ana Daisy Guerrero Santo Domingo.- El Lunes pasado un total de 73 Locutores recibieron la informacion de que el Lic.\u00a0Luis Abinader Corona, Presidente de la Republica,\u00a0mediante el decreto No. 166-22 de fecha 31 de marzo los habia pensionados. Ana Daisy Guerrero&nbsp;ex presidenta del [&hellip;]","og_url":"http:\/\/minutocerord.com\/?p=8461","og_site_name":"Minuto Cero RD","article_publisher":"https:\/\/www.facebook.com\/Genofnotes","article_author":"https:\/\/www.facebook.com\/Genofnotes","article_published_time":"2022-04-14T04:57:25+00:00","article_modified_time":"2022-04-14T04:57:27+00:00","og_image":[{"width":696,"height":353,"url":"https:\/\/i0.wp.com\/minutocerord.com\/wp-content\/uploads\/2022\/04\/ana-696x353-1.png?fit=696%2C353","type":"image\/png"}],"author":"Genof\u00f3ntes Urb\u00e1ez","twitter_card":"summary_large_image","twitter_misc":{"Written by":"Genof\u00f3ntes Urb\u00e1ez","Est. reading time":"2 minutos"},"schema":{"@context":"https:\/\/schema.org","@graph":[{"@type":"Article","@id":"http:\/\/minutocerord.com\/?p=8461#article","isPartOf":{"@id":"http:\/\/minutocerord.com\/?p=8461"},"author":{"name":"Genof\u00f3ntes Urb\u00e1ez","@id":"https:\/\/minutocerord.com\/#\/schema\/person\/60b5372d60aaa0a5171fb6488be9aee6"},"headline":"Locutores agradecen al Presidente Luis Abinader por las pensiones otorgadas","datePublished":"2022-04-14T04:57:25+00:00","dateModified":"2022-04-14T04:57:27+00:00","mainEntityOfPage":{"@id":"http:\/\/minutocerord.com\/?p=8461"},"wordCount":268,"commentCount":0,"publisher":{"@id":"https:\/\/minutocerord.com\/#\/schema\/person\/60b5372d60aaa0a5171fb6488be9aee6"},"image":{"@id":"http:\/\/minutocerord.com\/?p=8461#primaryimage"},"thumbnailUrl":"https:\/\/i0.wp.com\/minutocerord.com\/wp-content\/uploads\/2022\/04\/ana-696x353-1.png?fit=696%2C353&ssl=1","articleSection":["Entretenimiento"],"inLanguage":"es-DO","potentialAction":[{"@type":"CommentAction","name":"Comment","target":["http:\/\/minutocerord.com\/?p=8461#respond"]}]},{"@type":"WebPage","@id":"http:\/\/minutocerord.com\/?p=8461","url":"http:\/\/minutocerord.com\/?p=8461","name":"Locutores agradecen al Presidente Luis Abinader por las pensiones otorgadas - Minuto Cero RD","isPartOf":{"@id":"https:\/\/minutocerord.com\/#website"},"primaryImageOfPage":{"@id":"http:\/\/minutocerord.com\/?p=8461#primaryimage"},"image":{"@id":"http:\/\/minutocerord.com\/?p=8461#primaryimage"},"thumbnailUrl":"https:\/\/i0.wp.com\/minutocerord.com\/wp-content\/uploads\/2022\/04\/ana-696x353-1.png?fit=696%2C353&ssl=1","datePublished":"2022-04-14T04:57:25+00:00","dateModified":"2022-04-14T04:57:27+00:00","breadcrumb":{"@id":"http:\/\/minutocerord.com\/?p=8461#breadcrumb"},"inLanguage":"es-DO","potentialAction":[{"@type":"ReadAction","target":["http:\/\/minutocerord.com\/?p=8461"]}]},{"@type":"ImageObject","inLanguage":"es-DO","@id":"http:\/\/minutocerord.com\/?p=8461#primaryimage","url":"https:\/\/i0.wp.com\/minutocerord.com\/wp-content\/uploads\/2022\/04\/ana-696x353-1.png?fit=696%2C353&ssl=1","contentUrl":"https:\/\/i0.wp.com\/minutocerord.com\/wp-content\/uploads\/2022\/04\/ana-696x353-1.png?fit=696%2C353&ssl=1","width":696,"height":353},{"@type":"BreadcrumbList","@id":"http:\/\/minutocerord.com\/?p=8461#breadcrumb","itemListElement":[{"@type":"ListItem","position":1,"name":"Home","item":"https:\/\/minutocerord.com\/"},{"@type":"ListItem","position":2,"name":"Locutores agradecen al Presidente Luis Abinader por las pensiones otorgadas"}]},{"@type":"WebSite","@id":"https:\/\/minutocerord.com\/#website","url":"https:\/\/minutocerord.com\/","name":"Minuto Cero RD","description":"Periodismo serio y veraz","publisher":{"@id":"https:\/\/minutocerord.com\/#\/schema\/person\/60b5372d60aaa0a5171fb6488be9aee6"},"potentialAction":[{"@type":"SearchAction","target":{"@type":"EntryPoint","urlTemplate":"https:\/\/minutocerord.com\/?s={search_term_string}"},"query-input":{"@type":"PropertyValueSpecification","valueRequired":true,"valueName":"search_term_string"}}],"inLanguage":"es-DO"},{"@type":["Person","Organization"],"@id":"https:\/\/minutocerord.com\/#\/schema\/person\/60b5372d60aaa0a5171fb6488be9aee6","name":"Genof\u00f3ntes Urb\u00e1ez","image":{"@type":"ImageObject","inLanguage":"es-DO","@id":"https:\/\/secure.gravatar.com\/avatar\/a49ef3186a692098ac3e8a1612261e3ad70cf9e44553dff2929e67939a0ecb9d?s=96&d=identicon&r=g","url":"https:\/\/secure.gravatar.com\/avatar\/a49ef3186a692098ac3e8a1612261e3ad70cf9e44553dff2929e67939a0ecb9d?s=96&d=identicon&r=g","contentUrl":"https:\/\/secure.gravatar.com\/avatar\/a49ef3186a692098ac3e8a1612261e3ad70cf9e44553dff2929e67939a0ecb9d?s=96&d=identicon&r=g","caption":"Genof\u00f3ntes Urb\u00e1ez"},"logo":{"@id":"https:\/\/secure.gravatar.com\/avatar\/a49ef3186a692098ac3e8a1612261e3ad70cf9e44553dff2929e67939a0ecb9d?s=96&d=identicon&r=g"},"description":"Periodista \/ Locutor","sameAs":["https:\/\/www.facebook.com\/Genofnotes","https:\/\/www.instagram.com\/genofnotes\/"]}]}},"jetpack_publicize_connections":[],"jetpack_featured_media_url":"https:\/\/i0.wp.com\/minutocerord.com\/wp-content\/uploads\/2022\/04\/ana-696x353-1.png?fit=696%2C353&ssl=1","jetpack-related-posts":[],"jetpack_sharing_enabled":true,"_links":{"self":[{"href":"https:\/\/minutocerord.com\/index.php?rest_route=\/wp\/v2\/posts\/8461","targetHints":{"allow":["GET"]}}],"collection":[{"href":"https:\/\/minutocerord.com\/index.php?rest_route=\/wp\/v2\/posts"}],"about":[{"href":"https:\/\/minutocerord.com\/index.php?rest_route=\/wp\/v2\/types\/post"}],"author":[{"embeddable":true,"href":"https:\/\/minutocerord.com\/index.php?rest_route=\/wp\/v2\/users\/1"}],"replies":[{"embeddable":true,"href":"https:\/\/minutocerord.com\/index.php?rest_route=%2Fwp%2Fv2%2Fcomments&post=8461"}],"version-history":[{"count":1,"href":"https:\/\/minutocerord.com\/index.php?rest_route=\/wp\/v2\/posts\/8461\/revisions"}],"predecessor-version":[{"id":8463,"href":"https:\/\/minutocerord.com\/index.php?rest_route=\/wp\/v2\/posts\/8461\/revisions\/8463"}],"wp:featuredmedia":[{"embeddable":true,"href":"https:\/\/minutocerord.com\/index.php?rest_route=\/wp\/v2\/media\/8462"}],"wp:attachment":[{"href":"https:\/\/minutocerord.com\/index.php?rest_route=%2Fwp%2Fv2%2Fmedia&parent=8461"}],"wp:term":[{"taxonomy":"category","embeddable":true,"href":"https:\/\/minutocerord.com\/index.php?rest_route=%2Fwp%2Fv2%2Fcategories&post=8461"},{"taxonomy":"post_tag","embeddable":true,"href":"https:\/\/minutocerord.com\/index.php?rest_route=%2Fwp%2Fv2%2Ftags&post=8461"}],"curies":[{"name":"wp","href":"https:\/\/api.w.org\/{rel}","templated":true}]}}