{"id":8464,"date":"2022-04-14T01:24:25","date_gmt":"2022-04-14T05:24:25","guid":{"rendered":"https:\/\/minutocerord.com\/?p=8464"},"modified":"2022-04-14T01:24:27","modified_gmt":"2022-04-14T05:24:27","slug":"al-menos-15-heridos-entre-ellos-menores-de-edad-durante-accidente-multiple-en-guayacanes","status":"publish","type":"post","link":"https:\/\/minutocerord.com\/?p=8464","title":{"rendered":"<a href=\"https:\/\/santiago30caballeros.blogspot.com\/2022\/04\/al-menos-15-heridos-entre-ellos-menores.html\">Al menos 15 heridos, entre ellos menores de edad, durante accidente m\u00faltiple en Guayacanes<\/a>"},"content":{"rendered":"\n<p><strong>San Pedro de Macor\u00eds.-  <\/strong>Al menos 15 personas resultaron heridas, entre ellas varios menores de edad, durante un accidente ocurrido la tarde de este mi\u00e9rcoles pr\u00f3ximo al parador el Tamarindo, municipio Guayacanes, provincia San Pedro de Macor\u00eds.<\/p>\n\n\n\n<p>De acuerdo con informaciones ofrecidas por el director regional de la Defensa Civil, con asiento en San Pedro de Macor\u00eds, Maxwell Polanco, el tr\u00e1gico suceso se produjo entre el cami\u00f3n del Cuerpo de Bomberos de Boca Chica, una yipeta y otro veh\u00edculo que transportaba jovencitos que acaban de salir de una academia de b\u00e9isbol.<\/p>\n\n\n\n<p>Tambi\u00e9n se inform\u00f3 que los heridos fueron socorridos por personas que se encontraban en el lugar y posteriormente trasladados a un centro de salud por las autoridades del Sistema Nacional de Emergencia 9-1-1.<\/p>\n\n\n\n<p>Hasta el momento los heridos no han sido identificarlos y se desconoce si hay fallecidos.<\/p>\n\n\n\n<p>Al lugar se presentaron miembros de la Direcci\u00f3n General de Seguridad de Tr\u00e1nsito y Transporte Terrestre para visibilizar el tr\u00e1nsito, el 9-1-1 y una ambulancia del Servicio Nacional de Salud (SNS) para brindar asistencia.<\/p>\n","protected":false},"excerpt":{"rendered":"<p>San Pedro de Macor\u00eds.- Al menos 15 personas resultaron heridas, entre ellas varios menores de edad, durante un accidente ocurrido la tarde de este mi\u00e9rcoles pr\u00f3ximo al parador el Tamarindo, municipio Guayacanes, provincia San Pedro de Macor\u00eds. De acuerdo con informaciones ofrecidas por el director regional de la Defensa Civil, con asiento en San Pedro [&hellip;]<\/p>\n","protected":false},"author":1,"featured_media":8466,"comment_status":"open","ping_status":"open","sticky":false,"template":"","format":"standard","meta":{"nf_dc_page":"","jetpack_post_was_ever_published":false,"_jetpack_newsletter_access":"","_jetpack_dont_email_post_to_subs":false,"_jetpack_newsletter_tier_id":0,"_jetpack_memberships_contains_paywalled_content":false,"_jetpack_memberships_contains_paid_content":false,"footnotes":"","jetpack_publicize_message":"","jetpack_publicize_feature_enabled":true,"jetpack_social_post_already_shared":false,"jetpack_social_options":{"image_generator_settings":{"template":"highway","default_image_id":0,"font":"","enabled":false},"version":2}},"categories":[91],"tags":[],"class_list":["post-8464","post","type-post","status-publish","format-standard","has-post-thumbnail","hentry","category-provincia"],"yoast_head":"<!-- This site is optimized with the Yoast SEO plugin v27.4 - https:\/\/yoast.com\/product\/yoast-seo-wordpress\/ -->\n<title>Al menos 15 heridos, entre ellos menores de edad, durante accidente m\u00faltiple en Guayacanes - Minuto Cero RD<\/title>\n<meta name=\"robots\" content=\"index, follow, max-snippet:-1, max-image-preview:large, max-video-preview:-1\" \/>\n<link rel=\"canonical\" href=\"http:\/\/minutocerord.com\/?p=8464\" \/>\n<meta property=\"og:locale\" content=\"es_ES\" \/>\n<meta property=\"og:type\" content=\"article\" \/>\n<meta property=\"og:title\" content=\"Al menos 15 heridos, entre ellos menores de edad, durante accidente m\u00faltiple en Guayacanes - Minuto Cero RD\" \/>\n<meta property=\"og:description\" content=\"San Pedro de Macor\u00eds.- Al menos 15 personas resultaron heridas, entre ellas varios menores de edad, durante un accidente ocurrido la tarde de este mi\u00e9rcoles pr\u00f3ximo al parador el Tamarindo, municipio Guayacanes, provincia San Pedro de Macor\u00eds. De acuerdo con informaciones ofrecidas por el director regional de la Defensa Civil, con asiento en San Pedro [&hellip;]\" \/>\n<meta property=\"og:url\" content=\"http:\/\/minutocerord.com\/?p=8464\" \/>\n<meta property=\"og:site_name\" content=\"Minuto Cero RD\" \/>\n<meta property=\"article:publisher\" content=\"https:\/\/www.facebook.com\/Genofnotes\" \/>\n<meta property=\"article:author\" content=\"https:\/\/www.facebook.com\/Genofnotes\" \/>\n<meta property=\"article:published_time\" content=\"2022-04-14T05:24:25+00:00\" \/>\n<meta property=\"article:modified_time\" content=\"2022-04-14T05:24:27+00:00\" \/>\n<meta property=\"og:image\" content=\"https:\/\/i0.wp.com\/minutocerord.com\/wp-content\/uploads\/2022\/04\/Captura-1.png?fit=1249%2C841\" \/>\n\t<meta property=\"og:image:width\" content=\"1249\" \/>\n\t<meta property=\"og:image:height\" content=\"841\" \/>\n\t<meta property=\"og:image:type\" content=\"image\/png\" \/>\n<meta name=\"author\" content=\"Genof\u00f3ntes Urb\u00e1ez\" \/>\n<meta name=\"twitter:card\" content=\"summary_large_image\" \/>\n<meta name=\"twitter:label1\" content=\"Written by\" \/>\n\t<meta name=\"twitter:data1\" content=\"Genof\u00f3ntes Urb\u00e1ez\" \/>\n\t<meta name=\"twitter:label2\" content=\"Est. reading time\" \/>\n\t<meta name=\"twitter:data2\" content=\"1 minuto\" \/>\n<script type=\"application\/ld+json\" class=\"yoast-schema-graph\">{\"@context\":\"https:\\\/\\\/schema.org\",\"@graph\":[{\"@type\":\"Article\",\"@id\":\"http:\\\/\\\/minutocerord.com\\\/?p=8464#article\",\"isPartOf\":{\"@id\":\"http:\\\/\\\/minutocerord.com\\\/?p=8464\"},\"author\":{\"name\":\"Genof\u00f3ntes Urb\u00e1ez\",\"@id\":\"https:\\\/\\\/minutocerord.com\\\/#\\\/schema\\\/person\\\/60b5372d60aaa0a5171fb6488be9aee6\"},\"headline\":\"Al menos 15 heridos, entre ellos menores de edad, durante accidente m\u00faltiple en Guayacanes\",\"datePublished\":\"2022-04-14T05:24:25+00:00\",\"dateModified\":\"2022-04-14T05:24:27+00:00\",\"mainEntityOfPage\":{\"@id\":\"http:\\\/\\\/minutocerord.com\\\/?p=8464\"},\"wordCount\":202,\"commentCount\":0,\"publisher\":{\"@id\":\"https:\\\/\\\/minutocerord.com\\\/#\\\/schema\\\/person\\\/60b5372d60aaa0a5171fb6488be9aee6\"},\"image\":{\"@id\":\"http:\\\/\\\/minutocerord.com\\\/?p=8464#primaryimage\"},\"thumbnailUrl\":\"https:\\\/\\\/i0.wp.com\\\/minutocerord.com\\\/wp-content\\\/uploads\\\/2022\\\/04\\\/Captura-1.png?fit=1249%2C841&ssl=1\",\"articleSection\":[\"Provincia\"],\"inLanguage\":\"es-DO\",\"potentialAction\":[{\"@type\":\"CommentAction\",\"name\":\"Comment\",\"target\":[\"http:\\\/\\\/minutocerord.com\\\/?p=8464#respond\"]}]},{\"@type\":\"WebPage\",\"@id\":\"http:\\\/\\\/minutocerord.com\\\/?p=8464\",\"url\":\"http:\\\/\\\/minutocerord.com\\\/?p=8464\",\"name\":\"Al menos 15 heridos, entre ellos menores de edad, durante accidente m\u00faltiple en Guayacanes - Minuto Cero RD\",\"isPartOf\":{\"@id\":\"https:\\\/\\\/minutocerord.com\\\/#website\"},\"primaryImageOfPage\":{\"@id\":\"http:\\\/\\\/minutocerord.com\\\/?p=8464#primaryimage\"},\"image\":{\"@id\":\"http:\\\/\\\/minutocerord.com\\\/?p=8464#primaryimage\"},\"thumbnailUrl\":\"https:\\\/\\\/i0.wp.com\\\/minutocerord.com\\\/wp-content\\\/uploads\\\/2022\\\/04\\\/Captura-1.png?fit=1249%2C841&ssl=1\",\"datePublished\":\"2022-04-14T05:24:25+00:00\",\"dateModified\":\"2022-04-14T05:24:27+00:00\",\"breadcrumb\":{\"@id\":\"http:\\\/\\\/minutocerord.com\\\/?p=8464#breadcrumb\"},\"inLanguage\":\"es-DO\",\"potentialAction\":[{\"@type\":\"ReadAction\",\"target\":[\"http:\\\/\\\/minutocerord.com\\\/?p=8464\"]}]},{\"@type\":\"ImageObject\",\"inLanguage\":\"es-DO\",\"@id\":\"http:\\\/\\\/minutocerord.com\\\/?p=8464#primaryimage\",\"url\":\"https:\\\/\\\/i0.wp.com\\\/minutocerord.com\\\/wp-content\\\/uploads\\\/2022\\\/04\\\/Captura-1.png?fit=1249%2C841&ssl=1\",\"contentUrl\":\"https:\\\/\\\/i0.wp.com\\\/minutocerord.com\\\/wp-content\\\/uploads\\\/2022\\\/04\\\/Captura-1.png?fit=1249%2C841&ssl=1\",\"width\":1249,\"height\":841},{\"@type\":\"BreadcrumbList\",\"@id\":\"http:\\\/\\\/minutocerord.com\\\/?p=8464#breadcrumb\",\"itemListElement\":[{\"@type\":\"ListItem\",\"position\":1,\"name\":\"Home\",\"item\":\"https:\\\/\\\/minutocerord.com\\\/\"},{\"@type\":\"ListItem\",\"position\":2,\"name\":\"Al menos 15 heridos, entre ellos menores de edad, durante accidente m\u00faltiple en Guayacanes\"}]},{\"@type\":\"WebSite\",\"@id\":\"https:\\\/\\\/minutocerord.com\\\/#website\",\"url\":\"https:\\\/\\\/minutocerord.com\\\/\",\"name\":\"Minuto Cero RD\",\"description\":\"Periodismo serio y veraz\",\"publisher\":{\"@id\":\"https:\\\/\\\/minutocerord.com\\\/#\\\/schema\\\/person\\\/60b5372d60aaa0a5171fb6488be9aee6\"},\"potentialAction\":[{\"@type\":\"SearchAction\",\"target\":{\"@type\":\"EntryPoint\",\"urlTemplate\":\"https:\\\/\\\/minutocerord.com\\\/?s={search_term_string}\"},\"query-input\":{\"@type\":\"PropertyValueSpecification\",\"valueRequired\":true,\"valueName\":\"search_term_string\"}}],\"inLanguage\":\"es-DO\"},{\"@type\":[\"Person\",\"Organization\"],\"@id\":\"https:\\\/\\\/minutocerord.com\\\/#\\\/schema\\\/person\\\/60b5372d60aaa0a5171fb6488be9aee6\",\"name\":\"Genof\u00f3ntes Urb\u00e1ez\",\"image\":{\"@type\":\"ImageObject\",\"inLanguage\":\"es-DO\",\"@id\":\"https:\\\/\\\/secure.gravatar.com\\\/avatar\\\/a49ef3186a692098ac3e8a1612261e3ad70cf9e44553dff2929e67939a0ecb9d?s=96&d=identicon&r=g\",\"url\":\"https:\\\/\\\/secure.gravatar.com\\\/avatar\\\/a49ef3186a692098ac3e8a1612261e3ad70cf9e44553dff2929e67939a0ecb9d?s=96&d=identicon&r=g\",\"contentUrl\":\"https:\\\/\\\/secure.gravatar.com\\\/avatar\\\/a49ef3186a692098ac3e8a1612261e3ad70cf9e44553dff2929e67939a0ecb9d?s=96&d=identicon&r=g\",\"caption\":\"Genof\u00f3ntes Urb\u00e1ez\"},\"logo\":{\"@id\":\"https:\\\/\\\/secure.gravatar.com\\\/avatar\\\/a49ef3186a692098ac3e8a1612261e3ad70cf9e44553dff2929e67939a0ecb9d?s=96&d=identicon&r=g\"},\"description\":\"Periodista \\\/ Locutor\",\"sameAs\":[\"https:\\\/\\\/www.facebook.com\\\/Genofnotes\",\"https:\\\/\\\/www.instagram.com\\\/genofnotes\\\/\"]}]}<\/script>\n<!-- \/ Yoast SEO plugin. -->","yoast_head_json":{"title":"Al menos 15 heridos, entre ellos menores de edad, durante accidente m\u00faltiple en Guayacanes - Minuto Cero RD","robots":{"index":"index","follow":"follow","max-snippet":"max-snippet:-1","max-image-preview":"max-image-preview:large","max-video-preview":"max-video-preview:-1"},"canonical":"http:\/\/minutocerord.com\/?p=8464","og_locale":"es_ES","og_type":"article","og_title":"Al menos 15 heridos, entre ellos menores de edad, durante accidente m\u00faltiple en Guayacanes - Minuto Cero RD","og_description":"San Pedro de Macor\u00eds.- Al menos 15 personas resultaron heridas, entre ellas varios menores de edad, durante un accidente ocurrido la tarde de este mi\u00e9rcoles pr\u00f3ximo al parador el Tamarindo, municipio Guayacanes, provincia San Pedro de Macor\u00eds. De acuerdo con informaciones ofrecidas por el director regional de la Defensa Civil, con asiento en San Pedro [&hellip;]","og_url":"http:\/\/minutocerord.com\/?p=8464","og_site_name":"Minuto Cero RD","article_publisher":"https:\/\/www.facebook.com\/Genofnotes","article_author":"https:\/\/www.facebook.com\/Genofnotes","article_published_time":"2022-04-14T05:24:25+00:00","article_modified_time":"2022-04-14T05:24:27+00:00","og_image":[{"width":1249,"height":841,"url":"https:\/\/i0.wp.com\/minutocerord.com\/wp-content\/uploads\/2022\/04\/Captura-1.png?fit=1249%2C841","type":"image\/png"}],"author":"Genof\u00f3ntes Urb\u00e1ez","twitter_card":"summary_large_image","twitter_misc":{"Written by":"Genof\u00f3ntes Urb\u00e1ez","Est. reading time":"1 minuto"},"schema":{"@context":"https:\/\/schema.org","@graph":[{"@type":"Article","@id":"http:\/\/minutocerord.com\/?p=8464#article","isPartOf":{"@id":"http:\/\/minutocerord.com\/?p=8464"},"author":{"name":"Genof\u00f3ntes Urb\u00e1ez","@id":"https:\/\/minutocerord.com\/#\/schema\/person\/60b5372d60aaa0a5171fb6488be9aee6"},"headline":"Al menos 15 heridos, entre ellos menores de edad, durante accidente m\u00faltiple en Guayacanes","datePublished":"2022-04-14T05:24:25+00:00","dateModified":"2022-04-14T05:24:27+00:00","mainEntityOfPage":{"@id":"http:\/\/minutocerord.com\/?p=8464"},"wordCount":202,"commentCount":0,"publisher":{"@id":"https:\/\/minutocerord.com\/#\/schema\/person\/60b5372d60aaa0a5171fb6488be9aee6"},"image":{"@id":"http:\/\/minutocerord.com\/?p=8464#primaryimage"},"thumbnailUrl":"https:\/\/i0.wp.com\/minutocerord.com\/wp-content\/uploads\/2022\/04\/Captura-1.png?fit=1249%2C841&ssl=1","articleSection":["Provincia"],"inLanguage":"es-DO","potentialAction":[{"@type":"CommentAction","name":"Comment","target":["http:\/\/minutocerord.com\/?p=8464#respond"]}]},{"@type":"WebPage","@id":"http:\/\/minutocerord.com\/?p=8464","url":"http:\/\/minutocerord.com\/?p=8464","name":"Al menos 15 heridos, entre ellos menores de edad, durante accidente m\u00faltiple en Guayacanes - Minuto Cero RD","isPartOf":{"@id":"https:\/\/minutocerord.com\/#website"},"primaryImageOfPage":{"@id":"http:\/\/minutocerord.com\/?p=8464#primaryimage"},"image":{"@id":"http:\/\/minutocerord.com\/?p=8464#primaryimage"},"thumbnailUrl":"https:\/\/i0.wp.com\/minutocerord.com\/wp-content\/uploads\/2022\/04\/Captura-1.png?fit=1249%2C841&ssl=1","datePublished":"2022-04-14T05:24:25+00:00","dateModified":"2022-04-14T05:24:27+00:00","breadcrumb":{"@id":"http:\/\/minutocerord.com\/?p=8464#breadcrumb"},"inLanguage":"es-DO","potentialAction":[{"@type":"ReadAction","target":["http:\/\/minutocerord.com\/?p=8464"]}]},{"@type":"ImageObject","inLanguage":"es-DO","@id":"http:\/\/minutocerord.com\/?p=8464#primaryimage","url":"https:\/\/i0.wp.com\/minutocerord.com\/wp-content\/uploads\/2022\/04\/Captura-1.png?fit=1249%2C841&ssl=1","contentUrl":"https:\/\/i0.wp.com\/minutocerord.com\/wp-content\/uploads\/2022\/04\/Captura-1.png?fit=1249%2C841&ssl=1","width":1249,"height":841},{"@type":"BreadcrumbList","@id":"http:\/\/minutocerord.com\/?p=8464#breadcrumb","itemListElement":[{"@type":"ListItem","position":1,"name":"Home","item":"https:\/\/minutocerord.com\/"},{"@type":"ListItem","position":2,"name":"Al menos 15 heridos, entre ellos menores de edad, durante accidente m\u00faltiple en Guayacanes"}]},{"@type":"WebSite","@id":"https:\/\/minutocerord.com\/#website","url":"https:\/\/minutocerord.com\/","name":"Minuto Cero RD","description":"Periodismo serio y veraz","publisher":{"@id":"https:\/\/minutocerord.com\/#\/schema\/person\/60b5372d60aaa0a5171fb6488be9aee6"},"potentialAction":[{"@type":"SearchAction","target":{"@type":"EntryPoint","urlTemplate":"https:\/\/minutocerord.com\/?s={search_term_string}"},"query-input":{"@type":"PropertyValueSpecification","valueRequired":true,"valueName":"search_term_string"}}],"inLanguage":"es-DO"},{"@type":["Person","Organization"],"@id":"https:\/\/minutocerord.com\/#\/schema\/person\/60b5372d60aaa0a5171fb6488be9aee6","name":"Genof\u00f3ntes Urb\u00e1ez","image":{"@type":"ImageObject","inLanguage":"es-DO","@id":"https:\/\/secure.gravatar.com\/avatar\/a49ef3186a692098ac3e8a1612261e3ad70cf9e44553dff2929e67939a0ecb9d?s=96&d=identicon&r=g","url":"https:\/\/secure.gravatar.com\/avatar\/a49ef3186a692098ac3e8a1612261e3ad70cf9e44553dff2929e67939a0ecb9d?s=96&d=identicon&r=g","contentUrl":"https:\/\/secure.gravatar.com\/avatar\/a49ef3186a692098ac3e8a1612261e3ad70cf9e44553dff2929e67939a0ecb9d?s=96&d=identicon&r=g","caption":"Genof\u00f3ntes Urb\u00e1ez"},"logo":{"@id":"https:\/\/secure.gravatar.com\/avatar\/a49ef3186a692098ac3e8a1612261e3ad70cf9e44553dff2929e67939a0ecb9d?s=96&d=identicon&r=g"},"description":"Periodista \/ Locutor","sameAs":["https:\/\/www.facebook.com\/Genofnotes","https:\/\/www.instagram.com\/genofnotes\/"]}]}},"jetpack_publicize_connections":[],"jetpack_featured_media_url":"https:\/\/i0.wp.com\/minutocerord.com\/wp-content\/uploads\/2022\/04\/Captura-1.png?fit=1249%2C841&ssl=1","jetpack-related-posts":[],"jetpack_sharing_enabled":true,"_links":{"self":[{"href":"https:\/\/minutocerord.com\/index.php?rest_route=\/wp\/v2\/posts\/8464","targetHints":{"allow":["GET"]}}],"collection":[{"href":"https:\/\/minutocerord.com\/index.php?rest_route=\/wp\/v2\/posts"}],"about":[{"href":"https:\/\/minutocerord.com\/index.php?rest_route=\/wp\/v2\/types\/post"}],"author":[{"embeddable":true,"href":"https:\/\/minutocerord.com\/index.php?rest_route=\/wp\/v2\/users\/1"}],"replies":[{"embeddable":true,"href":"https:\/\/minutocerord.com\/index.php?rest_route=%2Fwp%2Fv2%2Fcomments&post=8464"}],"version-history":[{"count":1,"href":"https:\/\/minutocerord.com\/index.php?rest_route=\/wp\/v2\/posts\/8464\/revisions"}],"predecessor-version":[{"id":8467,"href":"https:\/\/minutocerord.com\/index.php?rest_route=\/wp\/v2\/posts\/8464\/revisions\/8467"}],"wp:featuredmedia":[{"embeddable":true,"href":"https:\/\/minutocerord.com\/index.php?rest_route=\/wp\/v2\/media\/8466"}],"wp:attachment":[{"href":"https:\/\/minutocerord.com\/index.php?rest_route=%2Fwp%2Fv2%2Fmedia&parent=8464"}],"wp:term":[{"taxonomy":"category","embeddable":true,"href":"https:\/\/minutocerord.com\/index.php?rest_route=%2Fwp%2Fv2%2Fcategories&post=8464"},{"taxonomy":"post_tag","embeddable":true,"href":"https:\/\/minutocerord.com\/index.php?rest_route=%2Fwp%2Fv2%2Ftags&post=8464"}],"curies":[{"name":"wp","href":"https:\/\/api.w.org\/{rel}","templated":true}]}}