{"id":8469,"date":"2022-04-14T01:34:34","date_gmt":"2022-04-14T05:34:34","guid":{"rendered":"https:\/\/minutocerord.com\/?p=8469"},"modified":"2022-04-14T01:34:56","modified_gmt":"2022-04-14T05:34:56","slug":"cdn-canal-37-se-querella-contra-digesett","status":"publish","type":"post","link":"https:\/\/minutocerord.com\/?p=8469","title":{"rendered":"CDN Canal 37 se querella contra Digesett"},"content":{"rendered":"\n<p><strong>Santo Domingo.-<\/strong> Canal De Noticias (CDN) Canal 37 se querell\u00f3 contra la Direcci\u00f3n General de Seguridad de Transporte y Tr\u00e1nsito Terrestre (Digesett) y los agentes actuantes en la agresi\u00f3n f\u00edsica contra el camar\u00f3grafo, la periodista, y los da\u00f1os causados a los equipos de grabaci\u00f3n en el incidente ocurrido en el can\u00f3dromo.<\/p>\n\n\n\n<p>La direcci\u00f3n del canal se present\u00f3 ante la Fiscal\u00eda del Distrito Nacional a levantar la querella, deposit\u00f3 pruebas de las agresiones, y se prepara para constituir abogados para seguir todo el proceso judicial.<\/p>\n\n\n\n<p>\u201cLa agresi\u00f3n contra nuestro personal, contra colegas de otros medios y la destrucci\u00f3n parcial de los equipos es una acci\u00f3n repudiable y una violaci\u00f3n grave a la libertad de prensa que no podemos dejar pasar por alto. Por lo que debemos tener cero tolerancia con este tipo de acci\u00f3n que vulnera la esencia de la democracia\u201d, expreso Alba Nely Familia, directora CDN Canal 37.<\/p>\n\n\n\n<p>Las acciones judiciales de CDN Canal 37 est\u00e1n amparadas en violaciones a varios art\u00edculos de la Constituci\u00f3n de la Rep\u00fablica, del C\u00f3digo Penal, de la Ley de Expresi\u00f3n y Difusi\u00f3n de Pensamiento y otras legislaciones.<\/p>\n\n\n\n<p>\u201cEl ejercicio period\u00edstico que realizamos desde nuestro medio de comunicaci\u00f3n, y que realizan todos los colegas periodistas busca denunciar el atropello de la autoridad contra la ciudadan\u00eda, incluyendo a nuestros periodistas, camar\u00f3grafos y choferes. Personal que sale todos los d\u00edas a realizar un trabajo digno y fundamental para la estabilidad social\u201d, finaliz\u00f3 Familia.<\/p>\n","protected":false},"excerpt":{"rendered":"<p>Santo Domingo.- Canal De Noticias (CDN) Canal 37 se querell\u00f3 contra la Direcci\u00f3n General de Seguridad de Transporte y Tr\u00e1nsito Terrestre (Digesett) y los agentes actuantes en la agresi\u00f3n f\u00edsica contra el camar\u00f3grafo, la periodista, y los da\u00f1os causados a los equipos de grabaci\u00f3n en el incidente ocurrido en el can\u00f3dromo. La direcci\u00f3n del canal [&hellip;]<\/p>\n","protected":false},"author":1,"featured_media":8470,"comment_status":"open","ping_status":"open","sticky":false,"template":"","format":"standard","meta":{"nf_dc_page":"","jetpack_post_was_ever_published":false,"_jetpack_newsletter_access":"","_jetpack_dont_email_post_to_subs":false,"_jetpack_newsletter_tier_id":0,"_jetpack_memberships_contains_paywalled_content":false,"_jetpack_memberships_contains_paid_content":false,"footnotes":"","jetpack_publicize_message":"","jetpack_publicize_feature_enabled":true,"jetpack_social_post_already_shared":false,"jetpack_social_options":{"image_generator_settings":{"template":"highway","default_image_id":0,"font":"","enabled":false},"version":2}},"categories":[65],"tags":[],"class_list":["post-8469","post","type-post","status-publish","format-standard","has-post-thumbnail","hentry","category-nacionales"],"yoast_head":"<!-- This site is optimized with the Yoast SEO plugin v27.4 - https:\/\/yoast.com\/product\/yoast-seo-wordpress\/ -->\n<title>CDN Canal 37 se querella contra Digesett - Minuto Cero RD<\/title>\n<meta name=\"robots\" content=\"index, follow, max-snippet:-1, max-image-preview:large, max-video-preview:-1\" \/>\n<link rel=\"canonical\" href=\"http:\/\/minutocerord.com\/?p=8469\" \/>\n<meta property=\"og:locale\" content=\"es_ES\" \/>\n<meta property=\"og:type\" content=\"article\" \/>\n<meta property=\"og:title\" content=\"CDN Canal 37 se querella contra Digesett - Minuto Cero RD\" \/>\n<meta property=\"og:description\" content=\"Santo Domingo.- Canal De Noticias (CDN) Canal 37 se querell\u00f3 contra la Direcci\u00f3n General de Seguridad de Transporte y Tr\u00e1nsito Terrestre (Digesett) y los agentes actuantes en la agresi\u00f3n f\u00edsica contra el camar\u00f3grafo, la periodista, y los da\u00f1os causados a los equipos de grabaci\u00f3n en el incidente ocurrido en el can\u00f3dromo. La direcci\u00f3n del canal [&hellip;]\" \/>\n<meta property=\"og:url\" content=\"http:\/\/minutocerord.com\/?p=8469\" \/>\n<meta property=\"og:site_name\" content=\"Minuto Cero RD\" \/>\n<meta property=\"article:publisher\" content=\"https:\/\/www.facebook.com\/Genofnotes\" \/>\n<meta property=\"article:author\" content=\"https:\/\/www.facebook.com\/Genofnotes\" \/>\n<meta property=\"article:published_time\" content=\"2022-04-14T05:34:34+00:00\" \/>\n<meta property=\"article:modified_time\" content=\"2022-04-14T05:34:56+00:00\" \/>\n<meta property=\"og:image\" content=\"https:\/\/i0.wp.com\/minutocerord.com\/wp-content\/uploads\/2022\/04\/querella-cdn-canal-37-6257255f24c7f-696x529-62572889e524d.jpg?fit=696%2C529\" \/>\n\t<meta property=\"og:image:width\" content=\"696\" \/>\n\t<meta property=\"og:image:height\" content=\"529\" \/>\n\t<meta property=\"og:image:type\" content=\"image\/jpeg\" \/>\n<meta name=\"author\" content=\"Genof\u00f3ntes Urb\u00e1ez\" \/>\n<meta name=\"twitter:card\" content=\"summary_large_image\" \/>\n<meta name=\"twitter:label1\" content=\"Written by\" \/>\n\t<meta name=\"twitter:data1\" content=\"Genof\u00f3ntes Urb\u00e1ez\" \/>\n\t<meta name=\"twitter:label2\" content=\"Est. reading time\" \/>\n\t<meta name=\"twitter:data2\" content=\"2 minutos\" \/>\n<script type=\"application\/ld+json\" class=\"yoast-schema-graph\">{\"@context\":\"https:\\\/\\\/schema.org\",\"@graph\":[{\"@type\":\"Article\",\"@id\":\"http:\\\/\\\/minutocerord.com\\\/?p=8469#article\",\"isPartOf\":{\"@id\":\"http:\\\/\\\/minutocerord.com\\\/?p=8469\"},\"author\":{\"name\":\"Genof\u00f3ntes Urb\u00e1ez\",\"@id\":\"https:\\\/\\\/minutocerord.com\\\/#\\\/schema\\\/person\\\/60b5372d60aaa0a5171fb6488be9aee6\"},\"headline\":\"CDN Canal 37 se querella contra Digesett\",\"datePublished\":\"2022-04-14T05:34:34+00:00\",\"dateModified\":\"2022-04-14T05:34:56+00:00\",\"mainEntityOfPage\":{\"@id\":\"http:\\\/\\\/minutocerord.com\\\/?p=8469\"},\"wordCount\":267,\"commentCount\":0,\"publisher\":{\"@id\":\"https:\\\/\\\/minutocerord.com\\\/#\\\/schema\\\/person\\\/60b5372d60aaa0a5171fb6488be9aee6\"},\"image\":{\"@id\":\"http:\\\/\\\/minutocerord.com\\\/?p=8469#primaryimage\"},\"thumbnailUrl\":\"https:\\\/\\\/i0.wp.com\\\/minutocerord.com\\\/wp-content\\\/uploads\\\/2022\\\/04\\\/querella-cdn-canal-37-6257255f24c7f-696x529-62572889e524d.jpg?fit=696%2C529&ssl=1\",\"articleSection\":[\"Nacionales\"],\"inLanguage\":\"es-DO\",\"potentialAction\":[{\"@type\":\"CommentAction\",\"name\":\"Comment\",\"target\":[\"http:\\\/\\\/minutocerord.com\\\/?p=8469#respond\"]}]},{\"@type\":\"WebPage\",\"@id\":\"http:\\\/\\\/minutocerord.com\\\/?p=8469\",\"url\":\"http:\\\/\\\/minutocerord.com\\\/?p=8469\",\"name\":\"CDN Canal 37 se querella contra Digesett - Minuto Cero RD\",\"isPartOf\":{\"@id\":\"https:\\\/\\\/minutocerord.com\\\/#website\"},\"primaryImageOfPage\":{\"@id\":\"http:\\\/\\\/minutocerord.com\\\/?p=8469#primaryimage\"},\"image\":{\"@id\":\"http:\\\/\\\/minutocerord.com\\\/?p=8469#primaryimage\"},\"thumbnailUrl\":\"https:\\\/\\\/i0.wp.com\\\/minutocerord.com\\\/wp-content\\\/uploads\\\/2022\\\/04\\\/querella-cdn-canal-37-6257255f24c7f-696x529-62572889e524d.jpg?fit=696%2C529&ssl=1\",\"datePublished\":\"2022-04-14T05:34:34+00:00\",\"dateModified\":\"2022-04-14T05:34:56+00:00\",\"breadcrumb\":{\"@id\":\"http:\\\/\\\/minutocerord.com\\\/?p=8469#breadcrumb\"},\"inLanguage\":\"es-DO\",\"potentialAction\":[{\"@type\":\"ReadAction\",\"target\":[\"http:\\\/\\\/minutocerord.com\\\/?p=8469\"]}]},{\"@type\":\"ImageObject\",\"inLanguage\":\"es-DO\",\"@id\":\"http:\\\/\\\/minutocerord.com\\\/?p=8469#primaryimage\",\"url\":\"https:\\\/\\\/i0.wp.com\\\/minutocerord.com\\\/wp-content\\\/uploads\\\/2022\\\/04\\\/querella-cdn-canal-37-6257255f24c7f-696x529-62572889e524d.jpg?fit=696%2C529&ssl=1\",\"contentUrl\":\"https:\\\/\\\/i0.wp.com\\\/minutocerord.com\\\/wp-content\\\/uploads\\\/2022\\\/04\\\/querella-cdn-canal-37-6257255f24c7f-696x529-62572889e524d.jpg?fit=696%2C529&ssl=1\",\"width\":696,\"height\":529},{\"@type\":\"BreadcrumbList\",\"@id\":\"http:\\\/\\\/minutocerord.com\\\/?p=8469#breadcrumb\",\"itemListElement\":[{\"@type\":\"ListItem\",\"position\":1,\"name\":\"Home\",\"item\":\"https:\\\/\\\/minutocerord.com\\\/\"},{\"@type\":\"ListItem\",\"position\":2,\"name\":\"CDN Canal 37 se querella contra Digesett\"}]},{\"@type\":\"WebSite\",\"@id\":\"https:\\\/\\\/minutocerord.com\\\/#website\",\"url\":\"https:\\\/\\\/minutocerord.com\\\/\",\"name\":\"Minuto Cero RD\",\"description\":\"Periodismo serio y veraz\",\"publisher\":{\"@id\":\"https:\\\/\\\/minutocerord.com\\\/#\\\/schema\\\/person\\\/60b5372d60aaa0a5171fb6488be9aee6\"},\"potentialAction\":[{\"@type\":\"SearchAction\",\"target\":{\"@type\":\"EntryPoint\",\"urlTemplate\":\"https:\\\/\\\/minutocerord.com\\\/?s={search_term_string}\"},\"query-input\":{\"@type\":\"PropertyValueSpecification\",\"valueRequired\":true,\"valueName\":\"search_term_string\"}}],\"inLanguage\":\"es-DO\"},{\"@type\":[\"Person\",\"Organization\"],\"@id\":\"https:\\\/\\\/minutocerord.com\\\/#\\\/schema\\\/person\\\/60b5372d60aaa0a5171fb6488be9aee6\",\"name\":\"Genof\u00f3ntes Urb\u00e1ez\",\"image\":{\"@type\":\"ImageObject\",\"inLanguage\":\"es-DO\",\"@id\":\"https:\\\/\\\/secure.gravatar.com\\\/avatar\\\/a49ef3186a692098ac3e8a1612261e3ad70cf9e44553dff2929e67939a0ecb9d?s=96&d=identicon&r=g\",\"url\":\"https:\\\/\\\/secure.gravatar.com\\\/avatar\\\/a49ef3186a692098ac3e8a1612261e3ad70cf9e44553dff2929e67939a0ecb9d?s=96&d=identicon&r=g\",\"contentUrl\":\"https:\\\/\\\/secure.gravatar.com\\\/avatar\\\/a49ef3186a692098ac3e8a1612261e3ad70cf9e44553dff2929e67939a0ecb9d?s=96&d=identicon&r=g\",\"caption\":\"Genof\u00f3ntes Urb\u00e1ez\"},\"logo\":{\"@id\":\"https:\\\/\\\/secure.gravatar.com\\\/avatar\\\/a49ef3186a692098ac3e8a1612261e3ad70cf9e44553dff2929e67939a0ecb9d?s=96&d=identicon&r=g\"},\"description\":\"Periodista \\\/ Locutor\",\"sameAs\":[\"https:\\\/\\\/www.facebook.com\\\/Genofnotes\",\"https:\\\/\\\/www.instagram.com\\\/genofnotes\\\/\"]}]}<\/script>\n<!-- \/ Yoast SEO plugin. -->","yoast_head_json":{"title":"CDN Canal 37 se querella contra Digesett - Minuto Cero RD","robots":{"index":"index","follow":"follow","max-snippet":"max-snippet:-1","max-image-preview":"max-image-preview:large","max-video-preview":"max-video-preview:-1"},"canonical":"http:\/\/minutocerord.com\/?p=8469","og_locale":"es_ES","og_type":"article","og_title":"CDN Canal 37 se querella contra Digesett - Minuto Cero RD","og_description":"Santo Domingo.- Canal De Noticias (CDN) Canal 37 se querell\u00f3 contra la Direcci\u00f3n General de Seguridad de Transporte y Tr\u00e1nsito Terrestre (Digesett) y los agentes actuantes en la agresi\u00f3n f\u00edsica contra el camar\u00f3grafo, la periodista, y los da\u00f1os causados a los equipos de grabaci\u00f3n en el incidente ocurrido en el can\u00f3dromo. La direcci\u00f3n del canal [&hellip;]","og_url":"http:\/\/minutocerord.com\/?p=8469","og_site_name":"Minuto Cero RD","article_publisher":"https:\/\/www.facebook.com\/Genofnotes","article_author":"https:\/\/www.facebook.com\/Genofnotes","article_published_time":"2022-04-14T05:34:34+00:00","article_modified_time":"2022-04-14T05:34:56+00:00","og_image":[{"width":696,"height":529,"url":"https:\/\/i0.wp.com\/minutocerord.com\/wp-content\/uploads\/2022\/04\/querella-cdn-canal-37-6257255f24c7f-696x529-62572889e524d.jpg?fit=696%2C529","type":"image\/jpeg"}],"author":"Genof\u00f3ntes Urb\u00e1ez","twitter_card":"summary_large_image","twitter_misc":{"Written by":"Genof\u00f3ntes Urb\u00e1ez","Est. reading time":"2 minutos"},"schema":{"@context":"https:\/\/schema.org","@graph":[{"@type":"Article","@id":"http:\/\/minutocerord.com\/?p=8469#article","isPartOf":{"@id":"http:\/\/minutocerord.com\/?p=8469"},"author":{"name":"Genof\u00f3ntes Urb\u00e1ez","@id":"https:\/\/minutocerord.com\/#\/schema\/person\/60b5372d60aaa0a5171fb6488be9aee6"},"headline":"CDN Canal 37 se querella contra Digesett","datePublished":"2022-04-14T05:34:34+00:00","dateModified":"2022-04-14T05:34:56+00:00","mainEntityOfPage":{"@id":"http:\/\/minutocerord.com\/?p=8469"},"wordCount":267,"commentCount":0,"publisher":{"@id":"https:\/\/minutocerord.com\/#\/schema\/person\/60b5372d60aaa0a5171fb6488be9aee6"},"image":{"@id":"http:\/\/minutocerord.com\/?p=8469#primaryimage"},"thumbnailUrl":"https:\/\/i0.wp.com\/minutocerord.com\/wp-content\/uploads\/2022\/04\/querella-cdn-canal-37-6257255f24c7f-696x529-62572889e524d.jpg?fit=696%2C529&ssl=1","articleSection":["Nacionales"],"inLanguage":"es-DO","potentialAction":[{"@type":"CommentAction","name":"Comment","target":["http:\/\/minutocerord.com\/?p=8469#respond"]}]},{"@type":"WebPage","@id":"http:\/\/minutocerord.com\/?p=8469","url":"http:\/\/minutocerord.com\/?p=8469","name":"CDN Canal 37 se querella contra Digesett - Minuto Cero RD","isPartOf":{"@id":"https:\/\/minutocerord.com\/#website"},"primaryImageOfPage":{"@id":"http:\/\/minutocerord.com\/?p=8469#primaryimage"},"image":{"@id":"http:\/\/minutocerord.com\/?p=8469#primaryimage"},"thumbnailUrl":"https:\/\/i0.wp.com\/minutocerord.com\/wp-content\/uploads\/2022\/04\/querella-cdn-canal-37-6257255f24c7f-696x529-62572889e524d.jpg?fit=696%2C529&ssl=1","datePublished":"2022-04-14T05:34:34+00:00","dateModified":"2022-04-14T05:34:56+00:00","breadcrumb":{"@id":"http:\/\/minutocerord.com\/?p=8469#breadcrumb"},"inLanguage":"es-DO","potentialAction":[{"@type":"ReadAction","target":["http:\/\/minutocerord.com\/?p=8469"]}]},{"@type":"ImageObject","inLanguage":"es-DO","@id":"http:\/\/minutocerord.com\/?p=8469#primaryimage","url":"https:\/\/i0.wp.com\/minutocerord.com\/wp-content\/uploads\/2022\/04\/querella-cdn-canal-37-6257255f24c7f-696x529-62572889e524d.jpg?fit=696%2C529&ssl=1","contentUrl":"https:\/\/i0.wp.com\/minutocerord.com\/wp-content\/uploads\/2022\/04\/querella-cdn-canal-37-6257255f24c7f-696x529-62572889e524d.jpg?fit=696%2C529&ssl=1","width":696,"height":529},{"@type":"BreadcrumbList","@id":"http:\/\/minutocerord.com\/?p=8469#breadcrumb","itemListElement":[{"@type":"ListItem","position":1,"name":"Home","item":"https:\/\/minutocerord.com\/"},{"@type":"ListItem","position":2,"name":"CDN Canal 37 se querella contra Digesett"}]},{"@type":"WebSite","@id":"https:\/\/minutocerord.com\/#website","url":"https:\/\/minutocerord.com\/","name":"Minuto Cero RD","description":"Periodismo serio y veraz","publisher":{"@id":"https:\/\/minutocerord.com\/#\/schema\/person\/60b5372d60aaa0a5171fb6488be9aee6"},"potentialAction":[{"@type":"SearchAction","target":{"@type":"EntryPoint","urlTemplate":"https:\/\/minutocerord.com\/?s={search_term_string}"},"query-input":{"@type":"PropertyValueSpecification","valueRequired":true,"valueName":"search_term_string"}}],"inLanguage":"es-DO"},{"@type":["Person","Organization"],"@id":"https:\/\/minutocerord.com\/#\/schema\/person\/60b5372d60aaa0a5171fb6488be9aee6","name":"Genof\u00f3ntes Urb\u00e1ez","image":{"@type":"ImageObject","inLanguage":"es-DO","@id":"https:\/\/secure.gravatar.com\/avatar\/a49ef3186a692098ac3e8a1612261e3ad70cf9e44553dff2929e67939a0ecb9d?s=96&d=identicon&r=g","url":"https:\/\/secure.gravatar.com\/avatar\/a49ef3186a692098ac3e8a1612261e3ad70cf9e44553dff2929e67939a0ecb9d?s=96&d=identicon&r=g","contentUrl":"https:\/\/secure.gravatar.com\/avatar\/a49ef3186a692098ac3e8a1612261e3ad70cf9e44553dff2929e67939a0ecb9d?s=96&d=identicon&r=g","caption":"Genof\u00f3ntes Urb\u00e1ez"},"logo":{"@id":"https:\/\/secure.gravatar.com\/avatar\/a49ef3186a692098ac3e8a1612261e3ad70cf9e44553dff2929e67939a0ecb9d?s=96&d=identicon&r=g"},"description":"Periodista \/ Locutor","sameAs":["https:\/\/www.facebook.com\/Genofnotes","https:\/\/www.instagram.com\/genofnotes\/"]}]}},"jetpack_publicize_connections":[],"jetpack_featured_media_url":"https:\/\/i0.wp.com\/minutocerord.com\/wp-content\/uploads\/2022\/04\/querella-cdn-canal-37-6257255f24c7f-696x529-62572889e524d.jpg?fit=696%2C529&ssl=1","jetpack-related-posts":[],"jetpack_sharing_enabled":true,"_links":{"self":[{"href":"https:\/\/minutocerord.com\/index.php?rest_route=\/wp\/v2\/posts\/8469","targetHints":{"allow":["GET"]}}],"collection":[{"href":"https:\/\/minutocerord.com\/index.php?rest_route=\/wp\/v2\/posts"}],"about":[{"href":"https:\/\/minutocerord.com\/index.php?rest_route=\/wp\/v2\/types\/post"}],"author":[{"embeddable":true,"href":"https:\/\/minutocerord.com\/index.php?rest_route=\/wp\/v2\/users\/1"}],"replies":[{"embeddable":true,"href":"https:\/\/minutocerord.com\/index.php?rest_route=%2Fwp%2Fv2%2Fcomments&post=8469"}],"version-history":[{"count":1,"href":"https:\/\/minutocerord.com\/index.php?rest_route=\/wp\/v2\/posts\/8469\/revisions"}],"predecessor-version":[{"id":8471,"href":"https:\/\/minutocerord.com\/index.php?rest_route=\/wp\/v2\/posts\/8469\/revisions\/8471"}],"wp:featuredmedia":[{"embeddable":true,"href":"https:\/\/minutocerord.com\/index.php?rest_route=\/wp\/v2\/media\/8470"}],"wp:attachment":[{"href":"https:\/\/minutocerord.com\/index.php?rest_route=%2Fwp%2Fv2%2Fmedia&parent=8469"}],"wp:term":[{"taxonomy":"category","embeddable":true,"href":"https:\/\/minutocerord.com\/index.php?rest_route=%2Fwp%2Fv2%2Fcategories&post=8469"},{"taxonomy":"post_tag","embeddable":true,"href":"https:\/\/minutocerord.com\/index.php?rest_route=%2Fwp%2Fv2%2Ftags&post=8469"}],"curies":[{"name":"wp","href":"https:\/\/api.w.org\/{rel}","templated":true}]}}