{"id":8484,"date":"2022-04-15T18:10:15","date_gmt":"2022-04-15T22:10:15","guid":{"rendered":"https:\/\/minutocerord.com\/?p=8484"},"modified":"2022-04-15T18:10:31","modified_gmt":"2022-04-15T22:10:31","slug":"rd-acumula-19-dias-sin-muertes-por-covid-y-pocos-casos-diarios","status":"publish","type":"post","link":"https:\/\/minutocerord.com\/?p=8484","title":{"rendered":"RD acumula 19 d\u00edas sin muertes por covid y pocos casos diarios"},"content":{"rendered":"\n<p><strong>SANTO DOMINGO.-<\/strong>\u00a0Rep\u00fablica Dominicana acumula 19 d\u00edas sin muertes por covid-19 y pocos casos notificados en los informes que diariamente suministra el Ministerio de Salud P\u00fablica.<\/p>\n\n\n\n<p>Este Viernes Santo fueron reportados 28 nuevos contagios, 14 menos que los 42 registrados en la v\u00edspera, y ninguna defunci\u00f3n.<\/p>\n\n\n\n<p><strong>1,179 PRUEBAS<\/strong><\/p>\n\n\n\n<p>Indic\u00f3 que entre las 9:00 de la ma\u00f1ana mi\u00e9rcoles e igual hora del jueves fueron procesadas 1,179 pruebas&nbsp; que detectaron 17 contagios en el Distrito Nacional, 1 en la provincia Santo Domingo, 6 en Santiago, 1 en la Altagracia, 1 en La Romana, 1 en San Pedro de Macor\u00eds y en San Crist\u00f3bal.<\/p>\n\n\n\n<p><strong>4,375 MUERTOS<\/strong><\/p>\n\n\n\n<p>El total de muertos por covid-19 en el pa\u00eds es de 4,375, el 23.13% de los cuales era hipertenso y el 14.47% diab\u00e9tico.<\/p>\n\n\n\n<p>Entre los infectados hay 2,301 trabajadores de la salud, 1,830 embarazadas y 67,107 menores de 20 a\u00f1os.<\/p>\n\n\n\n<p><strong>OCUPACION HOSPITALARIA<\/strong><\/p>\n\n\n\n<p>En Rep\u00fablica Dominicana hay disponibilidad de 2,373 camas para pacientes de COVID, 44 de las cuales (2%) est\u00e1n ocupadas.<\/p>\n\n\n\n<p>Hay 585 camas en unidades de cuidados intensivos, 17 de ellas ocupadas (3%). De 469 ventiladores disponibles en la red hospitalaria, 12 est\u00e1n ocupados (3%).<\/p>\n\n\n\n<p><strong>CIFRAS CONTAGIOS Y MUERTES<\/strong><\/p>\n\n\n\n<p>28 marzo&nbsp;\u2013 30 contagios, 0 defunciones<\/p>\n\n\n\n<p>29 marzo&nbsp;\u2013 72 contagios, 0 defunciones<\/p>\n\n\n\n<p>30 marzo&nbsp;\u2013 38 contagios, 0 defunciones<\/p>\n\n\n\n<p>31 marzo&nbsp;\u2013 18 contagios, 0 defunciones<\/p>\n\n\n\n<p>1 abril \u2013 92 contagios, 0 defunciones<\/p>\n\n\n\n<p>2 abril \u2013 49 contagios, 0 defunciones<\/p>\n\n\n\n<p>3 abril \u2013 30 contagios, 0 defunciones<\/p>\n\n\n\n<p>4 abril \u2013 44 contagios, 0 defunciones<\/p>\n\n\n\n<p>5 abril \u2013 66 contagios, 0 defunciones<\/p>\n\n\n\n<p>6 abril \u2013 58 contagios, 0 defunciones<\/p>\n\n\n\n<p>7 abril \u2013 39 contagios, 0 defunciones<\/p>\n\n\n\n<p>8 abril \u2013 68 contagios, 0 defunciones<\/p>\n\n\n\n<p>9 abril \u2013 47 contagios, 0 defunciones<\/p>\n\n\n\n<p>10 abril \u2013 25 contagios, 0 defunciones<\/p>\n\n\n\n<p>11 abril \u2013 14 contagios, 0 defunciones<\/p>\n\n\n\n<p>12 abril- 56 contagios, 0 defunciones<\/p>\n\n\n\n<p>13 abril- 37 contagios, 0 defunciones<\/p>\n\n\n\n<p>14 abril- 42 contagios, 0 defunciones<\/p>\n\n\n\n<p>15 abril- 28 contagios, 0 defunciones<\/p>\n","protected":false},"excerpt":{"rendered":"<p>SANTO DOMINGO.-\u00a0Rep\u00fablica Dominicana acumula 19 d\u00edas sin muertes por covid-19 y pocos casos notificados en los informes que diariamente suministra el Ministerio de Salud P\u00fablica. Este Viernes Santo fueron reportados 28 nuevos contagios, 14 menos que los 42 registrados en la v\u00edspera, y ninguna defunci\u00f3n. 1,179 PRUEBAS Indic\u00f3 que entre las 9:00 de la ma\u00f1ana [&hellip;]<\/p>\n","protected":false},"author":1,"featured_media":8485,"comment_status":"open","ping_status":"open","sticky":false,"template":"","format":"standard","meta":{"nf_dc_page":"","jetpack_post_was_ever_published":false,"_jetpack_newsletter_access":"","_jetpack_dont_email_post_to_subs":false,"_jetpack_newsletter_tier_id":0,"_jetpack_memberships_contains_paywalled_content":false,"_jetpack_memberships_contains_paid_content":false,"footnotes":"","jetpack_publicize_message":"","jetpack_publicize_feature_enabled":true,"jetpack_social_post_already_shared":false,"jetpack_social_options":{"image_generator_settings":{"template":"highway","default_image_id":0,"font":"","enabled":false},"version":2}},"categories":[67],"tags":[],"class_list":["post-8484","post","type-post","status-publish","format-standard","has-post-thumbnail","hentry","category-salud"],"yoast_head":"<!-- This site is optimized with the Yoast SEO plugin v27.4 - https:\/\/yoast.com\/product\/yoast-seo-wordpress\/ -->\n<title>RD acumula 19 d\u00edas sin muertes por covid y pocos casos diarios - Minuto Cero RD<\/title>\n<meta name=\"robots\" content=\"index, follow, max-snippet:-1, max-image-preview:large, max-video-preview:-1\" \/>\n<link rel=\"canonical\" href=\"https:\/\/minutocerord.com\/?p=8484\" \/>\n<meta property=\"og:locale\" content=\"es_ES\" \/>\n<meta property=\"og:type\" content=\"article\" \/>\n<meta property=\"og:title\" content=\"RD acumula 19 d\u00edas sin muertes por covid y pocos casos diarios - Minuto Cero RD\" \/>\n<meta property=\"og:description\" content=\"SANTO DOMINGO.-\u00a0Rep\u00fablica Dominicana acumula 19 d\u00edas sin muertes por covid-19 y pocos casos notificados en los informes que diariamente suministra el Ministerio de Salud P\u00fablica. Este Viernes Santo fueron reportados 28 nuevos contagios, 14 menos que los 42 registrados en la v\u00edspera, y ninguna defunci\u00f3n. 1,179 PRUEBAS Indic\u00f3 que entre las 9:00 de la ma\u00f1ana [&hellip;]\" \/>\n<meta property=\"og:url\" content=\"https:\/\/minutocerord.com\/?p=8484\" \/>\n<meta property=\"og:site_name\" content=\"Minuto Cero RD\" \/>\n<meta property=\"article:publisher\" content=\"https:\/\/www.facebook.com\/Genofnotes\" \/>\n<meta property=\"article:author\" content=\"https:\/\/www.facebook.com\/Genofnotes\" \/>\n<meta property=\"article:published_time\" content=\"2022-04-15T22:10:15+00:00\" \/>\n<meta property=\"article:modified_time\" content=\"2022-04-15T22:10:31+00:00\" \/>\n<meta property=\"og:image\" content=\"https:\/\/i0.wp.com\/minutocerord.com\/wp-content\/uploads\/2022\/04\/Untitled-12.png?fit=1200%2C650&ssl=1\" \/>\n\t<meta property=\"og:image:width\" content=\"1200\" \/>\n\t<meta property=\"og:image:height\" content=\"650\" \/>\n\t<meta property=\"og:image:type\" content=\"image\/png\" \/>\n<meta name=\"author\" content=\"Genof\u00f3ntes Urb\u00e1ez\" \/>\n<meta name=\"twitter:card\" content=\"summary_large_image\" \/>\n<meta name=\"twitter:label1\" content=\"Written by\" \/>\n\t<meta name=\"twitter:data1\" content=\"Genof\u00f3ntes Urb\u00e1ez\" \/>\n\t<meta name=\"twitter:label2\" content=\"Est. reading time\" \/>\n\t<meta name=\"twitter:data2\" content=\"2 minutos\" \/>\n<script type=\"application\/ld+json\" class=\"yoast-schema-graph\">{\"@context\":\"https:\\\/\\\/schema.org\",\"@graph\":[{\"@type\":\"Article\",\"@id\":\"https:\\\/\\\/minutocerord.com\\\/?p=8484#article\",\"isPartOf\":{\"@id\":\"https:\\\/\\\/minutocerord.com\\\/?p=8484\"},\"author\":{\"name\":\"Genof\u00f3ntes Urb\u00e1ez\",\"@id\":\"https:\\\/\\\/minutocerord.com\\\/#\\\/schema\\\/person\\\/60b5372d60aaa0a5171fb6488be9aee6\"},\"headline\":\"RD acumula 19 d\u00edas sin muertes por covid y pocos casos diarios\",\"datePublished\":\"2022-04-15T22:10:15+00:00\",\"dateModified\":\"2022-04-15T22:10:31+00:00\",\"mainEntityOfPage\":{\"@id\":\"https:\\\/\\\/minutocerord.com\\\/?p=8484\"},\"wordCount\":253,\"commentCount\":0,\"publisher\":{\"@id\":\"https:\\\/\\\/minutocerord.com\\\/#\\\/schema\\\/person\\\/60b5372d60aaa0a5171fb6488be9aee6\"},\"image\":{\"@id\":\"https:\\\/\\\/minutocerord.com\\\/?p=8484#primaryimage\"},\"thumbnailUrl\":\"https:\\\/\\\/i0.wp.com\\\/minutocerord.com\\\/wp-content\\\/uploads\\\/2022\\\/04\\\/Untitled-12.png?fit=1200%2C650&ssl=1\",\"articleSection\":[\"Salud\"],\"inLanguage\":\"es-DO\",\"potentialAction\":[{\"@type\":\"CommentAction\",\"name\":\"Comment\",\"target\":[\"https:\\\/\\\/minutocerord.com\\\/?p=8484#respond\"]}]},{\"@type\":\"WebPage\",\"@id\":\"https:\\\/\\\/minutocerord.com\\\/?p=8484\",\"url\":\"https:\\\/\\\/minutocerord.com\\\/?p=8484\",\"name\":\"RD acumula 19 d\u00edas sin muertes por covid y pocos casos diarios - Minuto Cero RD\",\"isPartOf\":{\"@id\":\"https:\\\/\\\/minutocerord.com\\\/#website\"},\"primaryImageOfPage\":{\"@id\":\"https:\\\/\\\/minutocerord.com\\\/?p=8484#primaryimage\"},\"image\":{\"@id\":\"https:\\\/\\\/minutocerord.com\\\/?p=8484#primaryimage\"},\"thumbnailUrl\":\"https:\\\/\\\/i0.wp.com\\\/minutocerord.com\\\/wp-content\\\/uploads\\\/2022\\\/04\\\/Untitled-12.png?fit=1200%2C650&ssl=1\",\"datePublished\":\"2022-04-15T22:10:15+00:00\",\"dateModified\":\"2022-04-15T22:10:31+00:00\",\"breadcrumb\":{\"@id\":\"https:\\\/\\\/minutocerord.com\\\/?p=8484#breadcrumb\"},\"inLanguage\":\"es-DO\",\"potentialAction\":[{\"@type\":\"ReadAction\",\"target\":[\"https:\\\/\\\/minutocerord.com\\\/?p=8484\"]}]},{\"@type\":\"ImageObject\",\"inLanguage\":\"es-DO\",\"@id\":\"https:\\\/\\\/minutocerord.com\\\/?p=8484#primaryimage\",\"url\":\"https:\\\/\\\/i0.wp.com\\\/minutocerord.com\\\/wp-content\\\/uploads\\\/2022\\\/04\\\/Untitled-12.png?fit=1200%2C650&ssl=1\",\"contentUrl\":\"https:\\\/\\\/i0.wp.com\\\/minutocerord.com\\\/wp-content\\\/uploads\\\/2022\\\/04\\\/Untitled-12.png?fit=1200%2C650&ssl=1\",\"width\":1200,\"height\":650},{\"@type\":\"BreadcrumbList\",\"@id\":\"https:\\\/\\\/minutocerord.com\\\/?p=8484#breadcrumb\",\"itemListElement\":[{\"@type\":\"ListItem\",\"position\":1,\"name\":\"Home\",\"item\":\"https:\\\/\\\/minutocerord.com\\\/\"},{\"@type\":\"ListItem\",\"position\":2,\"name\":\"RD acumula 19 d\u00edas sin muertes por covid y pocos casos diarios\"}]},{\"@type\":\"WebSite\",\"@id\":\"https:\\\/\\\/minutocerord.com\\\/#website\",\"url\":\"https:\\\/\\\/minutocerord.com\\\/\",\"name\":\"Minuto Cero RD\",\"description\":\"Periodismo serio y veraz\",\"publisher\":{\"@id\":\"https:\\\/\\\/minutocerord.com\\\/#\\\/schema\\\/person\\\/60b5372d60aaa0a5171fb6488be9aee6\"},\"potentialAction\":[{\"@type\":\"SearchAction\",\"target\":{\"@type\":\"EntryPoint\",\"urlTemplate\":\"https:\\\/\\\/minutocerord.com\\\/?s={search_term_string}\"},\"query-input\":{\"@type\":\"PropertyValueSpecification\",\"valueRequired\":true,\"valueName\":\"search_term_string\"}}],\"inLanguage\":\"es-DO\"},{\"@type\":[\"Person\",\"Organization\"],\"@id\":\"https:\\\/\\\/minutocerord.com\\\/#\\\/schema\\\/person\\\/60b5372d60aaa0a5171fb6488be9aee6\",\"name\":\"Genof\u00f3ntes Urb\u00e1ez\",\"image\":{\"@type\":\"ImageObject\",\"inLanguage\":\"es-DO\",\"@id\":\"https:\\\/\\\/secure.gravatar.com\\\/avatar\\\/a49ef3186a692098ac3e8a1612261e3ad70cf9e44553dff2929e67939a0ecb9d?s=96&d=identicon&r=g\",\"url\":\"https:\\\/\\\/secure.gravatar.com\\\/avatar\\\/a49ef3186a692098ac3e8a1612261e3ad70cf9e44553dff2929e67939a0ecb9d?s=96&d=identicon&r=g\",\"contentUrl\":\"https:\\\/\\\/secure.gravatar.com\\\/avatar\\\/a49ef3186a692098ac3e8a1612261e3ad70cf9e44553dff2929e67939a0ecb9d?s=96&d=identicon&r=g\",\"caption\":\"Genof\u00f3ntes Urb\u00e1ez\"},\"logo\":{\"@id\":\"https:\\\/\\\/secure.gravatar.com\\\/avatar\\\/a49ef3186a692098ac3e8a1612261e3ad70cf9e44553dff2929e67939a0ecb9d?s=96&d=identicon&r=g\"},\"description\":\"Periodista \\\/ Locutor\",\"sameAs\":[\"https:\\\/\\\/www.facebook.com\\\/Genofnotes\",\"https:\\\/\\\/www.instagram.com\\\/genofnotes\\\/\"]}]}<\/script>\n<!-- \/ Yoast SEO plugin. -->","yoast_head_json":{"title":"RD acumula 19 d\u00edas sin muertes por covid y pocos casos diarios - Minuto Cero RD","robots":{"index":"index","follow":"follow","max-snippet":"max-snippet:-1","max-image-preview":"max-image-preview:large","max-video-preview":"max-video-preview:-1"},"canonical":"https:\/\/minutocerord.com\/?p=8484","og_locale":"es_ES","og_type":"article","og_title":"RD acumula 19 d\u00edas sin muertes por covid y pocos casos diarios - Minuto Cero RD","og_description":"SANTO DOMINGO.-\u00a0Rep\u00fablica Dominicana acumula 19 d\u00edas sin muertes por covid-19 y pocos casos notificados en los informes que diariamente suministra el Ministerio de Salud P\u00fablica. Este Viernes Santo fueron reportados 28 nuevos contagios, 14 menos que los 42 registrados en la v\u00edspera, y ninguna defunci\u00f3n. 1,179 PRUEBAS Indic\u00f3 que entre las 9:00 de la ma\u00f1ana [&hellip;]","og_url":"https:\/\/minutocerord.com\/?p=8484","og_site_name":"Minuto Cero RD","article_publisher":"https:\/\/www.facebook.com\/Genofnotes","article_author":"https:\/\/www.facebook.com\/Genofnotes","article_published_time":"2022-04-15T22:10:15+00:00","article_modified_time":"2022-04-15T22:10:31+00:00","og_image":[{"width":1200,"height":650,"url":"https:\/\/i0.wp.com\/minutocerord.com\/wp-content\/uploads\/2022\/04\/Untitled-12.png?fit=1200%2C650&ssl=1","type":"image\/png"}],"author":"Genof\u00f3ntes Urb\u00e1ez","twitter_card":"summary_large_image","twitter_misc":{"Written by":"Genof\u00f3ntes Urb\u00e1ez","Est. reading time":"2 minutos"},"schema":{"@context":"https:\/\/schema.org","@graph":[{"@type":"Article","@id":"https:\/\/minutocerord.com\/?p=8484#article","isPartOf":{"@id":"https:\/\/minutocerord.com\/?p=8484"},"author":{"name":"Genof\u00f3ntes Urb\u00e1ez","@id":"https:\/\/minutocerord.com\/#\/schema\/person\/60b5372d60aaa0a5171fb6488be9aee6"},"headline":"RD acumula 19 d\u00edas sin muertes por covid y pocos casos diarios","datePublished":"2022-04-15T22:10:15+00:00","dateModified":"2022-04-15T22:10:31+00:00","mainEntityOfPage":{"@id":"https:\/\/minutocerord.com\/?p=8484"},"wordCount":253,"commentCount":0,"publisher":{"@id":"https:\/\/minutocerord.com\/#\/schema\/person\/60b5372d60aaa0a5171fb6488be9aee6"},"image":{"@id":"https:\/\/minutocerord.com\/?p=8484#primaryimage"},"thumbnailUrl":"https:\/\/i0.wp.com\/minutocerord.com\/wp-content\/uploads\/2022\/04\/Untitled-12.png?fit=1200%2C650&ssl=1","articleSection":["Salud"],"inLanguage":"es-DO","potentialAction":[{"@type":"CommentAction","name":"Comment","target":["https:\/\/minutocerord.com\/?p=8484#respond"]}]},{"@type":"WebPage","@id":"https:\/\/minutocerord.com\/?p=8484","url":"https:\/\/minutocerord.com\/?p=8484","name":"RD acumula 19 d\u00edas sin muertes por covid y pocos casos diarios - Minuto Cero RD","isPartOf":{"@id":"https:\/\/minutocerord.com\/#website"},"primaryImageOfPage":{"@id":"https:\/\/minutocerord.com\/?p=8484#primaryimage"},"image":{"@id":"https:\/\/minutocerord.com\/?p=8484#primaryimage"},"thumbnailUrl":"https:\/\/i0.wp.com\/minutocerord.com\/wp-content\/uploads\/2022\/04\/Untitled-12.png?fit=1200%2C650&ssl=1","datePublished":"2022-04-15T22:10:15+00:00","dateModified":"2022-04-15T22:10:31+00:00","breadcrumb":{"@id":"https:\/\/minutocerord.com\/?p=8484#breadcrumb"},"inLanguage":"es-DO","potentialAction":[{"@type":"ReadAction","target":["https:\/\/minutocerord.com\/?p=8484"]}]},{"@type":"ImageObject","inLanguage":"es-DO","@id":"https:\/\/minutocerord.com\/?p=8484#primaryimage","url":"https:\/\/i0.wp.com\/minutocerord.com\/wp-content\/uploads\/2022\/04\/Untitled-12.png?fit=1200%2C650&ssl=1","contentUrl":"https:\/\/i0.wp.com\/minutocerord.com\/wp-content\/uploads\/2022\/04\/Untitled-12.png?fit=1200%2C650&ssl=1","width":1200,"height":650},{"@type":"BreadcrumbList","@id":"https:\/\/minutocerord.com\/?p=8484#breadcrumb","itemListElement":[{"@type":"ListItem","position":1,"name":"Home","item":"https:\/\/minutocerord.com\/"},{"@type":"ListItem","position":2,"name":"RD acumula 19 d\u00edas sin muertes por covid y pocos casos diarios"}]},{"@type":"WebSite","@id":"https:\/\/minutocerord.com\/#website","url":"https:\/\/minutocerord.com\/","name":"Minuto Cero RD","description":"Periodismo serio y veraz","publisher":{"@id":"https:\/\/minutocerord.com\/#\/schema\/person\/60b5372d60aaa0a5171fb6488be9aee6"},"potentialAction":[{"@type":"SearchAction","target":{"@type":"EntryPoint","urlTemplate":"https:\/\/minutocerord.com\/?s={search_term_string}"},"query-input":{"@type":"PropertyValueSpecification","valueRequired":true,"valueName":"search_term_string"}}],"inLanguage":"es-DO"},{"@type":["Person","Organization"],"@id":"https:\/\/minutocerord.com\/#\/schema\/person\/60b5372d60aaa0a5171fb6488be9aee6","name":"Genof\u00f3ntes Urb\u00e1ez","image":{"@type":"ImageObject","inLanguage":"es-DO","@id":"https:\/\/secure.gravatar.com\/avatar\/a49ef3186a692098ac3e8a1612261e3ad70cf9e44553dff2929e67939a0ecb9d?s=96&d=identicon&r=g","url":"https:\/\/secure.gravatar.com\/avatar\/a49ef3186a692098ac3e8a1612261e3ad70cf9e44553dff2929e67939a0ecb9d?s=96&d=identicon&r=g","contentUrl":"https:\/\/secure.gravatar.com\/avatar\/a49ef3186a692098ac3e8a1612261e3ad70cf9e44553dff2929e67939a0ecb9d?s=96&d=identicon&r=g","caption":"Genof\u00f3ntes Urb\u00e1ez"},"logo":{"@id":"https:\/\/secure.gravatar.com\/avatar\/a49ef3186a692098ac3e8a1612261e3ad70cf9e44553dff2929e67939a0ecb9d?s=96&d=identicon&r=g"},"description":"Periodista \/ Locutor","sameAs":["https:\/\/www.facebook.com\/Genofnotes","https:\/\/www.instagram.com\/genofnotes\/"]}]}},"jetpack_publicize_connections":[],"jetpack_featured_media_url":"https:\/\/i0.wp.com\/minutocerord.com\/wp-content\/uploads\/2022\/04\/Untitled-12.png?fit=1200%2C650&ssl=1","jetpack-related-posts":[],"jetpack_sharing_enabled":true,"_links":{"self":[{"href":"https:\/\/minutocerord.com\/index.php?rest_route=\/wp\/v2\/posts\/8484","targetHints":{"allow":["GET"]}}],"collection":[{"href":"https:\/\/minutocerord.com\/index.php?rest_route=\/wp\/v2\/posts"}],"about":[{"href":"https:\/\/minutocerord.com\/index.php?rest_route=\/wp\/v2\/types\/post"}],"author":[{"embeddable":true,"href":"https:\/\/minutocerord.com\/index.php?rest_route=\/wp\/v2\/users\/1"}],"replies":[{"embeddable":true,"href":"https:\/\/minutocerord.com\/index.php?rest_route=%2Fwp%2Fv2%2Fcomments&post=8484"}],"version-history":[{"count":1,"href":"https:\/\/minutocerord.com\/index.php?rest_route=\/wp\/v2\/posts\/8484\/revisions"}],"predecessor-version":[{"id":8486,"href":"https:\/\/minutocerord.com\/index.php?rest_route=\/wp\/v2\/posts\/8484\/revisions\/8486"}],"wp:featuredmedia":[{"embeddable":true,"href":"https:\/\/minutocerord.com\/index.php?rest_route=\/wp\/v2\/media\/8485"}],"wp:attachment":[{"href":"https:\/\/minutocerord.com\/index.php?rest_route=%2Fwp%2Fv2%2Fmedia&parent=8484"}],"wp:term":[{"taxonomy":"category","embeddable":true,"href":"https:\/\/minutocerord.com\/index.php?rest_route=%2Fwp%2Fv2%2Fcategories&post=8484"},{"taxonomy":"post_tag","embeddable":true,"href":"https:\/\/minutocerord.com\/index.php?rest_route=%2Fwp%2Fv2%2Ftags&post=8484"}],"curies":[{"name":"wp","href":"https:\/\/api.w.org\/{rel}","templated":true}]}}