{"id":8491,"date":"2022-04-15T18:17:24","date_gmt":"2022-04-15T22:17:24","guid":{"rendered":"https:\/\/minutocerord.com\/?p=8491"},"modified":"2022-04-15T18:17:51","modified_gmt":"2022-04-15T22:17:51","slug":"jerusalen-mas-de-150-heridos-en-disturbios-explanada-mezquitas","status":"publish","type":"post","link":"https:\/\/minutocerord.com\/?p=8491","title":{"rendered":"Jerusal\u00e9n: M\u00e1s de 150 heridos en disturbios Explanada Mezquitas"},"content":{"rendered":"\n<p><strong>JERUSALEN.- <\/strong>M\u00e1s de 150 personas resultaron heridas el viernes en los enfrentamientos entre manifestantes palestinos y polic\u00edas israel\u00edes en la Explanada de las Mezquitas de Jerusal\u00e9n, los primeros disturbios del inicio del mes de ramad\u00e1n, que hacen temer un nuevo rebrote de violencia en los Territorios palestinos.<\/p>\n\n\n\n<p>Un total de \u00ab153 heridos palestinos fueron trasladados\u00bb a hospitales de Jerusal\u00e9n y \u00abdecenas\u00bb fueron atendidos en el lugar, dijo un responsable de la Media Luna Roja palestina.<\/p>\n\n\n\n<p>Por su parte, la polic\u00eda israel\u00ed inform\u00f3 de tres heridos entre sus efectivos. Seg\u00fan una ONG de defensa de los presos palestinos, unas 400 personas fueron detenidas.<\/p>\n\n\n\n<p>Los disturbios comenzaron el viernes temprano, cuando varios palestinos lanzaron piedras y las fuerzas de seguridad israel\u00edes respondieron con balas de goma y granadas ensordecedoras hacia los manifestantes.<\/p>\n\n\n\n<p>Hacia las 04H00 de la ma\u00f1ana, \u00abdecenas de j\u00f3venes alborotadores encapuchados\u00bb algunos ondeando la bandera del movimiento islamista palestino Ham\u00e1s, \u00abiniciaron una procesi\u00f3n\u00bb por la Explanada de las Mezquitas y lanzaron piedras contra el Muro de las Lamentaciones, indic\u00f3 la polic\u00eda israel\u00ed.<\/p>\n\n\n\n<p>Estos enfrentamientos en la Explanada son los primeros que se registran este a\u00f1o durante el mes de ramad\u00e1n, periodo de ayuno y oraci\u00f3n en el que los palestinos musulmanes acuden por millares a rezar en la mezquita Al Aqsa, tercer lugar santo para el islam.<\/p>\n\n\n\n<p>La Explanada de las Mezquitas est\u00e1 situada en la Ciudad Vieja de Jerusal\u00e9n, al este de la ciudad, una parte ocupada por Israel desde 1967 y que los palestinos reivindican como capital de un futuro Estado.<\/p>\n\n\n\n<p>Los jud\u00edos se refieren a la Explanada como Monte del Templo, por encontrarse en \u00e9l los vestigios del templo de Jerusal\u00e9n. Al pie de la Explanada se sit\u00faa el Muro de las Lamentaciones, lugar de culto jud\u00edo.<\/p>\n\n\n\n<p><strong>PRESION, PERO NO GUERRA<\/strong><\/p>\n\n\n\n<p>Esta zona de la Ciudad Vieja de Jerusal\u00e9n es escenario habitual de enfrentamientos entre polic\u00edas israel\u00edes y manifestantes palestinos.<\/p>\n\n\n\n<p>El a\u00f1o pasado, durante el mes del ramad\u00e1n hubo manifestaciones nocturnas en Jerusal\u00e9n y disturbios en la Explanada de las Mezquitas que avivaron la violencia y provocaron ataques con cohetes y otros proyectiles de grupos armados palestinos desde Gaza hacia Israel, cuyo ej\u00e9rcito respondi\u00f3 con una severa ofensiva sobre la Franja.<\/p>\n\n\n\n<p>\u00abNo hay lugar para los invasores y los ocupantes en nuestra Jerusal\u00e9n santa\u00bb, reaccion\u00f3 el viernes el jefe de la oficina pol\u00edtica de Ham\u00e1s, Ismail Haniyeh.<\/p>\n\n\n\n<p>Ham\u00e1s, que controla Gaza, vio sus capacidades militares mermadas en los enfrentamientos de 2021 y buscar\u00eda mantener el conflicto activo en Cisjordania y Jerusal\u00e9n pero no en la Franja, estiman los analistas.<\/p>\n\n\n\n<p>Gaza, donde viven unos dos millones de palestinos, es objeto de un severo bloqueo israel\u00ed desde hace 15 a\u00f1os que a\u00edsla y empobrece a este territorio. Y cuando el conflicto arrecia, Israel corta los escasos respiraderos de este enclave palestino, como por ejemplo los permisos para que gazat\u00edes trabajen en Israel, que se conceden a cuentagotas.<\/p>\n\n\n\n<p>\u00abHam\u00e1s no quiere un nuevo enfrentamiento\u00bb, asegura Mujaimer Abu Saada, profesor de Ciencias Pol\u00edticas en la universidad Al-Azhar de Gaza.<\/p>\n\n\n\n<p>\u00abLa confrontaci\u00f3n ser\u00e1 m\u00e1s dif\u00edcil\u00bb para las fuerzas israel\u00edes \u00absi no ponen fin a la agresi\u00f3n contra nuestro pueblo\u00bb, dijo por su parte el viernes en un comunicado la Yihad Isl\u00e1mica, otro movimiento palestino.<\/p>\n\n\n\n<p><strong>ATAQUE, REDADAS Y MUERTOS<\/strong><\/p>\n\n\n\n<p>\u00abNo tenemos ning\u00fan inter\u00e9s en que el Monte del Templo se convierta en centro de violencia. Esto perjudicar\u00eda a la vez a los musulmanes del lugar y a los jud\u00edos del Muro de las Lamentaciones\u00bb coment\u00f3 el ministro israel\u00ed de Seguridad p\u00fablica Omer Bar-Lev.<\/p>\n\n\n\n<p>Jordania gestiona la Explanada, pero los accesos est\u00e1n controlados por Israel. Poco antes del inicio del mes del ramad\u00e1n este a\u00f1o, el 2 de abril, altos cargos israel\u00edes y responsables jordanos intensificaron los intercambios para evitar disturbios.<\/p>\n\n\n\n<p>Estos enfrentamientos en el coraz\u00f3n de Jerusal\u00e9n, que coinciden este a\u00f1o con el inicio de la pascua cat\u00f3lica y la pascua jud\u00eda, la p\u00e9saj, se producen despu\u00e9s de semanas de tensi\u00f3n en Israel y Cisjordania, territorio ocupado desde 1967 por Israel.<\/p>\n\n\n\n<p>Desde el 22 de marzo, Israel ha sufrido cuatro ataques que dejaron 14 fallecidos. Dos de ellos fueron reivindicados por la organizaci\u00f3n yihadista Estado Isl\u00e1mico y otros dos, perpetrados por palestinos originarios de la zona de Yen\u00edn, en el norte de Cisjordania.<\/p>\n\n\n\n<p>Del lado palestino ha habido 22 muertos, contabilizando a los agresores. La mayor\u00eda de las v\u00edctimas fallecieron en operaciones del ej\u00e9rcito israel\u00ed en Cisjordania, seg\u00fan un recuento de la AFP.<\/p>\n\n\n\n<p>Desde el jueves cuatro palestinos murieron violentamente en operaciones militares israel\u00edes en Cisjordania, seg\u00fan fuentes oficiales palestinas.<\/p>\n","protected":false},"excerpt":{"rendered":"<p>JERUSALEN.- M\u00e1s de 150 personas resultaron heridas el viernes en los enfrentamientos entre manifestantes palestinos y polic\u00edas israel\u00edes en la Explanada de las Mezquitas de Jerusal\u00e9n, los primeros disturbios del inicio del mes de ramad\u00e1n, que hacen temer un nuevo rebrote de violencia en los Territorios palestinos. Un total de \u00ab153 heridos palestinos fueron trasladados\u00bb [&hellip;]<\/p>\n","protected":false},"author":1,"featured_media":8492,"comment_status":"open","ping_status":"open","sticky":false,"template":"","format":"standard","meta":{"nf_dc_page":"","jetpack_post_was_ever_published":false,"_jetpack_newsletter_access":"","_jetpack_dont_email_post_to_subs":false,"_jetpack_newsletter_tier_id":0,"_jetpack_memberships_contains_paywalled_content":false,"_jetpack_memberships_contains_paid_content":false,"footnotes":"","jetpack_publicize_message":"","jetpack_publicize_feature_enabled":true,"jetpack_social_post_already_shared":false,"jetpack_social_options":{"image_generator_settings":{"template":"highway","default_image_id":0,"font":"","enabled":false},"version":2}},"categories":[66],"tags":[],"class_list":["post-8491","post","type-post","status-publish","format-standard","has-post-thumbnail","hentry","category-internacionales"],"yoast_head":"<!-- This site is optimized with the Yoast SEO plugin v27.4 - https:\/\/yoast.com\/product\/yoast-seo-wordpress\/ -->\n<title>Jerusal\u00e9n: M\u00e1s de 150 heridos en disturbios Explanada Mezquitas - Minuto Cero RD<\/title>\n<meta name=\"robots\" content=\"index, follow, max-snippet:-1, max-image-preview:large, max-video-preview:-1\" \/>\n<link rel=\"canonical\" href=\"http:\/\/minutocerord.com\/?p=8491\" \/>\n<meta property=\"og:locale\" content=\"es_ES\" \/>\n<meta property=\"og:type\" content=\"article\" \/>\n<meta property=\"og:title\" content=\"Jerusal\u00e9n: M\u00e1s de 150 heridos en disturbios Explanada Mezquitas - Minuto Cero RD\" \/>\n<meta property=\"og:description\" content=\"JERUSALEN.- M\u00e1s de 150 personas resultaron heridas el viernes en los enfrentamientos entre manifestantes palestinos y polic\u00edas israel\u00edes en la Explanada de las Mezquitas de Jerusal\u00e9n, los primeros disturbios del inicio del mes de ramad\u00e1n, que hacen temer un nuevo rebrote de violencia en los Territorios palestinos. Un total de \u00ab153 heridos palestinos fueron trasladados\u00bb [&hellip;]\" \/>\n<meta property=\"og:url\" content=\"http:\/\/minutocerord.com\/?p=8491\" \/>\n<meta property=\"og:site_name\" content=\"Minuto Cero RD\" \/>\n<meta property=\"article:publisher\" content=\"https:\/\/www.facebook.com\/Genofnotes\" \/>\n<meta property=\"article:author\" content=\"https:\/\/www.facebook.com\/Genofnotes\" \/>\n<meta property=\"article:published_time\" content=\"2022-04-15T22:17:24+00:00\" \/>\n<meta property=\"article:modified_time\" content=\"2022-04-15T22:17:51+00:00\" \/>\n<meta property=\"og:image\" content=\"https:\/\/i0.wp.com\/minutocerord.com\/wp-content\/uploads\/2022\/04\/mas-de-150-heridos-en-disturbios-en-la-explanada-de-las-mezquitas-en-jerusalen.jpeg?fit=680%2C419\" \/>\n\t<meta property=\"og:image:width\" content=\"680\" \/>\n\t<meta property=\"og:image:height\" content=\"419\" \/>\n\t<meta property=\"og:image:type\" content=\"image\/jpeg\" \/>\n<meta name=\"author\" content=\"Genof\u00f3ntes Urb\u00e1ez\" \/>\n<meta name=\"twitter:card\" content=\"summary_large_image\" \/>\n<meta name=\"twitter:label1\" content=\"Written by\" \/>\n\t<meta name=\"twitter:data1\" content=\"Genof\u00f3ntes Urb\u00e1ez\" \/>\n\t<meta name=\"twitter:label2\" content=\"Est. reading time\" \/>\n\t<meta name=\"twitter:data2\" content=\"4 minutos\" \/>\n<script type=\"application\/ld+json\" class=\"yoast-schema-graph\">{\"@context\":\"https:\\\/\\\/schema.org\",\"@graph\":[{\"@type\":\"Article\",\"@id\":\"http:\\\/\\\/minutocerord.com\\\/?p=8491#article\",\"isPartOf\":{\"@id\":\"http:\\\/\\\/minutocerord.com\\\/?p=8491\"},\"author\":{\"name\":\"Genof\u00f3ntes Urb\u00e1ez\",\"@id\":\"https:\\\/\\\/minutocerord.com\\\/#\\\/schema\\\/person\\\/60b5372d60aaa0a5171fb6488be9aee6\"},\"headline\":\"Jerusal\u00e9n: M\u00e1s de 150 heridos en disturbios Explanada Mezquitas\",\"datePublished\":\"2022-04-15T22:17:24+00:00\",\"dateModified\":\"2022-04-15T22:17:51+00:00\",\"mainEntityOfPage\":{\"@id\":\"http:\\\/\\\/minutocerord.com\\\/?p=8491\"},\"wordCount\":819,\"commentCount\":0,\"publisher\":{\"@id\":\"https:\\\/\\\/minutocerord.com\\\/#\\\/schema\\\/person\\\/60b5372d60aaa0a5171fb6488be9aee6\"},\"image\":{\"@id\":\"http:\\\/\\\/minutocerord.com\\\/?p=8491#primaryimage\"},\"thumbnailUrl\":\"https:\\\/\\\/i0.wp.com\\\/minutocerord.com\\\/wp-content\\\/uploads\\\/2022\\\/04\\\/mas-de-150-heridos-en-disturbios-en-la-explanada-de-las-mezquitas-en-jerusalen.jpeg?fit=680%2C419&ssl=1\",\"articleSection\":[\"Internacionales\"],\"inLanguage\":\"es-DO\",\"potentialAction\":[{\"@type\":\"CommentAction\",\"name\":\"Comment\",\"target\":[\"http:\\\/\\\/minutocerord.com\\\/?p=8491#respond\"]}]},{\"@type\":\"WebPage\",\"@id\":\"http:\\\/\\\/minutocerord.com\\\/?p=8491\",\"url\":\"http:\\\/\\\/minutocerord.com\\\/?p=8491\",\"name\":\"Jerusal\u00e9n: M\u00e1s de 150 heridos en disturbios Explanada Mezquitas - Minuto Cero RD\",\"isPartOf\":{\"@id\":\"https:\\\/\\\/minutocerord.com\\\/#website\"},\"primaryImageOfPage\":{\"@id\":\"http:\\\/\\\/minutocerord.com\\\/?p=8491#primaryimage\"},\"image\":{\"@id\":\"http:\\\/\\\/minutocerord.com\\\/?p=8491#primaryimage\"},\"thumbnailUrl\":\"https:\\\/\\\/i0.wp.com\\\/minutocerord.com\\\/wp-content\\\/uploads\\\/2022\\\/04\\\/mas-de-150-heridos-en-disturbios-en-la-explanada-de-las-mezquitas-en-jerusalen.jpeg?fit=680%2C419&ssl=1\",\"datePublished\":\"2022-04-15T22:17:24+00:00\",\"dateModified\":\"2022-04-15T22:17:51+00:00\",\"breadcrumb\":{\"@id\":\"http:\\\/\\\/minutocerord.com\\\/?p=8491#breadcrumb\"},\"inLanguage\":\"es-DO\",\"potentialAction\":[{\"@type\":\"ReadAction\",\"target\":[\"http:\\\/\\\/minutocerord.com\\\/?p=8491\"]}]},{\"@type\":\"ImageObject\",\"inLanguage\":\"es-DO\",\"@id\":\"http:\\\/\\\/minutocerord.com\\\/?p=8491#primaryimage\",\"url\":\"https:\\\/\\\/i0.wp.com\\\/minutocerord.com\\\/wp-content\\\/uploads\\\/2022\\\/04\\\/mas-de-150-heridos-en-disturbios-en-la-explanada-de-las-mezquitas-en-jerusalen.jpeg?fit=680%2C419&ssl=1\",\"contentUrl\":\"https:\\\/\\\/i0.wp.com\\\/minutocerord.com\\\/wp-content\\\/uploads\\\/2022\\\/04\\\/mas-de-150-heridos-en-disturbios-en-la-explanada-de-las-mezquitas-en-jerusalen.jpeg?fit=680%2C419&ssl=1\",\"width\":680,\"height\":419},{\"@type\":\"BreadcrumbList\",\"@id\":\"http:\\\/\\\/minutocerord.com\\\/?p=8491#breadcrumb\",\"itemListElement\":[{\"@type\":\"ListItem\",\"position\":1,\"name\":\"Home\",\"item\":\"https:\\\/\\\/minutocerord.com\\\/\"},{\"@type\":\"ListItem\",\"position\":2,\"name\":\"Jerusal\u00e9n: M\u00e1s de 150 heridos en disturbios Explanada Mezquitas\"}]},{\"@type\":\"WebSite\",\"@id\":\"https:\\\/\\\/minutocerord.com\\\/#website\",\"url\":\"https:\\\/\\\/minutocerord.com\\\/\",\"name\":\"Minuto Cero RD\",\"description\":\"Periodismo serio y veraz\",\"publisher\":{\"@id\":\"https:\\\/\\\/minutocerord.com\\\/#\\\/schema\\\/person\\\/60b5372d60aaa0a5171fb6488be9aee6\"},\"potentialAction\":[{\"@type\":\"SearchAction\",\"target\":{\"@type\":\"EntryPoint\",\"urlTemplate\":\"https:\\\/\\\/minutocerord.com\\\/?s={search_term_string}\"},\"query-input\":{\"@type\":\"PropertyValueSpecification\",\"valueRequired\":true,\"valueName\":\"search_term_string\"}}],\"inLanguage\":\"es-DO\"},{\"@type\":[\"Person\",\"Organization\"],\"@id\":\"https:\\\/\\\/minutocerord.com\\\/#\\\/schema\\\/person\\\/60b5372d60aaa0a5171fb6488be9aee6\",\"name\":\"Genof\u00f3ntes Urb\u00e1ez\",\"image\":{\"@type\":\"ImageObject\",\"inLanguage\":\"es-DO\",\"@id\":\"https:\\\/\\\/secure.gravatar.com\\\/avatar\\\/a49ef3186a692098ac3e8a1612261e3ad70cf9e44553dff2929e67939a0ecb9d?s=96&d=identicon&r=g\",\"url\":\"https:\\\/\\\/secure.gravatar.com\\\/avatar\\\/a49ef3186a692098ac3e8a1612261e3ad70cf9e44553dff2929e67939a0ecb9d?s=96&d=identicon&r=g\",\"contentUrl\":\"https:\\\/\\\/secure.gravatar.com\\\/avatar\\\/a49ef3186a692098ac3e8a1612261e3ad70cf9e44553dff2929e67939a0ecb9d?s=96&d=identicon&r=g\",\"caption\":\"Genof\u00f3ntes Urb\u00e1ez\"},\"logo\":{\"@id\":\"https:\\\/\\\/secure.gravatar.com\\\/avatar\\\/a49ef3186a692098ac3e8a1612261e3ad70cf9e44553dff2929e67939a0ecb9d?s=96&d=identicon&r=g\"},\"description\":\"Periodista \\\/ Locutor\",\"sameAs\":[\"https:\\\/\\\/www.facebook.com\\\/Genofnotes\",\"https:\\\/\\\/www.instagram.com\\\/genofnotes\\\/\"]}]}<\/script>\n<!-- \/ Yoast SEO plugin. -->","yoast_head_json":{"title":"Jerusal\u00e9n: M\u00e1s de 150 heridos en disturbios Explanada Mezquitas - Minuto Cero RD","robots":{"index":"index","follow":"follow","max-snippet":"max-snippet:-1","max-image-preview":"max-image-preview:large","max-video-preview":"max-video-preview:-1"},"canonical":"http:\/\/minutocerord.com\/?p=8491","og_locale":"es_ES","og_type":"article","og_title":"Jerusal\u00e9n: M\u00e1s de 150 heridos en disturbios Explanada Mezquitas - Minuto Cero RD","og_description":"JERUSALEN.- M\u00e1s de 150 personas resultaron heridas el viernes en los enfrentamientos entre manifestantes palestinos y polic\u00edas israel\u00edes en la Explanada de las Mezquitas de Jerusal\u00e9n, los primeros disturbios del inicio del mes de ramad\u00e1n, que hacen temer un nuevo rebrote de violencia en los Territorios palestinos. Un total de \u00ab153 heridos palestinos fueron trasladados\u00bb [&hellip;]","og_url":"http:\/\/minutocerord.com\/?p=8491","og_site_name":"Minuto Cero RD","article_publisher":"https:\/\/www.facebook.com\/Genofnotes","article_author":"https:\/\/www.facebook.com\/Genofnotes","article_published_time":"2022-04-15T22:17:24+00:00","article_modified_time":"2022-04-15T22:17:51+00:00","og_image":[{"width":680,"height":419,"url":"https:\/\/i0.wp.com\/minutocerord.com\/wp-content\/uploads\/2022\/04\/mas-de-150-heridos-en-disturbios-en-la-explanada-de-las-mezquitas-en-jerusalen.jpeg?fit=680%2C419","type":"image\/jpeg"}],"author":"Genof\u00f3ntes Urb\u00e1ez","twitter_card":"summary_large_image","twitter_misc":{"Written by":"Genof\u00f3ntes Urb\u00e1ez","Est. reading time":"4 minutos"},"schema":{"@context":"https:\/\/schema.org","@graph":[{"@type":"Article","@id":"http:\/\/minutocerord.com\/?p=8491#article","isPartOf":{"@id":"http:\/\/minutocerord.com\/?p=8491"},"author":{"name":"Genof\u00f3ntes Urb\u00e1ez","@id":"https:\/\/minutocerord.com\/#\/schema\/person\/60b5372d60aaa0a5171fb6488be9aee6"},"headline":"Jerusal\u00e9n: M\u00e1s de 150 heridos en disturbios Explanada Mezquitas","datePublished":"2022-04-15T22:17:24+00:00","dateModified":"2022-04-15T22:17:51+00:00","mainEntityOfPage":{"@id":"http:\/\/minutocerord.com\/?p=8491"},"wordCount":819,"commentCount":0,"publisher":{"@id":"https:\/\/minutocerord.com\/#\/schema\/person\/60b5372d60aaa0a5171fb6488be9aee6"},"image":{"@id":"http:\/\/minutocerord.com\/?p=8491#primaryimage"},"thumbnailUrl":"https:\/\/i0.wp.com\/minutocerord.com\/wp-content\/uploads\/2022\/04\/mas-de-150-heridos-en-disturbios-en-la-explanada-de-las-mezquitas-en-jerusalen.jpeg?fit=680%2C419&ssl=1","articleSection":["Internacionales"],"inLanguage":"es-DO","potentialAction":[{"@type":"CommentAction","name":"Comment","target":["http:\/\/minutocerord.com\/?p=8491#respond"]}]},{"@type":"WebPage","@id":"http:\/\/minutocerord.com\/?p=8491","url":"http:\/\/minutocerord.com\/?p=8491","name":"Jerusal\u00e9n: M\u00e1s de 150 heridos en disturbios Explanada Mezquitas - Minuto Cero RD","isPartOf":{"@id":"https:\/\/minutocerord.com\/#website"},"primaryImageOfPage":{"@id":"http:\/\/minutocerord.com\/?p=8491#primaryimage"},"image":{"@id":"http:\/\/minutocerord.com\/?p=8491#primaryimage"},"thumbnailUrl":"https:\/\/i0.wp.com\/minutocerord.com\/wp-content\/uploads\/2022\/04\/mas-de-150-heridos-en-disturbios-en-la-explanada-de-las-mezquitas-en-jerusalen.jpeg?fit=680%2C419&ssl=1","datePublished":"2022-04-15T22:17:24+00:00","dateModified":"2022-04-15T22:17:51+00:00","breadcrumb":{"@id":"http:\/\/minutocerord.com\/?p=8491#breadcrumb"},"inLanguage":"es-DO","potentialAction":[{"@type":"ReadAction","target":["http:\/\/minutocerord.com\/?p=8491"]}]},{"@type":"ImageObject","inLanguage":"es-DO","@id":"http:\/\/minutocerord.com\/?p=8491#primaryimage","url":"https:\/\/i0.wp.com\/minutocerord.com\/wp-content\/uploads\/2022\/04\/mas-de-150-heridos-en-disturbios-en-la-explanada-de-las-mezquitas-en-jerusalen.jpeg?fit=680%2C419&ssl=1","contentUrl":"https:\/\/i0.wp.com\/minutocerord.com\/wp-content\/uploads\/2022\/04\/mas-de-150-heridos-en-disturbios-en-la-explanada-de-las-mezquitas-en-jerusalen.jpeg?fit=680%2C419&ssl=1","width":680,"height":419},{"@type":"BreadcrumbList","@id":"http:\/\/minutocerord.com\/?p=8491#breadcrumb","itemListElement":[{"@type":"ListItem","position":1,"name":"Home","item":"https:\/\/minutocerord.com\/"},{"@type":"ListItem","position":2,"name":"Jerusal\u00e9n: M\u00e1s de 150 heridos en disturbios Explanada Mezquitas"}]},{"@type":"WebSite","@id":"https:\/\/minutocerord.com\/#website","url":"https:\/\/minutocerord.com\/","name":"Minuto Cero RD","description":"Periodismo serio y veraz","publisher":{"@id":"https:\/\/minutocerord.com\/#\/schema\/person\/60b5372d60aaa0a5171fb6488be9aee6"},"potentialAction":[{"@type":"SearchAction","target":{"@type":"EntryPoint","urlTemplate":"https:\/\/minutocerord.com\/?s={search_term_string}"},"query-input":{"@type":"PropertyValueSpecification","valueRequired":true,"valueName":"search_term_string"}}],"inLanguage":"es-DO"},{"@type":["Person","Organization"],"@id":"https:\/\/minutocerord.com\/#\/schema\/person\/60b5372d60aaa0a5171fb6488be9aee6","name":"Genof\u00f3ntes Urb\u00e1ez","image":{"@type":"ImageObject","inLanguage":"es-DO","@id":"https:\/\/secure.gravatar.com\/avatar\/a49ef3186a692098ac3e8a1612261e3ad70cf9e44553dff2929e67939a0ecb9d?s=96&d=identicon&r=g","url":"https:\/\/secure.gravatar.com\/avatar\/a49ef3186a692098ac3e8a1612261e3ad70cf9e44553dff2929e67939a0ecb9d?s=96&d=identicon&r=g","contentUrl":"https:\/\/secure.gravatar.com\/avatar\/a49ef3186a692098ac3e8a1612261e3ad70cf9e44553dff2929e67939a0ecb9d?s=96&d=identicon&r=g","caption":"Genof\u00f3ntes Urb\u00e1ez"},"logo":{"@id":"https:\/\/secure.gravatar.com\/avatar\/a49ef3186a692098ac3e8a1612261e3ad70cf9e44553dff2929e67939a0ecb9d?s=96&d=identicon&r=g"},"description":"Periodista \/ Locutor","sameAs":["https:\/\/www.facebook.com\/Genofnotes","https:\/\/www.instagram.com\/genofnotes\/"]}]}},"jetpack_publicize_connections":[],"jetpack_featured_media_url":"https:\/\/i0.wp.com\/minutocerord.com\/wp-content\/uploads\/2022\/04\/mas-de-150-heridos-en-disturbios-en-la-explanada-de-las-mezquitas-en-jerusalen.jpeg?fit=680%2C419&ssl=1","jetpack-related-posts":[],"jetpack_sharing_enabled":true,"_links":{"self":[{"href":"https:\/\/minutocerord.com\/index.php?rest_route=\/wp\/v2\/posts\/8491","targetHints":{"allow":["GET"]}}],"collection":[{"href":"https:\/\/minutocerord.com\/index.php?rest_route=\/wp\/v2\/posts"}],"about":[{"href":"https:\/\/minutocerord.com\/index.php?rest_route=\/wp\/v2\/types\/post"}],"author":[{"embeddable":true,"href":"https:\/\/minutocerord.com\/index.php?rest_route=\/wp\/v2\/users\/1"}],"replies":[{"embeddable":true,"href":"https:\/\/minutocerord.com\/index.php?rest_route=%2Fwp%2Fv2%2Fcomments&post=8491"}],"version-history":[{"count":1,"href":"https:\/\/minutocerord.com\/index.php?rest_route=\/wp\/v2\/posts\/8491\/revisions"}],"predecessor-version":[{"id":8493,"href":"https:\/\/minutocerord.com\/index.php?rest_route=\/wp\/v2\/posts\/8491\/revisions\/8493"}],"wp:featuredmedia":[{"embeddable":true,"href":"https:\/\/minutocerord.com\/index.php?rest_route=\/wp\/v2\/media\/8492"}],"wp:attachment":[{"href":"https:\/\/minutocerord.com\/index.php?rest_route=%2Fwp%2Fv2%2Fmedia&parent=8491"}],"wp:term":[{"taxonomy":"category","embeddable":true,"href":"https:\/\/minutocerord.com\/index.php?rest_route=%2Fwp%2Fv2%2Fcategories&post=8491"},{"taxonomy":"post_tag","embeddable":true,"href":"https:\/\/minutocerord.com\/index.php?rest_route=%2Fwp%2Fv2%2Ftags&post=8491"}],"curies":[{"name":"wp","href":"https:\/\/api.w.org\/{rel}","templated":true}]}}