{"id":8494,"date":"2022-04-15T18:19:56","date_gmt":"2022-04-15T22:19:56","guid":{"rendered":"https:\/\/minutocerord.com\/?p=8494"},"modified":"2022-04-15T18:19:58","modified_gmt":"2022-04-15T22:19:58","slug":"la-iglesia-catolica-critica-aborto-pobreza-y-robo-al-erario-publico","status":"publish","type":"post","link":"https:\/\/minutocerord.com\/?p=8494","title":{"rendered":"La Iglesia Cat\u00f3lica critica aborto, pobreza y robo al erario p\u00fablico"},"content":{"rendered":"\n<figure class=\"wp-block-embed is-type-rich is-provider-embed-handler wp-block-embed-embed-handler wp-embed-aspect-16-9 wp-has-aspect-ratio\"><div class=\"wp-block-embed__wrapper\">\n<div class=\"youtube-embed\" data-video_id=\"hPcl-WCBl7w\"><iframe loading=\"lazy\" title=\"EN VIVO Serm\u00f3n de las Siete Palabras\" width=\"640\" height=\"360\" src=\"https:\/\/www.youtube.com\/embed\/hPcl-WCBl7w?feature=oembed&#038;enablejsapi=1\" frameborder=\"0\" allow=\"accelerometer; autoplay; clipboard-write; encrypted-media; gyroscope; picture-in-picture; web-share\" referrerpolicy=\"strict-origin-when-cross-origin\" allowfullscreen><\/iframe><\/div>\n<\/div><\/figure>\n\n\n\n<p>SANTO DOMINGO.- La Iglesia Cat\u00f3lica dominicana critic\u00f3 el aborto, la pobreza y la corrupci\u00f3n p\u00fablica.<\/p>\n\n\n\n<p>Lo hizo en el Serm\u00f3n de las Siete Palabras, que cada Viernes Santo pronuncian distintos sacerdotes en la Catedral Primada de Am\u00e9rica.<\/p>\n\n\n\n<p>El obispo auxiliar de Santo Domingo, Jos\u00e9 Amable Dur\u00e1n Pineo, tuvo a su cargo la primera palabra: \u201cPadre, perd\u00f3nalos porque no saben lo que hace\u201d. Expuso que ni\u00f1os aun por nacer son tratados como \u00absimple objeto de experimento\u201d,&nbsp; sin que puedan dar un grito de dolor que detenga esa acci\u00f3n.<\/p>\n\n\n\n<p>Se\u00f1al\u00f3 que Jesucristo todav\u00eda es traicionado, humillado y crucificado en los millones de ni\u00f1os no nacidos.<\/p>\n\n\n\n<p>\u201cPorque han sido cruel y vilmente asesinados en el vientre de sus propias madres. O tantos tratados como simple objetos de experimento\u201d, agreg\u00f3.<\/p>\n\n\n\n<p>Deplor\u00f3 las violaciones a ni\u00f1os y adolescentes y que las mujeres sean vendidas y asesinadas as\u00ed como los &nbsp;cr\u00edmenes que quedan impunes, &nbsp;y los presos que viven en condiciones inhumanas.<\/p>\n\n\n\n<p>Asimismo, critic\u00f3 a los \u201cdepredadores del erario p\u00fablico\u201d, los que engordan evadiendo impuestos para acumular grandes fortunas.<\/p>\n","protected":false},"excerpt":{"rendered":"<p>SANTO DOMINGO.- La Iglesia Cat\u00f3lica dominicana critic\u00f3 el aborto, la pobreza y la corrupci\u00f3n p\u00fablica. Lo hizo en el Serm\u00f3n de las Siete Palabras, que cada Viernes Santo pronuncian distintos sacerdotes en la Catedral Primada de Am\u00e9rica. El obispo auxiliar de Santo Domingo, Jos\u00e9 Amable Dur\u00e1n Pineo, tuvo a su cargo la primera palabra: \u201cPadre, [&hellip;]<\/p>\n","protected":false},"author":1,"featured_media":8496,"comment_status":"open","ping_status":"open","sticky":false,"template":"","format":"standard","meta":{"nf_dc_page":"","jetpack_post_was_ever_published":false,"_jetpack_newsletter_access":"","_jetpack_dont_email_post_to_subs":false,"_jetpack_newsletter_tier_id":0,"_jetpack_memberships_contains_paywalled_content":false,"_jetpack_memberships_contains_paid_content":false,"footnotes":"","jetpack_publicize_message":"","jetpack_publicize_feature_enabled":true,"jetpack_social_post_already_shared":false,"jetpack_social_options":{"image_generator_settings":{"template":"highway","default_image_id":0,"font":"","enabled":false},"version":2}},"categories":[65],"tags":[],"class_list":["post-8494","post","type-post","status-publish","format-standard","has-post-thumbnail","hentry","category-nacionales"],"yoast_head":"<!-- This site is optimized with the Yoast SEO plugin v27.4 - https:\/\/yoast.com\/product\/yoast-seo-wordpress\/ -->\n<title>La Iglesia Cat\u00f3lica critica aborto, pobreza y robo al erario p\u00fablico - Minuto Cero RD<\/title>\n<meta name=\"robots\" content=\"index, follow, max-snippet:-1, max-image-preview:large, max-video-preview:-1\" \/>\n<link rel=\"canonical\" href=\"https:\/\/minutocerord.com\/?p=8494\" \/>\n<meta property=\"og:locale\" content=\"es_ES\" \/>\n<meta property=\"og:type\" content=\"article\" \/>\n<meta property=\"og:title\" content=\"La Iglesia Cat\u00f3lica critica aborto, pobreza y robo al erario p\u00fablico - Minuto Cero RD\" \/>\n<meta property=\"og:description\" content=\"SANTO DOMINGO.- La Iglesia Cat\u00f3lica dominicana critic\u00f3 el aborto, la pobreza y la corrupci\u00f3n p\u00fablica. Lo hizo en el Serm\u00f3n de las Siete Palabras, que cada Viernes Santo pronuncian distintos sacerdotes en la Catedral Primada de Am\u00e9rica. El obispo auxiliar de Santo Domingo, Jos\u00e9 Amable Dur\u00e1n Pineo, tuvo a su cargo la primera palabra: \u201cPadre, [&hellip;]\" \/>\n<meta property=\"og:url\" content=\"https:\/\/minutocerord.com\/?p=8494\" \/>\n<meta property=\"og:site_name\" content=\"Minuto Cero RD\" \/>\n<meta property=\"article:publisher\" content=\"https:\/\/www.facebook.com\/Genofnotes\" \/>\n<meta property=\"article:author\" content=\"https:\/\/www.facebook.com\/Genofnotes\" \/>\n<meta property=\"article:published_time\" content=\"2022-04-15T22:19:56+00:00\" \/>\n<meta property=\"article:modified_time\" content=\"2022-04-15T22:19:58+00:00\" \/>\n<meta property=\"og:image\" content=\"https:\/\/i0.wp.com\/minutocerord.com\/wp-content\/uploads\/2022\/04\/FQZrEkfWUAsoqXk.png?fit=724%2C373&ssl=1\" \/>\n\t<meta property=\"og:image:width\" content=\"724\" \/>\n\t<meta property=\"og:image:height\" content=\"373\" \/>\n\t<meta property=\"og:image:type\" content=\"image\/png\" \/>\n<meta name=\"author\" content=\"Genof\u00f3ntes Urb\u00e1ez\" \/>\n<meta name=\"twitter:card\" content=\"summary_large_image\" \/>\n<meta name=\"twitter:label1\" content=\"Written by\" \/>\n\t<meta name=\"twitter:data1\" content=\"Genof\u00f3ntes Urb\u00e1ez\" \/>\n\t<meta name=\"twitter:label2\" content=\"Est. reading time\" \/>\n\t<meta name=\"twitter:data2\" content=\"1 minuto\" \/>\n<script type=\"application\/ld+json\" class=\"yoast-schema-graph\">{\"@context\":\"https:\\\/\\\/schema.org\",\"@graph\":[{\"@type\":\"Article\",\"@id\":\"https:\\\/\\\/minutocerord.com\\\/?p=8494#article\",\"isPartOf\":{\"@id\":\"https:\\\/\\\/minutocerord.com\\\/?p=8494\"},\"author\":{\"name\":\"Genof\u00f3ntes Urb\u00e1ez\",\"@id\":\"https:\\\/\\\/minutocerord.com\\\/#\\\/schema\\\/person\\\/60b5372d60aaa0a5171fb6488be9aee6\"},\"headline\":\"La Iglesia Cat\u00f3lica critica aborto, pobreza y robo al erario p\u00fablico\",\"datePublished\":\"2022-04-15T22:19:56+00:00\",\"dateModified\":\"2022-04-15T22:19:58+00:00\",\"mainEntityOfPage\":{\"@id\":\"https:\\\/\\\/minutocerord.com\\\/?p=8494\"},\"wordCount\":212,\"commentCount\":0,\"publisher\":{\"@id\":\"https:\\\/\\\/minutocerord.com\\\/#\\\/schema\\\/person\\\/60b5372d60aaa0a5171fb6488be9aee6\"},\"image\":{\"@id\":\"https:\\\/\\\/minutocerord.com\\\/?p=8494#primaryimage\"},\"thumbnailUrl\":\"https:\\\/\\\/i0.wp.com\\\/minutocerord.com\\\/wp-content\\\/uploads\\\/2022\\\/04\\\/FQZrEkfWUAsoqXk.png?fit=724%2C373&ssl=1\",\"articleSection\":[\"Nacionales\"],\"inLanguage\":\"es-DO\",\"potentialAction\":[{\"@type\":\"CommentAction\",\"name\":\"Comment\",\"target\":[\"https:\\\/\\\/minutocerord.com\\\/?p=8494#respond\"]}]},{\"@type\":\"WebPage\",\"@id\":\"https:\\\/\\\/minutocerord.com\\\/?p=8494\",\"url\":\"https:\\\/\\\/minutocerord.com\\\/?p=8494\",\"name\":\"La Iglesia Cat\u00f3lica critica aborto, pobreza y robo al erario p\u00fablico - Minuto Cero RD\",\"isPartOf\":{\"@id\":\"https:\\\/\\\/minutocerord.com\\\/#website\"},\"primaryImageOfPage\":{\"@id\":\"https:\\\/\\\/minutocerord.com\\\/?p=8494#primaryimage\"},\"image\":{\"@id\":\"https:\\\/\\\/minutocerord.com\\\/?p=8494#primaryimage\"},\"thumbnailUrl\":\"https:\\\/\\\/i0.wp.com\\\/minutocerord.com\\\/wp-content\\\/uploads\\\/2022\\\/04\\\/FQZrEkfWUAsoqXk.png?fit=724%2C373&ssl=1\",\"datePublished\":\"2022-04-15T22:19:56+00:00\",\"dateModified\":\"2022-04-15T22:19:58+00:00\",\"breadcrumb\":{\"@id\":\"https:\\\/\\\/minutocerord.com\\\/?p=8494#breadcrumb\"},\"inLanguage\":\"es-DO\",\"potentialAction\":[{\"@type\":\"ReadAction\",\"target\":[\"https:\\\/\\\/minutocerord.com\\\/?p=8494\"]}]},{\"@type\":\"ImageObject\",\"inLanguage\":\"es-DO\",\"@id\":\"https:\\\/\\\/minutocerord.com\\\/?p=8494#primaryimage\",\"url\":\"https:\\\/\\\/i0.wp.com\\\/minutocerord.com\\\/wp-content\\\/uploads\\\/2022\\\/04\\\/FQZrEkfWUAsoqXk.png?fit=724%2C373&ssl=1\",\"contentUrl\":\"https:\\\/\\\/i0.wp.com\\\/minutocerord.com\\\/wp-content\\\/uploads\\\/2022\\\/04\\\/FQZrEkfWUAsoqXk.png?fit=724%2C373&ssl=1\",\"width\":724,\"height\":373},{\"@type\":\"BreadcrumbList\",\"@id\":\"https:\\\/\\\/minutocerord.com\\\/?p=8494#breadcrumb\",\"itemListElement\":[{\"@type\":\"ListItem\",\"position\":1,\"name\":\"Home\",\"item\":\"https:\\\/\\\/minutocerord.com\\\/\"},{\"@type\":\"ListItem\",\"position\":2,\"name\":\"La Iglesia Cat\u00f3lica critica aborto, pobreza y robo al erario p\u00fablico\"}]},{\"@type\":\"WebSite\",\"@id\":\"https:\\\/\\\/minutocerord.com\\\/#website\",\"url\":\"https:\\\/\\\/minutocerord.com\\\/\",\"name\":\"Minuto Cero RD\",\"description\":\"Periodismo serio y veraz\",\"publisher\":{\"@id\":\"https:\\\/\\\/minutocerord.com\\\/#\\\/schema\\\/person\\\/60b5372d60aaa0a5171fb6488be9aee6\"},\"potentialAction\":[{\"@type\":\"SearchAction\",\"target\":{\"@type\":\"EntryPoint\",\"urlTemplate\":\"https:\\\/\\\/minutocerord.com\\\/?s={search_term_string}\"},\"query-input\":{\"@type\":\"PropertyValueSpecification\",\"valueRequired\":true,\"valueName\":\"search_term_string\"}}],\"inLanguage\":\"es-DO\"},{\"@type\":[\"Person\",\"Organization\"],\"@id\":\"https:\\\/\\\/minutocerord.com\\\/#\\\/schema\\\/person\\\/60b5372d60aaa0a5171fb6488be9aee6\",\"name\":\"Genof\u00f3ntes Urb\u00e1ez\",\"image\":{\"@type\":\"ImageObject\",\"inLanguage\":\"es-DO\",\"@id\":\"https:\\\/\\\/secure.gravatar.com\\\/avatar\\\/a49ef3186a692098ac3e8a1612261e3ad70cf9e44553dff2929e67939a0ecb9d?s=96&d=identicon&r=g\",\"url\":\"https:\\\/\\\/secure.gravatar.com\\\/avatar\\\/a49ef3186a692098ac3e8a1612261e3ad70cf9e44553dff2929e67939a0ecb9d?s=96&d=identicon&r=g\",\"contentUrl\":\"https:\\\/\\\/secure.gravatar.com\\\/avatar\\\/a49ef3186a692098ac3e8a1612261e3ad70cf9e44553dff2929e67939a0ecb9d?s=96&d=identicon&r=g\",\"caption\":\"Genof\u00f3ntes Urb\u00e1ez\"},\"logo\":{\"@id\":\"https:\\\/\\\/secure.gravatar.com\\\/avatar\\\/a49ef3186a692098ac3e8a1612261e3ad70cf9e44553dff2929e67939a0ecb9d?s=96&d=identicon&r=g\"},\"description\":\"Periodista \\\/ Locutor\",\"sameAs\":[\"https:\\\/\\\/www.facebook.com\\\/Genofnotes\",\"https:\\\/\\\/www.instagram.com\\\/genofnotes\\\/\"]}]}<\/script>\n<!-- \/ Yoast SEO plugin. -->","yoast_head_json":{"title":"La Iglesia Cat\u00f3lica critica aborto, pobreza y robo al erario p\u00fablico - Minuto Cero RD","robots":{"index":"index","follow":"follow","max-snippet":"max-snippet:-1","max-image-preview":"max-image-preview:large","max-video-preview":"max-video-preview:-1"},"canonical":"https:\/\/minutocerord.com\/?p=8494","og_locale":"es_ES","og_type":"article","og_title":"La Iglesia Cat\u00f3lica critica aborto, pobreza y robo al erario p\u00fablico - Minuto Cero RD","og_description":"SANTO DOMINGO.- La Iglesia Cat\u00f3lica dominicana critic\u00f3 el aborto, la pobreza y la corrupci\u00f3n p\u00fablica. Lo hizo en el Serm\u00f3n de las Siete Palabras, que cada Viernes Santo pronuncian distintos sacerdotes en la Catedral Primada de Am\u00e9rica. El obispo auxiliar de Santo Domingo, Jos\u00e9 Amable Dur\u00e1n Pineo, tuvo a su cargo la primera palabra: \u201cPadre, [&hellip;]","og_url":"https:\/\/minutocerord.com\/?p=8494","og_site_name":"Minuto Cero RD","article_publisher":"https:\/\/www.facebook.com\/Genofnotes","article_author":"https:\/\/www.facebook.com\/Genofnotes","article_published_time":"2022-04-15T22:19:56+00:00","article_modified_time":"2022-04-15T22:19:58+00:00","og_image":[{"width":724,"height":373,"url":"https:\/\/i0.wp.com\/minutocerord.com\/wp-content\/uploads\/2022\/04\/FQZrEkfWUAsoqXk.png?fit=724%2C373&ssl=1","type":"image\/png"}],"author":"Genof\u00f3ntes Urb\u00e1ez","twitter_card":"summary_large_image","twitter_misc":{"Written by":"Genof\u00f3ntes Urb\u00e1ez","Est. reading time":"1 minuto"},"schema":{"@context":"https:\/\/schema.org","@graph":[{"@type":"Article","@id":"https:\/\/minutocerord.com\/?p=8494#article","isPartOf":{"@id":"https:\/\/minutocerord.com\/?p=8494"},"author":{"name":"Genof\u00f3ntes Urb\u00e1ez","@id":"https:\/\/minutocerord.com\/#\/schema\/person\/60b5372d60aaa0a5171fb6488be9aee6"},"headline":"La Iglesia Cat\u00f3lica critica aborto, pobreza y robo al erario p\u00fablico","datePublished":"2022-04-15T22:19:56+00:00","dateModified":"2022-04-15T22:19:58+00:00","mainEntityOfPage":{"@id":"https:\/\/minutocerord.com\/?p=8494"},"wordCount":212,"commentCount":0,"publisher":{"@id":"https:\/\/minutocerord.com\/#\/schema\/person\/60b5372d60aaa0a5171fb6488be9aee6"},"image":{"@id":"https:\/\/minutocerord.com\/?p=8494#primaryimage"},"thumbnailUrl":"https:\/\/i0.wp.com\/minutocerord.com\/wp-content\/uploads\/2022\/04\/FQZrEkfWUAsoqXk.png?fit=724%2C373&ssl=1","articleSection":["Nacionales"],"inLanguage":"es-DO","potentialAction":[{"@type":"CommentAction","name":"Comment","target":["https:\/\/minutocerord.com\/?p=8494#respond"]}]},{"@type":"WebPage","@id":"https:\/\/minutocerord.com\/?p=8494","url":"https:\/\/minutocerord.com\/?p=8494","name":"La Iglesia Cat\u00f3lica critica aborto, pobreza y robo al erario p\u00fablico - Minuto Cero RD","isPartOf":{"@id":"https:\/\/minutocerord.com\/#website"},"primaryImageOfPage":{"@id":"https:\/\/minutocerord.com\/?p=8494#primaryimage"},"image":{"@id":"https:\/\/minutocerord.com\/?p=8494#primaryimage"},"thumbnailUrl":"https:\/\/i0.wp.com\/minutocerord.com\/wp-content\/uploads\/2022\/04\/FQZrEkfWUAsoqXk.png?fit=724%2C373&ssl=1","datePublished":"2022-04-15T22:19:56+00:00","dateModified":"2022-04-15T22:19:58+00:00","breadcrumb":{"@id":"https:\/\/minutocerord.com\/?p=8494#breadcrumb"},"inLanguage":"es-DO","potentialAction":[{"@type":"ReadAction","target":["https:\/\/minutocerord.com\/?p=8494"]}]},{"@type":"ImageObject","inLanguage":"es-DO","@id":"https:\/\/minutocerord.com\/?p=8494#primaryimage","url":"https:\/\/i0.wp.com\/minutocerord.com\/wp-content\/uploads\/2022\/04\/FQZrEkfWUAsoqXk.png?fit=724%2C373&ssl=1","contentUrl":"https:\/\/i0.wp.com\/minutocerord.com\/wp-content\/uploads\/2022\/04\/FQZrEkfWUAsoqXk.png?fit=724%2C373&ssl=1","width":724,"height":373},{"@type":"BreadcrumbList","@id":"https:\/\/minutocerord.com\/?p=8494#breadcrumb","itemListElement":[{"@type":"ListItem","position":1,"name":"Home","item":"https:\/\/minutocerord.com\/"},{"@type":"ListItem","position":2,"name":"La Iglesia Cat\u00f3lica critica aborto, pobreza y robo al erario p\u00fablico"}]},{"@type":"WebSite","@id":"https:\/\/minutocerord.com\/#website","url":"https:\/\/minutocerord.com\/","name":"Minuto Cero RD","description":"Periodismo serio y veraz","publisher":{"@id":"https:\/\/minutocerord.com\/#\/schema\/person\/60b5372d60aaa0a5171fb6488be9aee6"},"potentialAction":[{"@type":"SearchAction","target":{"@type":"EntryPoint","urlTemplate":"https:\/\/minutocerord.com\/?s={search_term_string}"},"query-input":{"@type":"PropertyValueSpecification","valueRequired":true,"valueName":"search_term_string"}}],"inLanguage":"es-DO"},{"@type":["Person","Organization"],"@id":"https:\/\/minutocerord.com\/#\/schema\/person\/60b5372d60aaa0a5171fb6488be9aee6","name":"Genof\u00f3ntes Urb\u00e1ez","image":{"@type":"ImageObject","inLanguage":"es-DO","@id":"https:\/\/secure.gravatar.com\/avatar\/a49ef3186a692098ac3e8a1612261e3ad70cf9e44553dff2929e67939a0ecb9d?s=96&d=identicon&r=g","url":"https:\/\/secure.gravatar.com\/avatar\/a49ef3186a692098ac3e8a1612261e3ad70cf9e44553dff2929e67939a0ecb9d?s=96&d=identicon&r=g","contentUrl":"https:\/\/secure.gravatar.com\/avatar\/a49ef3186a692098ac3e8a1612261e3ad70cf9e44553dff2929e67939a0ecb9d?s=96&d=identicon&r=g","caption":"Genof\u00f3ntes Urb\u00e1ez"},"logo":{"@id":"https:\/\/secure.gravatar.com\/avatar\/a49ef3186a692098ac3e8a1612261e3ad70cf9e44553dff2929e67939a0ecb9d?s=96&d=identicon&r=g"},"description":"Periodista \/ Locutor","sameAs":["https:\/\/www.facebook.com\/Genofnotes","https:\/\/www.instagram.com\/genofnotes\/"]}]}},"jetpack_publicize_connections":[],"jetpack_featured_media_url":"https:\/\/i0.wp.com\/minutocerord.com\/wp-content\/uploads\/2022\/04\/FQZrEkfWUAsoqXk.png?fit=724%2C373&ssl=1","jetpack-related-posts":[],"jetpack_sharing_enabled":true,"_links":{"self":[{"href":"https:\/\/minutocerord.com\/index.php?rest_route=\/wp\/v2\/posts\/8494","targetHints":{"allow":["GET"]}}],"collection":[{"href":"https:\/\/minutocerord.com\/index.php?rest_route=\/wp\/v2\/posts"}],"about":[{"href":"https:\/\/minutocerord.com\/index.php?rest_route=\/wp\/v2\/types\/post"}],"author":[{"embeddable":true,"href":"https:\/\/minutocerord.com\/index.php?rest_route=\/wp\/v2\/users\/1"}],"replies":[{"embeddable":true,"href":"https:\/\/minutocerord.com\/index.php?rest_route=%2Fwp%2Fv2%2Fcomments&post=8494"}],"version-history":[{"count":1,"href":"https:\/\/minutocerord.com\/index.php?rest_route=\/wp\/v2\/posts\/8494\/revisions"}],"predecessor-version":[{"id":8497,"href":"https:\/\/minutocerord.com\/index.php?rest_route=\/wp\/v2\/posts\/8494\/revisions\/8497"}],"wp:featuredmedia":[{"embeddable":true,"href":"https:\/\/minutocerord.com\/index.php?rest_route=\/wp\/v2\/media\/8496"}],"wp:attachment":[{"href":"https:\/\/minutocerord.com\/index.php?rest_route=%2Fwp%2Fv2%2Fmedia&parent=8494"}],"wp:term":[{"taxonomy":"category","embeddable":true,"href":"https:\/\/minutocerord.com\/index.php?rest_route=%2Fwp%2Fv2%2Fcategories&post=8494"},{"taxonomy":"post_tag","embeddable":true,"href":"https:\/\/minutocerord.com\/index.php?rest_route=%2Fwp%2Fv2%2Ftags&post=8494"}],"curies":[{"name":"wp","href":"https:\/\/api.w.org\/{rel}","templated":true}]}}