{"id":850,"date":"2020-11-22T10:58:55","date_gmt":"2020-11-22T14:58:55","guid":{"rendered":"https:\/\/minutocerord.com\/?p=850"},"modified":"2020-11-22T10:58:57","modified_gmt":"2020-11-22T14:58:57","slug":"universidades-reinician-las-clases-presenciales","status":"publish","type":"post","link":"https:\/\/minutocerord.com\/?p=850","title":{"rendered":"Universidades reinician las clases presenciales"},"content":{"rendered":"\n<p>Santo Domingo, RD.- Luego de seis meses que para algunos resultaron eternos, por la pandemia del Covid-19, los estudiantes de universidades han regresado paulatinamente a sus aulas colmados de entusiasmo.<\/p>\n\n\n\n<p>Dispensadores de alcohol en gel, medidas de distanciamiento, toma de la temperatura, reducci\u00f3n de la capacidad de los salones de clases y la firma de consentimientos son algunas de las disposiciones que comparten en com\u00fan cuatro universidades del pa\u00eds que han abierto sus puertas para las pr\u00e1cticas de su alumnado; sin embargo, cada una aplica reglas m\u00e1s rigurosas dependiendo de la carrera.<\/p>\n\n\n\n<p>El Instituto Tecnol\u00f3gico de Santo Domingo (Intec), la Universidad Iberoamericana (Unibe), la Universidad Nacional Pedro Henr\u00edquez Ure\u00f1a (Unphu) y la Pontificia Universidad Cat\u00f3lica Madre y Maestra (Pucmm) han coincidido en iniciar un modelo h\u00edbrido de clases que combinan las pr\u00e1cticas presenciales en sus aulas con docencia te\u00f3rica en plataformas virtuales desde casa.<\/p>\n\n\n\n<p>Laboratorios de odontolog\u00eda, ingenier\u00eda, cine, medicina, entre otros, son algunos de los espacios que los institutos han reabierto para aquellas carreras que son de campo o se basan en la praxis. Un equipo de periodistas de List\u00edn Diario recorri\u00f3 algunos de ellos para conocer el inicio de una nueva normalidad para los centros de educaci\u00f3n superior.<\/p>\n\n\n\n<p>El grado en Odontolog\u00eda, conocido tambi\u00e9n como estomatolog\u00eda, es una de las principales ofertas acad\u00e9micas que retorna a la presencialidad y, a pesar de que ya contaba con estrictos est\u00e1ndares de bioseguridad, se ha convertido en un reto para profesores y estudiantes mantener los protocolos reforzados por la pandemia.<\/p>\n\n\n\n<p>Alejandra M\u00e9ndez, docente de periodoncia en la Unphu, manifest\u00f3 que \u201ctratar de mantener las distancias, de cumplir todos los protocolos\u201d es el principal reto, puesto que extra\u00f1aban el contacto f\u00edsico luego de tanto tiempo sin coincidir en las aulas.<\/p>\n\n\n\n<p>Asimismo, el estudiante Jes\u00fas Arbaje, expres\u00f3 que \u201calgunos de nosotros hemos tenido que adaptar h\u00e1bitos viejos para conseguir una mejor protecci\u00f3n para todos los peligros potenciales que presenta esta nueva pandemia\u201d.<\/p>\n\n\n\n<p>Sin embargo, este reto no disminuye la emoci\u00f3n de los estudiantes por volver a los sillones. \u201cMe siento muy feliz porque quer\u00eda regresar, quer\u00eda venir, continuar y ejercer para poder formarnos\u201d, dijo Andrea Y\u00e1nez, otra estudiante de la Unphu. \u201cLa pr\u00e1ctica es fundamental porque vivimos de esto\u201d, agreg\u00f3.<\/p>\n\n\n\n<p>Con un sill\u00f3n de por medio y sus utensilios esterilizados sobre la mesa, cada estudiante realiza una profilaxis o limpieza a un maniqu\u00ed, a la vez que ven en una pantalla c\u00f3mo la maestra realiza el procedimiento, acci\u00f3n que evita aglomeraci\u00f3n alrededor del docente.<\/p>\n\n\n\n<p>En el mes de septiembre la Unphu inici\u00f3 de forma semipresencial para aquellos estudiantes que cursan los precl\u00ednicos, per\u00edodo en que practican con simuladores antes de realizar procedimientos dentales a pacientes de carne y hueso.<\/p>\n\n\n\n<p>De acuerdo al director de la escuela de Odontolog\u00eda de la Unphu, Rogelio Cordero, ser\u00e1 a partir de enero que los estudiantes empezar\u00e1n sus pr\u00e1cticas con pacientes \u201cpara dar un poquito m\u00e1s de tiempo a la situaci\u00f3n que existe a que vaya mejorando\u201d.<\/p>\n\n\n\n<p>Unibe<\/p>\n\n\n\n<p>Por otro lado, adem\u00e1s de los precl\u00ednicos, en Unibe ya est\u00e1n recibiendo pacientes, lo que provoca que el protocolo sea a\u00fan m\u00e1s estricto. Nadie llega sin ser previamente citado y cumplir con los requisitos de bioseguridad que exige la instituci\u00f3n.<\/p>\n\n\n\n<p>Antes de ingresar al centro, es indispensable portar una mascarilla KN95, un protector pl\u00e1stico para el rostro y un gorro quir\u00fargico proporcionado por el personal colaborador del lugar. No sin antes haber completado un cuestionario que les ayuda a prevenir la entrada de personas que puedan estar contagiadas por Covid-19, entre otras medidas como la entrada al lugar sin accesorios.<\/p>\n\n\n\n<p>Para pasar al \u00e1rea de Cl\u00ednica, donde se trabajan a los pacientes, los cuidados son mucho m\u00e1s exigentes. Tanto estudiantes como profesores se colocan sus batas, cubre zapatos y dejan fuera aquellos elementos que no son necesarios dentro del espacio de pr\u00e1cticas.<\/p>\n\n\n\n<p>Los encargados de velar por que todos cumplan con ello son el director de la Escuela de Odontolog\u00eda, Carlos Valera; Ana Mar\u00eda Carpio, directora administrativa de la cl\u00ednica odontol\u00f3gica; Jos\u00e9 Vielma Guti\u00e9rrez, consultor de reingenier\u00eda y optimizaci\u00f3n de procesos de Unibe.<\/p>\n\n\n\n<p>\u201cMira, est\u00e1n content\u00edsimos porque imag\u00ednate que la odontolog\u00eda virtual, a pesar de que s\u00ed la llevamos a cabo, es un poquito cuesta arriba porque nosotros tenemos una carrera muy pr\u00e1ctica\u201d, dijo la profesora Yiselis Portes.<\/p>\n\n\n\n<p>Sin importar qu\u00e9 tanta seguridad haya en la universidad, el estudiante Pablo Rodr\u00edguez tiene un \u00e1rea especial en su casa para no entrar a su casa con la pijama utilizada en el campus universitario.<\/p>\n\n\n\n<p>Intec y Pucmm<\/p>\n\n\n\n<p>Los profesores y estudiantes de Ingenier\u00eda de Intec y Pucmm tambi\u00e9n han regresado a sus laboratorios.<\/p>\n\n\n\n<p>\u201cNinguna simulaci\u00f3n sustituye las pr\u00e1cticas en laboratorio\u201d, afirm\u00f3 el profesor Armando Taveras de Ingenier\u00eda Mecatr\u00f3nica en Intec.<\/p>\n\n\n\n<p>Por su parte, los j\u00f3venes Mael Dorner, Aeolus Mena y H\u00e9ctor Senior se encuentran muy emocionados por poder palpar aquellas cosas sobre las que solamente escuchaban en clase. \u201cIncluso hay cosas que te la mencionan en la teor\u00eda y no es hasta que legas al laboratorio que dices: \u2018Ah, es esto\u201d, agreg\u00f3 Mena.<\/p>\n","protected":false},"excerpt":{"rendered":"<p>Santo Domingo, RD.- Luego de seis meses que para algunos resultaron eternos, por la pandemia del Covid-19, los estudiantes de universidades han regresado paulatinamente a sus aulas colmados de entusiasmo. Dispensadores de alcohol en gel, medidas de distanciamiento, toma de la temperatura, reducci\u00f3n de la capacidad de los salones de clases y la firma de [&hellip;]<\/p>\n","protected":false},"author":1,"featured_media":851,"comment_status":"open","ping_status":"open","sticky":false,"template":"","format":"standard","meta":{"nf_dc_page":"","jetpack_post_was_ever_published":false,"_jetpack_newsletter_access":"","_jetpack_dont_email_post_to_subs":false,"_jetpack_newsletter_tier_id":0,"_jetpack_memberships_contains_paywalled_content":false,"_jetpack_memberships_contains_paid_content":false,"footnotes":"","jetpack_publicize_message":"","jetpack_publicize_feature_enabled":true,"jetpack_social_post_already_shared":false,"jetpack_social_options":{"image_generator_settings":{"template":"highway","default_image_id":0,"font":"","enabled":false},"version":2}},"categories":[65],"tags":[],"class_list":["post-850","post","type-post","status-publish","format-standard","has-post-thumbnail","hentry","category-nacionales"],"yoast_head":"<!-- This site is optimized with the Yoast SEO plugin v27.5 - https:\/\/yoast.com\/product\/yoast-seo-wordpress\/ -->\n<title>Universidades reinician las clases presenciales - Minuto Cero RD<\/title>\n<meta name=\"robots\" content=\"index, follow, max-snippet:-1, max-image-preview:large, max-video-preview:-1\" \/>\n<link rel=\"canonical\" href=\"http:\/\/minutocerord.com\/?p=850\" \/>\n<meta property=\"og:locale\" content=\"es_ES\" \/>\n<meta property=\"og:type\" content=\"article\" \/>\n<meta property=\"og:title\" content=\"Universidades reinician las clases presenciales - Minuto Cero RD\" \/>\n<meta property=\"og:description\" content=\"Santo Domingo, RD.- Luego de seis meses que para algunos resultaron eternos, por la pandemia del Covid-19, los estudiantes de universidades han regresado paulatinamente a sus aulas colmados de entusiasmo. Dispensadores de alcohol en gel, medidas de distanciamiento, toma de la temperatura, reducci\u00f3n de la capacidad de los salones de clases y la firma de [&hellip;]\" \/>\n<meta property=\"og:url\" content=\"http:\/\/minutocerord.com\/?p=850\" \/>\n<meta property=\"og:site_name\" content=\"Minuto Cero RD\" \/>\n<meta property=\"article:publisher\" content=\"https:\/\/www.facebook.com\/Genofnotes\" \/>\n<meta property=\"article:author\" content=\"https:\/\/www.facebook.com\/Genofnotes\" \/>\n<meta property=\"article:published_time\" content=\"2020-11-22T14:58:55+00:00\" \/>\n<meta property=\"article:modified_time\" content=\"2020-11-22T14:58:57+00:00\" \/>\n<meta property=\"og:image\" content=\"https:\/\/i0.wp.com\/minutocerord.com\/wp-content\/uploads\/2020\/11\/universidades-reinician-las-clases-presenciales.jpeg?fit=680%2C453\" \/>\n\t<meta property=\"og:image:width\" content=\"680\" \/>\n\t<meta property=\"og:image:height\" content=\"453\" \/>\n\t<meta property=\"og:image:type\" content=\"image\/jpeg\" \/>\n<meta name=\"author\" content=\"Genof\u00f3ntes Urb\u00e1ez\" \/>\n<meta name=\"twitter:card\" content=\"summary_large_image\" \/>\n<meta name=\"twitter:label1\" content=\"Written by\" \/>\n\t<meta name=\"twitter:data1\" content=\"Genof\u00f3ntes Urb\u00e1ez\" \/>\n\t<meta name=\"twitter:label2\" content=\"Est. reading time\" \/>\n\t<meta name=\"twitter:data2\" content=\"5 minutos\" \/>\n<script type=\"application\/ld+json\" class=\"yoast-schema-graph\">{\"@context\":\"https:\\\/\\\/schema.org\",\"@graph\":[{\"@type\":\"Article\",\"@id\":\"http:\\\/\\\/minutocerord.com\\\/?p=850#article\",\"isPartOf\":{\"@id\":\"http:\\\/\\\/minutocerord.com\\\/?p=850\"},\"author\":{\"name\":\"Genof\u00f3ntes Urb\u00e1ez\",\"@id\":\"https:\\\/\\\/minutocerord.com\\\/#\\\/schema\\\/person\\\/60b5372d60aaa0a5171fb6488be9aee6\"},\"headline\":\"Universidades reinician las clases presenciales\",\"datePublished\":\"2020-11-22T14:58:55+00:00\",\"dateModified\":\"2020-11-22T14:58:57+00:00\",\"mainEntityOfPage\":{\"@id\":\"http:\\\/\\\/minutocerord.com\\\/?p=850\"},\"wordCount\":913,\"commentCount\":0,\"publisher\":{\"@id\":\"https:\\\/\\\/minutocerord.com\\\/#\\\/schema\\\/person\\\/60b5372d60aaa0a5171fb6488be9aee6\"},\"image\":{\"@id\":\"http:\\\/\\\/minutocerord.com\\\/?p=850#primaryimage\"},\"thumbnailUrl\":\"https:\\\/\\\/i0.wp.com\\\/minutocerord.com\\\/wp-content\\\/uploads\\\/2020\\\/11\\\/universidades-reinician-las-clases-presenciales.jpeg?fit=680%2C453&ssl=1\",\"articleSection\":[\"Nacionales\"],\"inLanguage\":\"es-DO\",\"potentialAction\":[{\"@type\":\"CommentAction\",\"name\":\"Comment\",\"target\":[\"http:\\\/\\\/minutocerord.com\\\/?p=850#respond\"]}]},{\"@type\":\"WebPage\",\"@id\":\"http:\\\/\\\/minutocerord.com\\\/?p=850\",\"url\":\"http:\\\/\\\/minutocerord.com\\\/?p=850\",\"name\":\"Universidades reinician las clases presenciales - Minuto Cero RD\",\"isPartOf\":{\"@id\":\"https:\\\/\\\/minutocerord.com\\\/#website\"},\"primaryImageOfPage\":{\"@id\":\"http:\\\/\\\/minutocerord.com\\\/?p=850#primaryimage\"},\"image\":{\"@id\":\"http:\\\/\\\/minutocerord.com\\\/?p=850#primaryimage\"},\"thumbnailUrl\":\"https:\\\/\\\/i0.wp.com\\\/minutocerord.com\\\/wp-content\\\/uploads\\\/2020\\\/11\\\/universidades-reinician-las-clases-presenciales.jpeg?fit=680%2C453&ssl=1\",\"datePublished\":\"2020-11-22T14:58:55+00:00\",\"dateModified\":\"2020-11-22T14:58:57+00:00\",\"breadcrumb\":{\"@id\":\"http:\\\/\\\/minutocerord.com\\\/?p=850#breadcrumb\"},\"inLanguage\":\"es-DO\",\"potentialAction\":[{\"@type\":\"ReadAction\",\"target\":[\"http:\\\/\\\/minutocerord.com\\\/?p=850\"]}]},{\"@type\":\"ImageObject\",\"inLanguage\":\"es-DO\",\"@id\":\"http:\\\/\\\/minutocerord.com\\\/?p=850#primaryimage\",\"url\":\"https:\\\/\\\/i0.wp.com\\\/minutocerord.com\\\/wp-content\\\/uploads\\\/2020\\\/11\\\/universidades-reinician-las-clases-presenciales.jpeg?fit=680%2C453&ssl=1\",\"contentUrl\":\"https:\\\/\\\/i0.wp.com\\\/minutocerord.com\\\/wp-content\\\/uploads\\\/2020\\\/11\\\/universidades-reinician-las-clases-presenciales.jpeg?fit=680%2C453&ssl=1\",\"width\":680,\"height\":453},{\"@type\":\"BreadcrumbList\",\"@id\":\"http:\\\/\\\/minutocerord.com\\\/?p=850#breadcrumb\",\"itemListElement\":[{\"@type\":\"ListItem\",\"position\":1,\"name\":\"Home\",\"item\":\"https:\\\/\\\/minutocerord.com\\\/\"},{\"@type\":\"ListItem\",\"position\":2,\"name\":\"Universidades reinician las clases presenciales\"}]},{\"@type\":\"WebSite\",\"@id\":\"https:\\\/\\\/minutocerord.com\\\/#website\",\"url\":\"https:\\\/\\\/minutocerord.com\\\/\",\"name\":\"Minuto Cero RD\",\"description\":\"Periodismo serio y veraz\",\"publisher\":{\"@id\":\"https:\\\/\\\/minutocerord.com\\\/#\\\/schema\\\/person\\\/60b5372d60aaa0a5171fb6488be9aee6\"},\"potentialAction\":[{\"@type\":\"SearchAction\",\"target\":{\"@type\":\"EntryPoint\",\"urlTemplate\":\"https:\\\/\\\/minutocerord.com\\\/?s={search_term_string}\"},\"query-input\":{\"@type\":\"PropertyValueSpecification\",\"valueRequired\":true,\"valueName\":\"search_term_string\"}}],\"inLanguage\":\"es-DO\"},{\"@type\":[\"Person\",\"Organization\"],\"@id\":\"https:\\\/\\\/minutocerord.com\\\/#\\\/schema\\\/person\\\/60b5372d60aaa0a5171fb6488be9aee6\",\"name\":\"Genof\u00f3ntes Urb\u00e1ez\",\"image\":{\"@type\":\"ImageObject\",\"inLanguage\":\"es-DO\",\"@id\":\"https:\\\/\\\/secure.gravatar.com\\\/avatar\\\/a49ef3186a692098ac3e8a1612261e3ad70cf9e44553dff2929e67939a0ecb9d?s=96&d=identicon&r=g\",\"url\":\"https:\\\/\\\/secure.gravatar.com\\\/avatar\\\/a49ef3186a692098ac3e8a1612261e3ad70cf9e44553dff2929e67939a0ecb9d?s=96&d=identicon&r=g\",\"contentUrl\":\"https:\\\/\\\/secure.gravatar.com\\\/avatar\\\/a49ef3186a692098ac3e8a1612261e3ad70cf9e44553dff2929e67939a0ecb9d?s=96&d=identicon&r=g\",\"caption\":\"Genof\u00f3ntes Urb\u00e1ez\"},\"logo\":{\"@id\":\"https:\\\/\\\/secure.gravatar.com\\\/avatar\\\/a49ef3186a692098ac3e8a1612261e3ad70cf9e44553dff2929e67939a0ecb9d?s=96&d=identicon&r=g\"},\"description\":\"Periodista \\\/ Locutor\",\"sameAs\":[\"https:\\\/\\\/www.facebook.com\\\/Genofnotes\",\"https:\\\/\\\/www.instagram.com\\\/genofnotes\\\/\"]}]}<\/script>\n<!-- \/ Yoast SEO plugin. -->","yoast_head_json":{"title":"Universidades reinician las clases presenciales - Minuto Cero RD","robots":{"index":"index","follow":"follow","max-snippet":"max-snippet:-1","max-image-preview":"max-image-preview:large","max-video-preview":"max-video-preview:-1"},"canonical":"http:\/\/minutocerord.com\/?p=850","og_locale":"es_ES","og_type":"article","og_title":"Universidades reinician las clases presenciales - Minuto Cero RD","og_description":"Santo Domingo, RD.- Luego de seis meses que para algunos resultaron eternos, por la pandemia del Covid-19, los estudiantes de universidades han regresado paulatinamente a sus aulas colmados de entusiasmo. Dispensadores de alcohol en gel, medidas de distanciamiento, toma de la temperatura, reducci\u00f3n de la capacidad de los salones de clases y la firma de [&hellip;]","og_url":"http:\/\/minutocerord.com\/?p=850","og_site_name":"Minuto Cero RD","article_publisher":"https:\/\/www.facebook.com\/Genofnotes","article_author":"https:\/\/www.facebook.com\/Genofnotes","article_published_time":"2020-11-22T14:58:55+00:00","article_modified_time":"2020-11-22T14:58:57+00:00","og_image":[{"width":680,"height":453,"url":"https:\/\/i0.wp.com\/minutocerord.com\/wp-content\/uploads\/2020\/11\/universidades-reinician-las-clases-presenciales.jpeg?fit=680%2C453","type":"image\/jpeg"}],"author":"Genof\u00f3ntes Urb\u00e1ez","twitter_card":"summary_large_image","twitter_misc":{"Written by":"Genof\u00f3ntes Urb\u00e1ez","Est. reading time":"5 minutos"},"schema":{"@context":"https:\/\/schema.org","@graph":[{"@type":"Article","@id":"http:\/\/minutocerord.com\/?p=850#article","isPartOf":{"@id":"http:\/\/minutocerord.com\/?p=850"},"author":{"name":"Genof\u00f3ntes Urb\u00e1ez","@id":"https:\/\/minutocerord.com\/#\/schema\/person\/60b5372d60aaa0a5171fb6488be9aee6"},"headline":"Universidades reinician las clases presenciales","datePublished":"2020-11-22T14:58:55+00:00","dateModified":"2020-11-22T14:58:57+00:00","mainEntityOfPage":{"@id":"http:\/\/minutocerord.com\/?p=850"},"wordCount":913,"commentCount":0,"publisher":{"@id":"https:\/\/minutocerord.com\/#\/schema\/person\/60b5372d60aaa0a5171fb6488be9aee6"},"image":{"@id":"http:\/\/minutocerord.com\/?p=850#primaryimage"},"thumbnailUrl":"https:\/\/i0.wp.com\/minutocerord.com\/wp-content\/uploads\/2020\/11\/universidades-reinician-las-clases-presenciales.jpeg?fit=680%2C453&ssl=1","articleSection":["Nacionales"],"inLanguage":"es-DO","potentialAction":[{"@type":"CommentAction","name":"Comment","target":["http:\/\/minutocerord.com\/?p=850#respond"]}]},{"@type":"WebPage","@id":"http:\/\/minutocerord.com\/?p=850","url":"http:\/\/minutocerord.com\/?p=850","name":"Universidades reinician las clases presenciales - Minuto Cero RD","isPartOf":{"@id":"https:\/\/minutocerord.com\/#website"},"primaryImageOfPage":{"@id":"http:\/\/minutocerord.com\/?p=850#primaryimage"},"image":{"@id":"http:\/\/minutocerord.com\/?p=850#primaryimage"},"thumbnailUrl":"https:\/\/i0.wp.com\/minutocerord.com\/wp-content\/uploads\/2020\/11\/universidades-reinician-las-clases-presenciales.jpeg?fit=680%2C453&ssl=1","datePublished":"2020-11-22T14:58:55+00:00","dateModified":"2020-11-22T14:58:57+00:00","breadcrumb":{"@id":"http:\/\/minutocerord.com\/?p=850#breadcrumb"},"inLanguage":"es-DO","potentialAction":[{"@type":"ReadAction","target":["http:\/\/minutocerord.com\/?p=850"]}]},{"@type":"ImageObject","inLanguage":"es-DO","@id":"http:\/\/minutocerord.com\/?p=850#primaryimage","url":"https:\/\/i0.wp.com\/minutocerord.com\/wp-content\/uploads\/2020\/11\/universidades-reinician-las-clases-presenciales.jpeg?fit=680%2C453&ssl=1","contentUrl":"https:\/\/i0.wp.com\/minutocerord.com\/wp-content\/uploads\/2020\/11\/universidades-reinician-las-clases-presenciales.jpeg?fit=680%2C453&ssl=1","width":680,"height":453},{"@type":"BreadcrumbList","@id":"http:\/\/minutocerord.com\/?p=850#breadcrumb","itemListElement":[{"@type":"ListItem","position":1,"name":"Home","item":"https:\/\/minutocerord.com\/"},{"@type":"ListItem","position":2,"name":"Universidades reinician las clases presenciales"}]},{"@type":"WebSite","@id":"https:\/\/minutocerord.com\/#website","url":"https:\/\/minutocerord.com\/","name":"Minuto Cero RD","description":"Periodismo serio y veraz","publisher":{"@id":"https:\/\/minutocerord.com\/#\/schema\/person\/60b5372d60aaa0a5171fb6488be9aee6"},"potentialAction":[{"@type":"SearchAction","target":{"@type":"EntryPoint","urlTemplate":"https:\/\/minutocerord.com\/?s={search_term_string}"},"query-input":{"@type":"PropertyValueSpecification","valueRequired":true,"valueName":"search_term_string"}}],"inLanguage":"es-DO"},{"@type":["Person","Organization"],"@id":"https:\/\/minutocerord.com\/#\/schema\/person\/60b5372d60aaa0a5171fb6488be9aee6","name":"Genof\u00f3ntes Urb\u00e1ez","image":{"@type":"ImageObject","inLanguage":"es-DO","@id":"https:\/\/secure.gravatar.com\/avatar\/a49ef3186a692098ac3e8a1612261e3ad70cf9e44553dff2929e67939a0ecb9d?s=96&d=identicon&r=g","url":"https:\/\/secure.gravatar.com\/avatar\/a49ef3186a692098ac3e8a1612261e3ad70cf9e44553dff2929e67939a0ecb9d?s=96&d=identicon&r=g","contentUrl":"https:\/\/secure.gravatar.com\/avatar\/a49ef3186a692098ac3e8a1612261e3ad70cf9e44553dff2929e67939a0ecb9d?s=96&d=identicon&r=g","caption":"Genof\u00f3ntes Urb\u00e1ez"},"logo":{"@id":"https:\/\/secure.gravatar.com\/avatar\/a49ef3186a692098ac3e8a1612261e3ad70cf9e44553dff2929e67939a0ecb9d?s=96&d=identicon&r=g"},"description":"Periodista \/ Locutor","sameAs":["https:\/\/www.facebook.com\/Genofnotes","https:\/\/www.instagram.com\/genofnotes\/"]}]}},"jetpack_publicize_connections":[],"jetpack_featured_media_url":"https:\/\/i0.wp.com\/minutocerord.com\/wp-content\/uploads\/2020\/11\/universidades-reinician-las-clases-presenciales.jpeg?fit=680%2C453&ssl=1","jetpack-related-posts":[],"jetpack_sharing_enabled":true,"_links":{"self":[{"href":"https:\/\/minutocerord.com\/index.php?rest_route=\/wp\/v2\/posts\/850","targetHints":{"allow":["GET"]}}],"collection":[{"href":"https:\/\/minutocerord.com\/index.php?rest_route=\/wp\/v2\/posts"}],"about":[{"href":"https:\/\/minutocerord.com\/index.php?rest_route=\/wp\/v2\/types\/post"}],"author":[{"embeddable":true,"href":"https:\/\/minutocerord.com\/index.php?rest_route=\/wp\/v2\/users\/1"}],"replies":[{"embeddable":true,"href":"https:\/\/minutocerord.com\/index.php?rest_route=%2Fwp%2Fv2%2Fcomments&post=850"}],"version-history":[{"count":1,"href":"https:\/\/minutocerord.com\/index.php?rest_route=\/wp\/v2\/posts\/850\/revisions"}],"predecessor-version":[{"id":852,"href":"https:\/\/minutocerord.com\/index.php?rest_route=\/wp\/v2\/posts\/850\/revisions\/852"}],"wp:featuredmedia":[{"embeddable":true,"href":"https:\/\/minutocerord.com\/index.php?rest_route=\/wp\/v2\/media\/851"}],"wp:attachment":[{"href":"https:\/\/minutocerord.com\/index.php?rest_route=%2Fwp%2Fv2%2Fmedia&parent=850"}],"wp:term":[{"taxonomy":"category","embeddable":true,"href":"https:\/\/minutocerord.com\/index.php?rest_route=%2Fwp%2Fv2%2Fcategories&post=850"},{"taxonomy":"post_tag","embeddable":true,"href":"https:\/\/minutocerord.com\/index.php?rest_route=%2Fwp%2Fv2%2Ftags&post=850"}],"curies":[{"name":"wp","href":"https:\/\/api.w.org\/{rel}","templated":true}]}}