{"id":8529,"date":"2022-04-20T10:30:00","date_gmt":"2022-04-20T14:30:00","guid":{"rendered":"https:\/\/minutocerord.com\/?p=8529"},"modified":"2022-04-20T10:30:02","modified_gmt":"2022-04-20T14:30:02","slug":"mantienen-alerta-22-provincias-de-la-rd-ante-riesgo-de-inundaciones","status":"publish","type":"post","link":"https:\/\/minutocerord.com\/?p=8529","title":{"rendered":"Mantienen alerta 22 provincias de la RD ante riesgo de inundaciones"},"content":{"rendered":"\n<p><strong>SANTO DOMINGO, Rep\u00fablica Dominicana.- <\/strong>La Oficina Nacional de Meteorolog\u00eda (Onamet) mantiene en alerta a 21 provincias y el Distrito Nacional ante el riesgo de\u00a0inundaciones repentinas, crecidas de r\u00edos, arroyos y ca\u00f1adas as\u00ed como deslizamientos de tierra, debido a las lluvias asociadas a una vaguada.<\/p>\n\n\n\n<p>Explic\u00f3 que los aguaceros estar\u00e1n acompa\u00f1ados de tormentas el\u00e9ctricas y r\u00e1fagas de viento, y ser\u00e1n m\u00e1s intensos sobre las regiones Norte y Noreste, la llanura oriental, el litoral costero caribe\u00f1o, cordillera Central y la zona fronteriza.<\/p>\n\n\n\n<p>Las provincias bajo alerta o aviso meteorol\u00f3gico son&nbsp;Azua, El\u00edas Pi\u00f1a, Monse\u00f1or Nouel, La Vega, Peravia, S\u00e1nchez Ram\u00edrez, Monte Plata, San Crist\u00f3bal, Dajabon, La Altagracia, Hato Mayor, el Gran Santo Domingo, Puerto Plata, Santiago, Mar\u00eda Trinidad S\u00e1nchez, San Jos\u00e9 de Ocoa, Pedernales, Barahona, Santiago Rodr\u00edguez, El Seibo, La Romana y San Pedro de Macor\u00eds.<\/p>\n\n\n\n<p>Onamet dijo que las precipitaciones continuar\u00e1n jueves y viernes.<\/p>\n\n\n\n<p>La temperatura m\u00e1xima en el&nbsp;Gran Santo Domingo se sentir\u00e1&nbsp;entre 28\u202f\u00b0C y 30\u202f\u00b0C y la m\u00ednima entre 21\u202f\u00b0C y 23\u00b0C.<\/p>\n","protected":false},"excerpt":{"rendered":"<p>SANTO DOMINGO, Rep\u00fablica Dominicana.- La Oficina Nacional de Meteorolog\u00eda (Onamet) mantiene en alerta a 21 provincias y el Distrito Nacional ante el riesgo de\u00a0inundaciones repentinas, crecidas de r\u00edos, arroyos y ca\u00f1adas as\u00ed como deslizamientos de tierra, debido a las lluvias asociadas a una vaguada. Explic\u00f3 que los aguaceros estar\u00e1n acompa\u00f1ados de tormentas el\u00e9ctricas y r\u00e1fagas [&hellip;]<\/p>\n","protected":false},"author":1,"featured_media":8530,"comment_status":"open","ping_status":"open","sticky":false,"template":"","format":"standard","meta":{"nf_dc_page":"","jetpack_post_was_ever_published":false,"_jetpack_newsletter_access":"","_jetpack_dont_email_post_to_subs":false,"_jetpack_newsletter_tier_id":0,"_jetpack_memberships_contains_paywalled_content":false,"_jetpack_memberships_contains_paid_content":false,"footnotes":"","jetpack_publicize_message":"","jetpack_publicize_feature_enabled":true,"jetpack_social_post_already_shared":false,"jetpack_social_options":{"image_generator_settings":{"template":"highway","default_image_id":0,"font":"","enabled":false},"version":2}},"categories":[87],"tags":[],"class_list":["post-8529","post","type-post","status-publish","format-standard","has-post-thumbnail","hentry","category-el-clima"],"yoast_head":"<!-- This site is optimized with the Yoast SEO plugin v27.4 - https:\/\/yoast.com\/product\/yoast-seo-wordpress\/ -->\n<title>Mantienen alerta 22 provincias de la RD ante riesgo de inundaciones - Minuto Cero RD<\/title>\n<meta name=\"robots\" content=\"index, follow, max-snippet:-1, max-image-preview:large, max-video-preview:-1\" \/>\n<link rel=\"canonical\" href=\"http:\/\/minutocerord.com\/?p=8529\" \/>\n<meta property=\"og:locale\" content=\"es_ES\" \/>\n<meta property=\"og:type\" content=\"article\" \/>\n<meta property=\"og:title\" content=\"Mantienen alerta 22 provincias de la RD ante riesgo de inundaciones - Minuto Cero RD\" \/>\n<meta property=\"og:description\" content=\"SANTO DOMINGO, Rep\u00fablica Dominicana.- La Oficina Nacional de Meteorolog\u00eda (Onamet) mantiene en alerta a 21 provincias y el Distrito Nacional ante el riesgo de\u00a0inundaciones repentinas, crecidas de r\u00edos, arroyos y ca\u00f1adas as\u00ed como deslizamientos de tierra, debido a las lluvias asociadas a una vaguada. Explic\u00f3 que los aguaceros estar\u00e1n acompa\u00f1ados de tormentas el\u00e9ctricas y r\u00e1fagas [&hellip;]\" \/>\n<meta property=\"og:url\" content=\"http:\/\/minutocerord.com\/?p=8529\" \/>\n<meta property=\"og:site_name\" content=\"Minuto Cero RD\" \/>\n<meta property=\"article:publisher\" content=\"https:\/\/www.facebook.com\/Genofnotes\" \/>\n<meta property=\"article:author\" content=\"https:\/\/www.facebook.com\/Genofnotes\" \/>\n<meta property=\"article:published_time\" content=\"2022-04-20T14:30:00+00:00\" \/>\n<meta property=\"article:modified_time\" content=\"2022-04-20T14:30:02+00:00\" \/>\n<meta property=\"og:image\" content=\"https:\/\/i0.wp.com\/minutocerord.com\/wp-content\/uploads\/2022\/04\/WhatsApp-Image-2021-05-22-at-6.21.59-PM-1.jpeg?fit=1600%2C900\" \/>\n\t<meta property=\"og:image:width\" content=\"1600\" \/>\n\t<meta property=\"og:image:height\" content=\"900\" \/>\n\t<meta property=\"og:image:type\" content=\"image\/jpeg\" \/>\n<meta name=\"author\" content=\"Genof\u00f3ntes Urb\u00e1ez\" \/>\n<meta name=\"twitter:card\" content=\"summary_large_image\" \/>\n<meta name=\"twitter:label1\" content=\"Written by\" \/>\n\t<meta name=\"twitter:data1\" content=\"Genof\u00f3ntes Urb\u00e1ez\" \/>\n\t<meta name=\"twitter:label2\" content=\"Est. reading time\" \/>\n\t<meta name=\"twitter:data2\" content=\"1 minuto\" \/>\n<script type=\"application\/ld+json\" class=\"yoast-schema-graph\">{\"@context\":\"https:\\\/\\\/schema.org\",\"@graph\":[{\"@type\":\"Article\",\"@id\":\"http:\\\/\\\/minutocerord.com\\\/?p=8529#article\",\"isPartOf\":{\"@id\":\"http:\\\/\\\/minutocerord.com\\\/?p=8529\"},\"author\":{\"name\":\"Genof\u00f3ntes Urb\u00e1ez\",\"@id\":\"https:\\\/\\\/minutocerord.com\\\/#\\\/schema\\\/person\\\/60b5372d60aaa0a5171fb6488be9aee6\"},\"headline\":\"Mantienen alerta 22 provincias de la RD ante riesgo de inundaciones\",\"datePublished\":\"2022-04-20T14:30:00+00:00\",\"dateModified\":\"2022-04-20T14:30:02+00:00\",\"mainEntityOfPage\":{\"@id\":\"http:\\\/\\\/minutocerord.com\\\/?p=8529\"},\"wordCount\":203,\"commentCount\":0,\"publisher\":{\"@id\":\"https:\\\/\\\/minutocerord.com\\\/#\\\/schema\\\/person\\\/60b5372d60aaa0a5171fb6488be9aee6\"},\"image\":{\"@id\":\"http:\\\/\\\/minutocerord.com\\\/?p=8529#primaryimage\"},\"thumbnailUrl\":\"https:\\\/\\\/i0.wp.com\\\/minutocerord.com\\\/wp-content\\\/uploads\\\/2022\\\/04\\\/WhatsApp-Image-2021-05-22-at-6.21.59-PM-1.jpeg?fit=1600%2C900&ssl=1\",\"articleSection\":[\"El clima\"],\"inLanguage\":\"es-DO\",\"potentialAction\":[{\"@type\":\"CommentAction\",\"name\":\"Comment\",\"target\":[\"http:\\\/\\\/minutocerord.com\\\/?p=8529#respond\"]}]},{\"@type\":\"WebPage\",\"@id\":\"http:\\\/\\\/minutocerord.com\\\/?p=8529\",\"url\":\"http:\\\/\\\/minutocerord.com\\\/?p=8529\",\"name\":\"Mantienen alerta 22 provincias de la RD ante riesgo de inundaciones - Minuto Cero RD\",\"isPartOf\":{\"@id\":\"https:\\\/\\\/minutocerord.com\\\/#website\"},\"primaryImageOfPage\":{\"@id\":\"http:\\\/\\\/minutocerord.com\\\/?p=8529#primaryimage\"},\"image\":{\"@id\":\"http:\\\/\\\/minutocerord.com\\\/?p=8529#primaryimage\"},\"thumbnailUrl\":\"https:\\\/\\\/i0.wp.com\\\/minutocerord.com\\\/wp-content\\\/uploads\\\/2022\\\/04\\\/WhatsApp-Image-2021-05-22-at-6.21.59-PM-1.jpeg?fit=1600%2C900&ssl=1\",\"datePublished\":\"2022-04-20T14:30:00+00:00\",\"dateModified\":\"2022-04-20T14:30:02+00:00\",\"breadcrumb\":{\"@id\":\"http:\\\/\\\/minutocerord.com\\\/?p=8529#breadcrumb\"},\"inLanguage\":\"es-DO\",\"potentialAction\":[{\"@type\":\"ReadAction\",\"target\":[\"http:\\\/\\\/minutocerord.com\\\/?p=8529\"]}]},{\"@type\":\"ImageObject\",\"inLanguage\":\"es-DO\",\"@id\":\"http:\\\/\\\/minutocerord.com\\\/?p=8529#primaryimage\",\"url\":\"https:\\\/\\\/i0.wp.com\\\/minutocerord.com\\\/wp-content\\\/uploads\\\/2022\\\/04\\\/WhatsApp-Image-2021-05-22-at-6.21.59-PM-1.jpeg?fit=1600%2C900&ssl=1\",\"contentUrl\":\"https:\\\/\\\/i0.wp.com\\\/minutocerord.com\\\/wp-content\\\/uploads\\\/2022\\\/04\\\/WhatsApp-Image-2021-05-22-at-6.21.59-PM-1.jpeg?fit=1600%2C900&ssl=1\",\"width\":1600,\"height\":900},{\"@type\":\"BreadcrumbList\",\"@id\":\"http:\\\/\\\/minutocerord.com\\\/?p=8529#breadcrumb\",\"itemListElement\":[{\"@type\":\"ListItem\",\"position\":1,\"name\":\"Home\",\"item\":\"https:\\\/\\\/minutocerord.com\\\/\"},{\"@type\":\"ListItem\",\"position\":2,\"name\":\"Mantienen alerta 22 provincias de la RD ante riesgo de inundaciones\"}]},{\"@type\":\"WebSite\",\"@id\":\"https:\\\/\\\/minutocerord.com\\\/#website\",\"url\":\"https:\\\/\\\/minutocerord.com\\\/\",\"name\":\"Minuto Cero RD\",\"description\":\"Periodismo serio y veraz\",\"publisher\":{\"@id\":\"https:\\\/\\\/minutocerord.com\\\/#\\\/schema\\\/person\\\/60b5372d60aaa0a5171fb6488be9aee6\"},\"potentialAction\":[{\"@type\":\"SearchAction\",\"target\":{\"@type\":\"EntryPoint\",\"urlTemplate\":\"https:\\\/\\\/minutocerord.com\\\/?s={search_term_string}\"},\"query-input\":{\"@type\":\"PropertyValueSpecification\",\"valueRequired\":true,\"valueName\":\"search_term_string\"}}],\"inLanguage\":\"es-DO\"},{\"@type\":[\"Person\",\"Organization\"],\"@id\":\"https:\\\/\\\/minutocerord.com\\\/#\\\/schema\\\/person\\\/60b5372d60aaa0a5171fb6488be9aee6\",\"name\":\"Genof\u00f3ntes Urb\u00e1ez\",\"image\":{\"@type\":\"ImageObject\",\"inLanguage\":\"es-DO\",\"@id\":\"https:\\\/\\\/secure.gravatar.com\\\/avatar\\\/a49ef3186a692098ac3e8a1612261e3ad70cf9e44553dff2929e67939a0ecb9d?s=96&d=identicon&r=g\",\"url\":\"https:\\\/\\\/secure.gravatar.com\\\/avatar\\\/a49ef3186a692098ac3e8a1612261e3ad70cf9e44553dff2929e67939a0ecb9d?s=96&d=identicon&r=g\",\"contentUrl\":\"https:\\\/\\\/secure.gravatar.com\\\/avatar\\\/a49ef3186a692098ac3e8a1612261e3ad70cf9e44553dff2929e67939a0ecb9d?s=96&d=identicon&r=g\",\"caption\":\"Genof\u00f3ntes Urb\u00e1ez\"},\"logo\":{\"@id\":\"https:\\\/\\\/secure.gravatar.com\\\/avatar\\\/a49ef3186a692098ac3e8a1612261e3ad70cf9e44553dff2929e67939a0ecb9d?s=96&d=identicon&r=g\"},\"description\":\"Periodista \\\/ Locutor\",\"sameAs\":[\"https:\\\/\\\/www.facebook.com\\\/Genofnotes\",\"https:\\\/\\\/www.instagram.com\\\/genofnotes\\\/\"]}]}<\/script>\n<!-- \/ Yoast SEO plugin. -->","yoast_head_json":{"title":"Mantienen alerta 22 provincias de la RD ante riesgo de inundaciones - Minuto Cero RD","robots":{"index":"index","follow":"follow","max-snippet":"max-snippet:-1","max-image-preview":"max-image-preview:large","max-video-preview":"max-video-preview:-1"},"canonical":"http:\/\/minutocerord.com\/?p=8529","og_locale":"es_ES","og_type":"article","og_title":"Mantienen alerta 22 provincias de la RD ante riesgo de inundaciones - Minuto Cero RD","og_description":"SANTO DOMINGO, Rep\u00fablica Dominicana.- La Oficina Nacional de Meteorolog\u00eda (Onamet) mantiene en alerta a 21 provincias y el Distrito Nacional ante el riesgo de\u00a0inundaciones repentinas, crecidas de r\u00edos, arroyos y ca\u00f1adas as\u00ed como deslizamientos de tierra, debido a las lluvias asociadas a una vaguada. Explic\u00f3 que los aguaceros estar\u00e1n acompa\u00f1ados de tormentas el\u00e9ctricas y r\u00e1fagas [&hellip;]","og_url":"http:\/\/minutocerord.com\/?p=8529","og_site_name":"Minuto Cero RD","article_publisher":"https:\/\/www.facebook.com\/Genofnotes","article_author":"https:\/\/www.facebook.com\/Genofnotes","article_published_time":"2022-04-20T14:30:00+00:00","article_modified_time":"2022-04-20T14:30:02+00:00","og_image":[{"width":1600,"height":900,"url":"https:\/\/i0.wp.com\/minutocerord.com\/wp-content\/uploads\/2022\/04\/WhatsApp-Image-2021-05-22-at-6.21.59-PM-1.jpeg?fit=1600%2C900","type":"image\/jpeg"}],"author":"Genof\u00f3ntes Urb\u00e1ez","twitter_card":"summary_large_image","twitter_misc":{"Written by":"Genof\u00f3ntes Urb\u00e1ez","Est. reading time":"1 minuto"},"schema":{"@context":"https:\/\/schema.org","@graph":[{"@type":"Article","@id":"http:\/\/minutocerord.com\/?p=8529#article","isPartOf":{"@id":"http:\/\/minutocerord.com\/?p=8529"},"author":{"name":"Genof\u00f3ntes Urb\u00e1ez","@id":"https:\/\/minutocerord.com\/#\/schema\/person\/60b5372d60aaa0a5171fb6488be9aee6"},"headline":"Mantienen alerta 22 provincias de la RD ante riesgo de inundaciones","datePublished":"2022-04-20T14:30:00+00:00","dateModified":"2022-04-20T14:30:02+00:00","mainEntityOfPage":{"@id":"http:\/\/minutocerord.com\/?p=8529"},"wordCount":203,"commentCount":0,"publisher":{"@id":"https:\/\/minutocerord.com\/#\/schema\/person\/60b5372d60aaa0a5171fb6488be9aee6"},"image":{"@id":"http:\/\/minutocerord.com\/?p=8529#primaryimage"},"thumbnailUrl":"https:\/\/i0.wp.com\/minutocerord.com\/wp-content\/uploads\/2022\/04\/WhatsApp-Image-2021-05-22-at-6.21.59-PM-1.jpeg?fit=1600%2C900&ssl=1","articleSection":["El clima"],"inLanguage":"es-DO","potentialAction":[{"@type":"CommentAction","name":"Comment","target":["http:\/\/minutocerord.com\/?p=8529#respond"]}]},{"@type":"WebPage","@id":"http:\/\/minutocerord.com\/?p=8529","url":"http:\/\/minutocerord.com\/?p=8529","name":"Mantienen alerta 22 provincias de la RD ante riesgo de inundaciones - Minuto Cero RD","isPartOf":{"@id":"https:\/\/minutocerord.com\/#website"},"primaryImageOfPage":{"@id":"http:\/\/minutocerord.com\/?p=8529#primaryimage"},"image":{"@id":"http:\/\/minutocerord.com\/?p=8529#primaryimage"},"thumbnailUrl":"https:\/\/i0.wp.com\/minutocerord.com\/wp-content\/uploads\/2022\/04\/WhatsApp-Image-2021-05-22-at-6.21.59-PM-1.jpeg?fit=1600%2C900&ssl=1","datePublished":"2022-04-20T14:30:00+00:00","dateModified":"2022-04-20T14:30:02+00:00","breadcrumb":{"@id":"http:\/\/minutocerord.com\/?p=8529#breadcrumb"},"inLanguage":"es-DO","potentialAction":[{"@type":"ReadAction","target":["http:\/\/minutocerord.com\/?p=8529"]}]},{"@type":"ImageObject","inLanguage":"es-DO","@id":"http:\/\/minutocerord.com\/?p=8529#primaryimage","url":"https:\/\/i0.wp.com\/minutocerord.com\/wp-content\/uploads\/2022\/04\/WhatsApp-Image-2021-05-22-at-6.21.59-PM-1.jpeg?fit=1600%2C900&ssl=1","contentUrl":"https:\/\/i0.wp.com\/minutocerord.com\/wp-content\/uploads\/2022\/04\/WhatsApp-Image-2021-05-22-at-6.21.59-PM-1.jpeg?fit=1600%2C900&ssl=1","width":1600,"height":900},{"@type":"BreadcrumbList","@id":"http:\/\/minutocerord.com\/?p=8529#breadcrumb","itemListElement":[{"@type":"ListItem","position":1,"name":"Home","item":"https:\/\/minutocerord.com\/"},{"@type":"ListItem","position":2,"name":"Mantienen alerta 22 provincias de la RD ante riesgo de inundaciones"}]},{"@type":"WebSite","@id":"https:\/\/minutocerord.com\/#website","url":"https:\/\/minutocerord.com\/","name":"Minuto Cero RD","description":"Periodismo serio y veraz","publisher":{"@id":"https:\/\/minutocerord.com\/#\/schema\/person\/60b5372d60aaa0a5171fb6488be9aee6"},"potentialAction":[{"@type":"SearchAction","target":{"@type":"EntryPoint","urlTemplate":"https:\/\/minutocerord.com\/?s={search_term_string}"},"query-input":{"@type":"PropertyValueSpecification","valueRequired":true,"valueName":"search_term_string"}}],"inLanguage":"es-DO"},{"@type":["Person","Organization"],"@id":"https:\/\/minutocerord.com\/#\/schema\/person\/60b5372d60aaa0a5171fb6488be9aee6","name":"Genof\u00f3ntes Urb\u00e1ez","image":{"@type":"ImageObject","inLanguage":"es-DO","@id":"https:\/\/secure.gravatar.com\/avatar\/a49ef3186a692098ac3e8a1612261e3ad70cf9e44553dff2929e67939a0ecb9d?s=96&d=identicon&r=g","url":"https:\/\/secure.gravatar.com\/avatar\/a49ef3186a692098ac3e8a1612261e3ad70cf9e44553dff2929e67939a0ecb9d?s=96&d=identicon&r=g","contentUrl":"https:\/\/secure.gravatar.com\/avatar\/a49ef3186a692098ac3e8a1612261e3ad70cf9e44553dff2929e67939a0ecb9d?s=96&d=identicon&r=g","caption":"Genof\u00f3ntes Urb\u00e1ez"},"logo":{"@id":"https:\/\/secure.gravatar.com\/avatar\/a49ef3186a692098ac3e8a1612261e3ad70cf9e44553dff2929e67939a0ecb9d?s=96&d=identicon&r=g"},"description":"Periodista \/ Locutor","sameAs":["https:\/\/www.facebook.com\/Genofnotes","https:\/\/www.instagram.com\/genofnotes\/"]}]}},"jetpack_publicize_connections":[],"jetpack_featured_media_url":"https:\/\/i0.wp.com\/minutocerord.com\/wp-content\/uploads\/2022\/04\/WhatsApp-Image-2021-05-22-at-6.21.59-PM-1.jpeg?fit=1600%2C900&ssl=1","jetpack-related-posts":[],"jetpack_sharing_enabled":true,"_links":{"self":[{"href":"https:\/\/minutocerord.com\/index.php?rest_route=\/wp\/v2\/posts\/8529","targetHints":{"allow":["GET"]}}],"collection":[{"href":"https:\/\/minutocerord.com\/index.php?rest_route=\/wp\/v2\/posts"}],"about":[{"href":"https:\/\/minutocerord.com\/index.php?rest_route=\/wp\/v2\/types\/post"}],"author":[{"embeddable":true,"href":"https:\/\/minutocerord.com\/index.php?rest_route=\/wp\/v2\/users\/1"}],"replies":[{"embeddable":true,"href":"https:\/\/minutocerord.com\/index.php?rest_route=%2Fwp%2Fv2%2Fcomments&post=8529"}],"version-history":[{"count":1,"href":"https:\/\/minutocerord.com\/index.php?rest_route=\/wp\/v2\/posts\/8529\/revisions"}],"predecessor-version":[{"id":8531,"href":"https:\/\/minutocerord.com\/index.php?rest_route=\/wp\/v2\/posts\/8529\/revisions\/8531"}],"wp:featuredmedia":[{"embeddable":true,"href":"https:\/\/minutocerord.com\/index.php?rest_route=\/wp\/v2\/media\/8530"}],"wp:attachment":[{"href":"https:\/\/minutocerord.com\/index.php?rest_route=%2Fwp%2Fv2%2Fmedia&parent=8529"}],"wp:term":[{"taxonomy":"category","embeddable":true,"href":"https:\/\/minutocerord.com\/index.php?rest_route=%2Fwp%2Fv2%2Fcategories&post=8529"},{"taxonomy":"post_tag","embeddable":true,"href":"https:\/\/minutocerord.com\/index.php?rest_route=%2Fwp%2Fv2%2Ftags&post=8529"}],"curies":[{"name":"wp","href":"https:\/\/api.w.org\/{rel}","templated":true}]}}