{"id":853,"date":"2020-11-22T11:06:13","date_gmt":"2020-11-22T15:06:13","guid":{"rendered":"https:\/\/minutocerord.com\/?p=853"},"modified":"2020-11-22T11:06:15","modified_gmt":"2020-11-22T15:06:15","slug":"la-oms-teme-una-tercera-ola-de-covid-19-a-inicios-de-2021-en-europa-porque-su-reaccion-al-virus-ha-sido-incompleta","status":"publish","type":"post","link":"https:\/\/minutocerord.com\/?p=853","title":{"rendered":"La OMS teme una tercera ola de covid-19 a inicios de 2021 en Europa porque su reacci\u00f3n al virus ha sido &#8220;incompleta&#8221;"},"content":{"rendered":"\n<p>David Nabarro, asesor especial de la Organizaci\u00f3n Mundial de la Salud (OMS), teme el inicio de una tercera ola de covid-19 a principios de 2021 en Europa si los gobiernos del continente contin\u00faan repitiendo sus acciones para enfrentar la enfermedad, informa la agencia Reuters.<\/p>\n\n\n\n<p>&#8220;No construyeron la infraestructura necesaria durante los meses de verano, despu\u00e9s de que pusieran bajo control la primera ola. Ahora tenemos la segunda ola. Si no construyen la infraestructura necesaria, tendremos una tercera a principios del pr\u00f3ximo a\u00f1o&#8221;, advirti\u00f3 Nabarro en una entrevista a medios suizos.<\/p>\n\n\n\n<p>Asimismo, el encargado de la OMS para el coronavirus en Europa ha criticado que no todos los pa\u00edses europeos hayan cerrado ciertos servicios para evitar contagios. Asegura que, a diferencia de Austria, Suiza mantiene abiertos sus centros tur\u00edsticos para esquiar y eso podr\u00eda provocar un &#8220;nivel muy alto de enfermedades y muertes&#8221;. &#8220;Una vez que las tasas de infecci\u00f3n bajen y se hundan, entonces podremos ser tan libres como queramos, pero, \u00bfahora mismo? \u00bfDeber\u00edan abrir las estaciones de esqu\u00ed? \u00bfBajo qu\u00e9 condiciones?&#8221;, pregunta.<\/p>\n\n\n\n<p>Por otro lado, Nabarro elogi\u00f3 la respuesta de pa\u00edses asi\u00e1ticos como Corea del Sur, subrayando que han logrado tasas relativamente bajas de infecci\u00f3n gracias a que su poblaci\u00f3n est\u00e1 &#8220;completamente comprometida&#8221; con &#8220;comportamientos que dificultan&#8221; el desarrollo del virus. Asimismo, resalta que Asia no rebaj\u00f3 sus restricciones prematuramente y recomienda hacer lo mismo en Europa. &#8220;Debe esperar hasta que el n\u00famero de casos sea bajo y permanezca bajo. La reacci\u00f3n de Europa fue incompleta&#8221;, opina.<\/p>\n\n\n\n<p>Europa registr\u00f3 anteriormente un breve descenso en sus tasas de infecci\u00f3n, que ahora van en aumento nuevamente. Este s\u00e1bado, Alemania y Francia sumaron entre ambas 33.000 nuevos casos, mientras que Suiza y Austria contabilizan miles diariamente, seg\u00fan Reuters. La OMS advirti\u00f3 recientemente que el continente es uno de los principales focos de la pandemia y alert\u00f3 que sus naciones han presentado un alza del 18 % en los decesos durante las \u00faltimas dos semanas.<\/p>\n\n\n\n<p>Reuters<\/p>\n","protected":false},"excerpt":{"rendered":"<p>David Nabarro, asesor especial de la Organizaci\u00f3n Mundial de la Salud (OMS), teme el inicio de una tercera ola de covid-19 a principios de 2021 en Europa si los gobiernos del continente contin\u00faan repitiendo sus acciones para enfrentar la enfermedad, informa la agencia Reuters. &#8220;No construyeron la infraestructura necesaria durante los meses de verano, despu\u00e9s [&hellip;]<\/p>\n","protected":false},"author":1,"featured_media":854,"comment_status":"open","ping_status":"open","sticky":false,"template":"","format":"standard","meta":{"nf_dc_page":"","jetpack_post_was_ever_published":false,"_jetpack_newsletter_access":"","_jetpack_dont_email_post_to_subs":false,"_jetpack_newsletter_tier_id":0,"_jetpack_memberships_contains_paywalled_content":false,"_jetpack_memberships_contains_paid_content":false,"footnotes":"","jetpack_publicize_message":"","jetpack_publicize_feature_enabled":true,"jetpack_social_post_already_shared":false,"jetpack_social_options":{"image_generator_settings":{"template":"highway","default_image_id":0,"font":"","enabled":false},"version":2}},"categories":[66],"tags":[],"class_list":["post-853","post","type-post","status-publish","format-standard","has-post-thumbnail","hentry","category-internacionales"],"yoast_head":"<!-- This site is optimized with the Yoast SEO plugin v27.5 - https:\/\/yoast.com\/product\/yoast-seo-wordpress\/ -->\n<title>La OMS teme una tercera ola de covid-19 a inicios de 2021 en Europa porque su reacci\u00f3n al virus ha sido &quot;incompleta&quot; - Minuto Cero RD<\/title>\n<meta name=\"robots\" content=\"index, follow, max-snippet:-1, max-image-preview:large, max-video-preview:-1\" \/>\n<link rel=\"canonical\" href=\"https:\/\/minutocerord.com\/?p=853\" \/>\n<meta property=\"og:locale\" content=\"es_ES\" \/>\n<meta property=\"og:type\" content=\"article\" \/>\n<meta property=\"og:title\" content=\"La OMS teme una tercera ola de covid-19 a inicios de 2021 en Europa porque su reacci\u00f3n al virus ha sido &quot;incompleta&quot; - Minuto Cero RD\" \/>\n<meta property=\"og:description\" content=\"David Nabarro, asesor especial de la Organizaci\u00f3n Mundial de la Salud (OMS), teme el inicio de una tercera ola de covid-19 a principios de 2021 en Europa si los gobiernos del continente contin\u00faan repitiendo sus acciones para enfrentar la enfermedad, informa la agencia Reuters. &#8220;No construyeron la infraestructura necesaria durante los meses de verano, despu\u00e9s [&hellip;]\" \/>\n<meta property=\"og:url\" content=\"https:\/\/minutocerord.com\/?p=853\" \/>\n<meta property=\"og:site_name\" content=\"Minuto Cero RD\" \/>\n<meta property=\"article:publisher\" content=\"https:\/\/www.facebook.com\/Genofnotes\" \/>\n<meta property=\"article:author\" content=\"https:\/\/www.facebook.com\/Genofnotes\" \/>\n<meta property=\"article:published_time\" content=\"2020-11-22T15:06:13+00:00\" \/>\n<meta property=\"article:modified_time\" content=\"2020-11-22T15:06:15+00:00\" \/>\n<meta property=\"og:image\" content=\"https:\/\/i0.wp.com\/minutocerord.com\/wp-content\/uploads\/2020\/11\/5fba55dee9ff7154a3674e1e.jpg?fit=1104%2C622&ssl=1\" \/>\n\t<meta property=\"og:image:width\" content=\"1104\" \/>\n\t<meta property=\"og:image:height\" content=\"622\" \/>\n\t<meta property=\"og:image:type\" content=\"image\/jpeg\" \/>\n<meta name=\"author\" content=\"Genof\u00f3ntes Urb\u00e1ez\" \/>\n<meta name=\"twitter:card\" content=\"summary_large_image\" \/>\n<meta name=\"twitter:label1\" content=\"Written by\" \/>\n\t<meta name=\"twitter:data1\" content=\"Genof\u00f3ntes Urb\u00e1ez\" \/>\n\t<meta name=\"twitter:label2\" content=\"Est. reading time\" \/>\n\t<meta name=\"twitter:data2\" content=\"2 minutos\" \/>\n<script type=\"application\/ld+json\" class=\"yoast-schema-graph\">{\"@context\":\"https:\\\/\\\/schema.org\",\"@graph\":[{\"@type\":\"Article\",\"@id\":\"https:\\\/\\\/minutocerord.com\\\/?p=853#article\",\"isPartOf\":{\"@id\":\"https:\\\/\\\/minutocerord.com\\\/?p=853\"},\"author\":{\"name\":\"Genof\u00f3ntes Urb\u00e1ez\",\"@id\":\"https:\\\/\\\/minutocerord.com\\\/#\\\/schema\\\/person\\\/60b5372d60aaa0a5171fb6488be9aee6\"},\"headline\":\"La OMS teme una tercera ola de covid-19 a inicios de 2021 en Europa porque su reacci\u00f3n al virus ha sido &#8220;incompleta&#8221;\",\"datePublished\":\"2020-11-22T15:06:13+00:00\",\"dateModified\":\"2020-11-22T15:06:15+00:00\",\"mainEntityOfPage\":{\"@id\":\"https:\\\/\\\/minutocerord.com\\\/?p=853\"},\"wordCount\":360,\"commentCount\":0,\"publisher\":{\"@id\":\"https:\\\/\\\/minutocerord.com\\\/#\\\/schema\\\/person\\\/60b5372d60aaa0a5171fb6488be9aee6\"},\"image\":{\"@id\":\"https:\\\/\\\/minutocerord.com\\\/?p=853#primaryimage\"},\"thumbnailUrl\":\"https:\\\/\\\/i0.wp.com\\\/minutocerord.com\\\/wp-content\\\/uploads\\\/2020\\\/11\\\/5fba55dee9ff7154a3674e1e.jpg?fit=1104%2C622&ssl=1\",\"articleSection\":[\"Internacionales\"],\"inLanguage\":\"es-DO\",\"potentialAction\":[{\"@type\":\"CommentAction\",\"name\":\"Comment\",\"target\":[\"https:\\\/\\\/minutocerord.com\\\/?p=853#respond\"]}]},{\"@type\":\"WebPage\",\"@id\":\"https:\\\/\\\/minutocerord.com\\\/?p=853\",\"url\":\"https:\\\/\\\/minutocerord.com\\\/?p=853\",\"name\":\"La OMS teme una tercera ola de covid-19 a inicios de 2021 en Europa porque su reacci\u00f3n al virus ha sido \\\"incompleta\\\" - Minuto Cero RD\",\"isPartOf\":{\"@id\":\"https:\\\/\\\/minutocerord.com\\\/#website\"},\"primaryImageOfPage\":{\"@id\":\"https:\\\/\\\/minutocerord.com\\\/?p=853#primaryimage\"},\"image\":{\"@id\":\"https:\\\/\\\/minutocerord.com\\\/?p=853#primaryimage\"},\"thumbnailUrl\":\"https:\\\/\\\/i0.wp.com\\\/minutocerord.com\\\/wp-content\\\/uploads\\\/2020\\\/11\\\/5fba55dee9ff7154a3674e1e.jpg?fit=1104%2C622&ssl=1\",\"datePublished\":\"2020-11-22T15:06:13+00:00\",\"dateModified\":\"2020-11-22T15:06:15+00:00\",\"breadcrumb\":{\"@id\":\"https:\\\/\\\/minutocerord.com\\\/?p=853#breadcrumb\"},\"inLanguage\":\"es-DO\",\"potentialAction\":[{\"@type\":\"ReadAction\",\"target\":[\"https:\\\/\\\/minutocerord.com\\\/?p=853\"]}]},{\"@type\":\"ImageObject\",\"inLanguage\":\"es-DO\",\"@id\":\"https:\\\/\\\/minutocerord.com\\\/?p=853#primaryimage\",\"url\":\"https:\\\/\\\/i0.wp.com\\\/minutocerord.com\\\/wp-content\\\/uploads\\\/2020\\\/11\\\/5fba55dee9ff7154a3674e1e.jpg?fit=1104%2C622&ssl=1\",\"contentUrl\":\"https:\\\/\\\/i0.wp.com\\\/minutocerord.com\\\/wp-content\\\/uploads\\\/2020\\\/11\\\/5fba55dee9ff7154a3674e1e.jpg?fit=1104%2C622&ssl=1\",\"width\":1104,\"height\":622},{\"@type\":\"BreadcrumbList\",\"@id\":\"https:\\\/\\\/minutocerord.com\\\/?p=853#breadcrumb\",\"itemListElement\":[{\"@type\":\"ListItem\",\"position\":1,\"name\":\"Home\",\"item\":\"https:\\\/\\\/minutocerord.com\\\/\"},{\"@type\":\"ListItem\",\"position\":2,\"name\":\"La OMS teme una tercera ola de covid-19 a inicios de 2021 en Europa porque su reacci\u00f3n al virus ha sido &#8220;incompleta&#8221;\"}]},{\"@type\":\"WebSite\",\"@id\":\"https:\\\/\\\/minutocerord.com\\\/#website\",\"url\":\"https:\\\/\\\/minutocerord.com\\\/\",\"name\":\"Minuto Cero RD\",\"description\":\"Periodismo serio y veraz\",\"publisher\":{\"@id\":\"https:\\\/\\\/minutocerord.com\\\/#\\\/schema\\\/person\\\/60b5372d60aaa0a5171fb6488be9aee6\"},\"potentialAction\":[{\"@type\":\"SearchAction\",\"target\":{\"@type\":\"EntryPoint\",\"urlTemplate\":\"https:\\\/\\\/minutocerord.com\\\/?s={search_term_string}\"},\"query-input\":{\"@type\":\"PropertyValueSpecification\",\"valueRequired\":true,\"valueName\":\"search_term_string\"}}],\"inLanguage\":\"es-DO\"},{\"@type\":[\"Person\",\"Organization\"],\"@id\":\"https:\\\/\\\/minutocerord.com\\\/#\\\/schema\\\/person\\\/60b5372d60aaa0a5171fb6488be9aee6\",\"name\":\"Genof\u00f3ntes Urb\u00e1ez\",\"image\":{\"@type\":\"ImageObject\",\"inLanguage\":\"es-DO\",\"@id\":\"https:\\\/\\\/secure.gravatar.com\\\/avatar\\\/a49ef3186a692098ac3e8a1612261e3ad70cf9e44553dff2929e67939a0ecb9d?s=96&d=identicon&r=g\",\"url\":\"https:\\\/\\\/secure.gravatar.com\\\/avatar\\\/a49ef3186a692098ac3e8a1612261e3ad70cf9e44553dff2929e67939a0ecb9d?s=96&d=identicon&r=g\",\"contentUrl\":\"https:\\\/\\\/secure.gravatar.com\\\/avatar\\\/a49ef3186a692098ac3e8a1612261e3ad70cf9e44553dff2929e67939a0ecb9d?s=96&d=identicon&r=g\",\"caption\":\"Genof\u00f3ntes Urb\u00e1ez\"},\"logo\":{\"@id\":\"https:\\\/\\\/secure.gravatar.com\\\/avatar\\\/a49ef3186a692098ac3e8a1612261e3ad70cf9e44553dff2929e67939a0ecb9d?s=96&d=identicon&r=g\"},\"description\":\"Periodista \\\/ Locutor\",\"sameAs\":[\"https:\\\/\\\/www.facebook.com\\\/Genofnotes\",\"https:\\\/\\\/www.instagram.com\\\/genofnotes\\\/\"]}]}<\/script>\n<!-- \/ Yoast SEO plugin. -->","yoast_head_json":{"title":"La OMS teme una tercera ola de covid-19 a inicios de 2021 en Europa porque su reacci\u00f3n al virus ha sido \"incompleta\" - Minuto Cero RD","robots":{"index":"index","follow":"follow","max-snippet":"max-snippet:-1","max-image-preview":"max-image-preview:large","max-video-preview":"max-video-preview:-1"},"canonical":"https:\/\/minutocerord.com\/?p=853","og_locale":"es_ES","og_type":"article","og_title":"La OMS teme una tercera ola de covid-19 a inicios de 2021 en Europa porque su reacci\u00f3n al virus ha sido \"incompleta\" - Minuto Cero RD","og_description":"David Nabarro, asesor especial de la Organizaci\u00f3n Mundial de la Salud (OMS), teme el inicio de una tercera ola de covid-19 a principios de 2021 en Europa si los gobiernos del continente contin\u00faan repitiendo sus acciones para enfrentar la enfermedad, informa la agencia Reuters. &#8220;No construyeron la infraestructura necesaria durante los meses de verano, despu\u00e9s [&hellip;]","og_url":"https:\/\/minutocerord.com\/?p=853","og_site_name":"Minuto Cero RD","article_publisher":"https:\/\/www.facebook.com\/Genofnotes","article_author":"https:\/\/www.facebook.com\/Genofnotes","article_published_time":"2020-11-22T15:06:13+00:00","article_modified_time":"2020-11-22T15:06:15+00:00","og_image":[{"width":1104,"height":622,"url":"https:\/\/i0.wp.com\/minutocerord.com\/wp-content\/uploads\/2020\/11\/5fba55dee9ff7154a3674e1e.jpg?fit=1104%2C622&ssl=1","type":"image\/jpeg"}],"author":"Genof\u00f3ntes Urb\u00e1ez","twitter_card":"summary_large_image","twitter_misc":{"Written by":"Genof\u00f3ntes Urb\u00e1ez","Est. reading time":"2 minutos"},"schema":{"@context":"https:\/\/schema.org","@graph":[{"@type":"Article","@id":"https:\/\/minutocerord.com\/?p=853#article","isPartOf":{"@id":"https:\/\/minutocerord.com\/?p=853"},"author":{"name":"Genof\u00f3ntes Urb\u00e1ez","@id":"https:\/\/minutocerord.com\/#\/schema\/person\/60b5372d60aaa0a5171fb6488be9aee6"},"headline":"La OMS teme una tercera ola de covid-19 a inicios de 2021 en Europa porque su reacci\u00f3n al virus ha sido &#8220;incompleta&#8221;","datePublished":"2020-11-22T15:06:13+00:00","dateModified":"2020-11-22T15:06:15+00:00","mainEntityOfPage":{"@id":"https:\/\/minutocerord.com\/?p=853"},"wordCount":360,"commentCount":0,"publisher":{"@id":"https:\/\/minutocerord.com\/#\/schema\/person\/60b5372d60aaa0a5171fb6488be9aee6"},"image":{"@id":"https:\/\/minutocerord.com\/?p=853#primaryimage"},"thumbnailUrl":"https:\/\/i0.wp.com\/minutocerord.com\/wp-content\/uploads\/2020\/11\/5fba55dee9ff7154a3674e1e.jpg?fit=1104%2C622&ssl=1","articleSection":["Internacionales"],"inLanguage":"es-DO","potentialAction":[{"@type":"CommentAction","name":"Comment","target":["https:\/\/minutocerord.com\/?p=853#respond"]}]},{"@type":"WebPage","@id":"https:\/\/minutocerord.com\/?p=853","url":"https:\/\/minutocerord.com\/?p=853","name":"La OMS teme una tercera ola de covid-19 a inicios de 2021 en Europa porque su reacci\u00f3n al virus ha sido \"incompleta\" - Minuto Cero RD","isPartOf":{"@id":"https:\/\/minutocerord.com\/#website"},"primaryImageOfPage":{"@id":"https:\/\/minutocerord.com\/?p=853#primaryimage"},"image":{"@id":"https:\/\/minutocerord.com\/?p=853#primaryimage"},"thumbnailUrl":"https:\/\/i0.wp.com\/minutocerord.com\/wp-content\/uploads\/2020\/11\/5fba55dee9ff7154a3674e1e.jpg?fit=1104%2C622&ssl=1","datePublished":"2020-11-22T15:06:13+00:00","dateModified":"2020-11-22T15:06:15+00:00","breadcrumb":{"@id":"https:\/\/minutocerord.com\/?p=853#breadcrumb"},"inLanguage":"es-DO","potentialAction":[{"@type":"ReadAction","target":["https:\/\/minutocerord.com\/?p=853"]}]},{"@type":"ImageObject","inLanguage":"es-DO","@id":"https:\/\/minutocerord.com\/?p=853#primaryimage","url":"https:\/\/i0.wp.com\/minutocerord.com\/wp-content\/uploads\/2020\/11\/5fba55dee9ff7154a3674e1e.jpg?fit=1104%2C622&ssl=1","contentUrl":"https:\/\/i0.wp.com\/minutocerord.com\/wp-content\/uploads\/2020\/11\/5fba55dee9ff7154a3674e1e.jpg?fit=1104%2C622&ssl=1","width":1104,"height":622},{"@type":"BreadcrumbList","@id":"https:\/\/minutocerord.com\/?p=853#breadcrumb","itemListElement":[{"@type":"ListItem","position":1,"name":"Home","item":"https:\/\/minutocerord.com\/"},{"@type":"ListItem","position":2,"name":"La OMS teme una tercera ola de covid-19 a inicios de 2021 en Europa porque su reacci\u00f3n al virus ha sido &#8220;incompleta&#8221;"}]},{"@type":"WebSite","@id":"https:\/\/minutocerord.com\/#website","url":"https:\/\/minutocerord.com\/","name":"Minuto Cero RD","description":"Periodismo serio y veraz","publisher":{"@id":"https:\/\/minutocerord.com\/#\/schema\/person\/60b5372d60aaa0a5171fb6488be9aee6"},"potentialAction":[{"@type":"SearchAction","target":{"@type":"EntryPoint","urlTemplate":"https:\/\/minutocerord.com\/?s={search_term_string}"},"query-input":{"@type":"PropertyValueSpecification","valueRequired":true,"valueName":"search_term_string"}}],"inLanguage":"es-DO"},{"@type":["Person","Organization"],"@id":"https:\/\/minutocerord.com\/#\/schema\/person\/60b5372d60aaa0a5171fb6488be9aee6","name":"Genof\u00f3ntes Urb\u00e1ez","image":{"@type":"ImageObject","inLanguage":"es-DO","@id":"https:\/\/secure.gravatar.com\/avatar\/a49ef3186a692098ac3e8a1612261e3ad70cf9e44553dff2929e67939a0ecb9d?s=96&d=identicon&r=g","url":"https:\/\/secure.gravatar.com\/avatar\/a49ef3186a692098ac3e8a1612261e3ad70cf9e44553dff2929e67939a0ecb9d?s=96&d=identicon&r=g","contentUrl":"https:\/\/secure.gravatar.com\/avatar\/a49ef3186a692098ac3e8a1612261e3ad70cf9e44553dff2929e67939a0ecb9d?s=96&d=identicon&r=g","caption":"Genof\u00f3ntes Urb\u00e1ez"},"logo":{"@id":"https:\/\/secure.gravatar.com\/avatar\/a49ef3186a692098ac3e8a1612261e3ad70cf9e44553dff2929e67939a0ecb9d?s=96&d=identicon&r=g"},"description":"Periodista \/ Locutor","sameAs":["https:\/\/www.facebook.com\/Genofnotes","https:\/\/www.instagram.com\/genofnotes\/"]}]}},"jetpack_publicize_connections":[],"jetpack_featured_media_url":"https:\/\/i0.wp.com\/minutocerord.com\/wp-content\/uploads\/2020\/11\/5fba55dee9ff7154a3674e1e.jpg?fit=1104%2C622&ssl=1","jetpack-related-posts":[],"jetpack_sharing_enabled":true,"_links":{"self":[{"href":"https:\/\/minutocerord.com\/index.php?rest_route=\/wp\/v2\/posts\/853","targetHints":{"allow":["GET"]}}],"collection":[{"href":"https:\/\/minutocerord.com\/index.php?rest_route=\/wp\/v2\/posts"}],"about":[{"href":"https:\/\/minutocerord.com\/index.php?rest_route=\/wp\/v2\/types\/post"}],"author":[{"embeddable":true,"href":"https:\/\/minutocerord.com\/index.php?rest_route=\/wp\/v2\/users\/1"}],"replies":[{"embeddable":true,"href":"https:\/\/minutocerord.com\/index.php?rest_route=%2Fwp%2Fv2%2Fcomments&post=853"}],"version-history":[{"count":1,"href":"https:\/\/minutocerord.com\/index.php?rest_route=\/wp\/v2\/posts\/853\/revisions"}],"predecessor-version":[{"id":855,"href":"https:\/\/minutocerord.com\/index.php?rest_route=\/wp\/v2\/posts\/853\/revisions\/855"}],"wp:featuredmedia":[{"embeddable":true,"href":"https:\/\/minutocerord.com\/index.php?rest_route=\/wp\/v2\/media\/854"}],"wp:attachment":[{"href":"https:\/\/minutocerord.com\/index.php?rest_route=%2Fwp%2Fv2%2Fmedia&parent=853"}],"wp:term":[{"taxonomy":"category","embeddable":true,"href":"https:\/\/minutocerord.com\/index.php?rest_route=%2Fwp%2Fv2%2Fcategories&post=853"},{"taxonomy":"post_tag","embeddable":true,"href":"https:\/\/minutocerord.com\/index.php?rest_route=%2Fwp%2Fv2%2Ftags&post=853"}],"curies":[{"name":"wp","href":"https:\/\/api.w.org\/{rel}","templated":true}]}}