{"id":8532,"date":"2022-04-20T11:15:19","date_gmt":"2022-04-20T15:15:19","guid":{"rendered":"https:\/\/minutocerord.com\/?p=8532"},"modified":"2022-04-20T11:35:40","modified_gmt":"2022-04-20T15:35:40","slug":"ropas-de-pacas-que-llegan-a-rd-no-vienen-desde-haiti-ciudadania-no-debe-alarmarse-por-enfermedad-cutanea","status":"publish","type":"post","link":"https:\/\/minutocerord.com\/?p=8532","title":{"rendered":"Ropas de pacas que llegan a RD no vienen desde Hait\u00ed; ciudadan\u00eda no debe alarmarse por enfermedad cut\u00e1nea"},"content":{"rendered":"\n<p><strong>Santo Domingo.-<\/strong>&nbsp;La directora adjunto del Instituto Dermatol\u00f3gico Dominicano y Cirug\u00eda de Piel \u201cDr. Huberto Bogaert D\u00edaz\u201d (IDCP), Ercidas S\u00e1nchez, aclar\u00f3 hoy que las ropas de pacas que llegan al pa\u00eds no vienen desde Hait\u00ed, donde fue detectada una enfermedad cut\u00e1nea, por lo que la ciudadan\u00eda dominicana no debe alarmarse.<\/p>\n\n\n\n<div class=\"wp-block-image\"><figure class=\"alignright\"><a href=\"https:\/\/i0.wp.com\/blogger.googleusercontent.com\/img\/b\/R29vZ2xl\/AVvXsEjiQXxSGq2ypkpLqC5IUZqX90mqtczXOjOpYTBo_SBpkpD3PIwfuwkiPVEK7gBWO1mGo_X11AypZNImDgyiBhlMNxNjxhp_n0e02Pio5MIoh4tYJMNjivypayNyIWHf66qa4w9-igAFs5UJxjO8QWCH6xahGpBsk8zqELVkWiC0tjkp2_wjL25lm0UfYQ\/s1140\/WhatsApp-Image-2022-04-19-at-9.08.57-PM-1140x694.jpeg?ssl=1\"><img data-recalc-dims=\"1\" height=\"390\" width=\"640\" decoding=\"async\" loading=\"lazy\" src=\"https:\/\/i0.wp.com\/blogger.googleusercontent.com\/img\/b\/R29vZ2xl\/AVvXsEjiQXxSGq2ypkpLqC5IUZqX90mqtczXOjOpYTBo_SBpkpD3PIwfuwkiPVEK7gBWO1mGo_X11AypZNImDgyiBhlMNxNjxhp_n0e02Pio5MIoh4tYJMNjivypayNyIWHf66qa4w9-igAFs5UJxjO8QWCH6xahGpBsk8zqELVkWiC0tjkp2_wjL25lm0UfYQ\/s320\/WhatsApp-Image-2022-04-19-at-9.08.57-PM-1140x694.jpeg?resize=640%2C390&#038;ssl=1\" alt=\"\"\/><\/a><\/figure><\/div>\n\n\n\n<p>Explic\u00f3 que las pacas llegan por la Aduana, y estas ropas se contaminan b\u00e1sicamente con \u00e1caros g\u00e9rmenes y hongos, por el tiempo que tienen almacenadas.<\/p>\n\n\n\n<p>La especialista manifest\u00f3 que las pacas pasan por un proceso de desinfecci\u00f3n, y ese desinfectante algunas veces puede producir alguna irritaci\u00f3n en la piel. \u201cPero nadie en su sano juicio debe ponerse una ropa en una paca sin antes lavarla, tenemos que tener esto pendiente\u201d.<\/p>\n\n\n\n<p>No obstante, la dermat\u00f3loga destac\u00f3 que la venta de pacas es un negocio muy amplio, \u201centonces si las pacas est\u00e1n en el mercado binacional en la frontera, eso es otra situaci\u00f3n\u201d.<a><\/a><\/p>\n\n\n\n<p>\u201cLo m\u00e1s importante es el llamado que hacen las autoridades, y los m\u00e9dicos dermat\u00f3logos, que la poblaci\u00f3n mantenga la calma, lo m\u00e1s importantes es escuchar a las personas que te est\u00e1n edificando acerca de la situaci\u00f3n\u201d, expres\u00f3 S\u00e1nchez.<\/p>\n\n\n\n<p>La especialista asegur\u00f3 que en la Rep\u00fablica Dominicana los dermat\u00f3logos est\u00e1n acostumbrados a ver brotes de sarna, que es la escabiasis y a tratar el caso sin alarma.<\/p>\n\n\n\n<p>S\u00e1nchez exhort\u00f3 a la ciudadan\u00eda a mantener la calma, y estar atentos a las orientaciones de las autoridades de salud competentes.<\/p>\n\n\n\n<p>Dijo que se habla de un supuesto brote de sarna, pero hasta el momento no se sabe cu\u00e1l es la etiolog\u00eda de la enfermedad que se est\u00e1 dando en el vecino pa\u00eds.<\/p>\n\n\n\n<p>Destac\u00f3 que para tratar esta enfermedad hay que mantener una buena higiene, y por eso, les exhortan a las personas con este padecimiento cambiar y lavar a diario la ropa de cama y toallas para mantener la limpieza.<\/p>\n\n\n\n<p>Dijo que la scabiasis se controla, pero al rascarse debido a la picaz\u00f3n se puede infectar, y por eso, vienen las complicaciones de esta enfermedad. \u201cEntonces no es para alarmarse, no se pega porque alguna persona en la calle lo tenga, tampoco por hablar con esa persona\u201d.<\/p>\n\n\n\n<p><strong>Tratamiento y personal calificado<\/strong><\/p>\n\n\n\n<p>El pasado lunes, el director del Instituto Dermatol\u00f3gico, dermat\u00f3logo V\u00edctor Pou Soares, preciso que en caso de que se confirme que es escabiasis la enfermedad cut\u00e1nea detectada en Hait\u00ed, el pa\u00eds cuenta con tratamiento y personal calificado para dar respuesta a esa afecci\u00f3n.<\/p>\n\n\n\n<p>El&nbsp; explic\u00f3 que al \u201cd\u00eda de hoy no hay casos que se hayan registrados en suelo dominicano por tal raz\u00f3n hablar de una patolog\u00eda que dicen se parecer a la escabiasis es hacer conjeturas sobre lo desconocido. Pedimos a la ciudadan\u00eda a no alarmarse, a estar atentos al Ministerio de Salud y las orientaciones de los dermat\u00f3logos\u201d.<\/p>\n\n\n\n<p>A\u00f1adi\u00f3 que en caso de ser escabiasis \u201cesto no es algo nuevo porque semanalmente el instituto recibe entre 3 a 5 casos, de esta afecci\u00f3n de la piel se trata, se controla y se cura\u201d.<\/p>\n\n\n\n<p>Pou Soares describi\u00f3 que el escabiasis es un trastorno de la piel causada por un peque\u00f1\u00edsimo \u00e1caro llamados \u201cSarcoptes scabiei\u201d el cual provoca una intensa picaz\u00f3n sobre todo en la noche.<\/p>\n","protected":false},"excerpt":{"rendered":"<p>Santo Domingo.-&nbsp;La directora adjunto del Instituto Dermatol\u00f3gico Dominicano y Cirug\u00eda de Piel \u201cDr. Huberto Bogaert D\u00edaz\u201d (IDCP), Ercidas S\u00e1nchez, aclar\u00f3 hoy que las ropas de pacas que llegan al pa\u00eds no vienen desde Hait\u00ed, donde fue detectada una enfermedad cut\u00e1nea, por lo que la ciudadan\u00eda dominicana no debe alarmarse. Explic\u00f3 que las pacas llegan por [&hellip;]<\/p>\n","protected":false},"author":1,"featured_media":8533,"comment_status":"open","ping_status":"open","sticky":false,"template":"","format":"standard","meta":{"nf_dc_page":"","jetpack_post_was_ever_published":false,"_jetpack_newsletter_access":"","_jetpack_dont_email_post_to_subs":false,"_jetpack_newsletter_tier_id":0,"_jetpack_memberships_contains_paywalled_content":false,"_jetpack_memberships_contains_paid_content":false,"footnotes":"","jetpack_publicize_message":"","jetpack_publicize_feature_enabled":true,"jetpack_social_post_already_shared":false,"jetpack_social_options":{"image_generator_settings":{"template":"highway","default_image_id":0,"font":"","enabled":false},"version":2}},"categories":[67],"tags":[],"class_list":["post-8532","post","type-post","status-publish","format-standard","has-post-thumbnail","hentry","category-salud"],"yoast_head":"<!-- This site is optimized with the Yoast SEO plugin v27.4 - https:\/\/yoast.com\/product\/yoast-seo-wordpress\/ -->\n<title>Ropas de pacas que llegan a RD no vienen desde Hait\u00ed; ciudadan\u00eda no debe alarmarse por enfermedad cut\u00e1nea - Minuto Cero RD<\/title>\n<meta name=\"robots\" content=\"index, follow, max-snippet:-1, max-image-preview:large, max-video-preview:-1\" \/>\n<link rel=\"canonical\" href=\"http:\/\/minutocerord.com\/?p=8532\" \/>\n<meta property=\"og:locale\" content=\"es_ES\" \/>\n<meta property=\"og:type\" content=\"article\" \/>\n<meta property=\"og:title\" content=\"Ropas de pacas que llegan a RD no vienen desde Hait\u00ed; ciudadan\u00eda no debe alarmarse por enfermedad cut\u00e1nea - Minuto Cero RD\" \/>\n<meta property=\"og:description\" content=\"Santo Domingo.-&nbsp;La directora adjunto del Instituto Dermatol\u00f3gico Dominicano y Cirug\u00eda de Piel \u201cDr. Huberto Bogaert D\u00edaz\u201d (IDCP), Ercidas S\u00e1nchez, aclar\u00f3 hoy que las ropas de pacas que llegan al pa\u00eds no vienen desde Hait\u00ed, donde fue detectada una enfermedad cut\u00e1nea, por lo que la ciudadan\u00eda dominicana no debe alarmarse. Explic\u00f3 que las pacas llegan por [&hellip;]\" \/>\n<meta property=\"og:url\" content=\"http:\/\/minutocerord.com\/?p=8532\" \/>\n<meta property=\"og:site_name\" content=\"Minuto Cero RD\" \/>\n<meta property=\"article:publisher\" content=\"https:\/\/www.facebook.com\/Genofnotes\" \/>\n<meta property=\"article:author\" content=\"https:\/\/www.facebook.com\/Genofnotes\" \/>\n<meta property=\"article:published_time\" content=\"2022-04-20T15:15:19+00:00\" \/>\n<meta property=\"article:modified_time\" content=\"2022-04-20T15:35:40+00:00\" \/>\n<meta property=\"og:image\" content=\"https:\/\/i0.wp.com\/minutocerord.com\/wp-content\/uploads\/2022\/04\/40638911_1811308452319053_6854327007627444224_n.jpg?fit=803%2C960\" \/>\n\t<meta property=\"og:image:width\" content=\"803\" \/>\n\t<meta property=\"og:image:height\" content=\"960\" \/>\n\t<meta property=\"og:image:type\" content=\"image\/jpeg\" \/>\n<meta name=\"author\" content=\"Genof\u00f3ntes Urb\u00e1ez\" \/>\n<meta name=\"twitter:card\" content=\"summary_large_image\" \/>\n<meta name=\"twitter:label1\" content=\"Written by\" \/>\n\t<meta name=\"twitter:data1\" content=\"Genof\u00f3ntes Urb\u00e1ez\" \/>\n\t<meta name=\"twitter:label2\" content=\"Est. reading time\" \/>\n\t<meta name=\"twitter:data2\" content=\"3 minutos\" \/>\n<script type=\"application\/ld+json\" class=\"yoast-schema-graph\">{\"@context\":\"https:\\\/\\\/schema.org\",\"@graph\":[{\"@type\":\"Article\",\"@id\":\"http:\\\/\\\/minutocerord.com\\\/?p=8532#article\",\"isPartOf\":{\"@id\":\"http:\\\/\\\/minutocerord.com\\\/?p=8532\"},\"author\":{\"name\":\"Genof\u00f3ntes Urb\u00e1ez\",\"@id\":\"https:\\\/\\\/minutocerord.com\\\/#\\\/schema\\\/person\\\/60b5372d60aaa0a5171fb6488be9aee6\"},\"headline\":\"Ropas de pacas que llegan a RD no vienen desde Hait\u00ed; ciudadan\u00eda no debe alarmarse por enfermedad cut\u00e1nea\",\"datePublished\":\"2022-04-20T15:15:19+00:00\",\"dateModified\":\"2022-04-20T15:35:40+00:00\",\"mainEntityOfPage\":{\"@id\":\"http:\\\/\\\/minutocerord.com\\\/?p=8532\"},\"wordCount\":592,\"commentCount\":0,\"publisher\":{\"@id\":\"https:\\\/\\\/minutocerord.com\\\/#\\\/schema\\\/person\\\/60b5372d60aaa0a5171fb6488be9aee6\"},\"image\":{\"@id\":\"http:\\\/\\\/minutocerord.com\\\/?p=8532#primaryimage\"},\"thumbnailUrl\":\"https:\\\/\\\/i0.wp.com\\\/minutocerord.com\\\/wp-content\\\/uploads\\\/2022\\\/04\\\/40638911_1811308452319053_6854327007627444224_n.jpg?fit=803%2C960&ssl=1\",\"articleSection\":[\"Salud\"],\"inLanguage\":\"es-DO\",\"potentialAction\":[{\"@type\":\"CommentAction\",\"name\":\"Comment\",\"target\":[\"http:\\\/\\\/minutocerord.com\\\/?p=8532#respond\"]}]},{\"@type\":\"WebPage\",\"@id\":\"http:\\\/\\\/minutocerord.com\\\/?p=8532\",\"url\":\"http:\\\/\\\/minutocerord.com\\\/?p=8532\",\"name\":\"Ropas de pacas que llegan a RD no vienen desde Hait\u00ed; ciudadan\u00eda no debe alarmarse por enfermedad cut\u00e1nea - Minuto Cero RD\",\"isPartOf\":{\"@id\":\"https:\\\/\\\/minutocerord.com\\\/#website\"},\"primaryImageOfPage\":{\"@id\":\"http:\\\/\\\/minutocerord.com\\\/?p=8532#primaryimage\"},\"image\":{\"@id\":\"http:\\\/\\\/minutocerord.com\\\/?p=8532#primaryimage\"},\"thumbnailUrl\":\"https:\\\/\\\/i0.wp.com\\\/minutocerord.com\\\/wp-content\\\/uploads\\\/2022\\\/04\\\/40638911_1811308452319053_6854327007627444224_n.jpg?fit=803%2C960&ssl=1\",\"datePublished\":\"2022-04-20T15:15:19+00:00\",\"dateModified\":\"2022-04-20T15:35:40+00:00\",\"breadcrumb\":{\"@id\":\"http:\\\/\\\/minutocerord.com\\\/?p=8532#breadcrumb\"},\"inLanguage\":\"es-DO\",\"potentialAction\":[{\"@type\":\"ReadAction\",\"target\":[\"http:\\\/\\\/minutocerord.com\\\/?p=8532\"]}]},{\"@type\":\"ImageObject\",\"inLanguage\":\"es-DO\",\"@id\":\"http:\\\/\\\/minutocerord.com\\\/?p=8532#primaryimage\",\"url\":\"https:\\\/\\\/i0.wp.com\\\/minutocerord.com\\\/wp-content\\\/uploads\\\/2022\\\/04\\\/40638911_1811308452319053_6854327007627444224_n.jpg?fit=803%2C960&ssl=1\",\"contentUrl\":\"https:\\\/\\\/i0.wp.com\\\/minutocerord.com\\\/wp-content\\\/uploads\\\/2022\\\/04\\\/40638911_1811308452319053_6854327007627444224_n.jpg?fit=803%2C960&ssl=1\",\"width\":803,\"height\":960},{\"@type\":\"BreadcrumbList\",\"@id\":\"http:\\\/\\\/minutocerord.com\\\/?p=8532#breadcrumb\",\"itemListElement\":[{\"@type\":\"ListItem\",\"position\":1,\"name\":\"Home\",\"item\":\"https:\\\/\\\/minutocerord.com\\\/\"},{\"@type\":\"ListItem\",\"position\":2,\"name\":\"Ropas de pacas que llegan a RD no vienen desde Hait\u00ed; ciudadan\u00eda no debe alarmarse por enfermedad cut\u00e1nea\"}]},{\"@type\":\"WebSite\",\"@id\":\"https:\\\/\\\/minutocerord.com\\\/#website\",\"url\":\"https:\\\/\\\/minutocerord.com\\\/\",\"name\":\"Minuto Cero RD\",\"description\":\"Periodismo serio y veraz\",\"publisher\":{\"@id\":\"https:\\\/\\\/minutocerord.com\\\/#\\\/schema\\\/person\\\/60b5372d60aaa0a5171fb6488be9aee6\"},\"potentialAction\":[{\"@type\":\"SearchAction\",\"target\":{\"@type\":\"EntryPoint\",\"urlTemplate\":\"https:\\\/\\\/minutocerord.com\\\/?s={search_term_string}\"},\"query-input\":{\"@type\":\"PropertyValueSpecification\",\"valueRequired\":true,\"valueName\":\"search_term_string\"}}],\"inLanguage\":\"es-DO\"},{\"@type\":[\"Person\",\"Organization\"],\"@id\":\"https:\\\/\\\/minutocerord.com\\\/#\\\/schema\\\/person\\\/60b5372d60aaa0a5171fb6488be9aee6\",\"name\":\"Genof\u00f3ntes Urb\u00e1ez\",\"image\":{\"@type\":\"ImageObject\",\"inLanguage\":\"es-DO\",\"@id\":\"https:\\\/\\\/secure.gravatar.com\\\/avatar\\\/a49ef3186a692098ac3e8a1612261e3ad70cf9e44553dff2929e67939a0ecb9d?s=96&d=identicon&r=g\",\"url\":\"https:\\\/\\\/secure.gravatar.com\\\/avatar\\\/a49ef3186a692098ac3e8a1612261e3ad70cf9e44553dff2929e67939a0ecb9d?s=96&d=identicon&r=g\",\"contentUrl\":\"https:\\\/\\\/secure.gravatar.com\\\/avatar\\\/a49ef3186a692098ac3e8a1612261e3ad70cf9e44553dff2929e67939a0ecb9d?s=96&d=identicon&r=g\",\"caption\":\"Genof\u00f3ntes Urb\u00e1ez\"},\"logo\":{\"@id\":\"https:\\\/\\\/secure.gravatar.com\\\/avatar\\\/a49ef3186a692098ac3e8a1612261e3ad70cf9e44553dff2929e67939a0ecb9d?s=96&d=identicon&r=g\"},\"description\":\"Periodista \\\/ Locutor\",\"sameAs\":[\"https:\\\/\\\/www.facebook.com\\\/Genofnotes\",\"https:\\\/\\\/www.instagram.com\\\/genofnotes\\\/\"]}]}<\/script>\n<!-- \/ Yoast SEO plugin. -->","yoast_head_json":{"title":"Ropas de pacas que llegan a RD no vienen desde Hait\u00ed; ciudadan\u00eda no debe alarmarse por enfermedad cut\u00e1nea - Minuto Cero RD","robots":{"index":"index","follow":"follow","max-snippet":"max-snippet:-1","max-image-preview":"max-image-preview:large","max-video-preview":"max-video-preview:-1"},"canonical":"http:\/\/minutocerord.com\/?p=8532","og_locale":"es_ES","og_type":"article","og_title":"Ropas de pacas que llegan a RD no vienen desde Hait\u00ed; ciudadan\u00eda no debe alarmarse por enfermedad cut\u00e1nea - Minuto Cero RD","og_description":"Santo Domingo.-&nbsp;La directora adjunto del Instituto Dermatol\u00f3gico Dominicano y Cirug\u00eda de Piel \u201cDr. Huberto Bogaert D\u00edaz\u201d (IDCP), Ercidas S\u00e1nchez, aclar\u00f3 hoy que las ropas de pacas que llegan al pa\u00eds no vienen desde Hait\u00ed, donde fue detectada una enfermedad cut\u00e1nea, por lo que la ciudadan\u00eda dominicana no debe alarmarse. Explic\u00f3 que las pacas llegan por [&hellip;]","og_url":"http:\/\/minutocerord.com\/?p=8532","og_site_name":"Minuto Cero RD","article_publisher":"https:\/\/www.facebook.com\/Genofnotes","article_author":"https:\/\/www.facebook.com\/Genofnotes","article_published_time":"2022-04-20T15:15:19+00:00","article_modified_time":"2022-04-20T15:35:40+00:00","og_image":[{"width":803,"height":960,"url":"https:\/\/i0.wp.com\/minutocerord.com\/wp-content\/uploads\/2022\/04\/40638911_1811308452319053_6854327007627444224_n.jpg?fit=803%2C960","type":"image\/jpeg"}],"author":"Genof\u00f3ntes Urb\u00e1ez","twitter_card":"summary_large_image","twitter_misc":{"Written by":"Genof\u00f3ntes Urb\u00e1ez","Est. reading time":"3 minutos"},"schema":{"@context":"https:\/\/schema.org","@graph":[{"@type":"Article","@id":"http:\/\/minutocerord.com\/?p=8532#article","isPartOf":{"@id":"http:\/\/minutocerord.com\/?p=8532"},"author":{"name":"Genof\u00f3ntes Urb\u00e1ez","@id":"https:\/\/minutocerord.com\/#\/schema\/person\/60b5372d60aaa0a5171fb6488be9aee6"},"headline":"Ropas de pacas que llegan a RD no vienen desde Hait\u00ed; ciudadan\u00eda no debe alarmarse por enfermedad cut\u00e1nea","datePublished":"2022-04-20T15:15:19+00:00","dateModified":"2022-04-20T15:35:40+00:00","mainEntityOfPage":{"@id":"http:\/\/minutocerord.com\/?p=8532"},"wordCount":592,"commentCount":0,"publisher":{"@id":"https:\/\/minutocerord.com\/#\/schema\/person\/60b5372d60aaa0a5171fb6488be9aee6"},"image":{"@id":"http:\/\/minutocerord.com\/?p=8532#primaryimage"},"thumbnailUrl":"https:\/\/i0.wp.com\/minutocerord.com\/wp-content\/uploads\/2022\/04\/40638911_1811308452319053_6854327007627444224_n.jpg?fit=803%2C960&ssl=1","articleSection":["Salud"],"inLanguage":"es-DO","potentialAction":[{"@type":"CommentAction","name":"Comment","target":["http:\/\/minutocerord.com\/?p=8532#respond"]}]},{"@type":"WebPage","@id":"http:\/\/minutocerord.com\/?p=8532","url":"http:\/\/minutocerord.com\/?p=8532","name":"Ropas de pacas que llegan a RD no vienen desde Hait\u00ed; ciudadan\u00eda no debe alarmarse por enfermedad cut\u00e1nea - Minuto Cero RD","isPartOf":{"@id":"https:\/\/minutocerord.com\/#website"},"primaryImageOfPage":{"@id":"http:\/\/minutocerord.com\/?p=8532#primaryimage"},"image":{"@id":"http:\/\/minutocerord.com\/?p=8532#primaryimage"},"thumbnailUrl":"https:\/\/i0.wp.com\/minutocerord.com\/wp-content\/uploads\/2022\/04\/40638911_1811308452319053_6854327007627444224_n.jpg?fit=803%2C960&ssl=1","datePublished":"2022-04-20T15:15:19+00:00","dateModified":"2022-04-20T15:35:40+00:00","breadcrumb":{"@id":"http:\/\/minutocerord.com\/?p=8532#breadcrumb"},"inLanguage":"es-DO","potentialAction":[{"@type":"ReadAction","target":["http:\/\/minutocerord.com\/?p=8532"]}]},{"@type":"ImageObject","inLanguage":"es-DO","@id":"http:\/\/minutocerord.com\/?p=8532#primaryimage","url":"https:\/\/i0.wp.com\/minutocerord.com\/wp-content\/uploads\/2022\/04\/40638911_1811308452319053_6854327007627444224_n.jpg?fit=803%2C960&ssl=1","contentUrl":"https:\/\/i0.wp.com\/minutocerord.com\/wp-content\/uploads\/2022\/04\/40638911_1811308452319053_6854327007627444224_n.jpg?fit=803%2C960&ssl=1","width":803,"height":960},{"@type":"BreadcrumbList","@id":"http:\/\/minutocerord.com\/?p=8532#breadcrumb","itemListElement":[{"@type":"ListItem","position":1,"name":"Home","item":"https:\/\/minutocerord.com\/"},{"@type":"ListItem","position":2,"name":"Ropas de pacas que llegan a RD no vienen desde Hait\u00ed; ciudadan\u00eda no debe alarmarse por enfermedad cut\u00e1nea"}]},{"@type":"WebSite","@id":"https:\/\/minutocerord.com\/#website","url":"https:\/\/minutocerord.com\/","name":"Minuto Cero RD","description":"Periodismo serio y veraz","publisher":{"@id":"https:\/\/minutocerord.com\/#\/schema\/person\/60b5372d60aaa0a5171fb6488be9aee6"},"potentialAction":[{"@type":"SearchAction","target":{"@type":"EntryPoint","urlTemplate":"https:\/\/minutocerord.com\/?s={search_term_string}"},"query-input":{"@type":"PropertyValueSpecification","valueRequired":true,"valueName":"search_term_string"}}],"inLanguage":"es-DO"},{"@type":["Person","Organization"],"@id":"https:\/\/minutocerord.com\/#\/schema\/person\/60b5372d60aaa0a5171fb6488be9aee6","name":"Genof\u00f3ntes Urb\u00e1ez","image":{"@type":"ImageObject","inLanguage":"es-DO","@id":"https:\/\/secure.gravatar.com\/avatar\/a49ef3186a692098ac3e8a1612261e3ad70cf9e44553dff2929e67939a0ecb9d?s=96&d=identicon&r=g","url":"https:\/\/secure.gravatar.com\/avatar\/a49ef3186a692098ac3e8a1612261e3ad70cf9e44553dff2929e67939a0ecb9d?s=96&d=identicon&r=g","contentUrl":"https:\/\/secure.gravatar.com\/avatar\/a49ef3186a692098ac3e8a1612261e3ad70cf9e44553dff2929e67939a0ecb9d?s=96&d=identicon&r=g","caption":"Genof\u00f3ntes Urb\u00e1ez"},"logo":{"@id":"https:\/\/secure.gravatar.com\/avatar\/a49ef3186a692098ac3e8a1612261e3ad70cf9e44553dff2929e67939a0ecb9d?s=96&d=identicon&r=g"},"description":"Periodista \/ Locutor","sameAs":["https:\/\/www.facebook.com\/Genofnotes","https:\/\/www.instagram.com\/genofnotes\/"]}]}},"jetpack_publicize_connections":[],"jetpack_featured_media_url":"https:\/\/i0.wp.com\/minutocerord.com\/wp-content\/uploads\/2022\/04\/40638911_1811308452319053_6854327007627444224_n.jpg?fit=803%2C960&ssl=1","jetpack-related-posts":[],"jetpack_sharing_enabled":true,"_links":{"self":[{"href":"https:\/\/minutocerord.com\/index.php?rest_route=\/wp\/v2\/posts\/8532","targetHints":{"allow":["GET"]}}],"collection":[{"href":"https:\/\/minutocerord.com\/index.php?rest_route=\/wp\/v2\/posts"}],"about":[{"href":"https:\/\/minutocerord.com\/index.php?rest_route=\/wp\/v2\/types\/post"}],"author":[{"embeddable":true,"href":"https:\/\/minutocerord.com\/index.php?rest_route=\/wp\/v2\/users\/1"}],"replies":[{"embeddable":true,"href":"https:\/\/minutocerord.com\/index.php?rest_route=%2Fwp%2Fv2%2Fcomments&post=8532"}],"version-history":[{"count":2,"href":"https:\/\/minutocerord.com\/index.php?rest_route=\/wp\/v2\/posts\/8532\/revisions"}],"predecessor-version":[{"id":8535,"href":"https:\/\/minutocerord.com\/index.php?rest_route=\/wp\/v2\/posts\/8532\/revisions\/8535"}],"wp:featuredmedia":[{"embeddable":true,"href":"https:\/\/minutocerord.com\/index.php?rest_route=\/wp\/v2\/media\/8533"}],"wp:attachment":[{"href":"https:\/\/minutocerord.com\/index.php?rest_route=%2Fwp%2Fv2%2Fmedia&parent=8532"}],"wp:term":[{"taxonomy":"category","embeddable":true,"href":"https:\/\/minutocerord.com\/index.php?rest_route=%2Fwp%2Fv2%2Fcategories&post=8532"},{"taxonomy":"post_tag","embeddable":true,"href":"https:\/\/minutocerord.com\/index.php?rest_route=%2Fwp%2Fv2%2Ftags&post=8532"}],"curies":[{"name":"wp","href":"https:\/\/api.w.org\/{rel}","templated":true}]}}