{"id":8541,"date":"2022-04-20T17:16:58","date_gmt":"2022-04-20T21:16:58","guid":{"rendered":"https:\/\/minutocerord.com\/?p=8541"},"modified":"2022-04-20T17:29:13","modified_gmt":"2022-04-20T21:29:13","slug":"dictan-un-ano-de-prision-preventiva-contra-mujer-intento-ahorcar-a-su-hija","status":"publish","type":"post","link":"https:\/\/minutocerord.com\/?p=8541","title":{"rendered":"Dictan un a\u00f1o de prisi\u00f3n preventiva contra mujer intent\u00f3 ahorcar a su hija"},"content":{"rendered":"\n<p><strong>La Vega.- <\/strong>La Oficina de Atenci\u00f3n Permanente de los Servicios Judiciales de esta jurisdicci\u00f3n, dict\u00f3 un a\u00f1o de prisi\u00f3n preventiva como medida de coerci\u00f3n contra una mujer que intento ahorcar a su hija de 2 a\u00f1os.<\/p>\n\n\n\n<p>Al ofrecer los detalles, la Procuradora Fiscal de La Vega, Aura Luz Garc\u00eda, se\u00f1al\u00f3 que debido al alto grado de vulnerabilidad que presenta la ni\u00f1a agredida, dicho tribunal acogi\u00f3 la medida del Ministerio P\u00fablico.<\/p>\n\n\n\n<p>A la agresora se le acus\u00f3&nbsp; de incurrir en actos de tortura y&nbsp; barbarie al intentar ahorcar a la ni\u00f1a con una s\u00e1bana, en su residencia en La Vega.<\/p>\n\n\n\n<p>Una vez enterada las autoridades del hecho, la menor de dos a\u00f1os se encuentra en un albergue de paso del Consejo Nacional de la Ni\u00f1ez en esa ciudad.<\/p>\n","protected":false},"excerpt":{"rendered":"<p>La Vega.- La Oficina de Atenci\u00f3n Permanente de los Servicios Judiciales de esta jurisdicci\u00f3n, dict\u00f3 un a\u00f1o de prisi\u00f3n preventiva como medida de coerci\u00f3n contra una mujer que intento ahorcar a su hija de 2 a\u00f1os. Al ofrecer los detalles, la Procuradora Fiscal de La Vega, Aura Luz Garc\u00eda, se\u00f1al\u00f3 que debido al alto grado [&hellip;]<\/p>\n","protected":false},"author":1,"featured_media":8542,"comment_status":"open","ping_status":"open","sticky":false,"template":"","format":"standard","meta":{"nf_dc_page":"","jetpack_post_was_ever_published":false,"_jetpack_newsletter_access":"","_jetpack_dont_email_post_to_subs":false,"_jetpack_newsletter_tier_id":0,"_jetpack_memberships_contains_paywalled_content":false,"_jetpack_memberships_contains_paid_content":false,"footnotes":"","jetpack_publicize_message":"","jetpack_publicize_feature_enabled":true,"jetpack_social_post_already_shared":false,"jetpack_social_options":{"image_generator_settings":{"template":"highway","default_image_id":0,"font":"","enabled":false},"version":2}},"categories":[93],"tags":[],"class_list":["post-8541","post","type-post","status-publish","format-standard","has-post-thumbnail","hentry","category-justicia"],"yoast_head":"<!-- This site is optimized with the Yoast SEO plugin v27.4 - https:\/\/yoast.com\/product\/yoast-seo-wordpress\/ -->\n<title>Dictan un a\u00f1o de prisi\u00f3n preventiva contra mujer intent\u00f3 ahorcar a su hija - Minuto Cero RD<\/title>\n<meta name=\"robots\" content=\"index, follow, max-snippet:-1, max-image-preview:large, max-video-preview:-1\" \/>\n<link rel=\"canonical\" href=\"https:\/\/minutocerord.com\/?p=8541\" \/>\n<meta property=\"og:locale\" content=\"es_ES\" \/>\n<meta property=\"og:type\" content=\"article\" \/>\n<meta property=\"og:title\" content=\"Dictan un a\u00f1o de prisi\u00f3n preventiva contra mujer intent\u00f3 ahorcar a su hija - Minuto Cero RD\" \/>\n<meta property=\"og:description\" content=\"La Vega.- La Oficina de Atenci\u00f3n Permanente de los Servicios Judiciales de esta jurisdicci\u00f3n, dict\u00f3 un a\u00f1o de prisi\u00f3n preventiva como medida de coerci\u00f3n contra una mujer que intento ahorcar a su hija de 2 a\u00f1os. Al ofrecer los detalles, la Procuradora Fiscal de La Vega, Aura Luz Garc\u00eda, se\u00f1al\u00f3 que debido al alto grado [&hellip;]\" \/>\n<meta property=\"og:url\" content=\"https:\/\/minutocerord.com\/?p=8541\" \/>\n<meta property=\"og:site_name\" content=\"Minuto Cero RD\" \/>\n<meta property=\"article:publisher\" content=\"https:\/\/www.facebook.com\/Genofnotes\" \/>\n<meta property=\"article:author\" content=\"https:\/\/www.facebook.com\/Genofnotes\" \/>\n<meta property=\"article:published_time\" content=\"2022-04-20T21:16:58+00:00\" \/>\n<meta property=\"article:modified_time\" content=\"2022-04-20T21:29:13+00:00\" \/>\n<meta property=\"og:image\" content=\"https:\/\/i0.wp.com\/minutocerord.com\/wp-content\/uploads\/2022\/04\/SSSSSSSSSSSSSSSS.png?fit=1418%2C917&ssl=1\" \/>\n\t<meta property=\"og:image:width\" content=\"1418\" \/>\n\t<meta property=\"og:image:height\" content=\"917\" \/>\n\t<meta property=\"og:image:type\" content=\"image\/png\" \/>\n<meta name=\"author\" content=\"Genof\u00f3ntes Urb\u00e1ez\" \/>\n<meta name=\"twitter:card\" content=\"summary_large_image\" \/>\n<meta name=\"twitter:label1\" content=\"Written by\" \/>\n\t<meta name=\"twitter:data1\" content=\"Genof\u00f3ntes Urb\u00e1ez\" \/>\n\t<meta name=\"twitter:label2\" content=\"Est. reading time\" \/>\n\t<meta name=\"twitter:data2\" content=\"1 minuto\" \/>\n<script type=\"application\/ld+json\" class=\"yoast-schema-graph\">{\"@context\":\"https:\\\/\\\/schema.org\",\"@graph\":[{\"@type\":\"Article\",\"@id\":\"https:\\\/\\\/minutocerord.com\\\/?p=8541#article\",\"isPartOf\":{\"@id\":\"https:\\\/\\\/minutocerord.com\\\/?p=8541\"},\"author\":{\"name\":\"Genof\u00f3ntes Urb\u00e1ez\",\"@id\":\"https:\\\/\\\/minutocerord.com\\\/#\\\/schema\\\/person\\\/60b5372d60aaa0a5171fb6488be9aee6\"},\"headline\":\"Dictan un a\u00f1o de prisi\u00f3n preventiva contra mujer intent\u00f3 ahorcar a su hija\",\"datePublished\":\"2022-04-20T21:16:58+00:00\",\"dateModified\":\"2022-04-20T21:29:13+00:00\",\"mainEntityOfPage\":{\"@id\":\"https:\\\/\\\/minutocerord.com\\\/?p=8541\"},\"wordCount\":158,\"commentCount\":0,\"publisher\":{\"@id\":\"https:\\\/\\\/minutocerord.com\\\/#\\\/schema\\\/person\\\/60b5372d60aaa0a5171fb6488be9aee6\"},\"image\":{\"@id\":\"https:\\\/\\\/minutocerord.com\\\/?p=8541#primaryimage\"},\"thumbnailUrl\":\"https:\\\/\\\/i0.wp.com\\\/minutocerord.com\\\/wp-content\\\/uploads\\\/2022\\\/04\\\/SSSSSSSSSSSSSSSS.png?fit=1418%2C917&ssl=1\",\"articleSection\":[\"Justicia\"],\"inLanguage\":\"es-DO\",\"potentialAction\":[{\"@type\":\"CommentAction\",\"name\":\"Comment\",\"target\":[\"https:\\\/\\\/minutocerord.com\\\/?p=8541#respond\"]}]},{\"@type\":\"WebPage\",\"@id\":\"https:\\\/\\\/minutocerord.com\\\/?p=8541\",\"url\":\"https:\\\/\\\/minutocerord.com\\\/?p=8541\",\"name\":\"Dictan un a\u00f1o de prisi\u00f3n preventiva contra mujer intent\u00f3 ahorcar a su hija - Minuto Cero RD\",\"isPartOf\":{\"@id\":\"https:\\\/\\\/minutocerord.com\\\/#website\"},\"primaryImageOfPage\":{\"@id\":\"https:\\\/\\\/minutocerord.com\\\/?p=8541#primaryimage\"},\"image\":{\"@id\":\"https:\\\/\\\/minutocerord.com\\\/?p=8541#primaryimage\"},\"thumbnailUrl\":\"https:\\\/\\\/i0.wp.com\\\/minutocerord.com\\\/wp-content\\\/uploads\\\/2022\\\/04\\\/SSSSSSSSSSSSSSSS.png?fit=1418%2C917&ssl=1\",\"datePublished\":\"2022-04-20T21:16:58+00:00\",\"dateModified\":\"2022-04-20T21:29:13+00:00\",\"breadcrumb\":{\"@id\":\"https:\\\/\\\/minutocerord.com\\\/?p=8541#breadcrumb\"},\"inLanguage\":\"es-DO\",\"potentialAction\":[{\"@type\":\"ReadAction\",\"target\":[\"https:\\\/\\\/minutocerord.com\\\/?p=8541\"]}]},{\"@type\":\"ImageObject\",\"inLanguage\":\"es-DO\",\"@id\":\"https:\\\/\\\/minutocerord.com\\\/?p=8541#primaryimage\",\"url\":\"https:\\\/\\\/i0.wp.com\\\/minutocerord.com\\\/wp-content\\\/uploads\\\/2022\\\/04\\\/SSSSSSSSSSSSSSSS.png?fit=1418%2C917&ssl=1\",\"contentUrl\":\"https:\\\/\\\/i0.wp.com\\\/minutocerord.com\\\/wp-content\\\/uploads\\\/2022\\\/04\\\/SSSSSSSSSSSSSSSS.png?fit=1418%2C917&ssl=1\",\"width\":1418,\"height\":917},{\"@type\":\"BreadcrumbList\",\"@id\":\"https:\\\/\\\/minutocerord.com\\\/?p=8541#breadcrumb\",\"itemListElement\":[{\"@type\":\"ListItem\",\"position\":1,\"name\":\"Home\",\"item\":\"https:\\\/\\\/minutocerord.com\\\/\"},{\"@type\":\"ListItem\",\"position\":2,\"name\":\"Dictan un a\u00f1o de prisi\u00f3n preventiva contra mujer intent\u00f3 ahorcar a su hija\"}]},{\"@type\":\"WebSite\",\"@id\":\"https:\\\/\\\/minutocerord.com\\\/#website\",\"url\":\"https:\\\/\\\/minutocerord.com\\\/\",\"name\":\"Minuto Cero RD\",\"description\":\"Periodismo serio y veraz\",\"publisher\":{\"@id\":\"https:\\\/\\\/minutocerord.com\\\/#\\\/schema\\\/person\\\/60b5372d60aaa0a5171fb6488be9aee6\"},\"potentialAction\":[{\"@type\":\"SearchAction\",\"target\":{\"@type\":\"EntryPoint\",\"urlTemplate\":\"https:\\\/\\\/minutocerord.com\\\/?s={search_term_string}\"},\"query-input\":{\"@type\":\"PropertyValueSpecification\",\"valueRequired\":true,\"valueName\":\"search_term_string\"}}],\"inLanguage\":\"es-DO\"},{\"@type\":[\"Person\",\"Organization\"],\"@id\":\"https:\\\/\\\/minutocerord.com\\\/#\\\/schema\\\/person\\\/60b5372d60aaa0a5171fb6488be9aee6\",\"name\":\"Genof\u00f3ntes Urb\u00e1ez\",\"image\":{\"@type\":\"ImageObject\",\"inLanguage\":\"es-DO\",\"@id\":\"https:\\\/\\\/secure.gravatar.com\\\/avatar\\\/a49ef3186a692098ac3e8a1612261e3ad70cf9e44553dff2929e67939a0ecb9d?s=96&d=identicon&r=g\",\"url\":\"https:\\\/\\\/secure.gravatar.com\\\/avatar\\\/a49ef3186a692098ac3e8a1612261e3ad70cf9e44553dff2929e67939a0ecb9d?s=96&d=identicon&r=g\",\"contentUrl\":\"https:\\\/\\\/secure.gravatar.com\\\/avatar\\\/a49ef3186a692098ac3e8a1612261e3ad70cf9e44553dff2929e67939a0ecb9d?s=96&d=identicon&r=g\",\"caption\":\"Genof\u00f3ntes Urb\u00e1ez\"},\"logo\":{\"@id\":\"https:\\\/\\\/secure.gravatar.com\\\/avatar\\\/a49ef3186a692098ac3e8a1612261e3ad70cf9e44553dff2929e67939a0ecb9d?s=96&d=identicon&r=g\"},\"description\":\"Periodista \\\/ Locutor\",\"sameAs\":[\"https:\\\/\\\/www.facebook.com\\\/Genofnotes\",\"https:\\\/\\\/www.instagram.com\\\/genofnotes\\\/\"]}]}<\/script>\n<!-- \/ Yoast SEO plugin. -->","yoast_head_json":{"title":"Dictan un a\u00f1o de prisi\u00f3n preventiva contra mujer intent\u00f3 ahorcar a su hija - Minuto Cero RD","robots":{"index":"index","follow":"follow","max-snippet":"max-snippet:-1","max-image-preview":"max-image-preview:large","max-video-preview":"max-video-preview:-1"},"canonical":"https:\/\/minutocerord.com\/?p=8541","og_locale":"es_ES","og_type":"article","og_title":"Dictan un a\u00f1o de prisi\u00f3n preventiva contra mujer intent\u00f3 ahorcar a su hija - Minuto Cero RD","og_description":"La Vega.- La Oficina de Atenci\u00f3n Permanente de los Servicios Judiciales de esta jurisdicci\u00f3n, dict\u00f3 un a\u00f1o de prisi\u00f3n preventiva como medida de coerci\u00f3n contra una mujer que intento ahorcar a su hija de 2 a\u00f1os. Al ofrecer los detalles, la Procuradora Fiscal de La Vega, Aura Luz Garc\u00eda, se\u00f1al\u00f3 que debido al alto grado [&hellip;]","og_url":"https:\/\/minutocerord.com\/?p=8541","og_site_name":"Minuto Cero RD","article_publisher":"https:\/\/www.facebook.com\/Genofnotes","article_author":"https:\/\/www.facebook.com\/Genofnotes","article_published_time":"2022-04-20T21:16:58+00:00","article_modified_time":"2022-04-20T21:29:13+00:00","og_image":[{"width":1418,"height":917,"url":"https:\/\/i0.wp.com\/minutocerord.com\/wp-content\/uploads\/2022\/04\/SSSSSSSSSSSSSSSS.png?fit=1418%2C917&ssl=1","type":"image\/png"}],"author":"Genof\u00f3ntes Urb\u00e1ez","twitter_card":"summary_large_image","twitter_misc":{"Written by":"Genof\u00f3ntes Urb\u00e1ez","Est. reading time":"1 minuto"},"schema":{"@context":"https:\/\/schema.org","@graph":[{"@type":"Article","@id":"https:\/\/minutocerord.com\/?p=8541#article","isPartOf":{"@id":"https:\/\/minutocerord.com\/?p=8541"},"author":{"name":"Genof\u00f3ntes Urb\u00e1ez","@id":"https:\/\/minutocerord.com\/#\/schema\/person\/60b5372d60aaa0a5171fb6488be9aee6"},"headline":"Dictan un a\u00f1o de prisi\u00f3n preventiva contra mujer intent\u00f3 ahorcar a su hija","datePublished":"2022-04-20T21:16:58+00:00","dateModified":"2022-04-20T21:29:13+00:00","mainEntityOfPage":{"@id":"https:\/\/minutocerord.com\/?p=8541"},"wordCount":158,"commentCount":0,"publisher":{"@id":"https:\/\/minutocerord.com\/#\/schema\/person\/60b5372d60aaa0a5171fb6488be9aee6"},"image":{"@id":"https:\/\/minutocerord.com\/?p=8541#primaryimage"},"thumbnailUrl":"https:\/\/i0.wp.com\/minutocerord.com\/wp-content\/uploads\/2022\/04\/SSSSSSSSSSSSSSSS.png?fit=1418%2C917&ssl=1","articleSection":["Justicia"],"inLanguage":"es-DO","potentialAction":[{"@type":"CommentAction","name":"Comment","target":["https:\/\/minutocerord.com\/?p=8541#respond"]}]},{"@type":"WebPage","@id":"https:\/\/minutocerord.com\/?p=8541","url":"https:\/\/minutocerord.com\/?p=8541","name":"Dictan un a\u00f1o de prisi\u00f3n preventiva contra mujer intent\u00f3 ahorcar a su hija - Minuto Cero RD","isPartOf":{"@id":"https:\/\/minutocerord.com\/#website"},"primaryImageOfPage":{"@id":"https:\/\/minutocerord.com\/?p=8541#primaryimage"},"image":{"@id":"https:\/\/minutocerord.com\/?p=8541#primaryimage"},"thumbnailUrl":"https:\/\/i0.wp.com\/minutocerord.com\/wp-content\/uploads\/2022\/04\/SSSSSSSSSSSSSSSS.png?fit=1418%2C917&ssl=1","datePublished":"2022-04-20T21:16:58+00:00","dateModified":"2022-04-20T21:29:13+00:00","breadcrumb":{"@id":"https:\/\/minutocerord.com\/?p=8541#breadcrumb"},"inLanguage":"es-DO","potentialAction":[{"@type":"ReadAction","target":["https:\/\/minutocerord.com\/?p=8541"]}]},{"@type":"ImageObject","inLanguage":"es-DO","@id":"https:\/\/minutocerord.com\/?p=8541#primaryimage","url":"https:\/\/i0.wp.com\/minutocerord.com\/wp-content\/uploads\/2022\/04\/SSSSSSSSSSSSSSSS.png?fit=1418%2C917&ssl=1","contentUrl":"https:\/\/i0.wp.com\/minutocerord.com\/wp-content\/uploads\/2022\/04\/SSSSSSSSSSSSSSSS.png?fit=1418%2C917&ssl=1","width":1418,"height":917},{"@type":"BreadcrumbList","@id":"https:\/\/minutocerord.com\/?p=8541#breadcrumb","itemListElement":[{"@type":"ListItem","position":1,"name":"Home","item":"https:\/\/minutocerord.com\/"},{"@type":"ListItem","position":2,"name":"Dictan un a\u00f1o de prisi\u00f3n preventiva contra mujer intent\u00f3 ahorcar a su hija"}]},{"@type":"WebSite","@id":"https:\/\/minutocerord.com\/#website","url":"https:\/\/minutocerord.com\/","name":"Minuto Cero RD","description":"Periodismo serio y veraz","publisher":{"@id":"https:\/\/minutocerord.com\/#\/schema\/person\/60b5372d60aaa0a5171fb6488be9aee6"},"potentialAction":[{"@type":"SearchAction","target":{"@type":"EntryPoint","urlTemplate":"https:\/\/minutocerord.com\/?s={search_term_string}"},"query-input":{"@type":"PropertyValueSpecification","valueRequired":true,"valueName":"search_term_string"}}],"inLanguage":"es-DO"},{"@type":["Person","Organization"],"@id":"https:\/\/minutocerord.com\/#\/schema\/person\/60b5372d60aaa0a5171fb6488be9aee6","name":"Genof\u00f3ntes Urb\u00e1ez","image":{"@type":"ImageObject","inLanguage":"es-DO","@id":"https:\/\/secure.gravatar.com\/avatar\/a49ef3186a692098ac3e8a1612261e3ad70cf9e44553dff2929e67939a0ecb9d?s=96&d=identicon&r=g","url":"https:\/\/secure.gravatar.com\/avatar\/a49ef3186a692098ac3e8a1612261e3ad70cf9e44553dff2929e67939a0ecb9d?s=96&d=identicon&r=g","contentUrl":"https:\/\/secure.gravatar.com\/avatar\/a49ef3186a692098ac3e8a1612261e3ad70cf9e44553dff2929e67939a0ecb9d?s=96&d=identicon&r=g","caption":"Genof\u00f3ntes Urb\u00e1ez"},"logo":{"@id":"https:\/\/secure.gravatar.com\/avatar\/a49ef3186a692098ac3e8a1612261e3ad70cf9e44553dff2929e67939a0ecb9d?s=96&d=identicon&r=g"},"description":"Periodista \/ Locutor","sameAs":["https:\/\/www.facebook.com\/Genofnotes","https:\/\/www.instagram.com\/genofnotes\/"]}]}},"jetpack_publicize_connections":[],"jetpack_featured_media_url":"https:\/\/i0.wp.com\/minutocerord.com\/wp-content\/uploads\/2022\/04\/SSSSSSSSSSSSSSSS.png?fit=1418%2C917&ssl=1","jetpack-related-posts":[],"jetpack_sharing_enabled":true,"_links":{"self":[{"href":"https:\/\/minutocerord.com\/index.php?rest_route=\/wp\/v2\/posts\/8541","targetHints":{"allow":["GET"]}}],"collection":[{"href":"https:\/\/minutocerord.com\/index.php?rest_route=\/wp\/v2\/posts"}],"about":[{"href":"https:\/\/minutocerord.com\/index.php?rest_route=\/wp\/v2\/types\/post"}],"author":[{"embeddable":true,"href":"https:\/\/minutocerord.com\/index.php?rest_route=\/wp\/v2\/users\/1"}],"replies":[{"embeddable":true,"href":"https:\/\/minutocerord.com\/index.php?rest_route=%2Fwp%2Fv2%2Fcomments&post=8541"}],"version-history":[{"count":2,"href":"https:\/\/minutocerord.com\/index.php?rest_route=\/wp\/v2\/posts\/8541\/revisions"}],"predecessor-version":[{"id":8553,"href":"https:\/\/minutocerord.com\/index.php?rest_route=\/wp\/v2\/posts\/8541\/revisions\/8553"}],"wp:featuredmedia":[{"embeddable":true,"href":"https:\/\/minutocerord.com\/index.php?rest_route=\/wp\/v2\/media\/8542"}],"wp:attachment":[{"href":"https:\/\/minutocerord.com\/index.php?rest_route=%2Fwp%2Fv2%2Fmedia&parent=8541"}],"wp:term":[{"taxonomy":"category","embeddable":true,"href":"https:\/\/minutocerord.com\/index.php?rest_route=%2Fwp%2Fv2%2Fcategories&post=8541"},{"taxonomy":"post_tag","embeddable":true,"href":"https:\/\/minutocerord.com\/index.php?rest_route=%2Fwp%2Fv2%2Ftags&post=8541"}],"curies":[{"name":"wp","href":"https:\/\/api.w.org\/{rel}","templated":true}]}}