{"id":8544,"date":"2022-04-20T17:19:32","date_gmt":"2022-04-20T21:19:32","guid":{"rendered":"https:\/\/minutocerord.com\/?p=8544"},"modified":"2022-04-20T17:20:06","modified_gmt":"2022-04-20T21:20:06","slug":"denuncian-a-rochy-rd-y-la-demente-por-supuesto-abuso-sexual-a-una-menor-de-edad","status":"publish","type":"post","link":"https:\/\/minutocerord.com\/?p=8544","title":{"rendered":"Denuncian a Rochy RD y La Demente por supuesto abuso sexual a una menor de edad"},"content":{"rendered":"\n<p><strong>Santo Domingo, RD.-<\/strong>La madre de una menor present\u00f3 una querella de agresi\u00f3n sexual a una menor de edad ante la Unidad de Violencia de G\u00e9nero y Delitos Sexuales de la Fiscal\u00eda de Santo Domingo Este contra el artista urbano Aderly Ram\u00edrez, conocido como Rochy RD, y la tambi\u00e9n exponente La Demente.<\/p>\n\n\n\n<p>El abogado apoderado Jean Cristofer P\u00e9rez para representar a la v\u00edctima dijo a este medio que \u201cexisten elementos de pruebas suficientes que vinculan a los acusados con los cargos que se le imputan\u201d.&nbsp;&nbsp;<\/p>\n\n\n\n<p>Sin revelar el nombre de la menor, el abogado explic\u00f3 que por la naturaleza del hecho se trata de un caso de acci\u00f3n p\u00fablica, en tal sentido es el Ministerio P\u00fablico, quien est\u00e1 dirigiendo la investigaci\u00f3n y quien determinara la ocurrencia de lo sucedido, \u201cpero confiamos que en los pr\u00f3ximos d\u00edas el Ministerio P\u00fablico ordene la comparecencia de los imputados para el conocimiento de una medida de coerci\u00f3n\u201d.<\/p>\n\n\n\n<p>Se recuerda que la fiscal\u00eda de SDE, informo que el caso hab\u00eda sido recibido el s\u00e1bado 9 del presente mes, pero a\u00fan no se ha emitido ninguna orden de arresto contra el cantante y las otras figuras involucradas.<\/p>\n\n\n\n<p>De acuerdo a informaciones ofrecidas a este diario, la menor presuntamente fue llevada a una villa donde la esper\u00f3 el cantante.<a><\/a><\/p>\n\n\n\n<p>Rochy es conocido por los temas &#8220;Millonario&#8221;, &#8220;Uva bombon&#8221;, &#8220;Alta gama&#8221;, &#8220;Mi contacto&#8221;, &#8220;Rumba&#8221;, &#8220;Ella no es tuya&#8221;, entre otras.&nbsp; Adem\u00e1s, hizo popular la frase &#8220;KLK wawawa&#8221;.<\/p>\n","protected":false},"excerpt":{"rendered":"<p>Santo Domingo, RD.-La madre de una menor present\u00f3 una querella de agresi\u00f3n sexual a una menor de edad ante la Unidad de Violencia de G\u00e9nero y Delitos Sexuales de la Fiscal\u00eda de Santo Domingo Este contra el artista urbano Aderly Ram\u00edrez, conocido como Rochy RD, y la tambi\u00e9n exponente La Demente. El abogado apoderado Jean [&hellip;]<\/p>\n","protected":false},"author":1,"featured_media":8545,"comment_status":"open","ping_status":"open","sticky":false,"template":"","format":"standard","meta":{"nf_dc_page":"","jetpack_post_was_ever_published":false,"_jetpack_newsletter_access":"","_jetpack_dont_email_post_to_subs":false,"_jetpack_newsletter_tier_id":0,"_jetpack_memberships_contains_paywalled_content":false,"_jetpack_memberships_contains_paid_content":false,"footnotes":"","jetpack_publicize_message":"","jetpack_publicize_feature_enabled":true,"jetpack_social_post_already_shared":false,"jetpack_social_options":{"image_generator_settings":{"template":"highway","default_image_id":0,"font":"","enabled":false},"version":2}},"categories":[68],"tags":[],"class_list":["post-8544","post","type-post","status-publish","format-standard","has-post-thumbnail","hentry","category-entretenimiento"],"yoast_head":"<!-- This site is optimized with the Yoast SEO plugin v27.4 - https:\/\/yoast.com\/product\/yoast-seo-wordpress\/ -->\n<title>Denuncian a Rochy RD y La Demente por supuesto abuso sexual a una menor de edad - Minuto Cero RD<\/title>\n<meta name=\"robots\" content=\"index, follow, max-snippet:-1, max-image-preview:large, max-video-preview:-1\" \/>\n<link rel=\"canonical\" href=\"http:\/\/minutocerord.com\/?p=8544\" \/>\n<meta property=\"og:locale\" content=\"es_ES\" \/>\n<meta property=\"og:type\" content=\"article\" \/>\n<meta property=\"og:title\" content=\"Denuncian a Rochy RD y La Demente por supuesto abuso sexual a una menor de edad - Minuto Cero RD\" \/>\n<meta property=\"og:description\" content=\"Santo Domingo, RD.-La madre de una menor present\u00f3 una querella de agresi\u00f3n sexual a una menor de edad ante la Unidad de Violencia de G\u00e9nero y Delitos Sexuales de la Fiscal\u00eda de Santo Domingo Este contra el artista urbano Aderly Ram\u00edrez, conocido como Rochy RD, y la tambi\u00e9n exponente La Demente. El abogado apoderado Jean [&hellip;]\" \/>\n<meta property=\"og:url\" content=\"http:\/\/minutocerord.com\/?p=8544\" \/>\n<meta property=\"og:site_name\" content=\"Minuto Cero RD\" \/>\n<meta property=\"article:publisher\" content=\"https:\/\/www.facebook.com\/Genofnotes\" \/>\n<meta property=\"article:author\" content=\"https:\/\/www.facebook.com\/Genofnotes\" \/>\n<meta property=\"article:published_time\" content=\"2022-04-20T21:19:32+00:00\" \/>\n<meta property=\"article:modified_time\" content=\"2022-04-20T21:20:06+00:00\" \/>\n<meta property=\"og:image\" content=\"https:\/\/i0.wp.com\/minutocerord.com\/wp-content\/uploads\/2022\/04\/hqdefault.jpg?fit=912%2C684\" \/>\n\t<meta property=\"og:image:width\" content=\"912\" \/>\n\t<meta property=\"og:image:height\" content=\"684\" \/>\n\t<meta property=\"og:image:type\" content=\"image\/jpeg\" \/>\n<meta name=\"author\" content=\"Genof\u00f3ntes Urb\u00e1ez\" \/>\n<meta name=\"twitter:card\" content=\"summary_large_image\" \/>\n<meta name=\"twitter:label1\" content=\"Written by\" \/>\n\t<meta name=\"twitter:data1\" content=\"Genof\u00f3ntes Urb\u00e1ez\" \/>\n\t<meta name=\"twitter:label2\" content=\"Est. reading time\" \/>\n\t<meta name=\"twitter:data2\" content=\"2 minutos\" \/>\n<script type=\"application\/ld+json\" class=\"yoast-schema-graph\">{\"@context\":\"https:\\\/\\\/schema.org\",\"@graph\":[{\"@type\":\"Article\",\"@id\":\"http:\\\/\\\/minutocerord.com\\\/?p=8544#article\",\"isPartOf\":{\"@id\":\"http:\\\/\\\/minutocerord.com\\\/?p=8544\"},\"author\":{\"name\":\"Genof\u00f3ntes Urb\u00e1ez\",\"@id\":\"https:\\\/\\\/minutocerord.com\\\/#\\\/schema\\\/person\\\/60b5372d60aaa0a5171fb6488be9aee6\"},\"headline\":\"Denuncian a Rochy RD y La Demente por supuesto abuso sexual a una menor de edad\",\"datePublished\":\"2022-04-20T21:19:32+00:00\",\"dateModified\":\"2022-04-20T21:20:06+00:00\",\"mainEntityOfPage\":{\"@id\":\"http:\\\/\\\/minutocerord.com\\\/?p=8544\"},\"wordCount\":277,\"commentCount\":0,\"publisher\":{\"@id\":\"https:\\\/\\\/minutocerord.com\\\/#\\\/schema\\\/person\\\/60b5372d60aaa0a5171fb6488be9aee6\"},\"image\":{\"@id\":\"http:\\\/\\\/minutocerord.com\\\/?p=8544#primaryimage\"},\"thumbnailUrl\":\"https:\\\/\\\/i0.wp.com\\\/minutocerord.com\\\/wp-content\\\/uploads\\\/2022\\\/04\\\/hqdefault.jpg?fit=912%2C684&ssl=1\",\"articleSection\":[\"Entretenimiento\"],\"inLanguage\":\"es-DO\",\"potentialAction\":[{\"@type\":\"CommentAction\",\"name\":\"Comment\",\"target\":[\"http:\\\/\\\/minutocerord.com\\\/?p=8544#respond\"]}]},{\"@type\":\"WebPage\",\"@id\":\"http:\\\/\\\/minutocerord.com\\\/?p=8544\",\"url\":\"http:\\\/\\\/minutocerord.com\\\/?p=8544\",\"name\":\"Denuncian a Rochy RD y La Demente por supuesto abuso sexual a una menor de edad - Minuto Cero RD\",\"isPartOf\":{\"@id\":\"https:\\\/\\\/minutocerord.com\\\/#website\"},\"primaryImageOfPage\":{\"@id\":\"http:\\\/\\\/minutocerord.com\\\/?p=8544#primaryimage\"},\"image\":{\"@id\":\"http:\\\/\\\/minutocerord.com\\\/?p=8544#primaryimage\"},\"thumbnailUrl\":\"https:\\\/\\\/i0.wp.com\\\/minutocerord.com\\\/wp-content\\\/uploads\\\/2022\\\/04\\\/hqdefault.jpg?fit=912%2C684&ssl=1\",\"datePublished\":\"2022-04-20T21:19:32+00:00\",\"dateModified\":\"2022-04-20T21:20:06+00:00\",\"breadcrumb\":{\"@id\":\"http:\\\/\\\/minutocerord.com\\\/?p=8544#breadcrumb\"},\"inLanguage\":\"es-DO\",\"potentialAction\":[{\"@type\":\"ReadAction\",\"target\":[\"http:\\\/\\\/minutocerord.com\\\/?p=8544\"]}]},{\"@type\":\"ImageObject\",\"inLanguage\":\"es-DO\",\"@id\":\"http:\\\/\\\/minutocerord.com\\\/?p=8544#primaryimage\",\"url\":\"https:\\\/\\\/i0.wp.com\\\/minutocerord.com\\\/wp-content\\\/uploads\\\/2022\\\/04\\\/hqdefault.jpg?fit=912%2C684&ssl=1\",\"contentUrl\":\"https:\\\/\\\/i0.wp.com\\\/minutocerord.com\\\/wp-content\\\/uploads\\\/2022\\\/04\\\/hqdefault.jpg?fit=912%2C684&ssl=1\",\"width\":912,\"height\":684},{\"@type\":\"BreadcrumbList\",\"@id\":\"http:\\\/\\\/minutocerord.com\\\/?p=8544#breadcrumb\",\"itemListElement\":[{\"@type\":\"ListItem\",\"position\":1,\"name\":\"Home\",\"item\":\"https:\\\/\\\/minutocerord.com\\\/\"},{\"@type\":\"ListItem\",\"position\":2,\"name\":\"Denuncian a Rochy RD y La Demente por supuesto abuso sexual a una menor de edad\"}]},{\"@type\":\"WebSite\",\"@id\":\"https:\\\/\\\/minutocerord.com\\\/#website\",\"url\":\"https:\\\/\\\/minutocerord.com\\\/\",\"name\":\"Minuto Cero RD\",\"description\":\"Periodismo serio y veraz\",\"publisher\":{\"@id\":\"https:\\\/\\\/minutocerord.com\\\/#\\\/schema\\\/person\\\/60b5372d60aaa0a5171fb6488be9aee6\"},\"potentialAction\":[{\"@type\":\"SearchAction\",\"target\":{\"@type\":\"EntryPoint\",\"urlTemplate\":\"https:\\\/\\\/minutocerord.com\\\/?s={search_term_string}\"},\"query-input\":{\"@type\":\"PropertyValueSpecification\",\"valueRequired\":true,\"valueName\":\"search_term_string\"}}],\"inLanguage\":\"es-DO\"},{\"@type\":[\"Person\",\"Organization\"],\"@id\":\"https:\\\/\\\/minutocerord.com\\\/#\\\/schema\\\/person\\\/60b5372d60aaa0a5171fb6488be9aee6\",\"name\":\"Genof\u00f3ntes Urb\u00e1ez\",\"image\":{\"@type\":\"ImageObject\",\"inLanguage\":\"es-DO\",\"@id\":\"https:\\\/\\\/secure.gravatar.com\\\/avatar\\\/a49ef3186a692098ac3e8a1612261e3ad70cf9e44553dff2929e67939a0ecb9d?s=96&d=identicon&r=g\",\"url\":\"https:\\\/\\\/secure.gravatar.com\\\/avatar\\\/a49ef3186a692098ac3e8a1612261e3ad70cf9e44553dff2929e67939a0ecb9d?s=96&d=identicon&r=g\",\"contentUrl\":\"https:\\\/\\\/secure.gravatar.com\\\/avatar\\\/a49ef3186a692098ac3e8a1612261e3ad70cf9e44553dff2929e67939a0ecb9d?s=96&d=identicon&r=g\",\"caption\":\"Genof\u00f3ntes Urb\u00e1ez\"},\"logo\":{\"@id\":\"https:\\\/\\\/secure.gravatar.com\\\/avatar\\\/a49ef3186a692098ac3e8a1612261e3ad70cf9e44553dff2929e67939a0ecb9d?s=96&d=identicon&r=g\"},\"description\":\"Periodista \\\/ Locutor\",\"sameAs\":[\"https:\\\/\\\/www.facebook.com\\\/Genofnotes\",\"https:\\\/\\\/www.instagram.com\\\/genofnotes\\\/\"]}]}<\/script>\n<!-- \/ Yoast SEO plugin. -->","yoast_head_json":{"title":"Denuncian a Rochy RD y La Demente por supuesto abuso sexual a una menor de edad - Minuto Cero RD","robots":{"index":"index","follow":"follow","max-snippet":"max-snippet:-1","max-image-preview":"max-image-preview:large","max-video-preview":"max-video-preview:-1"},"canonical":"http:\/\/minutocerord.com\/?p=8544","og_locale":"es_ES","og_type":"article","og_title":"Denuncian a Rochy RD y La Demente por supuesto abuso sexual a una menor de edad - Minuto Cero RD","og_description":"Santo Domingo, RD.-La madre de una menor present\u00f3 una querella de agresi\u00f3n sexual a una menor de edad ante la Unidad de Violencia de G\u00e9nero y Delitos Sexuales de la Fiscal\u00eda de Santo Domingo Este contra el artista urbano Aderly Ram\u00edrez, conocido como Rochy RD, y la tambi\u00e9n exponente La Demente. El abogado apoderado Jean [&hellip;]","og_url":"http:\/\/minutocerord.com\/?p=8544","og_site_name":"Minuto Cero RD","article_publisher":"https:\/\/www.facebook.com\/Genofnotes","article_author":"https:\/\/www.facebook.com\/Genofnotes","article_published_time":"2022-04-20T21:19:32+00:00","article_modified_time":"2022-04-20T21:20:06+00:00","og_image":[{"width":912,"height":684,"url":"https:\/\/i0.wp.com\/minutocerord.com\/wp-content\/uploads\/2022\/04\/hqdefault.jpg?fit=912%2C684","type":"image\/jpeg"}],"author":"Genof\u00f3ntes Urb\u00e1ez","twitter_card":"summary_large_image","twitter_misc":{"Written by":"Genof\u00f3ntes Urb\u00e1ez","Est. reading time":"2 minutos"},"schema":{"@context":"https:\/\/schema.org","@graph":[{"@type":"Article","@id":"http:\/\/minutocerord.com\/?p=8544#article","isPartOf":{"@id":"http:\/\/minutocerord.com\/?p=8544"},"author":{"name":"Genof\u00f3ntes Urb\u00e1ez","@id":"https:\/\/minutocerord.com\/#\/schema\/person\/60b5372d60aaa0a5171fb6488be9aee6"},"headline":"Denuncian a Rochy RD y La Demente por supuesto abuso sexual a una menor de edad","datePublished":"2022-04-20T21:19:32+00:00","dateModified":"2022-04-20T21:20:06+00:00","mainEntityOfPage":{"@id":"http:\/\/minutocerord.com\/?p=8544"},"wordCount":277,"commentCount":0,"publisher":{"@id":"https:\/\/minutocerord.com\/#\/schema\/person\/60b5372d60aaa0a5171fb6488be9aee6"},"image":{"@id":"http:\/\/minutocerord.com\/?p=8544#primaryimage"},"thumbnailUrl":"https:\/\/i0.wp.com\/minutocerord.com\/wp-content\/uploads\/2022\/04\/hqdefault.jpg?fit=912%2C684&ssl=1","articleSection":["Entretenimiento"],"inLanguage":"es-DO","potentialAction":[{"@type":"CommentAction","name":"Comment","target":["http:\/\/minutocerord.com\/?p=8544#respond"]}]},{"@type":"WebPage","@id":"http:\/\/minutocerord.com\/?p=8544","url":"http:\/\/minutocerord.com\/?p=8544","name":"Denuncian a Rochy RD y La Demente por supuesto abuso sexual a una menor de edad - Minuto Cero RD","isPartOf":{"@id":"https:\/\/minutocerord.com\/#website"},"primaryImageOfPage":{"@id":"http:\/\/minutocerord.com\/?p=8544#primaryimage"},"image":{"@id":"http:\/\/minutocerord.com\/?p=8544#primaryimage"},"thumbnailUrl":"https:\/\/i0.wp.com\/minutocerord.com\/wp-content\/uploads\/2022\/04\/hqdefault.jpg?fit=912%2C684&ssl=1","datePublished":"2022-04-20T21:19:32+00:00","dateModified":"2022-04-20T21:20:06+00:00","breadcrumb":{"@id":"http:\/\/minutocerord.com\/?p=8544#breadcrumb"},"inLanguage":"es-DO","potentialAction":[{"@type":"ReadAction","target":["http:\/\/minutocerord.com\/?p=8544"]}]},{"@type":"ImageObject","inLanguage":"es-DO","@id":"http:\/\/minutocerord.com\/?p=8544#primaryimage","url":"https:\/\/i0.wp.com\/minutocerord.com\/wp-content\/uploads\/2022\/04\/hqdefault.jpg?fit=912%2C684&ssl=1","contentUrl":"https:\/\/i0.wp.com\/minutocerord.com\/wp-content\/uploads\/2022\/04\/hqdefault.jpg?fit=912%2C684&ssl=1","width":912,"height":684},{"@type":"BreadcrumbList","@id":"http:\/\/minutocerord.com\/?p=8544#breadcrumb","itemListElement":[{"@type":"ListItem","position":1,"name":"Home","item":"https:\/\/minutocerord.com\/"},{"@type":"ListItem","position":2,"name":"Denuncian a Rochy RD y La Demente por supuesto abuso sexual a una menor de edad"}]},{"@type":"WebSite","@id":"https:\/\/minutocerord.com\/#website","url":"https:\/\/minutocerord.com\/","name":"Minuto Cero RD","description":"Periodismo serio y veraz","publisher":{"@id":"https:\/\/minutocerord.com\/#\/schema\/person\/60b5372d60aaa0a5171fb6488be9aee6"},"potentialAction":[{"@type":"SearchAction","target":{"@type":"EntryPoint","urlTemplate":"https:\/\/minutocerord.com\/?s={search_term_string}"},"query-input":{"@type":"PropertyValueSpecification","valueRequired":true,"valueName":"search_term_string"}}],"inLanguage":"es-DO"},{"@type":["Person","Organization"],"@id":"https:\/\/minutocerord.com\/#\/schema\/person\/60b5372d60aaa0a5171fb6488be9aee6","name":"Genof\u00f3ntes Urb\u00e1ez","image":{"@type":"ImageObject","inLanguage":"es-DO","@id":"https:\/\/secure.gravatar.com\/avatar\/a49ef3186a692098ac3e8a1612261e3ad70cf9e44553dff2929e67939a0ecb9d?s=96&d=identicon&r=g","url":"https:\/\/secure.gravatar.com\/avatar\/a49ef3186a692098ac3e8a1612261e3ad70cf9e44553dff2929e67939a0ecb9d?s=96&d=identicon&r=g","contentUrl":"https:\/\/secure.gravatar.com\/avatar\/a49ef3186a692098ac3e8a1612261e3ad70cf9e44553dff2929e67939a0ecb9d?s=96&d=identicon&r=g","caption":"Genof\u00f3ntes Urb\u00e1ez"},"logo":{"@id":"https:\/\/secure.gravatar.com\/avatar\/a49ef3186a692098ac3e8a1612261e3ad70cf9e44553dff2929e67939a0ecb9d?s=96&d=identicon&r=g"},"description":"Periodista \/ Locutor","sameAs":["https:\/\/www.facebook.com\/Genofnotes","https:\/\/www.instagram.com\/genofnotes\/"]}]}},"jetpack_publicize_connections":[],"jetpack_featured_media_url":"https:\/\/i0.wp.com\/minutocerord.com\/wp-content\/uploads\/2022\/04\/hqdefault.jpg?fit=912%2C684&ssl=1","jetpack-related-posts":[],"jetpack_sharing_enabled":true,"_links":{"self":[{"href":"https:\/\/minutocerord.com\/index.php?rest_route=\/wp\/v2\/posts\/8544","targetHints":{"allow":["GET"]}}],"collection":[{"href":"https:\/\/minutocerord.com\/index.php?rest_route=\/wp\/v2\/posts"}],"about":[{"href":"https:\/\/minutocerord.com\/index.php?rest_route=\/wp\/v2\/types\/post"}],"author":[{"embeddable":true,"href":"https:\/\/minutocerord.com\/index.php?rest_route=\/wp\/v2\/users\/1"}],"replies":[{"embeddable":true,"href":"https:\/\/minutocerord.com\/index.php?rest_route=%2Fwp%2Fv2%2Fcomments&post=8544"}],"version-history":[{"count":1,"href":"https:\/\/minutocerord.com\/index.php?rest_route=\/wp\/v2\/posts\/8544\/revisions"}],"predecessor-version":[{"id":8546,"href":"https:\/\/minutocerord.com\/index.php?rest_route=\/wp\/v2\/posts\/8544\/revisions\/8546"}],"wp:featuredmedia":[{"embeddable":true,"href":"https:\/\/minutocerord.com\/index.php?rest_route=\/wp\/v2\/media\/8545"}],"wp:attachment":[{"href":"https:\/\/minutocerord.com\/index.php?rest_route=%2Fwp%2Fv2%2Fmedia&parent=8544"}],"wp:term":[{"taxonomy":"category","embeddable":true,"href":"https:\/\/minutocerord.com\/index.php?rest_route=%2Fwp%2Fv2%2Fcategories&post=8544"},{"taxonomy":"post_tag","embeddable":true,"href":"https:\/\/minutocerord.com\/index.php?rest_route=%2Fwp%2Fv2%2Ftags&post=8544"}],"curies":[{"name":"wp","href":"https:\/\/api.w.org\/{rel}","templated":true}]}}