{"id":8550,"date":"2022-04-20T17:27:36","date_gmt":"2022-04-20T21:27:36","guid":{"rendered":"https:\/\/minutocerord.com\/?p=8550"},"modified":"2022-04-20T17:27:56","modified_gmt":"2022-04-20T21:27:56","slug":"ratifican-20-anos-de-carcel-a-gabriel-villanueva-por-muerte-de-andreea-celea","status":"publish","type":"post","link":"https:\/\/minutocerord.com\/?p=8550","title":{"rendered":"Ratifican 20 a\u00f1os de c\u00e1rcel a Gabriel Villanueva por muerte de Andreea Celea"},"content":{"rendered":"\n<p><strong>Santo Domingo.-<\/strong> La Primera Sala de la Corte de Apelaci\u00f3n del Distrito Nacional confirm\u00f3 este mi\u00e9rcoles la pena de 20 a\u00f1os de prisi\u00f3n impuesta a Gabriel Villanueva, declararlo culpable del homicidio, en 2018, de Andreea Celea, una joven rumana de 21 a\u00f1os con la que mantuvo una relaci\u00f3n sentimental.<\/p>\n\n\n\n<p>El tribunal rechaz\u00f3 de esta manera un recurso de apelaci\u00f3n que interpuso Villanueva en contra de la sentencia dictada en su contra hace un a\u00f1o por el Segundo Tribunal Colegiado del Distrito Nacional.<\/p>\n\n\n\n<p>Tras la decisi\u00f3n adoptada hoy, la abogada del hombre, Marlene Guerrero, dijo a la prensa que \u00abcontinuar\u00e1n batallando\u00bb hasta lograr la \u00abcorrecta aplicaci\u00f3n del derecho\u00bb en el caso de su defendido.<\/p>\n\n\n\n<p>Incluso, la abogada no descart\u00f3 llevar el caso a la Suprema Corte de Justicia.<\/p>\n\n\n\n<p>Celea cay\u00f3 desde la habitaci\u00f3n de un hotel de esta capital de la Rep\u00fablica Dominicana que ambos ocupaban la noche del 31 de agosto de 2018, hecho que el tribunal que le conden\u00f3 el a\u00f1o pasado calific\u00f3 como homicidio, frente al argumento de la defensa de Villanueva, que siempre ha afirmado que el hecho fue un suicidio.<\/p>\n\n\n\n<p>El Ministerio P\u00fablico expuso durante el juicio que la v\u00edctima padec\u00eda una situaci\u00f3n de violencia a manos del acusado, tal y como corroboraron los testigos que declararon sobre esta circunstancia que, de hecho, supuso que la joven obtuviera una orden de protecci\u00f3n.EFE<\/p>\n","protected":false},"excerpt":{"rendered":"<p>Santo Domingo.- La Primera Sala de la Corte de Apelaci\u00f3n del Distrito Nacional confirm\u00f3 este mi\u00e9rcoles la pena de 20 a\u00f1os de prisi\u00f3n impuesta a Gabriel Villanueva, declararlo culpable del homicidio, en 2018, de Andreea Celea, una joven rumana de 21 a\u00f1os con la que mantuvo una relaci\u00f3n sentimental. El tribunal rechaz\u00f3 de esta manera [&hellip;]<\/p>\n","protected":false},"author":1,"featured_media":8551,"comment_status":"open","ping_status":"open","sticky":false,"template":"","format":"standard","meta":{"nf_dc_page":"","jetpack_post_was_ever_published":false,"_jetpack_newsletter_access":"","_jetpack_dont_email_post_to_subs":false,"_jetpack_newsletter_tier_id":0,"_jetpack_memberships_contains_paywalled_content":false,"_jetpack_memberships_contains_paid_content":false,"footnotes":"","jetpack_publicize_message":"","jetpack_publicize_feature_enabled":true,"jetpack_social_post_already_shared":false,"jetpack_social_options":{"image_generator_settings":{"template":"highway","default_image_id":0,"font":"","enabled":false},"version":2}},"categories":[93],"tags":[],"class_list":["post-8550","post","type-post","status-publish","format-standard","has-post-thumbnail","hentry","category-justicia"],"yoast_head":"<!-- This site is optimized with the Yoast SEO plugin v27.4 - https:\/\/yoast.com\/product\/yoast-seo-wordpress\/ -->\n<title>Ratifican 20 a\u00f1os de c\u00e1rcel a Gabriel Villanueva por muerte de Andreea Celea - Minuto Cero RD<\/title>\n<meta name=\"robots\" content=\"index, follow, max-snippet:-1, max-image-preview:large, max-video-preview:-1\" \/>\n<link rel=\"canonical\" href=\"http:\/\/minutocerord.com\/?p=8550\" \/>\n<meta property=\"og:locale\" content=\"es_ES\" \/>\n<meta property=\"og:type\" content=\"article\" \/>\n<meta property=\"og:title\" content=\"Ratifican 20 a\u00f1os de c\u00e1rcel a Gabriel Villanueva por muerte de Andreea Celea - Minuto Cero RD\" \/>\n<meta property=\"og:description\" content=\"Santo Domingo.- La Primera Sala de la Corte de Apelaci\u00f3n del Distrito Nacional confirm\u00f3 este mi\u00e9rcoles la pena de 20 a\u00f1os de prisi\u00f3n impuesta a Gabriel Villanueva, declararlo culpable del homicidio, en 2018, de Andreea Celea, una joven rumana de 21 a\u00f1os con la que mantuvo una relaci\u00f3n sentimental. El tribunal rechaz\u00f3 de esta manera [&hellip;]\" \/>\n<meta property=\"og:url\" content=\"http:\/\/minutocerord.com\/?p=8550\" \/>\n<meta property=\"og:site_name\" content=\"Minuto Cero RD\" \/>\n<meta property=\"article:publisher\" content=\"https:\/\/www.facebook.com\/Genofnotes\" \/>\n<meta property=\"article:author\" content=\"https:\/\/www.facebook.com\/Genofnotes\" \/>\n<meta property=\"article:published_time\" content=\"2022-04-20T21:27:36+00:00\" \/>\n<meta property=\"article:modified_time\" content=\"2022-04-20T21:27:56+00:00\" \/>\n<meta property=\"og:image\" content=\"https:\/\/i0.wp.com\/minutocerord.com\/wp-content\/uploads\/2022\/04\/Captura-3.png?fit=1019%2C658\" \/>\n\t<meta property=\"og:image:width\" content=\"1019\" \/>\n\t<meta property=\"og:image:height\" content=\"658\" \/>\n\t<meta property=\"og:image:type\" content=\"image\/png\" \/>\n<meta name=\"author\" content=\"Genof\u00f3ntes Urb\u00e1ez\" \/>\n<meta name=\"twitter:card\" content=\"summary_large_image\" \/>\n<meta name=\"twitter:label1\" content=\"Written by\" \/>\n\t<meta name=\"twitter:data1\" content=\"Genof\u00f3ntes Urb\u00e1ez\" \/>\n\t<meta name=\"twitter:label2\" content=\"Est. reading time\" \/>\n\t<meta name=\"twitter:data2\" content=\"2 minutos\" \/>\n<script type=\"application\/ld+json\" class=\"yoast-schema-graph\">{\"@context\":\"https:\\\/\\\/schema.org\",\"@graph\":[{\"@type\":\"Article\",\"@id\":\"http:\\\/\\\/minutocerord.com\\\/?p=8550#article\",\"isPartOf\":{\"@id\":\"http:\\\/\\\/minutocerord.com\\\/?p=8550\"},\"author\":{\"name\":\"Genof\u00f3ntes Urb\u00e1ez\",\"@id\":\"https:\\\/\\\/minutocerord.com\\\/#\\\/schema\\\/person\\\/60b5372d60aaa0a5171fb6488be9aee6\"},\"headline\":\"Ratifican 20 a\u00f1os de c\u00e1rcel a Gabriel Villanueva por muerte de Andreea Celea\",\"datePublished\":\"2022-04-20T21:27:36+00:00\",\"dateModified\":\"2022-04-20T21:27:56+00:00\",\"mainEntityOfPage\":{\"@id\":\"http:\\\/\\\/minutocerord.com\\\/?p=8550\"},\"wordCount\":256,\"commentCount\":0,\"publisher\":{\"@id\":\"https:\\\/\\\/minutocerord.com\\\/#\\\/schema\\\/person\\\/60b5372d60aaa0a5171fb6488be9aee6\"},\"image\":{\"@id\":\"http:\\\/\\\/minutocerord.com\\\/?p=8550#primaryimage\"},\"thumbnailUrl\":\"https:\\\/\\\/i0.wp.com\\\/minutocerord.com\\\/wp-content\\\/uploads\\\/2022\\\/04\\\/Captura-3.png?fit=1019%2C658&ssl=1\",\"articleSection\":[\"Justicia\"],\"inLanguage\":\"es-DO\",\"potentialAction\":[{\"@type\":\"CommentAction\",\"name\":\"Comment\",\"target\":[\"http:\\\/\\\/minutocerord.com\\\/?p=8550#respond\"]}]},{\"@type\":\"WebPage\",\"@id\":\"http:\\\/\\\/minutocerord.com\\\/?p=8550\",\"url\":\"http:\\\/\\\/minutocerord.com\\\/?p=8550\",\"name\":\"Ratifican 20 a\u00f1os de c\u00e1rcel a Gabriel Villanueva por muerte de Andreea Celea - Minuto Cero RD\",\"isPartOf\":{\"@id\":\"https:\\\/\\\/minutocerord.com\\\/#website\"},\"primaryImageOfPage\":{\"@id\":\"http:\\\/\\\/minutocerord.com\\\/?p=8550#primaryimage\"},\"image\":{\"@id\":\"http:\\\/\\\/minutocerord.com\\\/?p=8550#primaryimage\"},\"thumbnailUrl\":\"https:\\\/\\\/i0.wp.com\\\/minutocerord.com\\\/wp-content\\\/uploads\\\/2022\\\/04\\\/Captura-3.png?fit=1019%2C658&ssl=1\",\"datePublished\":\"2022-04-20T21:27:36+00:00\",\"dateModified\":\"2022-04-20T21:27:56+00:00\",\"breadcrumb\":{\"@id\":\"http:\\\/\\\/minutocerord.com\\\/?p=8550#breadcrumb\"},\"inLanguage\":\"es-DO\",\"potentialAction\":[{\"@type\":\"ReadAction\",\"target\":[\"http:\\\/\\\/minutocerord.com\\\/?p=8550\"]}]},{\"@type\":\"ImageObject\",\"inLanguage\":\"es-DO\",\"@id\":\"http:\\\/\\\/minutocerord.com\\\/?p=8550#primaryimage\",\"url\":\"https:\\\/\\\/i0.wp.com\\\/minutocerord.com\\\/wp-content\\\/uploads\\\/2022\\\/04\\\/Captura-3.png?fit=1019%2C658&ssl=1\",\"contentUrl\":\"https:\\\/\\\/i0.wp.com\\\/minutocerord.com\\\/wp-content\\\/uploads\\\/2022\\\/04\\\/Captura-3.png?fit=1019%2C658&ssl=1\",\"width\":1019,\"height\":658},{\"@type\":\"BreadcrumbList\",\"@id\":\"http:\\\/\\\/minutocerord.com\\\/?p=8550#breadcrumb\",\"itemListElement\":[{\"@type\":\"ListItem\",\"position\":1,\"name\":\"Home\",\"item\":\"https:\\\/\\\/minutocerord.com\\\/\"},{\"@type\":\"ListItem\",\"position\":2,\"name\":\"Ratifican 20 a\u00f1os de c\u00e1rcel a Gabriel Villanueva por muerte de Andreea Celea\"}]},{\"@type\":\"WebSite\",\"@id\":\"https:\\\/\\\/minutocerord.com\\\/#website\",\"url\":\"https:\\\/\\\/minutocerord.com\\\/\",\"name\":\"Minuto Cero RD\",\"description\":\"Periodismo serio y veraz\",\"publisher\":{\"@id\":\"https:\\\/\\\/minutocerord.com\\\/#\\\/schema\\\/person\\\/60b5372d60aaa0a5171fb6488be9aee6\"},\"potentialAction\":[{\"@type\":\"SearchAction\",\"target\":{\"@type\":\"EntryPoint\",\"urlTemplate\":\"https:\\\/\\\/minutocerord.com\\\/?s={search_term_string}\"},\"query-input\":{\"@type\":\"PropertyValueSpecification\",\"valueRequired\":true,\"valueName\":\"search_term_string\"}}],\"inLanguage\":\"es-DO\"},{\"@type\":[\"Person\",\"Organization\"],\"@id\":\"https:\\\/\\\/minutocerord.com\\\/#\\\/schema\\\/person\\\/60b5372d60aaa0a5171fb6488be9aee6\",\"name\":\"Genof\u00f3ntes Urb\u00e1ez\",\"image\":{\"@type\":\"ImageObject\",\"inLanguage\":\"es-DO\",\"@id\":\"https:\\\/\\\/secure.gravatar.com\\\/avatar\\\/a49ef3186a692098ac3e8a1612261e3ad70cf9e44553dff2929e67939a0ecb9d?s=96&d=identicon&r=g\",\"url\":\"https:\\\/\\\/secure.gravatar.com\\\/avatar\\\/a49ef3186a692098ac3e8a1612261e3ad70cf9e44553dff2929e67939a0ecb9d?s=96&d=identicon&r=g\",\"contentUrl\":\"https:\\\/\\\/secure.gravatar.com\\\/avatar\\\/a49ef3186a692098ac3e8a1612261e3ad70cf9e44553dff2929e67939a0ecb9d?s=96&d=identicon&r=g\",\"caption\":\"Genof\u00f3ntes Urb\u00e1ez\"},\"logo\":{\"@id\":\"https:\\\/\\\/secure.gravatar.com\\\/avatar\\\/a49ef3186a692098ac3e8a1612261e3ad70cf9e44553dff2929e67939a0ecb9d?s=96&d=identicon&r=g\"},\"description\":\"Periodista \\\/ Locutor\",\"sameAs\":[\"https:\\\/\\\/www.facebook.com\\\/Genofnotes\",\"https:\\\/\\\/www.instagram.com\\\/genofnotes\\\/\"]}]}<\/script>\n<!-- \/ Yoast SEO plugin. -->","yoast_head_json":{"title":"Ratifican 20 a\u00f1os de c\u00e1rcel a Gabriel Villanueva por muerte de Andreea Celea - Minuto Cero RD","robots":{"index":"index","follow":"follow","max-snippet":"max-snippet:-1","max-image-preview":"max-image-preview:large","max-video-preview":"max-video-preview:-1"},"canonical":"http:\/\/minutocerord.com\/?p=8550","og_locale":"es_ES","og_type":"article","og_title":"Ratifican 20 a\u00f1os de c\u00e1rcel a Gabriel Villanueva por muerte de Andreea Celea - Minuto Cero RD","og_description":"Santo Domingo.- La Primera Sala de la Corte de Apelaci\u00f3n del Distrito Nacional confirm\u00f3 este mi\u00e9rcoles la pena de 20 a\u00f1os de prisi\u00f3n impuesta a Gabriel Villanueva, declararlo culpable del homicidio, en 2018, de Andreea Celea, una joven rumana de 21 a\u00f1os con la que mantuvo una relaci\u00f3n sentimental. El tribunal rechaz\u00f3 de esta manera [&hellip;]","og_url":"http:\/\/minutocerord.com\/?p=8550","og_site_name":"Minuto Cero RD","article_publisher":"https:\/\/www.facebook.com\/Genofnotes","article_author":"https:\/\/www.facebook.com\/Genofnotes","article_published_time":"2022-04-20T21:27:36+00:00","article_modified_time":"2022-04-20T21:27:56+00:00","og_image":[{"width":1019,"height":658,"url":"https:\/\/i0.wp.com\/minutocerord.com\/wp-content\/uploads\/2022\/04\/Captura-3.png?fit=1019%2C658","type":"image\/png"}],"author":"Genof\u00f3ntes Urb\u00e1ez","twitter_card":"summary_large_image","twitter_misc":{"Written by":"Genof\u00f3ntes Urb\u00e1ez","Est. reading time":"2 minutos"},"schema":{"@context":"https:\/\/schema.org","@graph":[{"@type":"Article","@id":"http:\/\/minutocerord.com\/?p=8550#article","isPartOf":{"@id":"http:\/\/minutocerord.com\/?p=8550"},"author":{"name":"Genof\u00f3ntes Urb\u00e1ez","@id":"https:\/\/minutocerord.com\/#\/schema\/person\/60b5372d60aaa0a5171fb6488be9aee6"},"headline":"Ratifican 20 a\u00f1os de c\u00e1rcel a Gabriel Villanueva por muerte de Andreea Celea","datePublished":"2022-04-20T21:27:36+00:00","dateModified":"2022-04-20T21:27:56+00:00","mainEntityOfPage":{"@id":"http:\/\/minutocerord.com\/?p=8550"},"wordCount":256,"commentCount":0,"publisher":{"@id":"https:\/\/minutocerord.com\/#\/schema\/person\/60b5372d60aaa0a5171fb6488be9aee6"},"image":{"@id":"http:\/\/minutocerord.com\/?p=8550#primaryimage"},"thumbnailUrl":"https:\/\/i0.wp.com\/minutocerord.com\/wp-content\/uploads\/2022\/04\/Captura-3.png?fit=1019%2C658&ssl=1","articleSection":["Justicia"],"inLanguage":"es-DO","potentialAction":[{"@type":"CommentAction","name":"Comment","target":["http:\/\/minutocerord.com\/?p=8550#respond"]}]},{"@type":"WebPage","@id":"http:\/\/minutocerord.com\/?p=8550","url":"http:\/\/minutocerord.com\/?p=8550","name":"Ratifican 20 a\u00f1os de c\u00e1rcel a Gabriel Villanueva por muerte de Andreea Celea - Minuto Cero RD","isPartOf":{"@id":"https:\/\/minutocerord.com\/#website"},"primaryImageOfPage":{"@id":"http:\/\/minutocerord.com\/?p=8550#primaryimage"},"image":{"@id":"http:\/\/minutocerord.com\/?p=8550#primaryimage"},"thumbnailUrl":"https:\/\/i0.wp.com\/minutocerord.com\/wp-content\/uploads\/2022\/04\/Captura-3.png?fit=1019%2C658&ssl=1","datePublished":"2022-04-20T21:27:36+00:00","dateModified":"2022-04-20T21:27:56+00:00","breadcrumb":{"@id":"http:\/\/minutocerord.com\/?p=8550#breadcrumb"},"inLanguage":"es-DO","potentialAction":[{"@type":"ReadAction","target":["http:\/\/minutocerord.com\/?p=8550"]}]},{"@type":"ImageObject","inLanguage":"es-DO","@id":"http:\/\/minutocerord.com\/?p=8550#primaryimage","url":"https:\/\/i0.wp.com\/minutocerord.com\/wp-content\/uploads\/2022\/04\/Captura-3.png?fit=1019%2C658&ssl=1","contentUrl":"https:\/\/i0.wp.com\/minutocerord.com\/wp-content\/uploads\/2022\/04\/Captura-3.png?fit=1019%2C658&ssl=1","width":1019,"height":658},{"@type":"BreadcrumbList","@id":"http:\/\/minutocerord.com\/?p=8550#breadcrumb","itemListElement":[{"@type":"ListItem","position":1,"name":"Home","item":"https:\/\/minutocerord.com\/"},{"@type":"ListItem","position":2,"name":"Ratifican 20 a\u00f1os de c\u00e1rcel a Gabriel Villanueva por muerte de Andreea Celea"}]},{"@type":"WebSite","@id":"https:\/\/minutocerord.com\/#website","url":"https:\/\/minutocerord.com\/","name":"Minuto Cero RD","description":"Periodismo serio y veraz","publisher":{"@id":"https:\/\/minutocerord.com\/#\/schema\/person\/60b5372d60aaa0a5171fb6488be9aee6"},"potentialAction":[{"@type":"SearchAction","target":{"@type":"EntryPoint","urlTemplate":"https:\/\/minutocerord.com\/?s={search_term_string}"},"query-input":{"@type":"PropertyValueSpecification","valueRequired":true,"valueName":"search_term_string"}}],"inLanguage":"es-DO"},{"@type":["Person","Organization"],"@id":"https:\/\/minutocerord.com\/#\/schema\/person\/60b5372d60aaa0a5171fb6488be9aee6","name":"Genof\u00f3ntes Urb\u00e1ez","image":{"@type":"ImageObject","inLanguage":"es-DO","@id":"https:\/\/secure.gravatar.com\/avatar\/a49ef3186a692098ac3e8a1612261e3ad70cf9e44553dff2929e67939a0ecb9d?s=96&d=identicon&r=g","url":"https:\/\/secure.gravatar.com\/avatar\/a49ef3186a692098ac3e8a1612261e3ad70cf9e44553dff2929e67939a0ecb9d?s=96&d=identicon&r=g","contentUrl":"https:\/\/secure.gravatar.com\/avatar\/a49ef3186a692098ac3e8a1612261e3ad70cf9e44553dff2929e67939a0ecb9d?s=96&d=identicon&r=g","caption":"Genof\u00f3ntes Urb\u00e1ez"},"logo":{"@id":"https:\/\/secure.gravatar.com\/avatar\/a49ef3186a692098ac3e8a1612261e3ad70cf9e44553dff2929e67939a0ecb9d?s=96&d=identicon&r=g"},"description":"Periodista \/ Locutor","sameAs":["https:\/\/www.facebook.com\/Genofnotes","https:\/\/www.instagram.com\/genofnotes\/"]}]}},"jetpack_publicize_connections":[],"jetpack_featured_media_url":"https:\/\/i0.wp.com\/minutocerord.com\/wp-content\/uploads\/2022\/04\/Captura-3.png?fit=1019%2C658&ssl=1","jetpack-related-posts":[],"jetpack_sharing_enabled":true,"_links":{"self":[{"href":"https:\/\/minutocerord.com\/index.php?rest_route=\/wp\/v2\/posts\/8550","targetHints":{"allow":["GET"]}}],"collection":[{"href":"https:\/\/minutocerord.com\/index.php?rest_route=\/wp\/v2\/posts"}],"about":[{"href":"https:\/\/minutocerord.com\/index.php?rest_route=\/wp\/v2\/types\/post"}],"author":[{"embeddable":true,"href":"https:\/\/minutocerord.com\/index.php?rest_route=\/wp\/v2\/users\/1"}],"replies":[{"embeddable":true,"href":"https:\/\/minutocerord.com\/index.php?rest_route=%2Fwp%2Fv2%2Fcomments&post=8550"}],"version-history":[{"count":1,"href":"https:\/\/minutocerord.com\/index.php?rest_route=\/wp\/v2\/posts\/8550\/revisions"}],"predecessor-version":[{"id":8552,"href":"https:\/\/minutocerord.com\/index.php?rest_route=\/wp\/v2\/posts\/8550\/revisions\/8552"}],"wp:featuredmedia":[{"embeddable":true,"href":"https:\/\/minutocerord.com\/index.php?rest_route=\/wp\/v2\/media\/8551"}],"wp:attachment":[{"href":"https:\/\/minutocerord.com\/index.php?rest_route=%2Fwp%2Fv2%2Fmedia&parent=8550"}],"wp:term":[{"taxonomy":"category","embeddable":true,"href":"https:\/\/minutocerord.com\/index.php?rest_route=%2Fwp%2Fv2%2Fcategories&post=8550"},{"taxonomy":"post_tag","embeddable":true,"href":"https:\/\/minutocerord.com\/index.php?rest_route=%2Fwp%2Fv2%2Ftags&post=8550"}],"curies":[{"name":"wp","href":"https:\/\/api.w.org\/{rel}","templated":true}]}}