{"id":8558,"date":"2022-04-21T01:54:18","date_gmt":"2022-04-21T05:54:18","guid":{"rendered":"https:\/\/minutocerord.com\/?p=8558"},"modified":"2022-04-21T01:54:19","modified_gmt":"2022-04-21T05:54:19","slug":"eeuu-evacuan-capitolio-por-precaucion-al-acercarse-un-avion","status":"publish","type":"post","link":"https:\/\/minutocerord.com\/?p=8558","title":{"rendered":"EEUU: Evac\u00faan Capitolio \u00abpor precauci\u00f3n\u00bb al acercarse un avi\u00f3n"},"content":{"rendered":"\n<p><strong>WASHINGTON.-<\/strong> La Polic\u00eda del Capitolio de EE.UU. orden\u00f3 este mi\u00e9rcoles la evacuaci\u00f3n inmediata de todo el edificio que aloja el Congreso estadounidense, tras detectar que se acercaba al complejo un avi\u00f3n que tild\u00f3 inicialmente de \u00abprobable amenaza\u00bb.<\/p>\n\n\n\n<p>Sin embargo, minutos despu\u00e9s de alertar sobre el tema, la Polic\u00eda del Capitolio subray\u00f3 en un tuit que la evacuaci\u00f3n se hab\u00eda producido \u00abpor precauci\u00f3n\u00bb y que \u00abno hay ninguna amenaza\u00bb activa contra la sede del Parlamento del pa\u00eds. EFE<\/p>\n","protected":false},"excerpt":{"rendered":"<p>WASHINGTON.- La Polic\u00eda del Capitolio de EE.UU. orden\u00f3 este mi\u00e9rcoles la evacuaci\u00f3n inmediata de todo el edificio que aloja el Congreso estadounidense, tras detectar que se acercaba al complejo un avi\u00f3n que tild\u00f3 inicialmente de \u00abprobable amenaza\u00bb. Sin embargo, minutos despu\u00e9s de alertar sobre el tema, la Polic\u00eda del Capitolio subray\u00f3 en un tuit que [&hellip;]<\/p>\n","protected":false},"author":1,"featured_media":8559,"comment_status":"open","ping_status":"open","sticky":false,"template":"","format":"standard","meta":{"nf_dc_page":"","jetpack_post_was_ever_published":false,"_jetpack_newsletter_access":"","_jetpack_dont_email_post_to_subs":false,"_jetpack_newsletter_tier_id":0,"_jetpack_memberships_contains_paywalled_content":false,"_jetpack_memberships_contains_paid_content":false,"footnotes":"","jetpack_publicize_message":"","jetpack_publicize_feature_enabled":true,"jetpack_social_post_already_shared":false,"jetpack_social_options":{"image_generator_settings":{"template":"highway","default_image_id":0,"font":"","enabled":false},"version":2}},"categories":[83],"tags":[],"class_list":["post-8558","post","type-post","status-publish","format-standard","has-post-thumbnail","hentry","category-estados-unidos"],"yoast_head":"<!-- This site is optimized with the Yoast SEO plugin v27.4 - https:\/\/yoast.com\/product\/yoast-seo-wordpress\/ -->\n<title>EEUU: Evac\u00faan Capitolio \u00abpor precauci\u00f3n\u00bb al acercarse un avi\u00f3n - Minuto Cero RD<\/title>\n<meta name=\"robots\" content=\"index, follow, max-snippet:-1, max-image-preview:large, max-video-preview:-1\" \/>\n<link rel=\"canonical\" href=\"http:\/\/minutocerord.com\/?p=8558\" \/>\n<meta property=\"og:locale\" content=\"es_ES\" \/>\n<meta property=\"og:type\" content=\"article\" \/>\n<meta property=\"og:title\" content=\"EEUU: Evac\u00faan Capitolio \u00abpor precauci\u00f3n\u00bb al acercarse un avi\u00f3n - Minuto Cero RD\" \/>\n<meta property=\"og:description\" content=\"WASHINGTON.- La Polic\u00eda del Capitolio de EE.UU. orden\u00f3 este mi\u00e9rcoles la evacuaci\u00f3n inmediata de todo el edificio que aloja el Congreso estadounidense, tras detectar que se acercaba al complejo un avi\u00f3n que tild\u00f3 inicialmente de \u00abprobable amenaza\u00bb. Sin embargo, minutos despu\u00e9s de alertar sobre el tema, la Polic\u00eda del Capitolio subray\u00f3 en un tuit que [&hellip;]\" \/>\n<meta property=\"og:url\" content=\"http:\/\/minutocerord.com\/?p=8558\" \/>\n<meta property=\"og:site_name\" content=\"Minuto Cero RD\" \/>\n<meta property=\"article:publisher\" content=\"https:\/\/www.facebook.com\/Genofnotes\" \/>\n<meta property=\"article:author\" content=\"https:\/\/www.facebook.com\/Genofnotes\" \/>\n<meta property=\"article:published_time\" content=\"2022-04-21T05:54:18+00:00\" \/>\n<meta property=\"article:modified_time\" content=\"2022-04-21T05:54:19+00:00\" \/>\n<meta property=\"og:image\" content=\"https:\/\/i0.wp.com\/minutocerord.com\/wp-content\/uploads\/2022\/04\/capitolio.jpg?fit=551%2C285\" \/>\n\t<meta property=\"og:image:width\" content=\"551\" \/>\n\t<meta property=\"og:image:height\" content=\"285\" \/>\n\t<meta property=\"og:image:type\" content=\"image\/jpeg\" \/>\n<meta name=\"author\" content=\"Genof\u00f3ntes Urb\u00e1ez\" \/>\n<meta name=\"twitter:card\" content=\"summary_large_image\" \/>\n<meta name=\"twitter:label1\" content=\"Written by\" \/>\n\t<meta name=\"twitter:data1\" content=\"Genof\u00f3ntes Urb\u00e1ez\" \/>\n\t<meta name=\"twitter:label2\" content=\"Est. reading time\" \/>\n\t<meta name=\"twitter:data2\" content=\"1 minuto\" \/>\n<script type=\"application\/ld+json\" class=\"yoast-schema-graph\">{\"@context\":\"https:\\\/\\\/schema.org\",\"@graph\":[{\"@type\":\"Article\",\"@id\":\"http:\\\/\\\/minutocerord.com\\\/?p=8558#article\",\"isPartOf\":{\"@id\":\"http:\\\/\\\/minutocerord.com\\\/?p=8558\"},\"author\":{\"name\":\"Genof\u00f3ntes Urb\u00e1ez\",\"@id\":\"https:\\\/\\\/minutocerord.com\\\/#\\\/schema\\\/person\\\/60b5372d60aaa0a5171fb6488be9aee6\"},\"headline\":\"EEUU: Evac\u00faan Capitolio \u00abpor precauci\u00f3n\u00bb al acercarse un avi\u00f3n\",\"datePublished\":\"2022-04-21T05:54:18+00:00\",\"dateModified\":\"2022-04-21T05:54:19+00:00\",\"mainEntityOfPage\":{\"@id\":\"http:\\\/\\\/minutocerord.com\\\/?p=8558\"},\"wordCount\":101,\"commentCount\":0,\"publisher\":{\"@id\":\"https:\\\/\\\/minutocerord.com\\\/#\\\/schema\\\/person\\\/60b5372d60aaa0a5171fb6488be9aee6\"},\"image\":{\"@id\":\"http:\\\/\\\/minutocerord.com\\\/?p=8558#primaryimage\"},\"thumbnailUrl\":\"https:\\\/\\\/i0.wp.com\\\/minutocerord.com\\\/wp-content\\\/uploads\\\/2022\\\/04\\\/capitolio.jpg?fit=551%2C285&ssl=1\",\"articleSection\":[\"Estados Unidos\"],\"inLanguage\":\"es-DO\",\"potentialAction\":[{\"@type\":\"CommentAction\",\"name\":\"Comment\",\"target\":[\"http:\\\/\\\/minutocerord.com\\\/?p=8558#respond\"]}]},{\"@type\":\"WebPage\",\"@id\":\"http:\\\/\\\/minutocerord.com\\\/?p=8558\",\"url\":\"http:\\\/\\\/minutocerord.com\\\/?p=8558\",\"name\":\"EEUU: Evac\u00faan Capitolio \u00abpor precauci\u00f3n\u00bb al acercarse un avi\u00f3n - Minuto Cero RD\",\"isPartOf\":{\"@id\":\"https:\\\/\\\/minutocerord.com\\\/#website\"},\"primaryImageOfPage\":{\"@id\":\"http:\\\/\\\/minutocerord.com\\\/?p=8558#primaryimage\"},\"image\":{\"@id\":\"http:\\\/\\\/minutocerord.com\\\/?p=8558#primaryimage\"},\"thumbnailUrl\":\"https:\\\/\\\/i0.wp.com\\\/minutocerord.com\\\/wp-content\\\/uploads\\\/2022\\\/04\\\/capitolio.jpg?fit=551%2C285&ssl=1\",\"datePublished\":\"2022-04-21T05:54:18+00:00\",\"dateModified\":\"2022-04-21T05:54:19+00:00\",\"breadcrumb\":{\"@id\":\"http:\\\/\\\/minutocerord.com\\\/?p=8558#breadcrumb\"},\"inLanguage\":\"es-DO\",\"potentialAction\":[{\"@type\":\"ReadAction\",\"target\":[\"http:\\\/\\\/minutocerord.com\\\/?p=8558\"]}]},{\"@type\":\"ImageObject\",\"inLanguage\":\"es-DO\",\"@id\":\"http:\\\/\\\/minutocerord.com\\\/?p=8558#primaryimage\",\"url\":\"https:\\\/\\\/i0.wp.com\\\/minutocerord.com\\\/wp-content\\\/uploads\\\/2022\\\/04\\\/capitolio.jpg?fit=551%2C285&ssl=1\",\"contentUrl\":\"https:\\\/\\\/i0.wp.com\\\/minutocerord.com\\\/wp-content\\\/uploads\\\/2022\\\/04\\\/capitolio.jpg?fit=551%2C285&ssl=1\",\"width\":551,\"height\":285},{\"@type\":\"BreadcrumbList\",\"@id\":\"http:\\\/\\\/minutocerord.com\\\/?p=8558#breadcrumb\",\"itemListElement\":[{\"@type\":\"ListItem\",\"position\":1,\"name\":\"Home\",\"item\":\"https:\\\/\\\/minutocerord.com\\\/\"},{\"@type\":\"ListItem\",\"position\":2,\"name\":\"EEUU: Evac\u00faan Capitolio \u00abpor precauci\u00f3n\u00bb al acercarse un avi\u00f3n\"}]},{\"@type\":\"WebSite\",\"@id\":\"https:\\\/\\\/minutocerord.com\\\/#website\",\"url\":\"https:\\\/\\\/minutocerord.com\\\/\",\"name\":\"Minuto Cero RD\",\"description\":\"Periodismo serio y veraz\",\"publisher\":{\"@id\":\"https:\\\/\\\/minutocerord.com\\\/#\\\/schema\\\/person\\\/60b5372d60aaa0a5171fb6488be9aee6\"},\"potentialAction\":[{\"@type\":\"SearchAction\",\"target\":{\"@type\":\"EntryPoint\",\"urlTemplate\":\"https:\\\/\\\/minutocerord.com\\\/?s={search_term_string}\"},\"query-input\":{\"@type\":\"PropertyValueSpecification\",\"valueRequired\":true,\"valueName\":\"search_term_string\"}}],\"inLanguage\":\"es-DO\"},{\"@type\":[\"Person\",\"Organization\"],\"@id\":\"https:\\\/\\\/minutocerord.com\\\/#\\\/schema\\\/person\\\/60b5372d60aaa0a5171fb6488be9aee6\",\"name\":\"Genof\u00f3ntes Urb\u00e1ez\",\"image\":{\"@type\":\"ImageObject\",\"inLanguage\":\"es-DO\",\"@id\":\"https:\\\/\\\/secure.gravatar.com\\\/avatar\\\/a49ef3186a692098ac3e8a1612261e3ad70cf9e44553dff2929e67939a0ecb9d?s=96&d=identicon&r=g\",\"url\":\"https:\\\/\\\/secure.gravatar.com\\\/avatar\\\/a49ef3186a692098ac3e8a1612261e3ad70cf9e44553dff2929e67939a0ecb9d?s=96&d=identicon&r=g\",\"contentUrl\":\"https:\\\/\\\/secure.gravatar.com\\\/avatar\\\/a49ef3186a692098ac3e8a1612261e3ad70cf9e44553dff2929e67939a0ecb9d?s=96&d=identicon&r=g\",\"caption\":\"Genof\u00f3ntes Urb\u00e1ez\"},\"logo\":{\"@id\":\"https:\\\/\\\/secure.gravatar.com\\\/avatar\\\/a49ef3186a692098ac3e8a1612261e3ad70cf9e44553dff2929e67939a0ecb9d?s=96&d=identicon&r=g\"},\"description\":\"Periodista \\\/ Locutor\",\"sameAs\":[\"https:\\\/\\\/www.facebook.com\\\/Genofnotes\",\"https:\\\/\\\/www.instagram.com\\\/genofnotes\\\/\"]}]}<\/script>\n<!-- \/ Yoast SEO plugin. -->","yoast_head_json":{"title":"EEUU: Evac\u00faan Capitolio \u00abpor precauci\u00f3n\u00bb al acercarse un avi\u00f3n - Minuto Cero RD","robots":{"index":"index","follow":"follow","max-snippet":"max-snippet:-1","max-image-preview":"max-image-preview:large","max-video-preview":"max-video-preview:-1"},"canonical":"http:\/\/minutocerord.com\/?p=8558","og_locale":"es_ES","og_type":"article","og_title":"EEUU: Evac\u00faan Capitolio \u00abpor precauci\u00f3n\u00bb al acercarse un avi\u00f3n - Minuto Cero RD","og_description":"WASHINGTON.- La Polic\u00eda del Capitolio de EE.UU. orden\u00f3 este mi\u00e9rcoles la evacuaci\u00f3n inmediata de todo el edificio que aloja el Congreso estadounidense, tras detectar que se acercaba al complejo un avi\u00f3n que tild\u00f3 inicialmente de \u00abprobable amenaza\u00bb. Sin embargo, minutos despu\u00e9s de alertar sobre el tema, la Polic\u00eda del Capitolio subray\u00f3 en un tuit que [&hellip;]","og_url":"http:\/\/minutocerord.com\/?p=8558","og_site_name":"Minuto Cero RD","article_publisher":"https:\/\/www.facebook.com\/Genofnotes","article_author":"https:\/\/www.facebook.com\/Genofnotes","article_published_time":"2022-04-21T05:54:18+00:00","article_modified_time":"2022-04-21T05:54:19+00:00","og_image":[{"width":551,"height":285,"url":"https:\/\/i0.wp.com\/minutocerord.com\/wp-content\/uploads\/2022\/04\/capitolio.jpg?fit=551%2C285","type":"image\/jpeg"}],"author":"Genof\u00f3ntes Urb\u00e1ez","twitter_card":"summary_large_image","twitter_misc":{"Written by":"Genof\u00f3ntes Urb\u00e1ez","Est. reading time":"1 minuto"},"schema":{"@context":"https:\/\/schema.org","@graph":[{"@type":"Article","@id":"http:\/\/minutocerord.com\/?p=8558#article","isPartOf":{"@id":"http:\/\/minutocerord.com\/?p=8558"},"author":{"name":"Genof\u00f3ntes Urb\u00e1ez","@id":"https:\/\/minutocerord.com\/#\/schema\/person\/60b5372d60aaa0a5171fb6488be9aee6"},"headline":"EEUU: Evac\u00faan Capitolio \u00abpor precauci\u00f3n\u00bb al acercarse un avi\u00f3n","datePublished":"2022-04-21T05:54:18+00:00","dateModified":"2022-04-21T05:54:19+00:00","mainEntityOfPage":{"@id":"http:\/\/minutocerord.com\/?p=8558"},"wordCount":101,"commentCount":0,"publisher":{"@id":"https:\/\/minutocerord.com\/#\/schema\/person\/60b5372d60aaa0a5171fb6488be9aee6"},"image":{"@id":"http:\/\/minutocerord.com\/?p=8558#primaryimage"},"thumbnailUrl":"https:\/\/i0.wp.com\/minutocerord.com\/wp-content\/uploads\/2022\/04\/capitolio.jpg?fit=551%2C285&ssl=1","articleSection":["Estados Unidos"],"inLanguage":"es-DO","potentialAction":[{"@type":"CommentAction","name":"Comment","target":["http:\/\/minutocerord.com\/?p=8558#respond"]}]},{"@type":"WebPage","@id":"http:\/\/minutocerord.com\/?p=8558","url":"http:\/\/minutocerord.com\/?p=8558","name":"EEUU: Evac\u00faan Capitolio \u00abpor precauci\u00f3n\u00bb al acercarse un avi\u00f3n - Minuto Cero RD","isPartOf":{"@id":"https:\/\/minutocerord.com\/#website"},"primaryImageOfPage":{"@id":"http:\/\/minutocerord.com\/?p=8558#primaryimage"},"image":{"@id":"http:\/\/minutocerord.com\/?p=8558#primaryimage"},"thumbnailUrl":"https:\/\/i0.wp.com\/minutocerord.com\/wp-content\/uploads\/2022\/04\/capitolio.jpg?fit=551%2C285&ssl=1","datePublished":"2022-04-21T05:54:18+00:00","dateModified":"2022-04-21T05:54:19+00:00","breadcrumb":{"@id":"http:\/\/minutocerord.com\/?p=8558#breadcrumb"},"inLanguage":"es-DO","potentialAction":[{"@type":"ReadAction","target":["http:\/\/minutocerord.com\/?p=8558"]}]},{"@type":"ImageObject","inLanguage":"es-DO","@id":"http:\/\/minutocerord.com\/?p=8558#primaryimage","url":"https:\/\/i0.wp.com\/minutocerord.com\/wp-content\/uploads\/2022\/04\/capitolio.jpg?fit=551%2C285&ssl=1","contentUrl":"https:\/\/i0.wp.com\/minutocerord.com\/wp-content\/uploads\/2022\/04\/capitolio.jpg?fit=551%2C285&ssl=1","width":551,"height":285},{"@type":"BreadcrumbList","@id":"http:\/\/minutocerord.com\/?p=8558#breadcrumb","itemListElement":[{"@type":"ListItem","position":1,"name":"Home","item":"https:\/\/minutocerord.com\/"},{"@type":"ListItem","position":2,"name":"EEUU: Evac\u00faan Capitolio \u00abpor precauci\u00f3n\u00bb al acercarse un avi\u00f3n"}]},{"@type":"WebSite","@id":"https:\/\/minutocerord.com\/#website","url":"https:\/\/minutocerord.com\/","name":"Minuto Cero RD","description":"Periodismo serio y veraz","publisher":{"@id":"https:\/\/minutocerord.com\/#\/schema\/person\/60b5372d60aaa0a5171fb6488be9aee6"},"potentialAction":[{"@type":"SearchAction","target":{"@type":"EntryPoint","urlTemplate":"https:\/\/minutocerord.com\/?s={search_term_string}"},"query-input":{"@type":"PropertyValueSpecification","valueRequired":true,"valueName":"search_term_string"}}],"inLanguage":"es-DO"},{"@type":["Person","Organization"],"@id":"https:\/\/minutocerord.com\/#\/schema\/person\/60b5372d60aaa0a5171fb6488be9aee6","name":"Genof\u00f3ntes Urb\u00e1ez","image":{"@type":"ImageObject","inLanguage":"es-DO","@id":"https:\/\/secure.gravatar.com\/avatar\/a49ef3186a692098ac3e8a1612261e3ad70cf9e44553dff2929e67939a0ecb9d?s=96&d=identicon&r=g","url":"https:\/\/secure.gravatar.com\/avatar\/a49ef3186a692098ac3e8a1612261e3ad70cf9e44553dff2929e67939a0ecb9d?s=96&d=identicon&r=g","contentUrl":"https:\/\/secure.gravatar.com\/avatar\/a49ef3186a692098ac3e8a1612261e3ad70cf9e44553dff2929e67939a0ecb9d?s=96&d=identicon&r=g","caption":"Genof\u00f3ntes Urb\u00e1ez"},"logo":{"@id":"https:\/\/secure.gravatar.com\/avatar\/a49ef3186a692098ac3e8a1612261e3ad70cf9e44553dff2929e67939a0ecb9d?s=96&d=identicon&r=g"},"description":"Periodista \/ Locutor","sameAs":["https:\/\/www.facebook.com\/Genofnotes","https:\/\/www.instagram.com\/genofnotes\/"]}]}},"jetpack_publicize_connections":[],"jetpack_featured_media_url":"https:\/\/i0.wp.com\/minutocerord.com\/wp-content\/uploads\/2022\/04\/capitolio.jpg?fit=551%2C285&ssl=1","jetpack-related-posts":[],"jetpack_sharing_enabled":true,"_links":{"self":[{"href":"https:\/\/minutocerord.com\/index.php?rest_route=\/wp\/v2\/posts\/8558","targetHints":{"allow":["GET"]}}],"collection":[{"href":"https:\/\/minutocerord.com\/index.php?rest_route=\/wp\/v2\/posts"}],"about":[{"href":"https:\/\/minutocerord.com\/index.php?rest_route=\/wp\/v2\/types\/post"}],"author":[{"embeddable":true,"href":"https:\/\/minutocerord.com\/index.php?rest_route=\/wp\/v2\/users\/1"}],"replies":[{"embeddable":true,"href":"https:\/\/minutocerord.com\/index.php?rest_route=%2Fwp%2Fv2%2Fcomments&post=8558"}],"version-history":[{"count":1,"href":"https:\/\/minutocerord.com\/index.php?rest_route=\/wp\/v2\/posts\/8558\/revisions"}],"predecessor-version":[{"id":8560,"href":"https:\/\/minutocerord.com\/index.php?rest_route=\/wp\/v2\/posts\/8558\/revisions\/8560"}],"wp:featuredmedia":[{"embeddable":true,"href":"https:\/\/minutocerord.com\/index.php?rest_route=\/wp\/v2\/media\/8559"}],"wp:attachment":[{"href":"https:\/\/minutocerord.com\/index.php?rest_route=%2Fwp%2Fv2%2Fmedia&parent=8558"}],"wp:term":[{"taxonomy":"category","embeddable":true,"href":"https:\/\/minutocerord.com\/index.php?rest_route=%2Fwp%2Fv2%2Fcategories&post=8558"},{"taxonomy":"post_tag","embeddable":true,"href":"https:\/\/minutocerord.com\/index.php?rest_route=%2Fwp%2Fv2%2Ftags&post=8558"}],"curies":[{"name":"wp","href":"https:\/\/api.w.org\/{rel}","templated":true}]}}