{"id":8564,"date":"2022-04-22T10:45:36","date_gmt":"2022-04-22T14:45:36","guid":{"rendered":"https:\/\/minutocerord.com\/?p=8564"},"modified":"2022-04-22T10:46:26","modified_gmt":"2022-04-22T14:46:26","slug":"fernando-villalona-y-yolandita-monge-en-concierto-a-las-madres","status":"publish","type":"post","link":"https:\/\/minutocerord.com\/?p=8564","title":{"rendered":"Fernando Villalona y Yolandita Monge en concierto a las Madres"},"content":{"rendered":"\n<p><strong>SANTO DOMINGO.-<\/strong>\u00a0 El teatro La Fiesta del hotel Jaragua ser\u00e1 testigo, la noche del s\u00e1bado 28 de mayo, del m\u00e1s impactante concierto rom\u00e1ntico del D\u00eda de las Madres, en las voces de la puertorrique\u00f1a Yolandita Monge y el dominicano Fernando Villalona.\u00a0<\/p>\n\n\n\n<p>El concierto \u201cAmores de Siempre\u201d, pautado para las 8:00 de la noche, cuenta con la producci\u00f3n general de la empresa Alberto Cruz Management, la que apuesta a una velada de puros \u00e9xitos a trav\u00e9s de dos de los repertorios m\u00e1s exitosos de la m\u00fasica latina.&nbsp;<\/p>\n\n\n\n<p>\u201cHemos estructurado un show rom\u00e1ntico para la historia, ya que se trata de Yolandita y Fernando, dos artistas queridos por el p\u00fablico dominicano, due\u00f1os de dos voces que impregnan romanticismo a esas exitosas baladas y boleros que enriquecen ambos repertorios\u201d, explic\u00f3 el empresario art\u00edstico Alberto Cruz.&nbsp;<\/p>\n\n\n\n<p>\u201cAmores de Siempre\u201d ser\u00e1 una historia contada y cantada por Yolandita, en la que no faltar\u00e1n \u00e9xitos como \u201cLa distancia\u201d, \u201cQu\u00edtame a ese hombre del coraz\u00f3n\u201d, \u201cSe\u00f1or del pasado\u201d, \u201cTe veo pasar\u201d, \u201cS\u00ed\u201d, \u201cA pesar del tiempo\u201d, \u201cEste amor que hay que callar\u201d, \u201cP\u00e1ginas del alma\u201d, entre otros.&nbsp;<\/p>\n\n\n\n<p>\u201cAmores de Siempre\u201d ser\u00e1 una historia contada y cantada por Fernandito, en la que el p\u00fablico podr\u00e1 interpretar ese repertorio rom\u00e1ntico de El Mayimbe, en el que no faltar\u00e1 \u201cDelirante amor\u201d, \u201cH\u00e1blame\u201d, \u201cLa cartita\u201d, \u201cSoy culpable\u201d, \u201cPayaso\u201d, \u201cQu\u00edtame la pena\u201d, \u201cTe siento\u201d, \u201cSer\u00e9\u201d, \u201cQuijote\u201d, \u201cLa juventud\u201d, y otros.<\/p>\n","protected":false},"excerpt":{"rendered":"<p>SANTO DOMINGO.-\u00a0 El teatro La Fiesta del hotel Jaragua ser\u00e1 testigo, la noche del s\u00e1bado 28 de mayo, del m\u00e1s impactante concierto rom\u00e1ntico del D\u00eda de las Madres, en las voces de la puertorrique\u00f1a Yolandita Monge y el dominicano Fernando Villalona.\u00a0 El concierto \u201cAmores de Siempre\u201d, pautado para las 8:00 de la noche, cuenta con [&hellip;]<\/p>\n","protected":false},"author":1,"featured_media":8565,"comment_status":"open","ping_status":"open","sticky":false,"template":"","format":"standard","meta":{"nf_dc_page":"","jetpack_post_was_ever_published":false,"_jetpack_newsletter_access":"","_jetpack_dont_email_post_to_subs":false,"_jetpack_newsletter_tier_id":0,"_jetpack_memberships_contains_paywalled_content":false,"_jetpack_memberships_contains_paid_content":false,"footnotes":"","jetpack_publicize_message":"","jetpack_publicize_feature_enabled":true,"jetpack_social_post_already_shared":false,"jetpack_social_options":{"image_generator_settings":{"template":"highway","default_image_id":0,"font":"","enabled":false},"version":2}},"categories":[68],"tags":[],"class_list":["post-8564","post","type-post","status-publish","format-standard","has-post-thumbnail","hentry","category-entretenimiento"],"yoast_head":"<!-- This site is optimized with the Yoast SEO plugin v27.4 - https:\/\/yoast.com\/product\/yoast-seo-wordpress\/ -->\n<title>Fernando Villalona y Yolandita Monge en concierto a las Madres - Minuto Cero RD<\/title>\n<meta name=\"robots\" content=\"index, follow, max-snippet:-1, max-image-preview:large, max-video-preview:-1\" \/>\n<link rel=\"canonical\" href=\"https:\/\/minutocerord.com\/?p=8564\" \/>\n<meta property=\"og:locale\" content=\"es_ES\" \/>\n<meta property=\"og:type\" content=\"article\" \/>\n<meta property=\"og:title\" content=\"Fernando Villalona y Yolandita Monge en concierto a las Madres - Minuto Cero RD\" \/>\n<meta property=\"og:description\" content=\"SANTO DOMINGO.-\u00a0 El teatro La Fiesta del hotel Jaragua ser\u00e1 testigo, la noche del s\u00e1bado 28 de mayo, del m\u00e1s impactante concierto rom\u00e1ntico del D\u00eda de las Madres, en las voces de la puertorrique\u00f1a Yolandita Monge y el dominicano Fernando Villalona.\u00a0 El concierto \u201cAmores de Siempre\u201d, pautado para las 8:00 de la noche, cuenta con [&hellip;]\" \/>\n<meta property=\"og:url\" content=\"https:\/\/minutocerord.com\/?p=8564\" \/>\n<meta property=\"og:site_name\" content=\"Minuto Cero RD\" \/>\n<meta property=\"article:publisher\" content=\"https:\/\/www.facebook.com\/Genofnotes\" \/>\n<meta property=\"article:author\" content=\"https:\/\/www.facebook.com\/Genofnotes\" \/>\n<meta property=\"article:published_time\" content=\"2022-04-22T14:45:36+00:00\" \/>\n<meta property=\"article:modified_time\" content=\"2022-04-22T14:46:26+00:00\" \/>\n<meta property=\"og:image\" content=\"https:\/\/i0.wp.com\/minutocerord.com\/wp-content\/uploads\/2022\/04\/yolandita-villalona.jpg?fit=375%2C240&ssl=1\" \/>\n\t<meta property=\"og:image:width\" content=\"375\" \/>\n\t<meta property=\"og:image:height\" content=\"240\" \/>\n\t<meta property=\"og:image:type\" content=\"image\/jpeg\" \/>\n<meta name=\"author\" content=\"Genof\u00f3ntes Urb\u00e1ez\" \/>\n<meta name=\"twitter:card\" content=\"summary_large_image\" \/>\n<meta name=\"twitter:label1\" content=\"Written by\" \/>\n\t<meta name=\"twitter:data1\" content=\"Genof\u00f3ntes Urb\u00e1ez\" \/>\n\t<meta name=\"twitter:label2\" content=\"Est. reading time\" \/>\n\t<meta name=\"twitter:data2\" content=\"2 minutos\" \/>\n<script type=\"application\/ld+json\" class=\"yoast-schema-graph\">{\"@context\":\"https:\\\/\\\/schema.org\",\"@graph\":[{\"@type\":\"Article\",\"@id\":\"https:\\\/\\\/minutocerord.com\\\/?p=8564#article\",\"isPartOf\":{\"@id\":\"https:\\\/\\\/minutocerord.com\\\/?p=8564\"},\"author\":{\"name\":\"Genof\u00f3ntes Urb\u00e1ez\",\"@id\":\"https:\\\/\\\/minutocerord.com\\\/#\\\/schema\\\/person\\\/60b5372d60aaa0a5171fb6488be9aee6\"},\"headline\":\"Fernando Villalona y Yolandita Monge en concierto a las Madres\",\"datePublished\":\"2022-04-22T14:45:36+00:00\",\"dateModified\":\"2022-04-22T14:46:26+00:00\",\"mainEntityOfPage\":{\"@id\":\"https:\\\/\\\/minutocerord.com\\\/?p=8564\"},\"wordCount\":262,\"commentCount\":0,\"publisher\":{\"@id\":\"https:\\\/\\\/minutocerord.com\\\/#\\\/schema\\\/person\\\/60b5372d60aaa0a5171fb6488be9aee6\"},\"image\":{\"@id\":\"https:\\\/\\\/minutocerord.com\\\/?p=8564#primaryimage\"},\"thumbnailUrl\":\"https:\\\/\\\/i0.wp.com\\\/minutocerord.com\\\/wp-content\\\/uploads\\\/2022\\\/04\\\/yolandita-villalona.jpg?fit=375%2C240&ssl=1\",\"articleSection\":[\"Entretenimiento\"],\"inLanguage\":\"es-DO\",\"potentialAction\":[{\"@type\":\"CommentAction\",\"name\":\"Comment\",\"target\":[\"https:\\\/\\\/minutocerord.com\\\/?p=8564#respond\"]}]},{\"@type\":\"WebPage\",\"@id\":\"https:\\\/\\\/minutocerord.com\\\/?p=8564\",\"url\":\"https:\\\/\\\/minutocerord.com\\\/?p=8564\",\"name\":\"Fernando Villalona y Yolandita Monge en concierto a las Madres - Minuto Cero RD\",\"isPartOf\":{\"@id\":\"https:\\\/\\\/minutocerord.com\\\/#website\"},\"primaryImageOfPage\":{\"@id\":\"https:\\\/\\\/minutocerord.com\\\/?p=8564#primaryimage\"},\"image\":{\"@id\":\"https:\\\/\\\/minutocerord.com\\\/?p=8564#primaryimage\"},\"thumbnailUrl\":\"https:\\\/\\\/i0.wp.com\\\/minutocerord.com\\\/wp-content\\\/uploads\\\/2022\\\/04\\\/yolandita-villalona.jpg?fit=375%2C240&ssl=1\",\"datePublished\":\"2022-04-22T14:45:36+00:00\",\"dateModified\":\"2022-04-22T14:46:26+00:00\",\"breadcrumb\":{\"@id\":\"https:\\\/\\\/minutocerord.com\\\/?p=8564#breadcrumb\"},\"inLanguage\":\"es-DO\",\"potentialAction\":[{\"@type\":\"ReadAction\",\"target\":[\"https:\\\/\\\/minutocerord.com\\\/?p=8564\"]}]},{\"@type\":\"ImageObject\",\"inLanguage\":\"es-DO\",\"@id\":\"https:\\\/\\\/minutocerord.com\\\/?p=8564#primaryimage\",\"url\":\"https:\\\/\\\/i0.wp.com\\\/minutocerord.com\\\/wp-content\\\/uploads\\\/2022\\\/04\\\/yolandita-villalona.jpg?fit=375%2C240&ssl=1\",\"contentUrl\":\"https:\\\/\\\/i0.wp.com\\\/minutocerord.com\\\/wp-content\\\/uploads\\\/2022\\\/04\\\/yolandita-villalona.jpg?fit=375%2C240&ssl=1\",\"width\":375,\"height\":240},{\"@type\":\"BreadcrumbList\",\"@id\":\"https:\\\/\\\/minutocerord.com\\\/?p=8564#breadcrumb\",\"itemListElement\":[{\"@type\":\"ListItem\",\"position\":1,\"name\":\"Home\",\"item\":\"https:\\\/\\\/minutocerord.com\\\/\"},{\"@type\":\"ListItem\",\"position\":2,\"name\":\"Fernando Villalona y Yolandita Monge en concierto a las Madres\"}]},{\"@type\":\"WebSite\",\"@id\":\"https:\\\/\\\/minutocerord.com\\\/#website\",\"url\":\"https:\\\/\\\/minutocerord.com\\\/\",\"name\":\"Minuto Cero RD\",\"description\":\"Periodismo serio y veraz\",\"publisher\":{\"@id\":\"https:\\\/\\\/minutocerord.com\\\/#\\\/schema\\\/person\\\/60b5372d60aaa0a5171fb6488be9aee6\"},\"potentialAction\":[{\"@type\":\"SearchAction\",\"target\":{\"@type\":\"EntryPoint\",\"urlTemplate\":\"https:\\\/\\\/minutocerord.com\\\/?s={search_term_string}\"},\"query-input\":{\"@type\":\"PropertyValueSpecification\",\"valueRequired\":true,\"valueName\":\"search_term_string\"}}],\"inLanguage\":\"es-DO\"},{\"@type\":[\"Person\",\"Organization\"],\"@id\":\"https:\\\/\\\/minutocerord.com\\\/#\\\/schema\\\/person\\\/60b5372d60aaa0a5171fb6488be9aee6\",\"name\":\"Genof\u00f3ntes Urb\u00e1ez\",\"image\":{\"@type\":\"ImageObject\",\"inLanguage\":\"es-DO\",\"@id\":\"https:\\\/\\\/secure.gravatar.com\\\/avatar\\\/a49ef3186a692098ac3e8a1612261e3ad70cf9e44553dff2929e67939a0ecb9d?s=96&d=identicon&r=g\",\"url\":\"https:\\\/\\\/secure.gravatar.com\\\/avatar\\\/a49ef3186a692098ac3e8a1612261e3ad70cf9e44553dff2929e67939a0ecb9d?s=96&d=identicon&r=g\",\"contentUrl\":\"https:\\\/\\\/secure.gravatar.com\\\/avatar\\\/a49ef3186a692098ac3e8a1612261e3ad70cf9e44553dff2929e67939a0ecb9d?s=96&d=identicon&r=g\",\"caption\":\"Genof\u00f3ntes Urb\u00e1ez\"},\"logo\":{\"@id\":\"https:\\\/\\\/secure.gravatar.com\\\/avatar\\\/a49ef3186a692098ac3e8a1612261e3ad70cf9e44553dff2929e67939a0ecb9d?s=96&d=identicon&r=g\"},\"description\":\"Periodista \\\/ Locutor\",\"sameAs\":[\"https:\\\/\\\/www.facebook.com\\\/Genofnotes\",\"https:\\\/\\\/www.instagram.com\\\/genofnotes\\\/\"]}]}<\/script>\n<!-- \/ Yoast SEO plugin. -->","yoast_head_json":{"title":"Fernando Villalona y Yolandita Monge en concierto a las Madres - Minuto Cero RD","robots":{"index":"index","follow":"follow","max-snippet":"max-snippet:-1","max-image-preview":"max-image-preview:large","max-video-preview":"max-video-preview:-1"},"canonical":"https:\/\/minutocerord.com\/?p=8564","og_locale":"es_ES","og_type":"article","og_title":"Fernando Villalona y Yolandita Monge en concierto a las Madres - Minuto Cero RD","og_description":"SANTO DOMINGO.-\u00a0 El teatro La Fiesta del hotel Jaragua ser\u00e1 testigo, la noche del s\u00e1bado 28 de mayo, del m\u00e1s impactante concierto rom\u00e1ntico del D\u00eda de las Madres, en las voces de la puertorrique\u00f1a Yolandita Monge y el dominicano Fernando Villalona.\u00a0 El concierto \u201cAmores de Siempre\u201d, pautado para las 8:00 de la noche, cuenta con [&hellip;]","og_url":"https:\/\/minutocerord.com\/?p=8564","og_site_name":"Minuto Cero RD","article_publisher":"https:\/\/www.facebook.com\/Genofnotes","article_author":"https:\/\/www.facebook.com\/Genofnotes","article_published_time":"2022-04-22T14:45:36+00:00","article_modified_time":"2022-04-22T14:46:26+00:00","og_image":[{"width":375,"height":240,"url":"https:\/\/i0.wp.com\/minutocerord.com\/wp-content\/uploads\/2022\/04\/yolandita-villalona.jpg?fit=375%2C240&ssl=1","type":"image\/jpeg"}],"author":"Genof\u00f3ntes Urb\u00e1ez","twitter_card":"summary_large_image","twitter_misc":{"Written by":"Genof\u00f3ntes Urb\u00e1ez","Est. reading time":"2 minutos"},"schema":{"@context":"https:\/\/schema.org","@graph":[{"@type":"Article","@id":"https:\/\/minutocerord.com\/?p=8564#article","isPartOf":{"@id":"https:\/\/minutocerord.com\/?p=8564"},"author":{"name":"Genof\u00f3ntes Urb\u00e1ez","@id":"https:\/\/minutocerord.com\/#\/schema\/person\/60b5372d60aaa0a5171fb6488be9aee6"},"headline":"Fernando Villalona y Yolandita Monge en concierto a las Madres","datePublished":"2022-04-22T14:45:36+00:00","dateModified":"2022-04-22T14:46:26+00:00","mainEntityOfPage":{"@id":"https:\/\/minutocerord.com\/?p=8564"},"wordCount":262,"commentCount":0,"publisher":{"@id":"https:\/\/minutocerord.com\/#\/schema\/person\/60b5372d60aaa0a5171fb6488be9aee6"},"image":{"@id":"https:\/\/minutocerord.com\/?p=8564#primaryimage"},"thumbnailUrl":"https:\/\/i0.wp.com\/minutocerord.com\/wp-content\/uploads\/2022\/04\/yolandita-villalona.jpg?fit=375%2C240&ssl=1","articleSection":["Entretenimiento"],"inLanguage":"es-DO","potentialAction":[{"@type":"CommentAction","name":"Comment","target":["https:\/\/minutocerord.com\/?p=8564#respond"]}]},{"@type":"WebPage","@id":"https:\/\/minutocerord.com\/?p=8564","url":"https:\/\/minutocerord.com\/?p=8564","name":"Fernando Villalona y Yolandita Monge en concierto a las Madres - Minuto Cero RD","isPartOf":{"@id":"https:\/\/minutocerord.com\/#website"},"primaryImageOfPage":{"@id":"https:\/\/minutocerord.com\/?p=8564#primaryimage"},"image":{"@id":"https:\/\/minutocerord.com\/?p=8564#primaryimage"},"thumbnailUrl":"https:\/\/i0.wp.com\/minutocerord.com\/wp-content\/uploads\/2022\/04\/yolandita-villalona.jpg?fit=375%2C240&ssl=1","datePublished":"2022-04-22T14:45:36+00:00","dateModified":"2022-04-22T14:46:26+00:00","breadcrumb":{"@id":"https:\/\/minutocerord.com\/?p=8564#breadcrumb"},"inLanguage":"es-DO","potentialAction":[{"@type":"ReadAction","target":["https:\/\/minutocerord.com\/?p=8564"]}]},{"@type":"ImageObject","inLanguage":"es-DO","@id":"https:\/\/minutocerord.com\/?p=8564#primaryimage","url":"https:\/\/i0.wp.com\/minutocerord.com\/wp-content\/uploads\/2022\/04\/yolandita-villalona.jpg?fit=375%2C240&ssl=1","contentUrl":"https:\/\/i0.wp.com\/minutocerord.com\/wp-content\/uploads\/2022\/04\/yolandita-villalona.jpg?fit=375%2C240&ssl=1","width":375,"height":240},{"@type":"BreadcrumbList","@id":"https:\/\/minutocerord.com\/?p=8564#breadcrumb","itemListElement":[{"@type":"ListItem","position":1,"name":"Home","item":"https:\/\/minutocerord.com\/"},{"@type":"ListItem","position":2,"name":"Fernando Villalona y Yolandita Monge en concierto a las Madres"}]},{"@type":"WebSite","@id":"https:\/\/minutocerord.com\/#website","url":"https:\/\/minutocerord.com\/","name":"Minuto Cero RD","description":"Periodismo serio y veraz","publisher":{"@id":"https:\/\/minutocerord.com\/#\/schema\/person\/60b5372d60aaa0a5171fb6488be9aee6"},"potentialAction":[{"@type":"SearchAction","target":{"@type":"EntryPoint","urlTemplate":"https:\/\/minutocerord.com\/?s={search_term_string}"},"query-input":{"@type":"PropertyValueSpecification","valueRequired":true,"valueName":"search_term_string"}}],"inLanguage":"es-DO"},{"@type":["Person","Organization"],"@id":"https:\/\/minutocerord.com\/#\/schema\/person\/60b5372d60aaa0a5171fb6488be9aee6","name":"Genof\u00f3ntes Urb\u00e1ez","image":{"@type":"ImageObject","inLanguage":"es-DO","@id":"https:\/\/secure.gravatar.com\/avatar\/a49ef3186a692098ac3e8a1612261e3ad70cf9e44553dff2929e67939a0ecb9d?s=96&d=identicon&r=g","url":"https:\/\/secure.gravatar.com\/avatar\/a49ef3186a692098ac3e8a1612261e3ad70cf9e44553dff2929e67939a0ecb9d?s=96&d=identicon&r=g","contentUrl":"https:\/\/secure.gravatar.com\/avatar\/a49ef3186a692098ac3e8a1612261e3ad70cf9e44553dff2929e67939a0ecb9d?s=96&d=identicon&r=g","caption":"Genof\u00f3ntes Urb\u00e1ez"},"logo":{"@id":"https:\/\/secure.gravatar.com\/avatar\/a49ef3186a692098ac3e8a1612261e3ad70cf9e44553dff2929e67939a0ecb9d?s=96&d=identicon&r=g"},"description":"Periodista \/ Locutor","sameAs":["https:\/\/www.facebook.com\/Genofnotes","https:\/\/www.instagram.com\/genofnotes\/"]}]}},"jetpack_publicize_connections":[],"jetpack_featured_media_url":"https:\/\/i0.wp.com\/minutocerord.com\/wp-content\/uploads\/2022\/04\/yolandita-villalona.jpg?fit=375%2C240&ssl=1","jetpack-related-posts":[],"jetpack_sharing_enabled":true,"_links":{"self":[{"href":"https:\/\/minutocerord.com\/index.php?rest_route=\/wp\/v2\/posts\/8564","targetHints":{"allow":["GET"]}}],"collection":[{"href":"https:\/\/minutocerord.com\/index.php?rest_route=\/wp\/v2\/posts"}],"about":[{"href":"https:\/\/minutocerord.com\/index.php?rest_route=\/wp\/v2\/types\/post"}],"author":[{"embeddable":true,"href":"https:\/\/minutocerord.com\/index.php?rest_route=\/wp\/v2\/users\/1"}],"replies":[{"embeddable":true,"href":"https:\/\/minutocerord.com\/index.php?rest_route=%2Fwp%2Fv2%2Fcomments&post=8564"}],"version-history":[{"count":1,"href":"https:\/\/minutocerord.com\/index.php?rest_route=\/wp\/v2\/posts\/8564\/revisions"}],"predecessor-version":[{"id":8566,"href":"https:\/\/minutocerord.com\/index.php?rest_route=\/wp\/v2\/posts\/8564\/revisions\/8566"}],"wp:featuredmedia":[{"embeddable":true,"href":"https:\/\/minutocerord.com\/index.php?rest_route=\/wp\/v2\/media\/8565"}],"wp:attachment":[{"href":"https:\/\/minutocerord.com\/index.php?rest_route=%2Fwp%2Fv2%2Fmedia&parent=8564"}],"wp:term":[{"taxonomy":"category","embeddable":true,"href":"https:\/\/minutocerord.com\/index.php?rest_route=%2Fwp%2Fv2%2Fcategories&post=8564"},{"taxonomy":"post_tag","embeddable":true,"href":"https:\/\/minutocerord.com\/index.php?rest_route=%2Fwp%2Fv2%2Ftags&post=8564"}],"curies":[{"name":"wp","href":"https:\/\/api.w.org\/{rel}","templated":true}]}}