{"id":8573,"date":"2022-04-22T11:03:58","date_gmt":"2022-04-22T15:03:58","guid":{"rendered":"https:\/\/minutocerord.com\/?p=8573"},"modified":"2022-04-22T11:04:01","modified_gmt":"2022-04-22T15:04:01","slug":"sarna-con-14830-casos-en-11-meses","status":"publish","type":"post","link":"https:\/\/minutocerord.com\/?p=8573","title":{"rendered":"Sarna: con 14,830 casos en 11 meses"},"content":{"rendered":"\n<p><strong>Santo Domingo.\u2013<\/strong> Las autoridades sanitarias han asegurado a la poblaci\u00f3n que si la infecci\u00f3n cut\u00e1nea que afecta varias zonas de Hait\u00ed es escabiasis, en el pa\u00eds siempre se ha tratado pacientes con esta enfermedad.<\/p>\n\n\n\n<p>Desde abril de 2021 hasta febrero de este a\u00f1o, a nivel nacional el Instituto Dermatol\u00f3gico Dominicano y Cirug\u00eda de la Piel \u201cDr. Huberto Bogaert D\u00edaz\u201d (IDCP) registr\u00f3 14 mil 830 casos de personas con escabiasis o escabiosis<\/p>\n\n\n\n<p>Esta enfermedad, que tambi\u00e9n es conocida como sarna humana, fue detectada en pacientes que asistieron a las unidades del IDCP distribuidas en nueve provincias del pa\u00eds.<\/p>\n\n\n\n<p>Las unidades se encuentran en San Crist\u00f3bal, Barahona, Mao, Puerto Plata, La Romana, Hig\u00fcey, San Pedro de Macor\u00eds, Santiago de los Caballeros y la sede central en Santo Domingo.<a><\/a><\/p>\n\n\n\n<p>Los especialistas en el \u00e1rea de la dermatolog\u00eda han recalcado que la enfermedad se podr\u00eda evitar f\u00e1cilmente si las personas mantienen la higiene y han recomendado no automedicarse por solo sentir picor en la piel.<\/p>\n\n\n\n<p>Durante el 2021, a nivel nacional se desarrollaron 578 mil 578 consultas en ese instituto dermatol\u00f3gico.<\/p>\n","protected":false},"excerpt":{"rendered":"<p>Santo Domingo.\u2013 Las autoridades sanitarias han asegurado a la poblaci\u00f3n que si la infecci\u00f3n cut\u00e1nea que afecta varias zonas de Hait\u00ed es escabiasis, en el pa\u00eds siempre se ha tratado pacientes con esta enfermedad. Desde abril de 2021 hasta febrero de este a\u00f1o, a nivel nacional el Instituto Dermatol\u00f3gico Dominicano y Cirug\u00eda de la Piel [&hellip;]<\/p>\n","protected":false},"author":1,"featured_media":8574,"comment_status":"open","ping_status":"open","sticky":false,"template":"","format":"standard","meta":{"nf_dc_page":"","jetpack_post_was_ever_published":false,"_jetpack_newsletter_access":"","_jetpack_dont_email_post_to_subs":false,"_jetpack_newsletter_tier_id":0,"_jetpack_memberships_contains_paywalled_content":false,"_jetpack_memberships_contains_paid_content":false,"footnotes":"","jetpack_publicize_message":"","jetpack_publicize_feature_enabled":true,"jetpack_social_post_already_shared":false,"jetpack_social_options":{"image_generator_settings":{"template":"highway","default_image_id":0,"font":"","enabled":false},"version":2}},"categories":[67],"tags":[],"class_list":["post-8573","post","type-post","status-publish","format-standard","has-post-thumbnail","hentry","category-salud"],"yoast_head":"<!-- This site is optimized with the Yoast SEO plugin v27.4 - https:\/\/yoast.com\/product\/yoast-seo-wordpress\/ -->\n<title>Sarna: con 14,830 casos en 11 meses - Minuto Cero RD<\/title>\n<meta name=\"robots\" content=\"index, follow, max-snippet:-1, max-image-preview:large, max-video-preview:-1\" \/>\n<link rel=\"canonical\" href=\"https:\/\/minutocerord.com\/?p=8573\" \/>\n<meta property=\"og:locale\" content=\"es_ES\" \/>\n<meta property=\"og:type\" content=\"article\" \/>\n<meta property=\"og:title\" content=\"Sarna: con 14,830 casos en 11 meses - Minuto Cero RD\" \/>\n<meta property=\"og:description\" content=\"Santo Domingo.\u2013 Las autoridades sanitarias han asegurado a la poblaci\u00f3n que si la infecci\u00f3n cut\u00e1nea que afecta varias zonas de Hait\u00ed es escabiasis, en el pa\u00eds siempre se ha tratado pacientes con esta enfermedad. Desde abril de 2021 hasta febrero de este a\u00f1o, a nivel nacional el Instituto Dermatol\u00f3gico Dominicano y Cirug\u00eda de la Piel [&hellip;]\" \/>\n<meta property=\"og:url\" content=\"https:\/\/minutocerord.com\/?p=8573\" \/>\n<meta property=\"og:site_name\" content=\"Minuto Cero RD\" \/>\n<meta property=\"article:publisher\" content=\"https:\/\/www.facebook.com\/Genofnotes\" \/>\n<meta property=\"article:author\" content=\"https:\/\/www.facebook.com\/Genofnotes\" \/>\n<meta property=\"article:published_time\" content=\"2022-04-22T15:03:58+00:00\" \/>\n<meta property=\"article:modified_time\" content=\"2022-04-22T15:04:01+00:00\" \/>\n<meta property=\"og:image\" content=\"https:\/\/i0.wp.com\/minutocerord.com\/wp-content\/uploads\/2022\/04\/4_Nacionales_20_1p01.jpg?fit=1224%2C840&ssl=1\" \/>\n\t<meta property=\"og:image:width\" content=\"1224\" \/>\n\t<meta property=\"og:image:height\" content=\"840\" \/>\n\t<meta property=\"og:image:type\" content=\"image\/jpeg\" \/>\n<meta name=\"author\" content=\"Genof\u00f3ntes Urb\u00e1ez\" \/>\n<meta name=\"twitter:card\" content=\"summary_large_image\" \/>\n<meta name=\"twitter:label1\" content=\"Written by\" \/>\n\t<meta name=\"twitter:data1\" content=\"Genof\u00f3ntes Urb\u00e1ez\" \/>\n\t<meta name=\"twitter:label2\" content=\"Est. reading time\" \/>\n\t<meta name=\"twitter:data2\" content=\"1 minuto\" \/>\n<script type=\"application\/ld+json\" class=\"yoast-schema-graph\">{\"@context\":\"https:\\\/\\\/schema.org\",\"@graph\":[{\"@type\":\"Article\",\"@id\":\"https:\\\/\\\/minutocerord.com\\\/?p=8573#article\",\"isPartOf\":{\"@id\":\"https:\\\/\\\/minutocerord.com\\\/?p=8573\"},\"author\":{\"name\":\"Genof\u00f3ntes Urb\u00e1ez\",\"@id\":\"https:\\\/\\\/minutocerord.com\\\/#\\\/schema\\\/person\\\/60b5372d60aaa0a5171fb6488be9aee6\"},\"headline\":\"Sarna: con 14,830 casos en 11 meses\",\"datePublished\":\"2022-04-22T15:03:58+00:00\",\"dateModified\":\"2022-04-22T15:04:01+00:00\",\"mainEntityOfPage\":{\"@id\":\"https:\\\/\\\/minutocerord.com\\\/?p=8573\"},\"wordCount\":193,\"commentCount\":0,\"publisher\":{\"@id\":\"https:\\\/\\\/minutocerord.com\\\/#\\\/schema\\\/person\\\/60b5372d60aaa0a5171fb6488be9aee6\"},\"image\":{\"@id\":\"https:\\\/\\\/minutocerord.com\\\/?p=8573#primaryimage\"},\"thumbnailUrl\":\"https:\\\/\\\/i0.wp.com\\\/minutocerord.com\\\/wp-content\\\/uploads\\\/2022\\\/04\\\/4_Nacionales_20_1p01.jpg?fit=1224%2C840&ssl=1\",\"articleSection\":[\"Salud\"],\"inLanguage\":\"es-DO\",\"potentialAction\":[{\"@type\":\"CommentAction\",\"name\":\"Comment\",\"target\":[\"https:\\\/\\\/minutocerord.com\\\/?p=8573#respond\"]}]},{\"@type\":\"WebPage\",\"@id\":\"https:\\\/\\\/minutocerord.com\\\/?p=8573\",\"url\":\"https:\\\/\\\/minutocerord.com\\\/?p=8573\",\"name\":\"Sarna: con 14,830 casos en 11 meses - Minuto Cero RD\",\"isPartOf\":{\"@id\":\"https:\\\/\\\/minutocerord.com\\\/#website\"},\"primaryImageOfPage\":{\"@id\":\"https:\\\/\\\/minutocerord.com\\\/?p=8573#primaryimage\"},\"image\":{\"@id\":\"https:\\\/\\\/minutocerord.com\\\/?p=8573#primaryimage\"},\"thumbnailUrl\":\"https:\\\/\\\/i0.wp.com\\\/minutocerord.com\\\/wp-content\\\/uploads\\\/2022\\\/04\\\/4_Nacionales_20_1p01.jpg?fit=1224%2C840&ssl=1\",\"datePublished\":\"2022-04-22T15:03:58+00:00\",\"dateModified\":\"2022-04-22T15:04:01+00:00\",\"breadcrumb\":{\"@id\":\"https:\\\/\\\/minutocerord.com\\\/?p=8573#breadcrumb\"},\"inLanguage\":\"es-DO\",\"potentialAction\":[{\"@type\":\"ReadAction\",\"target\":[\"https:\\\/\\\/minutocerord.com\\\/?p=8573\"]}]},{\"@type\":\"ImageObject\",\"inLanguage\":\"es-DO\",\"@id\":\"https:\\\/\\\/minutocerord.com\\\/?p=8573#primaryimage\",\"url\":\"https:\\\/\\\/i0.wp.com\\\/minutocerord.com\\\/wp-content\\\/uploads\\\/2022\\\/04\\\/4_Nacionales_20_1p01.jpg?fit=1224%2C840&ssl=1\",\"contentUrl\":\"https:\\\/\\\/i0.wp.com\\\/minutocerord.com\\\/wp-content\\\/uploads\\\/2022\\\/04\\\/4_Nacionales_20_1p01.jpg?fit=1224%2C840&ssl=1\",\"width\":1224,\"height\":840},{\"@type\":\"BreadcrumbList\",\"@id\":\"https:\\\/\\\/minutocerord.com\\\/?p=8573#breadcrumb\",\"itemListElement\":[{\"@type\":\"ListItem\",\"position\":1,\"name\":\"Home\",\"item\":\"https:\\\/\\\/minutocerord.com\\\/\"},{\"@type\":\"ListItem\",\"position\":2,\"name\":\"Sarna: con 14,830 casos en 11 meses\"}]},{\"@type\":\"WebSite\",\"@id\":\"https:\\\/\\\/minutocerord.com\\\/#website\",\"url\":\"https:\\\/\\\/minutocerord.com\\\/\",\"name\":\"Minuto Cero RD\",\"description\":\"Periodismo serio y veraz\",\"publisher\":{\"@id\":\"https:\\\/\\\/minutocerord.com\\\/#\\\/schema\\\/person\\\/60b5372d60aaa0a5171fb6488be9aee6\"},\"potentialAction\":[{\"@type\":\"SearchAction\",\"target\":{\"@type\":\"EntryPoint\",\"urlTemplate\":\"https:\\\/\\\/minutocerord.com\\\/?s={search_term_string}\"},\"query-input\":{\"@type\":\"PropertyValueSpecification\",\"valueRequired\":true,\"valueName\":\"search_term_string\"}}],\"inLanguage\":\"es-DO\"},{\"@type\":[\"Person\",\"Organization\"],\"@id\":\"https:\\\/\\\/minutocerord.com\\\/#\\\/schema\\\/person\\\/60b5372d60aaa0a5171fb6488be9aee6\",\"name\":\"Genof\u00f3ntes Urb\u00e1ez\",\"image\":{\"@type\":\"ImageObject\",\"inLanguage\":\"es-DO\",\"@id\":\"https:\\\/\\\/secure.gravatar.com\\\/avatar\\\/a49ef3186a692098ac3e8a1612261e3ad70cf9e44553dff2929e67939a0ecb9d?s=96&d=identicon&r=g\",\"url\":\"https:\\\/\\\/secure.gravatar.com\\\/avatar\\\/a49ef3186a692098ac3e8a1612261e3ad70cf9e44553dff2929e67939a0ecb9d?s=96&d=identicon&r=g\",\"contentUrl\":\"https:\\\/\\\/secure.gravatar.com\\\/avatar\\\/a49ef3186a692098ac3e8a1612261e3ad70cf9e44553dff2929e67939a0ecb9d?s=96&d=identicon&r=g\",\"caption\":\"Genof\u00f3ntes Urb\u00e1ez\"},\"logo\":{\"@id\":\"https:\\\/\\\/secure.gravatar.com\\\/avatar\\\/a49ef3186a692098ac3e8a1612261e3ad70cf9e44553dff2929e67939a0ecb9d?s=96&d=identicon&r=g\"},\"description\":\"Periodista \\\/ Locutor\",\"sameAs\":[\"https:\\\/\\\/www.facebook.com\\\/Genofnotes\",\"https:\\\/\\\/www.instagram.com\\\/genofnotes\\\/\"]}]}<\/script>\n<!-- \/ Yoast SEO plugin. -->","yoast_head_json":{"title":"Sarna: con 14,830 casos en 11 meses - Minuto Cero RD","robots":{"index":"index","follow":"follow","max-snippet":"max-snippet:-1","max-image-preview":"max-image-preview:large","max-video-preview":"max-video-preview:-1"},"canonical":"https:\/\/minutocerord.com\/?p=8573","og_locale":"es_ES","og_type":"article","og_title":"Sarna: con 14,830 casos en 11 meses - Minuto Cero RD","og_description":"Santo Domingo.\u2013 Las autoridades sanitarias han asegurado a la poblaci\u00f3n que si la infecci\u00f3n cut\u00e1nea que afecta varias zonas de Hait\u00ed es escabiasis, en el pa\u00eds siempre se ha tratado pacientes con esta enfermedad. Desde abril de 2021 hasta febrero de este a\u00f1o, a nivel nacional el Instituto Dermatol\u00f3gico Dominicano y Cirug\u00eda de la Piel [&hellip;]","og_url":"https:\/\/minutocerord.com\/?p=8573","og_site_name":"Minuto Cero RD","article_publisher":"https:\/\/www.facebook.com\/Genofnotes","article_author":"https:\/\/www.facebook.com\/Genofnotes","article_published_time":"2022-04-22T15:03:58+00:00","article_modified_time":"2022-04-22T15:04:01+00:00","og_image":[{"width":1224,"height":840,"url":"https:\/\/i0.wp.com\/minutocerord.com\/wp-content\/uploads\/2022\/04\/4_Nacionales_20_1p01.jpg?fit=1224%2C840&ssl=1","type":"image\/jpeg"}],"author":"Genof\u00f3ntes Urb\u00e1ez","twitter_card":"summary_large_image","twitter_misc":{"Written by":"Genof\u00f3ntes Urb\u00e1ez","Est. reading time":"1 minuto"},"schema":{"@context":"https:\/\/schema.org","@graph":[{"@type":"Article","@id":"https:\/\/minutocerord.com\/?p=8573#article","isPartOf":{"@id":"https:\/\/minutocerord.com\/?p=8573"},"author":{"name":"Genof\u00f3ntes Urb\u00e1ez","@id":"https:\/\/minutocerord.com\/#\/schema\/person\/60b5372d60aaa0a5171fb6488be9aee6"},"headline":"Sarna: con 14,830 casos en 11 meses","datePublished":"2022-04-22T15:03:58+00:00","dateModified":"2022-04-22T15:04:01+00:00","mainEntityOfPage":{"@id":"https:\/\/minutocerord.com\/?p=8573"},"wordCount":193,"commentCount":0,"publisher":{"@id":"https:\/\/minutocerord.com\/#\/schema\/person\/60b5372d60aaa0a5171fb6488be9aee6"},"image":{"@id":"https:\/\/minutocerord.com\/?p=8573#primaryimage"},"thumbnailUrl":"https:\/\/i0.wp.com\/minutocerord.com\/wp-content\/uploads\/2022\/04\/4_Nacionales_20_1p01.jpg?fit=1224%2C840&ssl=1","articleSection":["Salud"],"inLanguage":"es-DO","potentialAction":[{"@type":"CommentAction","name":"Comment","target":["https:\/\/minutocerord.com\/?p=8573#respond"]}]},{"@type":"WebPage","@id":"https:\/\/minutocerord.com\/?p=8573","url":"https:\/\/minutocerord.com\/?p=8573","name":"Sarna: con 14,830 casos en 11 meses - Minuto Cero RD","isPartOf":{"@id":"https:\/\/minutocerord.com\/#website"},"primaryImageOfPage":{"@id":"https:\/\/minutocerord.com\/?p=8573#primaryimage"},"image":{"@id":"https:\/\/minutocerord.com\/?p=8573#primaryimage"},"thumbnailUrl":"https:\/\/i0.wp.com\/minutocerord.com\/wp-content\/uploads\/2022\/04\/4_Nacionales_20_1p01.jpg?fit=1224%2C840&ssl=1","datePublished":"2022-04-22T15:03:58+00:00","dateModified":"2022-04-22T15:04:01+00:00","breadcrumb":{"@id":"https:\/\/minutocerord.com\/?p=8573#breadcrumb"},"inLanguage":"es-DO","potentialAction":[{"@type":"ReadAction","target":["https:\/\/minutocerord.com\/?p=8573"]}]},{"@type":"ImageObject","inLanguage":"es-DO","@id":"https:\/\/minutocerord.com\/?p=8573#primaryimage","url":"https:\/\/i0.wp.com\/minutocerord.com\/wp-content\/uploads\/2022\/04\/4_Nacionales_20_1p01.jpg?fit=1224%2C840&ssl=1","contentUrl":"https:\/\/i0.wp.com\/minutocerord.com\/wp-content\/uploads\/2022\/04\/4_Nacionales_20_1p01.jpg?fit=1224%2C840&ssl=1","width":1224,"height":840},{"@type":"BreadcrumbList","@id":"https:\/\/minutocerord.com\/?p=8573#breadcrumb","itemListElement":[{"@type":"ListItem","position":1,"name":"Home","item":"https:\/\/minutocerord.com\/"},{"@type":"ListItem","position":2,"name":"Sarna: con 14,830 casos en 11 meses"}]},{"@type":"WebSite","@id":"https:\/\/minutocerord.com\/#website","url":"https:\/\/minutocerord.com\/","name":"Minuto Cero RD","description":"Periodismo serio y veraz","publisher":{"@id":"https:\/\/minutocerord.com\/#\/schema\/person\/60b5372d60aaa0a5171fb6488be9aee6"},"potentialAction":[{"@type":"SearchAction","target":{"@type":"EntryPoint","urlTemplate":"https:\/\/minutocerord.com\/?s={search_term_string}"},"query-input":{"@type":"PropertyValueSpecification","valueRequired":true,"valueName":"search_term_string"}}],"inLanguage":"es-DO"},{"@type":["Person","Organization"],"@id":"https:\/\/minutocerord.com\/#\/schema\/person\/60b5372d60aaa0a5171fb6488be9aee6","name":"Genof\u00f3ntes Urb\u00e1ez","image":{"@type":"ImageObject","inLanguage":"es-DO","@id":"https:\/\/secure.gravatar.com\/avatar\/a49ef3186a692098ac3e8a1612261e3ad70cf9e44553dff2929e67939a0ecb9d?s=96&d=identicon&r=g","url":"https:\/\/secure.gravatar.com\/avatar\/a49ef3186a692098ac3e8a1612261e3ad70cf9e44553dff2929e67939a0ecb9d?s=96&d=identicon&r=g","contentUrl":"https:\/\/secure.gravatar.com\/avatar\/a49ef3186a692098ac3e8a1612261e3ad70cf9e44553dff2929e67939a0ecb9d?s=96&d=identicon&r=g","caption":"Genof\u00f3ntes Urb\u00e1ez"},"logo":{"@id":"https:\/\/secure.gravatar.com\/avatar\/a49ef3186a692098ac3e8a1612261e3ad70cf9e44553dff2929e67939a0ecb9d?s=96&d=identicon&r=g"},"description":"Periodista \/ Locutor","sameAs":["https:\/\/www.facebook.com\/Genofnotes","https:\/\/www.instagram.com\/genofnotes\/"]}]}},"jetpack_publicize_connections":[],"jetpack_featured_media_url":"https:\/\/i0.wp.com\/minutocerord.com\/wp-content\/uploads\/2022\/04\/4_Nacionales_20_1p01.jpg?fit=1224%2C840&ssl=1","jetpack-related-posts":[],"jetpack_sharing_enabled":true,"_links":{"self":[{"href":"https:\/\/minutocerord.com\/index.php?rest_route=\/wp\/v2\/posts\/8573","targetHints":{"allow":["GET"]}}],"collection":[{"href":"https:\/\/minutocerord.com\/index.php?rest_route=\/wp\/v2\/posts"}],"about":[{"href":"https:\/\/minutocerord.com\/index.php?rest_route=\/wp\/v2\/types\/post"}],"author":[{"embeddable":true,"href":"https:\/\/minutocerord.com\/index.php?rest_route=\/wp\/v2\/users\/1"}],"replies":[{"embeddable":true,"href":"https:\/\/minutocerord.com\/index.php?rest_route=%2Fwp%2Fv2%2Fcomments&post=8573"}],"version-history":[{"count":1,"href":"https:\/\/minutocerord.com\/index.php?rest_route=\/wp\/v2\/posts\/8573\/revisions"}],"predecessor-version":[{"id":8575,"href":"https:\/\/minutocerord.com\/index.php?rest_route=\/wp\/v2\/posts\/8573\/revisions\/8575"}],"wp:featuredmedia":[{"embeddable":true,"href":"https:\/\/minutocerord.com\/index.php?rest_route=\/wp\/v2\/media\/8574"}],"wp:attachment":[{"href":"https:\/\/minutocerord.com\/index.php?rest_route=%2Fwp%2Fv2%2Fmedia&parent=8573"}],"wp:term":[{"taxonomy":"category","embeddable":true,"href":"https:\/\/minutocerord.com\/index.php?rest_route=%2Fwp%2Fv2%2Fcategories&post=8573"},{"taxonomy":"post_tag","embeddable":true,"href":"https:\/\/minutocerord.com\/index.php?rest_route=%2Fwp%2Fv2%2Ftags&post=8573"}],"curies":[{"name":"wp","href":"https:\/\/api.w.org\/{rel}","templated":true}]}}