{"id":8580,"date":"2022-04-22T12:00:02","date_gmt":"2022-04-22T16:00:02","guid":{"rendered":"https:\/\/minutocerord.com\/?p=8580"},"modified":"2022-04-22T12:00:38","modified_gmt":"2022-04-22T16:00:38","slug":"eeuu-acusa-expresidente-de-usar-honduras-como-un-narcoestado","status":"publish","type":"post","link":"https:\/\/minutocerord.com\/?p=8580","title":{"rendered":"EEUU acusa expresidente de usar Honduras como un \u00abnarcoestado\u00bb"},"content":{"rendered":"\n<figure class=\"wp-block-embed is-type-rich is-provider-embed-handler wp-block-embed-embed-handler wp-embed-aspect-16-9 wp-has-aspect-ratio\"><div class=\"wp-block-embed__wrapper\">\n<div class=\"youtube-embed\" data-video_id=\"DPz1Os5Kpfw\"><iframe loading=\"lazy\" title=\"Concretan segunda extradici\u00f3n de un expresidente de Honduras | Noticias Telemundo\" width=\"640\" height=\"360\" src=\"https:\/\/www.youtube.com\/embed\/DPz1Os5Kpfw?feature=oembed&#038;enablejsapi=1\" frameborder=\"0\" allow=\"accelerometer; autoplay; clipboard-write; encrypted-media; gyroscope; picture-in-picture; web-share\" referrerpolicy=\"strict-origin-when-cross-origin\" allowfullscreen><\/iframe><\/div>\n<\/div><\/figure>\n\n\n\n<p><strong>Washington.- <\/strong>Estados Unidos acus\u00f3 este jueves al expresidente de Honduras Juan Orlando Hern\u00e1ndez de operar su pa\u00eds como un \u00abnarcoestado\u00bb y de usar sobornos que recibi\u00f3 de narcotraficantes como \u00abEl Chapo\u00bb para cometer fraude electoral en las dos elecciones a las que concurri\u00f3.<\/p>\n\n\n\n<p>Unas horas despu\u00e9s de que Hern\u00e1ndez despegara rumbo a Nueva York para ser juzgado all\u00ed, el Departamento de Justicia estadounidense public\u00f3 la acusaci\u00f3n completa contra el expresidente, tres cargos que podr\u00edan desembocar en una pena m\u00e1xima de cadena perpetua.<\/p>\n\n\n\n<p>\u00abHern\u00e1ndez abus\u00f3 de su posici\u00f3n como presidente de Honduras entre 2014 y 2022 para operar el pa\u00eds como un narcoestado\u00bb, afirm\u00f3 el fiscal general de EE.UU., Merrick Garland, en una rueda de prensa en Washington.<\/p>\n\n\n\n<p><strong>ACUSACION DE 20 PAGINAS<\/strong><\/p>\n\n\n\n<p>La acusaci\u00f3n formal, de 20 p\u00e1ginas, alega que Hern\u00e1ndez form\u00f3 parte de una conspiraci\u00f3n que desde 2004 transport\u00f3 m\u00e1s de 500 toneladas de coca\u00edna hacia Estados Unidos a trav\u00e9s de Honduras, procedente de Colombia, Venezuela y otros pa\u00edses.<\/p>\n\n\n\n<p>Como parte de esa conspiraci\u00f3n, Hern\u00e1ndez recibi\u00f3 \u00abmillones de d\u00f3lares de m\u00faltiples organizaciones narcotraficantes en Honduras, M\u00e9xico y otros lugares\u00bb, indica la acusaci\u00f3n.<\/p>\n\n\n\n<p>\u00abHern\u00e1ndez us\u00f3 esos beneficios del narcotr\u00e1fico para enriquecerse, financiar sus campa\u00f1as pol\u00edticas y cometer fraude electoral, incluido en relaci\u00f3n con las elecciones presidenciales de 2013 y 2017\u00bb, agrega.<\/p>\n\n\n\n<p><strong>\u00abel CHAPO\u00bb LE ENTREG\u00d3 US$1 MILL\u00d3N<\/strong><\/p>\n\n\n\n<p>En concreto, Estados Unidos alega que en 2013, Hern\u00e1ndez recibi\u00f3 un \u00absoborno de un mill\u00f3n de d\u00f3lares\u00bb del narcotraficante mexicano Joaqu\u00edn \u00abel Chapo\u00bb Guzm\u00e1n, entonces l\u00edder del cartel de Sinaloa, \u00aba cambio de una promesa de proteger\u00bb a ese c\u00e1rtel en Honduras.<\/p>\n\n\n\n<p>\u00abHern\u00e1ndez orden\u00f3 entonces a sus aliados en la conspiraci\u00f3n que viajaran a varias partes de Honduras para sobornar a funcionarios para que manipularan votos para que \u00e9l se convirtiera en presidente\u00bb, asegur\u00f3 en la rueda de prensa el fiscal del distrito sur de Nueva York, Damian Williams.<\/p>\n","protected":false},"excerpt":{"rendered":"<p>Washington.- Estados Unidos acus\u00f3 este jueves al expresidente de Honduras Juan Orlando Hern\u00e1ndez de operar su pa\u00eds como un \u00abnarcoestado\u00bb y de usar sobornos que recibi\u00f3 de narcotraficantes como \u00abEl Chapo\u00bb para cometer fraude electoral en las dos elecciones a las que concurri\u00f3. Unas horas despu\u00e9s de que Hern\u00e1ndez despegara rumbo a Nueva York para [&hellip;]<\/p>\n","protected":false},"author":1,"featured_media":8582,"comment_status":"open","ping_status":"open","sticky":false,"template":"","format":"standard","meta":{"nf_dc_page":"","jetpack_post_was_ever_published":false,"_jetpack_newsletter_access":"","_jetpack_dont_email_post_to_subs":false,"_jetpack_newsletter_tier_id":0,"_jetpack_memberships_contains_paywalled_content":false,"_jetpack_memberships_contains_paid_content":false,"footnotes":"","jetpack_publicize_message":"","jetpack_publicize_feature_enabled":true,"jetpack_social_post_already_shared":false,"jetpack_social_options":{"image_generator_settings":{"template":"highway","default_image_id":0,"font":"","enabled":false},"version":2}},"categories":[83],"tags":[],"class_list":["post-8580","post","type-post","status-publish","format-standard","has-post-thumbnail","hentry","category-estados-unidos"],"yoast_head":"<!-- This site is optimized with the Yoast SEO plugin v27.4 - https:\/\/yoast.com\/product\/yoast-seo-wordpress\/ -->\n<title>EEUU acusa expresidente de usar Honduras como un \u00abnarcoestado\u00bb - Minuto Cero RD<\/title>\n<meta name=\"robots\" content=\"index, follow, max-snippet:-1, max-image-preview:large, max-video-preview:-1\" \/>\n<link rel=\"canonical\" href=\"http:\/\/minutocerord.com\/?p=8580\" \/>\n<meta property=\"og:locale\" content=\"es_ES\" \/>\n<meta property=\"og:type\" content=\"article\" \/>\n<meta property=\"og:title\" content=\"EEUU acusa expresidente de usar Honduras como un \u00abnarcoestado\u00bb - Minuto Cero RD\" \/>\n<meta property=\"og:description\" content=\"Washington.- Estados Unidos acus\u00f3 este jueves al expresidente de Honduras Juan Orlando Hern\u00e1ndez de operar su pa\u00eds como un \u00abnarcoestado\u00bb y de usar sobornos que recibi\u00f3 de narcotraficantes como \u00abEl Chapo\u00bb para cometer fraude electoral en las dos elecciones a las que concurri\u00f3. Unas horas despu\u00e9s de que Hern\u00e1ndez despegara rumbo a Nueva York para [&hellip;]\" \/>\n<meta property=\"og:url\" content=\"http:\/\/minutocerord.com\/?p=8580\" \/>\n<meta property=\"og:site_name\" content=\"Minuto Cero RD\" \/>\n<meta property=\"article:publisher\" content=\"https:\/\/www.facebook.com\/Genofnotes\" \/>\n<meta property=\"article:author\" content=\"https:\/\/www.facebook.com\/Genofnotes\" \/>\n<meta property=\"article:published_time\" content=\"2022-04-22T16:00:02+00:00\" \/>\n<meta property=\"article:modified_time\" content=\"2022-04-22T16:00:38+00:00\" \/>\n<meta property=\"og:image\" content=\"https:\/\/i0.wp.com\/minutocerord.com\/wp-content\/uploads\/2022\/04\/Juan-Orlando-Hernandez.jpg?fit=889%2C551\" \/>\n\t<meta property=\"og:image:width\" content=\"889\" \/>\n\t<meta property=\"og:image:height\" content=\"551\" \/>\n\t<meta property=\"og:image:type\" content=\"image\/jpeg\" \/>\n<meta name=\"author\" content=\"Genof\u00f3ntes Urb\u00e1ez\" \/>\n<meta name=\"twitter:card\" content=\"summary_large_image\" \/>\n<meta name=\"twitter:label1\" content=\"Written by\" \/>\n\t<meta name=\"twitter:data1\" content=\"Genof\u00f3ntes Urb\u00e1ez\" \/>\n\t<meta name=\"twitter:label2\" content=\"Est. reading time\" \/>\n\t<meta name=\"twitter:data2\" content=\"2 minutos\" \/>\n<script type=\"application\/ld+json\" class=\"yoast-schema-graph\">{\"@context\":\"https:\\\/\\\/schema.org\",\"@graph\":[{\"@type\":\"Article\",\"@id\":\"http:\\\/\\\/minutocerord.com\\\/?p=8580#article\",\"isPartOf\":{\"@id\":\"http:\\\/\\\/minutocerord.com\\\/?p=8580\"},\"author\":{\"name\":\"Genof\u00f3ntes Urb\u00e1ez\",\"@id\":\"https:\\\/\\\/minutocerord.com\\\/#\\\/schema\\\/person\\\/60b5372d60aaa0a5171fb6488be9aee6\"},\"headline\":\"EEUU acusa expresidente de usar Honduras como un \u00abnarcoestado\u00bb\",\"datePublished\":\"2022-04-22T16:00:02+00:00\",\"dateModified\":\"2022-04-22T16:00:38+00:00\",\"mainEntityOfPage\":{\"@id\":\"http:\\\/\\\/minutocerord.com\\\/?p=8580\"},\"wordCount\":354,\"commentCount\":0,\"publisher\":{\"@id\":\"https:\\\/\\\/minutocerord.com\\\/#\\\/schema\\\/person\\\/60b5372d60aaa0a5171fb6488be9aee6\"},\"image\":{\"@id\":\"http:\\\/\\\/minutocerord.com\\\/?p=8580#primaryimage\"},\"thumbnailUrl\":\"https:\\\/\\\/i0.wp.com\\\/minutocerord.com\\\/wp-content\\\/uploads\\\/2022\\\/04\\\/Juan-Orlando-Hernandez.jpg?fit=889%2C551&ssl=1\",\"articleSection\":[\"Estados Unidos\"],\"inLanguage\":\"es-DO\",\"potentialAction\":[{\"@type\":\"CommentAction\",\"name\":\"Comment\",\"target\":[\"http:\\\/\\\/minutocerord.com\\\/?p=8580#respond\"]}]},{\"@type\":\"WebPage\",\"@id\":\"http:\\\/\\\/minutocerord.com\\\/?p=8580\",\"url\":\"http:\\\/\\\/minutocerord.com\\\/?p=8580\",\"name\":\"EEUU acusa expresidente de usar Honduras como un \u00abnarcoestado\u00bb - Minuto Cero RD\",\"isPartOf\":{\"@id\":\"https:\\\/\\\/minutocerord.com\\\/#website\"},\"primaryImageOfPage\":{\"@id\":\"http:\\\/\\\/minutocerord.com\\\/?p=8580#primaryimage\"},\"image\":{\"@id\":\"http:\\\/\\\/minutocerord.com\\\/?p=8580#primaryimage\"},\"thumbnailUrl\":\"https:\\\/\\\/i0.wp.com\\\/minutocerord.com\\\/wp-content\\\/uploads\\\/2022\\\/04\\\/Juan-Orlando-Hernandez.jpg?fit=889%2C551&ssl=1\",\"datePublished\":\"2022-04-22T16:00:02+00:00\",\"dateModified\":\"2022-04-22T16:00:38+00:00\",\"breadcrumb\":{\"@id\":\"http:\\\/\\\/minutocerord.com\\\/?p=8580#breadcrumb\"},\"inLanguage\":\"es-DO\",\"potentialAction\":[{\"@type\":\"ReadAction\",\"target\":[\"http:\\\/\\\/minutocerord.com\\\/?p=8580\"]}]},{\"@type\":\"ImageObject\",\"inLanguage\":\"es-DO\",\"@id\":\"http:\\\/\\\/minutocerord.com\\\/?p=8580#primaryimage\",\"url\":\"https:\\\/\\\/i0.wp.com\\\/minutocerord.com\\\/wp-content\\\/uploads\\\/2022\\\/04\\\/Juan-Orlando-Hernandez.jpg?fit=889%2C551&ssl=1\",\"contentUrl\":\"https:\\\/\\\/i0.wp.com\\\/minutocerord.com\\\/wp-content\\\/uploads\\\/2022\\\/04\\\/Juan-Orlando-Hernandez.jpg?fit=889%2C551&ssl=1\",\"width\":889,\"height\":551},{\"@type\":\"BreadcrumbList\",\"@id\":\"http:\\\/\\\/minutocerord.com\\\/?p=8580#breadcrumb\",\"itemListElement\":[{\"@type\":\"ListItem\",\"position\":1,\"name\":\"Home\",\"item\":\"https:\\\/\\\/minutocerord.com\\\/\"},{\"@type\":\"ListItem\",\"position\":2,\"name\":\"EEUU acusa expresidente de usar Honduras como un \u00abnarcoestado\u00bb\"}]},{\"@type\":\"WebSite\",\"@id\":\"https:\\\/\\\/minutocerord.com\\\/#website\",\"url\":\"https:\\\/\\\/minutocerord.com\\\/\",\"name\":\"Minuto Cero RD\",\"description\":\"Periodismo serio y veraz\",\"publisher\":{\"@id\":\"https:\\\/\\\/minutocerord.com\\\/#\\\/schema\\\/person\\\/60b5372d60aaa0a5171fb6488be9aee6\"},\"potentialAction\":[{\"@type\":\"SearchAction\",\"target\":{\"@type\":\"EntryPoint\",\"urlTemplate\":\"https:\\\/\\\/minutocerord.com\\\/?s={search_term_string}\"},\"query-input\":{\"@type\":\"PropertyValueSpecification\",\"valueRequired\":true,\"valueName\":\"search_term_string\"}}],\"inLanguage\":\"es-DO\"},{\"@type\":[\"Person\",\"Organization\"],\"@id\":\"https:\\\/\\\/minutocerord.com\\\/#\\\/schema\\\/person\\\/60b5372d60aaa0a5171fb6488be9aee6\",\"name\":\"Genof\u00f3ntes Urb\u00e1ez\",\"image\":{\"@type\":\"ImageObject\",\"inLanguage\":\"es-DO\",\"@id\":\"https:\\\/\\\/secure.gravatar.com\\\/avatar\\\/a49ef3186a692098ac3e8a1612261e3ad70cf9e44553dff2929e67939a0ecb9d?s=96&d=identicon&r=g\",\"url\":\"https:\\\/\\\/secure.gravatar.com\\\/avatar\\\/a49ef3186a692098ac3e8a1612261e3ad70cf9e44553dff2929e67939a0ecb9d?s=96&d=identicon&r=g\",\"contentUrl\":\"https:\\\/\\\/secure.gravatar.com\\\/avatar\\\/a49ef3186a692098ac3e8a1612261e3ad70cf9e44553dff2929e67939a0ecb9d?s=96&d=identicon&r=g\",\"caption\":\"Genof\u00f3ntes Urb\u00e1ez\"},\"logo\":{\"@id\":\"https:\\\/\\\/secure.gravatar.com\\\/avatar\\\/a49ef3186a692098ac3e8a1612261e3ad70cf9e44553dff2929e67939a0ecb9d?s=96&d=identicon&r=g\"},\"description\":\"Periodista \\\/ Locutor\",\"sameAs\":[\"https:\\\/\\\/www.facebook.com\\\/Genofnotes\",\"https:\\\/\\\/www.instagram.com\\\/genofnotes\\\/\"]}]}<\/script>\n<!-- \/ Yoast SEO plugin. -->","yoast_head_json":{"title":"EEUU acusa expresidente de usar Honduras como un \u00abnarcoestado\u00bb - Minuto Cero RD","robots":{"index":"index","follow":"follow","max-snippet":"max-snippet:-1","max-image-preview":"max-image-preview:large","max-video-preview":"max-video-preview:-1"},"canonical":"http:\/\/minutocerord.com\/?p=8580","og_locale":"es_ES","og_type":"article","og_title":"EEUU acusa expresidente de usar Honduras como un \u00abnarcoestado\u00bb - Minuto Cero RD","og_description":"Washington.- Estados Unidos acus\u00f3 este jueves al expresidente de Honduras Juan Orlando Hern\u00e1ndez de operar su pa\u00eds como un \u00abnarcoestado\u00bb y de usar sobornos que recibi\u00f3 de narcotraficantes como \u00abEl Chapo\u00bb para cometer fraude electoral en las dos elecciones a las que concurri\u00f3. Unas horas despu\u00e9s de que Hern\u00e1ndez despegara rumbo a Nueva York para [&hellip;]","og_url":"http:\/\/minutocerord.com\/?p=8580","og_site_name":"Minuto Cero RD","article_publisher":"https:\/\/www.facebook.com\/Genofnotes","article_author":"https:\/\/www.facebook.com\/Genofnotes","article_published_time":"2022-04-22T16:00:02+00:00","article_modified_time":"2022-04-22T16:00:38+00:00","og_image":[{"width":889,"height":551,"url":"https:\/\/i0.wp.com\/minutocerord.com\/wp-content\/uploads\/2022\/04\/Juan-Orlando-Hernandez.jpg?fit=889%2C551","type":"image\/jpeg"}],"author":"Genof\u00f3ntes Urb\u00e1ez","twitter_card":"summary_large_image","twitter_misc":{"Written by":"Genof\u00f3ntes Urb\u00e1ez","Est. reading time":"2 minutos"},"schema":{"@context":"https:\/\/schema.org","@graph":[{"@type":"Article","@id":"http:\/\/minutocerord.com\/?p=8580#article","isPartOf":{"@id":"http:\/\/minutocerord.com\/?p=8580"},"author":{"name":"Genof\u00f3ntes Urb\u00e1ez","@id":"https:\/\/minutocerord.com\/#\/schema\/person\/60b5372d60aaa0a5171fb6488be9aee6"},"headline":"EEUU acusa expresidente de usar Honduras como un \u00abnarcoestado\u00bb","datePublished":"2022-04-22T16:00:02+00:00","dateModified":"2022-04-22T16:00:38+00:00","mainEntityOfPage":{"@id":"http:\/\/minutocerord.com\/?p=8580"},"wordCount":354,"commentCount":0,"publisher":{"@id":"https:\/\/minutocerord.com\/#\/schema\/person\/60b5372d60aaa0a5171fb6488be9aee6"},"image":{"@id":"http:\/\/minutocerord.com\/?p=8580#primaryimage"},"thumbnailUrl":"https:\/\/i0.wp.com\/minutocerord.com\/wp-content\/uploads\/2022\/04\/Juan-Orlando-Hernandez.jpg?fit=889%2C551&ssl=1","articleSection":["Estados Unidos"],"inLanguage":"es-DO","potentialAction":[{"@type":"CommentAction","name":"Comment","target":["http:\/\/minutocerord.com\/?p=8580#respond"]}]},{"@type":"WebPage","@id":"http:\/\/minutocerord.com\/?p=8580","url":"http:\/\/minutocerord.com\/?p=8580","name":"EEUU acusa expresidente de usar Honduras como un \u00abnarcoestado\u00bb - Minuto Cero RD","isPartOf":{"@id":"https:\/\/minutocerord.com\/#website"},"primaryImageOfPage":{"@id":"http:\/\/minutocerord.com\/?p=8580#primaryimage"},"image":{"@id":"http:\/\/minutocerord.com\/?p=8580#primaryimage"},"thumbnailUrl":"https:\/\/i0.wp.com\/minutocerord.com\/wp-content\/uploads\/2022\/04\/Juan-Orlando-Hernandez.jpg?fit=889%2C551&ssl=1","datePublished":"2022-04-22T16:00:02+00:00","dateModified":"2022-04-22T16:00:38+00:00","breadcrumb":{"@id":"http:\/\/minutocerord.com\/?p=8580#breadcrumb"},"inLanguage":"es-DO","potentialAction":[{"@type":"ReadAction","target":["http:\/\/minutocerord.com\/?p=8580"]}]},{"@type":"ImageObject","inLanguage":"es-DO","@id":"http:\/\/minutocerord.com\/?p=8580#primaryimage","url":"https:\/\/i0.wp.com\/minutocerord.com\/wp-content\/uploads\/2022\/04\/Juan-Orlando-Hernandez.jpg?fit=889%2C551&ssl=1","contentUrl":"https:\/\/i0.wp.com\/minutocerord.com\/wp-content\/uploads\/2022\/04\/Juan-Orlando-Hernandez.jpg?fit=889%2C551&ssl=1","width":889,"height":551},{"@type":"BreadcrumbList","@id":"http:\/\/minutocerord.com\/?p=8580#breadcrumb","itemListElement":[{"@type":"ListItem","position":1,"name":"Home","item":"https:\/\/minutocerord.com\/"},{"@type":"ListItem","position":2,"name":"EEUU acusa expresidente de usar Honduras como un \u00abnarcoestado\u00bb"}]},{"@type":"WebSite","@id":"https:\/\/minutocerord.com\/#website","url":"https:\/\/minutocerord.com\/","name":"Minuto Cero RD","description":"Periodismo serio y veraz","publisher":{"@id":"https:\/\/minutocerord.com\/#\/schema\/person\/60b5372d60aaa0a5171fb6488be9aee6"},"potentialAction":[{"@type":"SearchAction","target":{"@type":"EntryPoint","urlTemplate":"https:\/\/minutocerord.com\/?s={search_term_string}"},"query-input":{"@type":"PropertyValueSpecification","valueRequired":true,"valueName":"search_term_string"}}],"inLanguage":"es-DO"},{"@type":["Person","Organization"],"@id":"https:\/\/minutocerord.com\/#\/schema\/person\/60b5372d60aaa0a5171fb6488be9aee6","name":"Genof\u00f3ntes Urb\u00e1ez","image":{"@type":"ImageObject","inLanguage":"es-DO","@id":"https:\/\/secure.gravatar.com\/avatar\/a49ef3186a692098ac3e8a1612261e3ad70cf9e44553dff2929e67939a0ecb9d?s=96&d=identicon&r=g","url":"https:\/\/secure.gravatar.com\/avatar\/a49ef3186a692098ac3e8a1612261e3ad70cf9e44553dff2929e67939a0ecb9d?s=96&d=identicon&r=g","contentUrl":"https:\/\/secure.gravatar.com\/avatar\/a49ef3186a692098ac3e8a1612261e3ad70cf9e44553dff2929e67939a0ecb9d?s=96&d=identicon&r=g","caption":"Genof\u00f3ntes Urb\u00e1ez"},"logo":{"@id":"https:\/\/secure.gravatar.com\/avatar\/a49ef3186a692098ac3e8a1612261e3ad70cf9e44553dff2929e67939a0ecb9d?s=96&d=identicon&r=g"},"description":"Periodista \/ Locutor","sameAs":["https:\/\/www.facebook.com\/Genofnotes","https:\/\/www.instagram.com\/genofnotes\/"]}]}},"jetpack_publicize_connections":[],"jetpack_featured_media_url":"https:\/\/i0.wp.com\/minutocerord.com\/wp-content\/uploads\/2022\/04\/Juan-Orlando-Hernandez.jpg?fit=889%2C551&ssl=1","jetpack-related-posts":[],"jetpack_sharing_enabled":true,"_links":{"self":[{"href":"https:\/\/minutocerord.com\/index.php?rest_route=\/wp\/v2\/posts\/8580","targetHints":{"allow":["GET"]}}],"collection":[{"href":"https:\/\/minutocerord.com\/index.php?rest_route=\/wp\/v2\/posts"}],"about":[{"href":"https:\/\/minutocerord.com\/index.php?rest_route=\/wp\/v2\/types\/post"}],"author":[{"embeddable":true,"href":"https:\/\/minutocerord.com\/index.php?rest_route=\/wp\/v2\/users\/1"}],"replies":[{"embeddable":true,"href":"https:\/\/minutocerord.com\/index.php?rest_route=%2Fwp%2Fv2%2Fcomments&post=8580"}],"version-history":[{"count":1,"href":"https:\/\/minutocerord.com\/index.php?rest_route=\/wp\/v2\/posts\/8580\/revisions"}],"predecessor-version":[{"id":8583,"href":"https:\/\/minutocerord.com\/index.php?rest_route=\/wp\/v2\/posts\/8580\/revisions\/8583"}],"wp:featuredmedia":[{"embeddable":true,"href":"https:\/\/minutocerord.com\/index.php?rest_route=\/wp\/v2\/media\/8582"}],"wp:attachment":[{"href":"https:\/\/minutocerord.com\/index.php?rest_route=%2Fwp%2Fv2%2Fmedia&parent=8580"}],"wp:term":[{"taxonomy":"category","embeddable":true,"href":"https:\/\/minutocerord.com\/index.php?rest_route=%2Fwp%2Fv2%2Fcategories&post=8580"},{"taxonomy":"post_tag","embeddable":true,"href":"https:\/\/minutocerord.com\/index.php?rest_route=%2Fwp%2Fv2%2Ftags&post=8580"}],"curies":[{"name":"wp","href":"https:\/\/api.w.org\/{rel}","templated":true}]}}