{"id":8601,"date":"2022-04-24T00:37:22","date_gmt":"2022-04-24T04:37:22","guid":{"rendered":"https:\/\/minutocerord.com\/?p=8601"},"modified":"2022-04-24T00:37:59","modified_gmt":"2022-04-24T04:37:59","slug":"dicen-muerte-de-un-detenido-en-hospital-de-ocoa-fue-por-golpiza","status":"publish","type":"post","link":"https:\/\/minutocerord.com\/?p=8601","title":{"rendered":"Muerte de un detenido en hospital de Ocoa fue por golpiza"},"content":{"rendered":"\n<figure class=\"wp-block-embed is-type-rich is-provider-embed-handler wp-block-embed-embed-handler wp-embed-aspect-16-9 wp-has-aspect-ratio\"><div class=\"wp-block-embed__wrapper\">\n<div class=\"youtube-embed\" data-video_id=\"p0C6HYLv-HI\"><iframe loading=\"lazy\" title=\"V\u00eddeo donde se observa abuso excesivo por parte de la polic\u00eda Nacional con Jos\u00e9 Gregorio Custodio.\" width=\"640\" height=\"360\" src=\"https:\/\/www.youtube.com\/embed\/p0C6HYLv-HI?feature=oembed&#038;enablejsapi=1\" frameborder=\"0\" allow=\"accelerometer; autoplay; clipboard-write; encrypted-media; gyroscope; picture-in-picture; web-share\" referrerpolicy=\"strict-origin-when-cross-origin\" allowfullscreen><\/iframe><\/div>\n<\/div><\/figure>\n\n\n\n<figure class=\"wp-block-embed is-type-rich is-provider-embed-handler wp-block-embed-embed-handler wp-embed-aspect-16-9 wp-has-aspect-ratio\"><div class=\"wp-block-embed__wrapper\">\n<div class=\"youtube-embed\" data-video_id=\"q54PrvgwV4c\"><iframe loading=\"lazy\" title=\"Procurador Fiscal de Ocoa, Francis Valdez, ofrece detalles sobre la muerte de Jos\u00e9 Gregorio Custodio\" width=\"640\" height=\"360\" src=\"https:\/\/www.youtube.com\/embed\/q54PrvgwV4c?feature=oembed&#038;enablejsapi=1\" frameborder=\"0\" allow=\"accelerometer; autoplay; clipboard-write; encrypted-media; gyroscope; picture-in-picture; web-share\" referrerpolicy=\"strict-origin-when-cross-origin\" allowfullscreen><\/iframe><\/div>\n<\/div><\/figure>\n\n\n\n<p><strong>SANTO DOMINGO.- <\/strong>Los familiares de Jos\u00e9 Gregorio Custodio, el hombre de 38 a\u00f1os que muri\u00f3 este lunes en un hospital de San Jos\u00e9 de Ocoa luego de ser detenido por agentes policiales, dicen que su pariente falleci\u00f3 a causa de golpes propinados durante su apresamiento y piden justicia.<\/p>\n\n\n\n<p>En las redes sociales ha circulado un video del momento de la madrugada del 17 de abril cuando Custodio fue detenido por una patrulla policial, ante un llamado de violencia de g\u00e9nero.<\/p>\n\n\n\n<p>Captado por una c\u00e1mara de seguridad, las im\u00e1genes muestran que dos agentes que integraban una patrulla motorizada sacaron a Custodio de un centro de salud donde se hab\u00eda atrincherado, lo lanzaron al pavimento, pusieron sus pies sobre la cabeza y la espalda y lo patearon estando boca abajo.<\/p>\n\n\n\n<p>La agresi\u00f3n dura varios minutos mientras otros dos hombres observan, hasta que llega a la escena una camioneta de la Polic\u00eda, donde es subido el detenido para llevarlo hacia el destacamento.<\/p>\n\n\n\n<p>La esposa de Custodio explic\u00f3 que llam\u00f3 a la Polic\u00eda porque despu\u00e9s de tomarse unos tragos, su consorte estaba \u201cintranquilo\u201d aunque \u201cnunca la hab\u00eda agredido\u201d.<\/p>\n\n\n\n<p><strong>HOSPITAL<\/strong><\/p>\n\n\n\n<p>La madre del occiso, Adelita Custodio, alias Milanda, dijo a medios de prensa que las \u00faltimas palabras de su hijo en el hospital fueron \u201cMilanda me estoy muriendo y me muero hoy, me masacr\u00f3 la polic\u00eda\u201d.<\/p>\n\n\n\n<p>Sostuvo que su hijo ten\u00eda moretones en el cuerpo a causa de los supuestos golpes propinados durante su arresto, pero enfermeras dijeron que padec\u00eda una alergia.<\/p>\n\n\n\n<p><strong>TRAMA<\/strong><\/p>\n\n\n\n<p>Los familiares consideran que hay una trama de mentiras entre el cuartel policial y el hospital provincial de Ocoa.<\/p>\n\n\n\n<p>No quieren una simple destituci\u00f3n del coronel Santo Santana Vizca\u00edno, que estaba a cargo del cuartel sino que sea castigado por el abuso y muerte de su pariente.<\/p>\n\n\n\n<p>La Fiscal\u00eda de Ocoa est\u00e1 a la espera del informe de autopsia para determinar cu\u00e1l fue la real causa de muerte de Custodio.<\/p>\n","protected":false},"excerpt":{"rendered":"<p>SANTO DOMINGO.- Los familiares de Jos\u00e9 Gregorio Custodio, el hombre de 38 a\u00f1os que muri\u00f3 este lunes en un hospital de San Jos\u00e9 de Ocoa luego de ser detenido por agentes policiales, dicen que su pariente falleci\u00f3 a causa de golpes propinados durante su apresamiento y piden justicia. En las redes sociales ha circulado un [&hellip;]<\/p>\n","protected":false},"author":1,"featured_media":8604,"comment_status":"open","ping_status":"open","sticky":false,"template":"","format":"standard","meta":{"nf_dc_page":"","jetpack_post_was_ever_published":false,"_jetpack_newsletter_access":"","_jetpack_dont_email_post_to_subs":false,"_jetpack_newsletter_tier_id":0,"_jetpack_memberships_contains_paywalled_content":false,"_jetpack_memberships_contains_paid_content":false,"footnotes":"","jetpack_publicize_message":"","jetpack_publicize_feature_enabled":true,"jetpack_social_post_already_shared":false,"jetpack_social_options":{"image_generator_settings":{"template":"highway","default_image_id":0,"font":"","enabled":false},"version":2}},"categories":[65],"tags":[],"class_list":["post-8601","post","type-post","status-publish","format-standard","has-post-thumbnail","hentry","category-nacionales"],"yoast_head":"<!-- This site is optimized with the Yoast SEO plugin v27.4 - https:\/\/yoast.com\/product\/yoast-seo-wordpress\/ -->\n<title>Muerte de un detenido en hospital de Ocoa fue por golpiza - Minuto Cero RD<\/title>\n<meta name=\"robots\" content=\"index, follow, max-snippet:-1, max-image-preview:large, max-video-preview:-1\" \/>\n<link rel=\"canonical\" href=\"http:\/\/minutocerord.com\/?p=8601\" \/>\n<meta property=\"og:locale\" content=\"es_ES\" \/>\n<meta property=\"og:type\" content=\"article\" \/>\n<meta property=\"og:title\" content=\"Muerte de un detenido en hospital de Ocoa fue por golpiza - Minuto Cero RD\" \/>\n<meta property=\"og:description\" content=\"SANTO DOMINGO.- Los familiares de Jos\u00e9 Gregorio Custodio, el hombre de 38 a\u00f1os que muri\u00f3 este lunes en un hospital de San Jos\u00e9 de Ocoa luego de ser detenido por agentes policiales, dicen que su pariente falleci\u00f3 a causa de golpes propinados durante su apresamiento y piden justicia. En las redes sociales ha circulado un [&hellip;]\" \/>\n<meta property=\"og:url\" content=\"http:\/\/minutocerord.com\/?p=8601\" \/>\n<meta property=\"og:site_name\" content=\"Minuto Cero RD\" \/>\n<meta property=\"article:publisher\" content=\"https:\/\/www.facebook.com\/Genofnotes\" \/>\n<meta property=\"article:author\" content=\"https:\/\/www.facebook.com\/Genofnotes\" \/>\n<meta property=\"article:published_time\" content=\"2022-04-24T04:37:22+00:00\" \/>\n<meta property=\"article:modified_time\" content=\"2022-04-24T04:37:59+00:00\" \/>\n<meta property=\"og:image\" content=\"https:\/\/i0.wp.com\/minutocerord.com\/wp-content\/uploads\/2022\/04\/jose-gregorio-custodio-quien-fallecio-en-cuarte-policial-de-san-jose-de-ocoa-d40252fc-focus-min0.03-0.25-895-573.jpg?fit=709%2C404\" \/>\n\t<meta property=\"og:image:width\" content=\"709\" \/>\n\t<meta property=\"og:image:height\" content=\"404\" \/>\n\t<meta property=\"og:image:type\" content=\"image\/jpeg\" \/>\n<meta name=\"author\" content=\"Genof\u00f3ntes Urb\u00e1ez\" \/>\n<meta name=\"twitter:card\" content=\"summary_large_image\" \/>\n<meta name=\"twitter:label1\" content=\"Written by\" \/>\n\t<meta name=\"twitter:data1\" content=\"Genof\u00f3ntes Urb\u00e1ez\" \/>\n\t<meta name=\"twitter:label2\" content=\"Est. reading time\" \/>\n\t<meta name=\"twitter:data2\" content=\"2 minutos\" \/>\n<script type=\"application\/ld+json\" class=\"yoast-schema-graph\">{\"@context\":\"https:\\\/\\\/schema.org\",\"@graph\":[{\"@type\":\"Article\",\"@id\":\"http:\\\/\\\/minutocerord.com\\\/?p=8601#article\",\"isPartOf\":{\"@id\":\"http:\\\/\\\/minutocerord.com\\\/?p=8601\"},\"author\":{\"name\":\"Genof\u00f3ntes Urb\u00e1ez\",\"@id\":\"https:\\\/\\\/minutocerord.com\\\/#\\\/schema\\\/person\\\/60b5372d60aaa0a5171fb6488be9aee6\"},\"headline\":\"Muerte de un detenido en hospital de Ocoa fue por golpiza\",\"datePublished\":\"2022-04-24T04:37:22+00:00\",\"dateModified\":\"2022-04-24T04:37:59+00:00\",\"mainEntityOfPage\":{\"@id\":\"http:\\\/\\\/minutocerord.com\\\/?p=8601\"},\"wordCount\":361,\"commentCount\":0,\"publisher\":{\"@id\":\"https:\\\/\\\/minutocerord.com\\\/#\\\/schema\\\/person\\\/60b5372d60aaa0a5171fb6488be9aee6\"},\"image\":{\"@id\":\"http:\\\/\\\/minutocerord.com\\\/?p=8601#primaryimage\"},\"thumbnailUrl\":\"https:\\\/\\\/i0.wp.com\\\/minutocerord.com\\\/wp-content\\\/uploads\\\/2022\\\/04\\\/jose-gregorio-custodio-quien-fallecio-en-cuarte-policial-de-san-jose-de-ocoa-d40252fc-focus-min0.03-0.25-895-573.jpg?fit=709%2C404&ssl=1\",\"articleSection\":[\"Nacionales\"],\"inLanguage\":\"es-DO\",\"potentialAction\":[{\"@type\":\"CommentAction\",\"name\":\"Comment\",\"target\":[\"http:\\\/\\\/minutocerord.com\\\/?p=8601#respond\"]}]},{\"@type\":\"WebPage\",\"@id\":\"http:\\\/\\\/minutocerord.com\\\/?p=8601\",\"url\":\"http:\\\/\\\/minutocerord.com\\\/?p=8601\",\"name\":\"Muerte de un detenido en hospital de Ocoa fue por golpiza - Minuto Cero RD\",\"isPartOf\":{\"@id\":\"https:\\\/\\\/minutocerord.com\\\/#website\"},\"primaryImageOfPage\":{\"@id\":\"http:\\\/\\\/minutocerord.com\\\/?p=8601#primaryimage\"},\"image\":{\"@id\":\"http:\\\/\\\/minutocerord.com\\\/?p=8601#primaryimage\"},\"thumbnailUrl\":\"https:\\\/\\\/i0.wp.com\\\/minutocerord.com\\\/wp-content\\\/uploads\\\/2022\\\/04\\\/jose-gregorio-custodio-quien-fallecio-en-cuarte-policial-de-san-jose-de-ocoa-d40252fc-focus-min0.03-0.25-895-573.jpg?fit=709%2C404&ssl=1\",\"datePublished\":\"2022-04-24T04:37:22+00:00\",\"dateModified\":\"2022-04-24T04:37:59+00:00\",\"breadcrumb\":{\"@id\":\"http:\\\/\\\/minutocerord.com\\\/?p=8601#breadcrumb\"},\"inLanguage\":\"es-DO\",\"potentialAction\":[{\"@type\":\"ReadAction\",\"target\":[\"http:\\\/\\\/minutocerord.com\\\/?p=8601\"]}]},{\"@type\":\"ImageObject\",\"inLanguage\":\"es-DO\",\"@id\":\"http:\\\/\\\/minutocerord.com\\\/?p=8601#primaryimage\",\"url\":\"https:\\\/\\\/i0.wp.com\\\/minutocerord.com\\\/wp-content\\\/uploads\\\/2022\\\/04\\\/jose-gregorio-custodio-quien-fallecio-en-cuarte-policial-de-san-jose-de-ocoa-d40252fc-focus-min0.03-0.25-895-573.jpg?fit=709%2C404&ssl=1\",\"contentUrl\":\"https:\\\/\\\/i0.wp.com\\\/minutocerord.com\\\/wp-content\\\/uploads\\\/2022\\\/04\\\/jose-gregorio-custodio-quien-fallecio-en-cuarte-policial-de-san-jose-de-ocoa-d40252fc-focus-min0.03-0.25-895-573.jpg?fit=709%2C404&ssl=1\",\"width\":709,\"height\":404},{\"@type\":\"BreadcrumbList\",\"@id\":\"http:\\\/\\\/minutocerord.com\\\/?p=8601#breadcrumb\",\"itemListElement\":[{\"@type\":\"ListItem\",\"position\":1,\"name\":\"Home\",\"item\":\"https:\\\/\\\/minutocerord.com\\\/\"},{\"@type\":\"ListItem\",\"position\":2,\"name\":\"Muerte de un detenido en hospital de Ocoa fue por golpiza\"}]},{\"@type\":\"WebSite\",\"@id\":\"https:\\\/\\\/minutocerord.com\\\/#website\",\"url\":\"https:\\\/\\\/minutocerord.com\\\/\",\"name\":\"Minuto Cero RD\",\"description\":\"Periodismo serio y veraz\",\"publisher\":{\"@id\":\"https:\\\/\\\/minutocerord.com\\\/#\\\/schema\\\/person\\\/60b5372d60aaa0a5171fb6488be9aee6\"},\"potentialAction\":[{\"@type\":\"SearchAction\",\"target\":{\"@type\":\"EntryPoint\",\"urlTemplate\":\"https:\\\/\\\/minutocerord.com\\\/?s={search_term_string}\"},\"query-input\":{\"@type\":\"PropertyValueSpecification\",\"valueRequired\":true,\"valueName\":\"search_term_string\"}}],\"inLanguage\":\"es-DO\"},{\"@type\":[\"Person\",\"Organization\"],\"@id\":\"https:\\\/\\\/minutocerord.com\\\/#\\\/schema\\\/person\\\/60b5372d60aaa0a5171fb6488be9aee6\",\"name\":\"Genof\u00f3ntes Urb\u00e1ez\",\"image\":{\"@type\":\"ImageObject\",\"inLanguage\":\"es-DO\",\"@id\":\"https:\\\/\\\/secure.gravatar.com\\\/avatar\\\/a49ef3186a692098ac3e8a1612261e3ad70cf9e44553dff2929e67939a0ecb9d?s=96&d=identicon&r=g\",\"url\":\"https:\\\/\\\/secure.gravatar.com\\\/avatar\\\/a49ef3186a692098ac3e8a1612261e3ad70cf9e44553dff2929e67939a0ecb9d?s=96&d=identicon&r=g\",\"contentUrl\":\"https:\\\/\\\/secure.gravatar.com\\\/avatar\\\/a49ef3186a692098ac3e8a1612261e3ad70cf9e44553dff2929e67939a0ecb9d?s=96&d=identicon&r=g\",\"caption\":\"Genof\u00f3ntes Urb\u00e1ez\"},\"logo\":{\"@id\":\"https:\\\/\\\/secure.gravatar.com\\\/avatar\\\/a49ef3186a692098ac3e8a1612261e3ad70cf9e44553dff2929e67939a0ecb9d?s=96&d=identicon&r=g\"},\"description\":\"Periodista \\\/ Locutor\",\"sameAs\":[\"https:\\\/\\\/www.facebook.com\\\/Genofnotes\",\"https:\\\/\\\/www.instagram.com\\\/genofnotes\\\/\"]}]}<\/script>\n<!-- \/ Yoast SEO plugin. -->","yoast_head_json":{"title":"Muerte de un detenido en hospital de Ocoa fue por golpiza - Minuto Cero RD","robots":{"index":"index","follow":"follow","max-snippet":"max-snippet:-1","max-image-preview":"max-image-preview:large","max-video-preview":"max-video-preview:-1"},"canonical":"http:\/\/minutocerord.com\/?p=8601","og_locale":"es_ES","og_type":"article","og_title":"Muerte de un detenido en hospital de Ocoa fue por golpiza - Minuto Cero RD","og_description":"SANTO DOMINGO.- Los familiares de Jos\u00e9 Gregorio Custodio, el hombre de 38 a\u00f1os que muri\u00f3 este lunes en un hospital de San Jos\u00e9 de Ocoa luego de ser detenido por agentes policiales, dicen que su pariente falleci\u00f3 a causa de golpes propinados durante su apresamiento y piden justicia. En las redes sociales ha circulado un [&hellip;]","og_url":"http:\/\/minutocerord.com\/?p=8601","og_site_name":"Minuto Cero RD","article_publisher":"https:\/\/www.facebook.com\/Genofnotes","article_author":"https:\/\/www.facebook.com\/Genofnotes","article_published_time":"2022-04-24T04:37:22+00:00","article_modified_time":"2022-04-24T04:37:59+00:00","og_image":[{"width":709,"height":404,"url":"https:\/\/i0.wp.com\/minutocerord.com\/wp-content\/uploads\/2022\/04\/jose-gregorio-custodio-quien-fallecio-en-cuarte-policial-de-san-jose-de-ocoa-d40252fc-focus-min0.03-0.25-895-573.jpg?fit=709%2C404","type":"image\/jpeg"}],"author":"Genof\u00f3ntes Urb\u00e1ez","twitter_card":"summary_large_image","twitter_misc":{"Written by":"Genof\u00f3ntes Urb\u00e1ez","Est. reading time":"2 minutos"},"schema":{"@context":"https:\/\/schema.org","@graph":[{"@type":"Article","@id":"http:\/\/minutocerord.com\/?p=8601#article","isPartOf":{"@id":"http:\/\/minutocerord.com\/?p=8601"},"author":{"name":"Genof\u00f3ntes Urb\u00e1ez","@id":"https:\/\/minutocerord.com\/#\/schema\/person\/60b5372d60aaa0a5171fb6488be9aee6"},"headline":"Muerte de un detenido en hospital de Ocoa fue por golpiza","datePublished":"2022-04-24T04:37:22+00:00","dateModified":"2022-04-24T04:37:59+00:00","mainEntityOfPage":{"@id":"http:\/\/minutocerord.com\/?p=8601"},"wordCount":361,"commentCount":0,"publisher":{"@id":"https:\/\/minutocerord.com\/#\/schema\/person\/60b5372d60aaa0a5171fb6488be9aee6"},"image":{"@id":"http:\/\/minutocerord.com\/?p=8601#primaryimage"},"thumbnailUrl":"https:\/\/i0.wp.com\/minutocerord.com\/wp-content\/uploads\/2022\/04\/jose-gregorio-custodio-quien-fallecio-en-cuarte-policial-de-san-jose-de-ocoa-d40252fc-focus-min0.03-0.25-895-573.jpg?fit=709%2C404&ssl=1","articleSection":["Nacionales"],"inLanguage":"es-DO","potentialAction":[{"@type":"CommentAction","name":"Comment","target":["http:\/\/minutocerord.com\/?p=8601#respond"]}]},{"@type":"WebPage","@id":"http:\/\/minutocerord.com\/?p=8601","url":"http:\/\/minutocerord.com\/?p=8601","name":"Muerte de un detenido en hospital de Ocoa fue por golpiza - Minuto Cero RD","isPartOf":{"@id":"https:\/\/minutocerord.com\/#website"},"primaryImageOfPage":{"@id":"http:\/\/minutocerord.com\/?p=8601#primaryimage"},"image":{"@id":"http:\/\/minutocerord.com\/?p=8601#primaryimage"},"thumbnailUrl":"https:\/\/i0.wp.com\/minutocerord.com\/wp-content\/uploads\/2022\/04\/jose-gregorio-custodio-quien-fallecio-en-cuarte-policial-de-san-jose-de-ocoa-d40252fc-focus-min0.03-0.25-895-573.jpg?fit=709%2C404&ssl=1","datePublished":"2022-04-24T04:37:22+00:00","dateModified":"2022-04-24T04:37:59+00:00","breadcrumb":{"@id":"http:\/\/minutocerord.com\/?p=8601#breadcrumb"},"inLanguage":"es-DO","potentialAction":[{"@type":"ReadAction","target":["http:\/\/minutocerord.com\/?p=8601"]}]},{"@type":"ImageObject","inLanguage":"es-DO","@id":"http:\/\/minutocerord.com\/?p=8601#primaryimage","url":"https:\/\/i0.wp.com\/minutocerord.com\/wp-content\/uploads\/2022\/04\/jose-gregorio-custodio-quien-fallecio-en-cuarte-policial-de-san-jose-de-ocoa-d40252fc-focus-min0.03-0.25-895-573.jpg?fit=709%2C404&ssl=1","contentUrl":"https:\/\/i0.wp.com\/minutocerord.com\/wp-content\/uploads\/2022\/04\/jose-gregorio-custodio-quien-fallecio-en-cuarte-policial-de-san-jose-de-ocoa-d40252fc-focus-min0.03-0.25-895-573.jpg?fit=709%2C404&ssl=1","width":709,"height":404},{"@type":"BreadcrumbList","@id":"http:\/\/minutocerord.com\/?p=8601#breadcrumb","itemListElement":[{"@type":"ListItem","position":1,"name":"Home","item":"https:\/\/minutocerord.com\/"},{"@type":"ListItem","position":2,"name":"Muerte de un detenido en hospital de Ocoa fue por golpiza"}]},{"@type":"WebSite","@id":"https:\/\/minutocerord.com\/#website","url":"https:\/\/minutocerord.com\/","name":"Minuto Cero RD","description":"Periodismo serio y veraz","publisher":{"@id":"https:\/\/minutocerord.com\/#\/schema\/person\/60b5372d60aaa0a5171fb6488be9aee6"},"potentialAction":[{"@type":"SearchAction","target":{"@type":"EntryPoint","urlTemplate":"https:\/\/minutocerord.com\/?s={search_term_string}"},"query-input":{"@type":"PropertyValueSpecification","valueRequired":true,"valueName":"search_term_string"}}],"inLanguage":"es-DO"},{"@type":["Person","Organization"],"@id":"https:\/\/minutocerord.com\/#\/schema\/person\/60b5372d60aaa0a5171fb6488be9aee6","name":"Genof\u00f3ntes Urb\u00e1ez","image":{"@type":"ImageObject","inLanguage":"es-DO","@id":"https:\/\/secure.gravatar.com\/avatar\/a49ef3186a692098ac3e8a1612261e3ad70cf9e44553dff2929e67939a0ecb9d?s=96&d=identicon&r=g","url":"https:\/\/secure.gravatar.com\/avatar\/a49ef3186a692098ac3e8a1612261e3ad70cf9e44553dff2929e67939a0ecb9d?s=96&d=identicon&r=g","contentUrl":"https:\/\/secure.gravatar.com\/avatar\/a49ef3186a692098ac3e8a1612261e3ad70cf9e44553dff2929e67939a0ecb9d?s=96&d=identicon&r=g","caption":"Genof\u00f3ntes Urb\u00e1ez"},"logo":{"@id":"https:\/\/secure.gravatar.com\/avatar\/a49ef3186a692098ac3e8a1612261e3ad70cf9e44553dff2929e67939a0ecb9d?s=96&d=identicon&r=g"},"description":"Periodista \/ Locutor","sameAs":["https:\/\/www.facebook.com\/Genofnotes","https:\/\/www.instagram.com\/genofnotes\/"]}]}},"jetpack_publicize_connections":[],"jetpack_featured_media_url":"https:\/\/i0.wp.com\/minutocerord.com\/wp-content\/uploads\/2022\/04\/jose-gregorio-custodio-quien-fallecio-en-cuarte-policial-de-san-jose-de-ocoa-d40252fc-focus-min0.03-0.25-895-573.jpg?fit=709%2C404&ssl=1","jetpack-related-posts":[],"jetpack_sharing_enabled":true,"_links":{"self":[{"href":"https:\/\/minutocerord.com\/index.php?rest_route=\/wp\/v2\/posts\/8601","targetHints":{"allow":["GET"]}}],"collection":[{"href":"https:\/\/minutocerord.com\/index.php?rest_route=\/wp\/v2\/posts"}],"about":[{"href":"https:\/\/minutocerord.com\/index.php?rest_route=\/wp\/v2\/types\/post"}],"author":[{"embeddable":true,"href":"https:\/\/minutocerord.com\/index.php?rest_route=\/wp\/v2\/users\/1"}],"replies":[{"embeddable":true,"href":"https:\/\/minutocerord.com\/index.php?rest_route=%2Fwp%2Fv2%2Fcomments&post=8601"}],"version-history":[{"count":2,"href":"https:\/\/minutocerord.com\/index.php?rest_route=\/wp\/v2\/posts\/8601\/revisions"}],"predecessor-version":[{"id":8606,"href":"https:\/\/minutocerord.com\/index.php?rest_route=\/wp\/v2\/posts\/8601\/revisions\/8606"}],"wp:featuredmedia":[{"embeddable":true,"href":"https:\/\/minutocerord.com\/index.php?rest_route=\/wp\/v2\/media\/8604"}],"wp:attachment":[{"href":"https:\/\/minutocerord.com\/index.php?rest_route=%2Fwp%2Fv2%2Fmedia&parent=8601"}],"wp:term":[{"taxonomy":"category","embeddable":true,"href":"https:\/\/minutocerord.com\/index.php?rest_route=%2Fwp%2Fv2%2Fcategories&post=8601"},{"taxonomy":"post_tag","embeddable":true,"href":"https:\/\/minutocerord.com\/index.php?rest_route=%2Fwp%2Fv2%2Ftags&post=8601"}],"curies":[{"name":"wp","href":"https:\/\/api.w.org\/{rel}","templated":true}]}}