{"id":8607,"date":"2022-04-24T13:28:52","date_gmt":"2022-04-24T17:28:52","guid":{"rendered":"https:\/\/minutocerord.com\/?p=8607"},"modified":"2022-04-24T13:28:55","modified_gmt":"2022-04-24T17:28:55","slug":"madre-menor-denuncio-abuso-sexual-rochy-rd-retira-la-querella","status":"publish","type":"post","link":"https:\/\/minutocerord.com\/?p=8607","title":{"rendered":"Madre menor denunci\u00f3 abuso sexual Rochy RD retira la querella"},"content":{"rendered":"\n<p><strong>SANTO DOMINGO.- <\/strong>La madre de la menor de edad que se querell\u00f3 contra el exponente urbano Rochy RD por supuesta agresi\u00f3n sexual retir\u00f3 su denuncia ante el Ministerio P\u00fablico, seg\u00fan medios de prensa.<\/p>\n\n\n\n<p>El abogado de la denunciante, Jean Cristofer P\u00e9rez, confirm\u00f3 que la se\u00f1ora deposit\u00f3 un documento ante la Unidad de Violencia de G\u00e9nero y Delitos Sexuales el cual desestima la querella, seg\u00fan List\u00edn Diario.<\/p>\n\n\n\n<p>El artista, cuy nombre real es Aderly Ram\u00edrez Oviedo,&nbsp; fue detenido este viernes en el municipio de Santo Domingo Este por el supuesto abuso sexual de una menor de edad.<\/p>\n\n\n\n<p>Se present\u00f3 voluntariamente en dependencias de la Fiscal\u00eda, d\u00edas despu\u00e9s de que se conociera la interposici\u00f3n de una querella en su contra que tambi\u00e9n implica a Stacy Pe\u00f1a, artista conocida como La Demente 1212 y pareja del detenido.<\/p>\n\n\n\n<p>La denuncia fue interpuesta el 6 de abril y el martes 19 se present\u00f3 formalmente la querella ante la Unidad de Violencia de G\u00e9nero y Delitos Sexuales de la Fiscal\u00eda de Santo Domingo Este.<\/p>\n\n\n\n<p>El Ministerio P\u00fablico explic\u00f3 en un breve comunicado que en las pr\u00f3ximas horas solicitar\u00e1 prisi\u00f3n preventiva contra el imputado ante un juez de la Atenci\u00f3n Permanente.<\/p>\n\n\n\n<p><strong>FUE VOLUNTARIAMENTE A FISCAL\u00cdA<\/strong><\/p>\n\n\n\n<p>Seg\u00fan fuentes cercanas al caso,&nbsp; Ram\u00edrez Oviedo habr\u00eda acudido voluntariamente a la Fiscal\u00eda despu\u00e9s de saber que la madre de la adolescente, de 16 a\u00f1os de edad, estaba dispuesta a llegar a un acuerdo con \u00e9l.<\/p>\n\n\n\n<p><strong>NO HAN APORTADO DETALLES DEL HECHO<\/strong><\/p>\n\n\n\n<p>Las autoridades no han aportado detalles acerca de la fecha ni de las circunstancias en la que sucedieron los supuestos abusos, para proteger a la v\u00edctima.<\/p>\n\n\n\n<p>El abogado de la madre de la v\u00edctima, Jean Cristofer P\u00e9rez, explic\u00f3 que la pareja de Rochy RD era la encargada de reclutar a j\u00f3venes con las que el cantante manten\u00eda relaciones sexuales.<\/p>\n\n\n\n<p>Adem\u00e1s del abuso sexual de la menor, en el caso presentado contra ambos artistas urbanos se produce \u00abun delito de proxenetismo\u00bb, ya que \u00abellos ofrec\u00edan dinero a las v\u00edctimas\u00bb a cambio de los favores sexuales, apunt\u00f3 P\u00e9rez.<\/p>\n","protected":false},"excerpt":{"rendered":"<p>SANTO DOMINGO.- La madre de la menor de edad que se querell\u00f3 contra el exponente urbano Rochy RD por supuesta agresi\u00f3n sexual retir\u00f3 su denuncia ante el Ministerio P\u00fablico, seg\u00fan medios de prensa. El abogado de la denunciante, Jean Cristofer P\u00e9rez, confirm\u00f3 que la se\u00f1ora deposit\u00f3 un documento ante la Unidad de Violencia de G\u00e9nero [&hellip;]<\/p>\n","protected":false},"author":1,"featured_media":8595,"comment_status":"open","ping_status":"open","sticky":false,"template":"","format":"standard","meta":{"nf_dc_page":"","jetpack_post_was_ever_published":false,"_jetpack_newsletter_access":"","_jetpack_dont_email_post_to_subs":false,"_jetpack_newsletter_tier_id":0,"_jetpack_memberships_contains_paywalled_content":false,"_jetpack_memberships_contains_paid_content":false,"footnotes":"","jetpack_publicize_message":"","jetpack_publicize_feature_enabled":true,"jetpack_social_post_already_shared":false,"jetpack_social_options":{"image_generator_settings":{"template":"highway","default_image_id":0,"font":"","enabled":false},"version":2}},"categories":[68],"tags":[],"class_list":["post-8607","post","type-post","status-publish","format-standard","has-post-thumbnail","hentry","category-entretenimiento"],"yoast_head":"<!-- This site is optimized with the Yoast SEO plugin v27.4 - https:\/\/yoast.com\/product\/yoast-seo-wordpress\/ -->\n<title>Madre menor denunci\u00f3 abuso sexual Rochy RD retira la querella - Minuto Cero RD<\/title>\n<meta name=\"robots\" content=\"index, follow, max-snippet:-1, max-image-preview:large, max-video-preview:-1\" \/>\n<link rel=\"canonical\" href=\"http:\/\/minutocerord.com\/?p=8607\" \/>\n<meta property=\"og:locale\" content=\"es_ES\" \/>\n<meta property=\"og:type\" content=\"article\" \/>\n<meta property=\"og:title\" content=\"Madre menor denunci\u00f3 abuso sexual Rochy RD retira la querella - Minuto Cero RD\" \/>\n<meta property=\"og:description\" content=\"SANTO DOMINGO.- La madre de la menor de edad que se querell\u00f3 contra el exponente urbano Rochy RD por supuesta agresi\u00f3n sexual retir\u00f3 su denuncia ante el Ministerio P\u00fablico, seg\u00fan medios de prensa. El abogado de la denunciante, Jean Cristofer P\u00e9rez, confirm\u00f3 que la se\u00f1ora deposit\u00f3 un documento ante la Unidad de Violencia de G\u00e9nero [&hellip;]\" \/>\n<meta property=\"og:url\" content=\"http:\/\/minutocerord.com\/?p=8607\" \/>\n<meta property=\"og:site_name\" content=\"Minuto Cero RD\" \/>\n<meta property=\"article:publisher\" content=\"https:\/\/www.facebook.com\/Genofnotes\" \/>\n<meta property=\"article:author\" content=\"https:\/\/www.facebook.com\/Genofnotes\" \/>\n<meta property=\"article:published_time\" content=\"2022-04-24T17:28:52+00:00\" \/>\n<meta property=\"article:modified_time\" content=\"2022-04-24T17:28:55+00:00\" \/>\n<meta property=\"og:image\" content=\"https:\/\/i0.wp.com\/minutocerord.com\/wp-content\/uploads\/2022\/04\/rochy-rd-esta-en-cuidados-intensivos-tras-ser-intervenido-quirurgicamente.jpeg?fit=632%2C460\" \/>\n\t<meta property=\"og:image:width\" content=\"632\" \/>\n\t<meta property=\"og:image:height\" content=\"460\" \/>\n\t<meta property=\"og:image:type\" content=\"image\/jpeg\" \/>\n<meta name=\"author\" content=\"Genof\u00f3ntes Urb\u00e1ez\" \/>\n<meta name=\"twitter:card\" content=\"summary_large_image\" \/>\n<meta name=\"twitter:label1\" content=\"Written by\" \/>\n\t<meta name=\"twitter:data1\" content=\"Genof\u00f3ntes Urb\u00e1ez\" \/>\n\t<meta name=\"twitter:label2\" content=\"Est. reading time\" \/>\n\t<meta name=\"twitter:data2\" content=\"2 minutos\" \/>\n<script type=\"application\/ld+json\" class=\"yoast-schema-graph\">{\"@context\":\"https:\\\/\\\/schema.org\",\"@graph\":[{\"@type\":\"Article\",\"@id\":\"http:\\\/\\\/minutocerord.com\\\/?p=8607#article\",\"isPartOf\":{\"@id\":\"http:\\\/\\\/minutocerord.com\\\/?p=8607\"},\"author\":{\"name\":\"Genof\u00f3ntes Urb\u00e1ez\",\"@id\":\"https:\\\/\\\/minutocerord.com\\\/#\\\/schema\\\/person\\\/60b5372d60aaa0a5171fb6488be9aee6\"},\"headline\":\"Madre menor denunci\u00f3 abuso sexual Rochy RD retira la querella\",\"datePublished\":\"2022-04-24T17:28:52+00:00\",\"dateModified\":\"2022-04-24T17:28:55+00:00\",\"mainEntityOfPage\":{\"@id\":\"http:\\\/\\\/minutocerord.com\\\/?p=8607\"},\"wordCount\":382,\"commentCount\":0,\"publisher\":{\"@id\":\"https:\\\/\\\/minutocerord.com\\\/#\\\/schema\\\/person\\\/60b5372d60aaa0a5171fb6488be9aee6\"},\"image\":{\"@id\":\"http:\\\/\\\/minutocerord.com\\\/?p=8607#primaryimage\"},\"thumbnailUrl\":\"https:\\\/\\\/i0.wp.com\\\/minutocerord.com\\\/wp-content\\\/uploads\\\/2022\\\/04\\\/rochy-rd-esta-en-cuidados-intensivos-tras-ser-intervenido-quirurgicamente.jpeg?fit=632%2C460&ssl=1\",\"articleSection\":[\"Entretenimiento\"],\"inLanguage\":\"es-DO\",\"potentialAction\":[{\"@type\":\"CommentAction\",\"name\":\"Comment\",\"target\":[\"http:\\\/\\\/minutocerord.com\\\/?p=8607#respond\"]}]},{\"@type\":\"WebPage\",\"@id\":\"http:\\\/\\\/minutocerord.com\\\/?p=8607\",\"url\":\"http:\\\/\\\/minutocerord.com\\\/?p=8607\",\"name\":\"Madre menor denunci\u00f3 abuso sexual Rochy RD retira la querella - Minuto Cero RD\",\"isPartOf\":{\"@id\":\"https:\\\/\\\/minutocerord.com\\\/#website\"},\"primaryImageOfPage\":{\"@id\":\"http:\\\/\\\/minutocerord.com\\\/?p=8607#primaryimage\"},\"image\":{\"@id\":\"http:\\\/\\\/minutocerord.com\\\/?p=8607#primaryimage\"},\"thumbnailUrl\":\"https:\\\/\\\/i0.wp.com\\\/minutocerord.com\\\/wp-content\\\/uploads\\\/2022\\\/04\\\/rochy-rd-esta-en-cuidados-intensivos-tras-ser-intervenido-quirurgicamente.jpeg?fit=632%2C460&ssl=1\",\"datePublished\":\"2022-04-24T17:28:52+00:00\",\"dateModified\":\"2022-04-24T17:28:55+00:00\",\"breadcrumb\":{\"@id\":\"http:\\\/\\\/minutocerord.com\\\/?p=8607#breadcrumb\"},\"inLanguage\":\"es-DO\",\"potentialAction\":[{\"@type\":\"ReadAction\",\"target\":[\"http:\\\/\\\/minutocerord.com\\\/?p=8607\"]}]},{\"@type\":\"ImageObject\",\"inLanguage\":\"es-DO\",\"@id\":\"http:\\\/\\\/minutocerord.com\\\/?p=8607#primaryimage\",\"url\":\"https:\\\/\\\/i0.wp.com\\\/minutocerord.com\\\/wp-content\\\/uploads\\\/2022\\\/04\\\/rochy-rd-esta-en-cuidados-intensivos-tras-ser-intervenido-quirurgicamente.jpeg?fit=632%2C460&ssl=1\",\"contentUrl\":\"https:\\\/\\\/i0.wp.com\\\/minutocerord.com\\\/wp-content\\\/uploads\\\/2022\\\/04\\\/rochy-rd-esta-en-cuidados-intensivos-tras-ser-intervenido-quirurgicamente.jpeg?fit=632%2C460&ssl=1\",\"width\":632,\"height\":460},{\"@type\":\"BreadcrumbList\",\"@id\":\"http:\\\/\\\/minutocerord.com\\\/?p=8607#breadcrumb\",\"itemListElement\":[{\"@type\":\"ListItem\",\"position\":1,\"name\":\"Home\",\"item\":\"https:\\\/\\\/minutocerord.com\\\/\"},{\"@type\":\"ListItem\",\"position\":2,\"name\":\"Madre menor denunci\u00f3 abuso sexual Rochy RD retira la querella\"}]},{\"@type\":\"WebSite\",\"@id\":\"https:\\\/\\\/minutocerord.com\\\/#website\",\"url\":\"https:\\\/\\\/minutocerord.com\\\/\",\"name\":\"Minuto Cero RD\",\"description\":\"Periodismo serio y veraz\",\"publisher\":{\"@id\":\"https:\\\/\\\/minutocerord.com\\\/#\\\/schema\\\/person\\\/60b5372d60aaa0a5171fb6488be9aee6\"},\"potentialAction\":[{\"@type\":\"SearchAction\",\"target\":{\"@type\":\"EntryPoint\",\"urlTemplate\":\"https:\\\/\\\/minutocerord.com\\\/?s={search_term_string}\"},\"query-input\":{\"@type\":\"PropertyValueSpecification\",\"valueRequired\":true,\"valueName\":\"search_term_string\"}}],\"inLanguage\":\"es-DO\"},{\"@type\":[\"Person\",\"Organization\"],\"@id\":\"https:\\\/\\\/minutocerord.com\\\/#\\\/schema\\\/person\\\/60b5372d60aaa0a5171fb6488be9aee6\",\"name\":\"Genof\u00f3ntes Urb\u00e1ez\",\"image\":{\"@type\":\"ImageObject\",\"inLanguage\":\"es-DO\",\"@id\":\"https:\\\/\\\/secure.gravatar.com\\\/avatar\\\/a49ef3186a692098ac3e8a1612261e3ad70cf9e44553dff2929e67939a0ecb9d?s=96&d=identicon&r=g\",\"url\":\"https:\\\/\\\/secure.gravatar.com\\\/avatar\\\/a49ef3186a692098ac3e8a1612261e3ad70cf9e44553dff2929e67939a0ecb9d?s=96&d=identicon&r=g\",\"contentUrl\":\"https:\\\/\\\/secure.gravatar.com\\\/avatar\\\/a49ef3186a692098ac3e8a1612261e3ad70cf9e44553dff2929e67939a0ecb9d?s=96&d=identicon&r=g\",\"caption\":\"Genof\u00f3ntes Urb\u00e1ez\"},\"logo\":{\"@id\":\"https:\\\/\\\/secure.gravatar.com\\\/avatar\\\/a49ef3186a692098ac3e8a1612261e3ad70cf9e44553dff2929e67939a0ecb9d?s=96&d=identicon&r=g\"},\"description\":\"Periodista \\\/ Locutor\",\"sameAs\":[\"https:\\\/\\\/www.facebook.com\\\/Genofnotes\",\"https:\\\/\\\/www.instagram.com\\\/genofnotes\\\/\"]}]}<\/script>\n<!-- \/ Yoast SEO plugin. -->","yoast_head_json":{"title":"Madre menor denunci\u00f3 abuso sexual Rochy RD retira la querella - Minuto Cero RD","robots":{"index":"index","follow":"follow","max-snippet":"max-snippet:-1","max-image-preview":"max-image-preview:large","max-video-preview":"max-video-preview:-1"},"canonical":"http:\/\/minutocerord.com\/?p=8607","og_locale":"es_ES","og_type":"article","og_title":"Madre menor denunci\u00f3 abuso sexual Rochy RD retira la querella - Minuto Cero RD","og_description":"SANTO DOMINGO.- La madre de la menor de edad que se querell\u00f3 contra el exponente urbano Rochy RD por supuesta agresi\u00f3n sexual retir\u00f3 su denuncia ante el Ministerio P\u00fablico, seg\u00fan medios de prensa. El abogado de la denunciante, Jean Cristofer P\u00e9rez, confirm\u00f3 que la se\u00f1ora deposit\u00f3 un documento ante la Unidad de Violencia de G\u00e9nero [&hellip;]","og_url":"http:\/\/minutocerord.com\/?p=8607","og_site_name":"Minuto Cero RD","article_publisher":"https:\/\/www.facebook.com\/Genofnotes","article_author":"https:\/\/www.facebook.com\/Genofnotes","article_published_time":"2022-04-24T17:28:52+00:00","article_modified_time":"2022-04-24T17:28:55+00:00","og_image":[{"width":632,"height":460,"url":"https:\/\/i0.wp.com\/minutocerord.com\/wp-content\/uploads\/2022\/04\/rochy-rd-esta-en-cuidados-intensivos-tras-ser-intervenido-quirurgicamente.jpeg?fit=632%2C460","type":"image\/jpeg"}],"author":"Genof\u00f3ntes Urb\u00e1ez","twitter_card":"summary_large_image","twitter_misc":{"Written by":"Genof\u00f3ntes Urb\u00e1ez","Est. reading time":"2 minutos"},"schema":{"@context":"https:\/\/schema.org","@graph":[{"@type":"Article","@id":"http:\/\/minutocerord.com\/?p=8607#article","isPartOf":{"@id":"http:\/\/minutocerord.com\/?p=8607"},"author":{"name":"Genof\u00f3ntes Urb\u00e1ez","@id":"https:\/\/minutocerord.com\/#\/schema\/person\/60b5372d60aaa0a5171fb6488be9aee6"},"headline":"Madre menor denunci\u00f3 abuso sexual Rochy RD retira la querella","datePublished":"2022-04-24T17:28:52+00:00","dateModified":"2022-04-24T17:28:55+00:00","mainEntityOfPage":{"@id":"http:\/\/minutocerord.com\/?p=8607"},"wordCount":382,"commentCount":0,"publisher":{"@id":"https:\/\/minutocerord.com\/#\/schema\/person\/60b5372d60aaa0a5171fb6488be9aee6"},"image":{"@id":"http:\/\/minutocerord.com\/?p=8607#primaryimage"},"thumbnailUrl":"https:\/\/i0.wp.com\/minutocerord.com\/wp-content\/uploads\/2022\/04\/rochy-rd-esta-en-cuidados-intensivos-tras-ser-intervenido-quirurgicamente.jpeg?fit=632%2C460&ssl=1","articleSection":["Entretenimiento"],"inLanguage":"es-DO","potentialAction":[{"@type":"CommentAction","name":"Comment","target":["http:\/\/minutocerord.com\/?p=8607#respond"]}]},{"@type":"WebPage","@id":"http:\/\/minutocerord.com\/?p=8607","url":"http:\/\/minutocerord.com\/?p=8607","name":"Madre menor denunci\u00f3 abuso sexual Rochy RD retira la querella - Minuto Cero RD","isPartOf":{"@id":"https:\/\/minutocerord.com\/#website"},"primaryImageOfPage":{"@id":"http:\/\/minutocerord.com\/?p=8607#primaryimage"},"image":{"@id":"http:\/\/minutocerord.com\/?p=8607#primaryimage"},"thumbnailUrl":"https:\/\/i0.wp.com\/minutocerord.com\/wp-content\/uploads\/2022\/04\/rochy-rd-esta-en-cuidados-intensivos-tras-ser-intervenido-quirurgicamente.jpeg?fit=632%2C460&ssl=1","datePublished":"2022-04-24T17:28:52+00:00","dateModified":"2022-04-24T17:28:55+00:00","breadcrumb":{"@id":"http:\/\/minutocerord.com\/?p=8607#breadcrumb"},"inLanguage":"es-DO","potentialAction":[{"@type":"ReadAction","target":["http:\/\/minutocerord.com\/?p=8607"]}]},{"@type":"ImageObject","inLanguage":"es-DO","@id":"http:\/\/minutocerord.com\/?p=8607#primaryimage","url":"https:\/\/i0.wp.com\/minutocerord.com\/wp-content\/uploads\/2022\/04\/rochy-rd-esta-en-cuidados-intensivos-tras-ser-intervenido-quirurgicamente.jpeg?fit=632%2C460&ssl=1","contentUrl":"https:\/\/i0.wp.com\/minutocerord.com\/wp-content\/uploads\/2022\/04\/rochy-rd-esta-en-cuidados-intensivos-tras-ser-intervenido-quirurgicamente.jpeg?fit=632%2C460&ssl=1","width":632,"height":460},{"@type":"BreadcrumbList","@id":"http:\/\/minutocerord.com\/?p=8607#breadcrumb","itemListElement":[{"@type":"ListItem","position":1,"name":"Home","item":"https:\/\/minutocerord.com\/"},{"@type":"ListItem","position":2,"name":"Madre menor denunci\u00f3 abuso sexual Rochy RD retira la querella"}]},{"@type":"WebSite","@id":"https:\/\/minutocerord.com\/#website","url":"https:\/\/minutocerord.com\/","name":"Minuto Cero RD","description":"Periodismo serio y veraz","publisher":{"@id":"https:\/\/minutocerord.com\/#\/schema\/person\/60b5372d60aaa0a5171fb6488be9aee6"},"potentialAction":[{"@type":"SearchAction","target":{"@type":"EntryPoint","urlTemplate":"https:\/\/minutocerord.com\/?s={search_term_string}"},"query-input":{"@type":"PropertyValueSpecification","valueRequired":true,"valueName":"search_term_string"}}],"inLanguage":"es-DO"},{"@type":["Person","Organization"],"@id":"https:\/\/minutocerord.com\/#\/schema\/person\/60b5372d60aaa0a5171fb6488be9aee6","name":"Genof\u00f3ntes Urb\u00e1ez","image":{"@type":"ImageObject","inLanguage":"es-DO","@id":"https:\/\/secure.gravatar.com\/avatar\/a49ef3186a692098ac3e8a1612261e3ad70cf9e44553dff2929e67939a0ecb9d?s=96&d=identicon&r=g","url":"https:\/\/secure.gravatar.com\/avatar\/a49ef3186a692098ac3e8a1612261e3ad70cf9e44553dff2929e67939a0ecb9d?s=96&d=identicon&r=g","contentUrl":"https:\/\/secure.gravatar.com\/avatar\/a49ef3186a692098ac3e8a1612261e3ad70cf9e44553dff2929e67939a0ecb9d?s=96&d=identicon&r=g","caption":"Genof\u00f3ntes Urb\u00e1ez"},"logo":{"@id":"https:\/\/secure.gravatar.com\/avatar\/a49ef3186a692098ac3e8a1612261e3ad70cf9e44553dff2929e67939a0ecb9d?s=96&d=identicon&r=g"},"description":"Periodista \/ Locutor","sameAs":["https:\/\/www.facebook.com\/Genofnotes","https:\/\/www.instagram.com\/genofnotes\/"]}]}},"jetpack_publicize_connections":[],"jetpack_featured_media_url":"https:\/\/i0.wp.com\/minutocerord.com\/wp-content\/uploads\/2022\/04\/rochy-rd-esta-en-cuidados-intensivos-tras-ser-intervenido-quirurgicamente.jpeg?fit=632%2C460&ssl=1","jetpack-related-posts":[],"jetpack_sharing_enabled":true,"_links":{"self":[{"href":"https:\/\/minutocerord.com\/index.php?rest_route=\/wp\/v2\/posts\/8607","targetHints":{"allow":["GET"]}}],"collection":[{"href":"https:\/\/minutocerord.com\/index.php?rest_route=\/wp\/v2\/posts"}],"about":[{"href":"https:\/\/minutocerord.com\/index.php?rest_route=\/wp\/v2\/types\/post"}],"author":[{"embeddable":true,"href":"https:\/\/minutocerord.com\/index.php?rest_route=\/wp\/v2\/users\/1"}],"replies":[{"embeddable":true,"href":"https:\/\/minutocerord.com\/index.php?rest_route=%2Fwp%2Fv2%2Fcomments&post=8607"}],"version-history":[{"count":1,"href":"https:\/\/minutocerord.com\/index.php?rest_route=\/wp\/v2\/posts\/8607\/revisions"}],"predecessor-version":[{"id":8608,"href":"https:\/\/minutocerord.com\/index.php?rest_route=\/wp\/v2\/posts\/8607\/revisions\/8608"}],"wp:featuredmedia":[{"embeddable":true,"href":"https:\/\/minutocerord.com\/index.php?rest_route=\/wp\/v2\/media\/8595"}],"wp:attachment":[{"href":"https:\/\/minutocerord.com\/index.php?rest_route=%2Fwp%2Fv2%2Fmedia&parent=8607"}],"wp:term":[{"taxonomy":"category","embeddable":true,"href":"https:\/\/minutocerord.com\/index.php?rest_route=%2Fwp%2Fv2%2Fcategories&post=8607"},{"taxonomy":"post_tag","embeddable":true,"href":"https:\/\/minutocerord.com\/index.php?rest_route=%2Fwp%2Fv2%2Ftags&post=8607"}],"curies":[{"name":"wp","href":"https:\/\/api.w.org\/{rel}","templated":true}]}}