{"id":8609,"date":"2022-04-24T13:31:36","date_gmt":"2022-04-24T17:31:36","guid":{"rendered":"https:\/\/minutocerord.com\/?p=8609"},"modified":"2022-04-24T13:32:20","modified_gmt":"2022-04-24T17:32:20","slug":"se-cumple-el-57-aniversario-del-inicio-de-la-guerra-de-abril-1965","status":"publish","type":"post","link":"https:\/\/minutocerord.com\/?p=8609","title":{"rendered":"Se cumple el 57 aniversario del inicio de la Guerra de abril 1965"},"content":{"rendered":"\n<figure class=\"wp-block-image\"><a href=\"https:\/\/i0.wp.com\/almomento.net\/wp-content\/uploads\/2022\/04\/Guerra-de-abrsil.jpg?ssl=1\"><img data-recalc-dims=\"1\" decoding=\"async\" loading=\"lazy\" src=\"https:\/\/i0.wp.com\/almomento.net\/wp-content\/uploads\/2022\/04\/Guerra-de-abrsil.jpg?w=640&#038;ssl=1\" alt=\"imagen\" title=\"Se cumple el 57 aniversario del inicio de la Guerra de abril 1965\"\/><\/a><\/figure>\n\n\n\n<figure class=\"wp-block-embed is-type-rich is-provider-embed-handler wp-block-embed-embed-handler wp-embed-aspect-16-9 wp-has-aspect-ratio\"><div class=\"wp-block-embed__wrapper\">\n<div class=\"youtube-embed\" data-video_id=\"2BR0kpQe8hM\"><iframe loading=\"lazy\" title=\"Abril 1965 &quot;el pueblo en armas&quot;\" width=\"640\" height=\"360\" src=\"https:\/\/www.youtube.com\/embed\/2BR0kpQe8hM?feature=oembed&#038;enablejsapi=1\" frameborder=\"0\" allow=\"accelerometer; autoplay; clipboard-write; encrypted-media; gyroscope; picture-in-picture; web-share\" referrerpolicy=\"strict-origin-when-cross-origin\" allowfullscreen><\/iframe><\/div>\n<\/div><\/figure>\n\n\n\n<p>La Guerra Civil Dominicana de 1965 constituye uno de los hechos m\u00e1s relevantes en la&nbsp;<a href=\"https:\/\/www.monografias.com\/Historia\/index.shtml\">historia<\/a>&nbsp;reciente de la Rep\u00fablica Dominicana. El&nbsp;<a href=\"https:\/\/www.monografias.com\/trabajos4\/confyneg\/confyneg.shtml\">conflicto<\/a>&nbsp;se inicia cuando un&nbsp;<a href=\"https:\/\/www.monografias.com\/trabajos14\/dinamica-grupos\/dinamica-grupos.shtml\">grupo<\/a>&nbsp;de oficiales j\u00f3venes se propone restaurar el&nbsp;<a href=\"https:\/\/www.monografias.com\/trabajos4\/derpub\/derpub.shtml\">gobierno<\/a>&nbsp;constitucional del destituido presidente Juan Bosch, primer gobierno elegido democr\u00e1ticamente en las urnas tras el ajusticiamiento del dictador Rafael Leonidas Trujillo.<\/p>\n\n\n\n<p>El&nbsp;<a href=\"https:\/\/www.monografias.com\/trabajos27\/profesor-novel\/profesor-novel.shtml\">profesor<\/a>&nbsp;Juan Bosch es derrocado siete meses despu\u00e9s de haberse juramentado como presidente constitucional de la Rep\u00fablica (el primer Presidente electo democr\u00e1ticamente luego de los 30 a\u00f1os de la&nbsp;<a href=\"https:\/\/www.monografias.com\/trabajos11\/forgob\/forgob.shtml#DICT\">dictadura<\/a>&nbsp;Rafael Leonidas Trujillo), el 24 de septiembre de 1964, por una facci\u00f3n de las Fuerzas Armadas liderada por El\u00edas Wessin y Wessin [1] . Esto sucede tras la promulgaci\u00f3n de la&nbsp;<a href=\"https:\/\/www.monografias.com\/trabajos12\/consti\/consti.shtml\">Constituci\u00f3n<\/a>&nbsp;de 1963, que establec\u00eda, entre otras cosas, la&nbsp;<a href=\"https:\/\/www.monografias.com\/trabajos14\/la-libertad\/la-libertad.shtml\">libertad<\/a>&nbsp;religiosa y de expresi\u00f3n, la libertad&nbsp;<a href=\"https:\/\/www.monografias.com\/Politica\/index.shtml\">pol\u00edtica<\/a>, el derecho a la vivienda, la&nbsp;<a href=\"https:\/\/www.monografias.com\/trabajos\/discriminacion\/discriminacion.shtml\">igualdad<\/a>&nbsp;entre hijos naturales y los nacidos bajo&nbsp;<a href=\"https:\/\/www.monografias.com\/trabajos7\/anco\/anco.shtml\">matrimonio<\/a>, as\u00ed como el retorno de los disidentes pol\u00edticos y exiliados durante el r\u00e9gimen trujillista.<\/p>\n\n\n\n<p>Prohib\u00eda, adem\u00e1s, los monopolios, la apropiaci\u00f3n de extensivas tierras y otros tantos&nbsp;<a href=\"https:\/\/www.monografias.com\/trabajos12\/pmbok\/pmbok.shtml\">proyectos<\/a>&nbsp;innovadores que provocaron que diversos sectores acusaran al profesor Bosch y a su gobierno de comunistas. Asestado el golpe, Bosch sale al exilio a la Isla de Puerto Rico.<\/p>\n\n\n\n<p>Con el auspicio de los partidos minoritarios que perdieron en las elecciones de diciembre, las fuerzas armadas nombran un triunvirato para gobernar el pa\u00eds presidido por Emilio de los Santos e integrado por los doctores&nbsp;<a href=\"https:\/\/www.monografias.com\/trabajos11\/memoram\/memoram.shtml\">Ram<\/a>\u00f3n Tapia Espinal y Manuel Tavares Espaillat.<\/p>\n\n\n\n<p>El 29 de noviembre de 1964 la Agrupaci\u00f3n pol\u00edtica 14 de junio se levanta en&nbsp;<a href=\"https:\/\/www.monografias.com\/trabajos13\/arbla\/arbla.shtml\">armas<\/a>&nbsp;en las monta\u00f1as dominicanas declarando la&nbsp;<a href=\"https:\/\/www.monografias.com\/trabajos11\/artguerr\/artguerr.shtml\">guerra<\/a>&nbsp;abierta contra el triunvirato. El 21 de diciembre Manuel Aurelio Tavarez Justo,&nbsp;<a href=\"https:\/\/www.monografias.com\/trabajos15\/liderazgo\/liderazgo.shtml\">l\u00edder<\/a>&nbsp;del&nbsp;<a href=\"https:\/\/www.monografias.com\/trabajos15\/kinesiologia-biomecanica\/kinesiologia-biomecanica.shtml\">movimiento<\/a>&nbsp;y viudo de Minerva Mirabal, asesinada por el r\u00e9gimen trujillista, es fusilado en la secci\u00f3n Las Manaclas en la cordillera central, lo que provoca una gran indignaci\u00f3n popular y motiva, por otra parte, la renuncia del presidente del triunvirato, Emilio de los Santos. En el levantamiento guerrillero mueren 32 dirigentes y militantes de la agrupaci\u00f3n pol\u00edtica 14 de Junio.<\/p>\n\n\n\n<p>Con el ascenso de del Dr. Donald Reid Cabral a la presidencia del triunvirato la situaci\u00f3n econ\u00f3mica del Pa\u00eds se deteriora; se llegan a acuerdos con el Fondo Monetario Internacional mientras que la miseria que sufr\u00edan los sectores marginados se agudiza.<\/p>\n\n\n\n<p>Por otro lado la&nbsp;<a href=\"https:\/\/www.monografias.com\/trabajos28\/etica-corrupcion\/etica-corrupcion.shtml\">corrupci\u00f3n<\/a>&nbsp;administrativa motivaron a un grupo de j\u00f3venes oficiales que, bajo la&nbsp;<a href=\"https:\/\/www.monografias.com\/trabajos\/hipoteorg\/hipoteorg.shtml\">coordinaci\u00f3n<\/a>&nbsp;del brillante y joven oficial Coronel Rafael Tom\u00e1s Fern\u00e1ndez Dom\u00ednguez, se sumieran en actividades conspirativas en los cuarteles con el fin de atender el clamor popular cada vez m\u00e1s poderoso exigiendo la Constituci\u00f3n del 63 sin elecciones, as\u00ed hicieron sucumbir al triunvirato presidido por el Dr. Reid Cabral.<\/p>\n\n\n\n<p><strong>S\u00e1bado 24 de Abril de 1965<\/strong><\/p>\n\n\n\n<p>El campamento militar 16 de agosto, ubicado en la Autopista Duarte, y el 27 de febrero, en la margen oriental, se rebelan contra el gobierno de Reid Cabral. El Dr. Jos\u00e9 Francisco Pe\u00f1a G\u00f3mez, hablando por una emisora de&nbsp;<a href=\"https:\/\/www.monografias.com\/trabajos13\/radio\/radio.shtml\">radio<\/a>, arenga al pueblo a levantarse en armas y lanzarse a las calles en apoyo al&nbsp;<a href=\"https:\/\/www.monografias.com\/trabajos11\/golmi\/golmi.shtml\">golpe de estado<\/a>&nbsp;perpetrado contra el triunvirato, y de ese modo restablecer el gobierno constitucional de Juan Bosch. Este llamado fue suficiente para que el pueblo se desbordara en las calles proclamando su apoyo a la&nbsp;<a href=\"https:\/\/www.monografias.com\/trabajos35\/categoria-accion\/categoria-accion.shtml\">acci\u00f3n<\/a>&nbsp;y reclamando el retorno a la constitucionalidad. Un grupo de militares rebeldes leen una proclama donde exhortan al pueblo a respaldarlos. En la noche, Donald Reid Cabral habla al pa\u00eds con el fin de conseguir que los rebeldes depongan las armas.<\/p>\n\n\n\n<p><strong>Domingo 25 de abril<\/strong><\/p>\n\n\n\n<p>En las primeras horas de la ma\u00f1ana los militares constitucionalistas entran a la ciudad de Santo Domingo y obligan a renunciar a Reid Cabral. El pueblo se lanza a las calles ocupando el Palacio Nacional en respaldo del contragolpe de&nbsp;<a href=\"https:\/\/www.monografias.com\/trabajos12\/elorigest\/elorigest.shtml\">estado<\/a>. En la sede del Palacio Nacional un grupo de militares forma el \u00abComando Militar Revolucionario\u00bb encabezados por los coroneles Vinicio A. Fern\u00e1ndez P\u00e9rez, Giovanni Guti\u00e9rrez Ram\u00edrez, Francisco Alberto Caama\u00f1o De\u00f1\u00f3, Eladio Ram\u00edrez S\u00e1nchez y Pedro Bartolom\u00e9 Benoit, que asume el&nbsp;<a href=\"https:\/\/www.monografias.com\/trabajos35\/el-poder\/el-poder.shtml\">poder<\/a>&nbsp;a las 10:30 a.m.<\/p>\n\n\n\n<p>Esa misma noche se traslada el poder a una&nbsp;<a href=\"https:\/\/www.monografias.com\/trabajos2\/rhempresa\/rhempresa.shtml\">autoridad<\/a>&nbsp;civil, en la&nbsp;<a href=\"https:\/\/www.monografias.com\/trabajos7\/perde\/perde.shtml\">persona<\/a>&nbsp;del Dr. Rafael Molina Ure\u00f1a como presidente provisional y quien hab\u00eda sido el Presidente del Senado durante el Gobierno de Bosch. Momentos despu\u00e9s se anuncia el reestablecimiento de la constituci\u00f3n del 1963 y el regreso del profesor Bosch ese mismo d\u00eda desde&nbsp;<a href=\"https:\/\/www.monografias.com\/trabajos5\/amcent\/amcent.shtml\">Puerto Rico<\/a>.<\/p>\n\n\n\n<p>Sin embargo, en la base a\u00e9rea de San Isidro en el llamado \u00abCentro de&nbsp;<a href=\"https:\/\/www.monografias.com\/trabajos15\/metodos-ensenanza\/metodos-ensenanza.shtml\">Ense\u00f1anza<\/a>&nbsp;de las Fuerzas Armadas (CEFA)\u00bb los generales Wessin y Wessin y el general Imbert Barreras se oponen al retorno de Juan Bosch y al restablecimiento de la constituci\u00f3n del 1963. De inmediato comienzan los bombardeos y los ametrallamientos a\u00e9reos al palacio presidencial y otras posiciones de los constitucionalistas.<\/p>\n\n\n\n<p>Las&nbsp;<a href=\"https:\/\/www.monografias.com\/trabajos6\/napro\/napro.shtml\">organizaciones<\/a>&nbsp;populares exigen que se le entreguen armas al pueblo el cual ya se hab\u00eda volcado a celebrar el retorno de la institucionalidad al pa\u00eds.<\/p>\n\n\n\n<p><strong>Lunes 26 de Abril<\/strong><\/p>\n\n\n\n<p>Durante toda la ma\u00f1ana continuaron los bombardeos al Palacio Nacional y otras zonas de la ciudad. En la Base Militar de San Isidro a 40 kil\u00f3metros de la ciudad&nbsp;<a href=\"https:\/\/www.monografias.com\/trabajos13\/capintel\/capintel.shtml\">capital<\/a>&nbsp;el General El\u00edas Wessin y Wessin se mantiene firme preparando la entrada de sus tropas a Santo Domingo.<\/p>\n\n\n\n<p><strong>Martes 27 de Abril<\/strong><\/p>\n\n\n\n<p>La Marina de Guerra, hasta ese momento neutral en el conflicto, se une a las fuerzas de Wessin, y sus barcos bombardean al palacio presidencial donde se encontraba el Presidente Provisional, Rafael Molina Ure\u00f1a. La&nbsp;<a href=\"https:\/\/www.monografias.com\/trabajos12\/eleynewt\/eleynewt.shtml\">fuerza<\/a>&nbsp;a\u00e9rea arrecia sus bombardeos contra la ciudad. Para contrarrestar los bombardeos los constitucionalistas instruyen al pueblo a que ponga espejos encima de las casas para que los reflejos molesten a los aviones.<\/p>\n\n\n\n<p>La presidencia provisional, emite un comunicado: \u00abEl Poder Ejecutivo hace de&nbsp;<a href=\"https:\/\/www.monografias.com\/trabajos\/epistemologia2\/epistemologia2.shtml\">conocimiento<\/a>&nbsp;p\u00fablico que en virtud de haberse establecido la vigencia de la constituci\u00f3n del 63 que consagra en su articulo 66 la imposibilidad de expulsar del pa\u00eds a ning\u00fan dominicano todos los nacionales que fueron arbitrariamente desterrados de la Republica pueden regresar libremente al&nbsp;<a href=\"https:\/\/www.monografias.com\/trabajos6\/elsu\/elsu.shtml\">suelo<\/a>&nbsp;patrio, se hace observar al ex presidente Joaqu\u00edn Balaguer que en esos momentos estaba exiliado que pod\u00eda retornar a la brevedad posible al pa\u00eds para hacerle compa\u00f1\u00eda a su madre que ya estaba en su lecho de&nbsp;<a href=\"https:\/\/www.monografias.com\/trabajos15\/tanatologia\/tanatologia.shtml\">muerte<\/a>\u00ab.<\/p>\n\n\n\n<p>Ante la gravedad de la situaci\u00f3n, el presidente provisional Rafael Molina Ure\u00f1a y miembros del alto mando constitucionalista entre los que se encontraban los coroneles Vinicio Fern\u00e1ndez P\u00e9rez, Giovanni Guti\u00e9rrez, Rafael Fern\u00e1ndez Dom\u00ednguez entre otros, y varios dirigentes del Partido Revolucionario Dominicano, se dirigen a la Embajada Norteamericana para tratar de conseguir su mediaci\u00f3n para lograr un acuerdo con los militares de San Isidro. Luego de una acalorada discusi\u00f3n el embajador Norteamericano William Tapley Bennett[2] el embajador llama por&nbsp;<a href=\"https:\/\/www.monografias.com\/trabajos\/eltelefono\/eltelefono.shtml\">tel\u00e9fono<\/a>&nbsp;a Caama\u00f1o dici\u00e9ndole que solo falta \u00e9l en la reuni\u00f3n, Caama\u00f1o respondi\u00f3 D\u00edgale a Wessin que detenga los bombardeos pero \u00e9l (Bennett) les dice a los constitucionalistas Este no es el momento de negociar, sino de rendirse de inmediato el presidente provisional Rafael Molina Ure\u00f1a, renunci\u00f3 y procedi\u00f3 a asilarse en la embajada de&nbsp;<a href=\"https:\/\/www.monografias.com\/trabajos13\/verpro\/verpro.shtml\">Colombia<\/a>.<\/p>\n\n\n\n<p>Igual camino siguieron otros dirigentes constitucionalistas. Cuando todos los oficiales militares sal\u00edan del despacho del embajador norteamericano, El Coronel Francisco Alberto Caama\u00f1o De\u00f1o[3] lleg\u00f3 y se detuvo en la puerta y le dijo: Perm\u00edtame decirle que seguiremos la lucha suceda lo que suceda.<\/p>\n\n\n\n<p>Al salir de la embajada Caama\u00f1o junto a otros colaboradores cercanos, se dirigi\u00f3 al puente Duarte donde las tropas de Wessin avanzaban hacia el centro de la ciudad.<\/p>\n\n\n\n<p>La presencia de Caama\u00f1o junto a otros militares en el Puente levant\u00f3&nbsp;<a href=\"https:\/\/www.monografias.com\/trabajos15\/etica-axiologia\/etica-axiologia.shtml\">la moral<\/a>&nbsp;de los combatientes e hicieron retroceder las fuerzas de Wessin. El profesor Juan Bosch desde Puerto Rico y ante la imposibilidad de regresar al pa\u00eds, delega sus&nbsp;<a href=\"https:\/\/www.monografias.com\/Derecho\/index.shtml\">derechos<\/a>&nbsp;constitucionales al coronel Caama\u00f1o, y el congreso se re\u00fane de emergencia y proclaman a Caama\u00f1o presidente de la Rep\u00fablica.<\/p>\n\n\n\n<p><strong>Mi\u00e9rcoles 28 de Abril<\/strong><\/p>\n\n\n\n<p>Con los esfuerzos de la embajada de los&nbsp;<a href=\"https:\/\/www.monografias.com\/trabajos7\/esun\/esun.shtml\">Estados Unidos<\/a>&nbsp;se crea en la base a\u00e9rea de San Isidro una junta militar presidida por el Coronel Pedro Bartolom\u00e9 Benoit. En las primeras horas de la ma\u00f1ana, los constitucionalistas comandados por el Coronel Lora Fern\u00e1ndez inician el ataque de la fortaleza Ozama, cuartel general de los cascos blancos.<\/p>\n\n\n\n<p>Esa ma\u00f1ana el presidente de los Estados Unidos Lyndon B. Johnson anuncia el env\u00edo de un peque\u00f1o contingente de soldados de la infanter\u00eda Norteamericana a Santo Domingo.<\/p>\n\n\n\n<p>Su&nbsp;<a href=\"https:\/\/www.monografias.com\/trabajos7\/gepla\/gepla.shtml\">misi\u00f3n<\/a>&nbsp;alegada: proteger el per\u00edmetro de la embajada estadounidense y salvar la vida de los ciudadanos Norteamericanos y de otras nacionalidades que lo solicitasen<\/p>\n\n\n\n<p>Ese d\u00eda desembarcaron 400 infantes de la marina norteamericana e iniciaron la evacuaci\u00f3n de los ciudadanos norteamericanos y de otras nacionalidades residentes en Santo Domingo.<\/p>\n\n\n\n<p>En la noche del 28 de abril el embajador norteamericano enviaba un cable comentando sobre la situaci\u00f3n el cual le\u00eda: \u00abThe generals at San Isidro were dejected, several were weeping, and one was histerically urging \u00abretreat\u00bb (<a href=\"https:\/\/www.monografias.com\/trabajos32\/traductor\/traductor.shtml\">traducci\u00f3n<\/a>&nbsp;libre: Los generales en San Isidro estaban deshauciados, algunos llorosos, y uno urg\u00eda hist\u00e9ricamente a \u00abreplegarse\u00bb). El embajador agregaba que \u00abelementos castroides\u00bb se llevar\u00edan la victoria. Con este comentario la&nbsp;<a href=\"https:\/\/www.monografias.com\/trabajos36\/administracion-y-gerencia\/administracion-y-gerencia.shtml\">administraci\u00f3n<\/a>&nbsp;norteamericana se posicionaba en contra de la causa rebelde.<\/p>\n\n\n\n<p>Se iniciaba una campa\u00f1a de descr\u00e9dito para las fuerzas rebeldes al invocar el sentimiento anticomunista.<\/p>\n\n\n\n<p>En&nbsp;<a href=\"https:\/\/www.monografias.com\/trabajos16\/memorias\/memorias.shtml\">la memoria<\/a>&nbsp;norteamericana a\u00fan estaba fresca la&nbsp;<a href=\"https:\/\/www.monografias.com\/trabajos11\/mcrisis\/mcrisis.shtml#QUEES\">crisis<\/a>&nbsp;de los misiles y el confrontamiento con&nbsp;<a href=\"https:\/\/www.monografias.com\/trabajos16\/cuba-origenes\/cuba-origenes.shtml\">Cuba<\/a>&nbsp;y la Uni\u00f3n Sovi\u00e9tica, y la opini\u00f3n p\u00fablica norteamericana debat\u00eda a diario los enfrentamientos en Vietnam.<\/p>\n\n\n\n<p>Las&nbsp;<a href=\"https:\/\/www.monografias.com\/trabajos35\/la-noticia\/la-noticia.shtml\">noticias<\/a>&nbsp;mundiales estaba enfocadas en la&nbsp;<a href=\"https:\/\/www.monografias.com\/trabajos11\/artguerr\/artguerr.shtml\">Guerra<\/a>&nbsp;de Vietnam y en Santo Domingo. Es as\u00ed que las agencias internacionales de&nbsp;<a href=\"https:\/\/www.monografias.com\/trabajos10\/prens\/prens.shtml\">prensa<\/a>&nbsp;comienzan a difundir el 5 de Mayo una lista de 54 supuestos agentes del&nbsp;<a href=\"https:\/\/www.monografias.com\/trabajos12\/capita\/capita.shtml\">comunismo<\/a>, infiltrados en el&nbsp;<a href=\"https:\/\/www.monografias.com\/trabajos15\/kinesiologia-biomecanica\/kinesiologia-biomecanica.shtml\">movimiento<\/a>&nbsp;constitucionalista que seg\u00fan el&nbsp;<a href=\"https:\/\/www.monografias.com\/trabajos4\/derpub\/derpub.shtml\">gobierno<\/a>&nbsp;Norteamericano pretend\u00eda convertir la&nbsp;<a href=\"https:\/\/www.monografias.com\/trabajos57\/educacion-republica-dominicana\/educacion-republica-dominicana.shtml\">Rep\u00fablica Dominicana<\/a>&nbsp;en otra Cuba.<\/p>\n\n\n\n<p><strong>Jueves 29 de Abril<\/strong><\/p>\n\n\n\n<p>Los constitucionalistas toman por asalto la Fortaleza Ozama, con su arsenal de armamentos y hacen prisioneros a numerosos agentes de la polic\u00eda. El CEFA y los sectores opuestos a la&nbsp;<a href=\"https:\/\/www.monografias.com\/trabajos10\/era\/era.shtml\">revoluci\u00f3n<\/a>&nbsp;acusan a las tropas de Caama\u00f1o a estar dominadas por comunistas.<\/p>\n\n\n\n<p>Mientras tanto el entonces presidente de los Estados Unidos Lyndon B. Johnson afirm\u00f3 \u00abLos Estados Unidos no pueden y no van a permitir el establecimiento de gobiernos comunistas en el hemisferio occidental\u00bb<\/p>\n\n\n\n<p>El Presidente Lyndon B. Johnson, acusando a la revoluci\u00f3n constitucionalista de comunista ordena el desembarco de 42,420 marines[4] en Santo Domingo con el prop\u00f3sito de controlar la situaci\u00f3n.<\/p>\n\n\n\n<p>Las tropas de EU establecieron de inmediato un cord\u00f3n de&nbsp;<a href=\"https:\/\/www.monografias.com\/trabajos\/seguinfo\/seguinfo.shtml\">seguridad<\/a>, dividiendo la ciudad en dos zonas, cercando la parte constitucionalista y a todos los combatientes que encontraba en la parte baja de la ciudad en la zona rebelde, denominaron Operaci\u00f3n Limpieza al operativo.Mientras esto suced\u00eda, el Coronel Juan Maria Lora Fern\u00e1ndez jefe del&nbsp;<a href=\"https:\/\/www.monografias.com\/trabajos12\/elorigest\/elorigest.shtml\">estado<\/a>&nbsp;mayor del gobierno patriota hablando por&nbsp;<a href=\"https:\/\/www.monografias.com\/trabajos13\/radio\/radio.shtml\">Radio<\/a>, alentaba a los combatientes, Desde la trinchera del honor los saludo en este d\u00eda glorioso en que la patria peque\u00f1a se agiganta el enfrentar con sus hombres a la&nbsp;<a href=\"https:\/\/www.monografias.com\/trabajos12\/eleynewt\/eleynewt.shtml\">fuerza<\/a>&nbsp;bruta de los Estados Unidos, pero si grande es nuestro enemigo mayor es nuestro arrojo y decisi\u00f3n de salvar a la patria y de volver limpia sin manchas y bochornos la&nbsp;<a href=\"https:\/\/www.monografias.com\/trabajos27\/dignidad-persona\/dignidad-persona.shtml\">dignidad<\/a>&nbsp;de su bandera y la pureza de su escudo<\/p>\n\n\n\n<p><strong>30 de Abril en Adelante<\/strong><\/p>\n\n\n\n<p>Lleg\u00f3 a Santo Domingo, John Bartlow Martin enviado especial de presidente Johnson bajo cuyos auspicios qued\u00f3 disuelta la junta militar presidida por Benoit y se cre\u00f3 el Gobierno de Reconstrucci\u00f3n Nacional, bajo la presidencia del General Antonio Imbert Barreras quien de inmediato tom\u00f3 juramento ante un juez de la Suprema Corte de&nbsp;<a href=\"https:\/\/www.monografias.com\/trabajos14\/hanskelsen\/hanskelsen.shtml\">Justicia<\/a>&nbsp;y convoc\u00f3 una manifestaci\u00f3n de respaldo a su&nbsp;<a href=\"https:\/\/www.monografias.com\/trabajos15\/sistemas-control\/sistemas-control.shtml\">gesti\u00f3n<\/a>&nbsp;frente al edificio del congreso nacional.<\/p>\n\n\n\n<p>Las palabras de Imbert al tomar posici\u00f3n fueron \u00abTodo el pueblo dominicano sabe que yo no me encuentro dirigiendo el Gobierno de Reconstrucci\u00f3n Nacional por satisfacer las arduas ambiciones de&nbsp;<a href=\"https:\/\/www.monografias.com\/trabajos35\/el-poder\/el-poder.shtml\">poder<\/a>, circunstancias ajenas a mi&nbsp;<a href=\"https:\/\/www.monografias.com\/trabajos11\/fuper\/fuper.shtml\">personal<\/a>&nbsp;situaci\u00f3n y a mi personales deseos pero revestidas de enormes trascendencias para el pa\u00eds, me colocaron en la obligaci\u00f3n&nbsp;<a href=\"https:\/\/www.monografias.com\/trabajos15\/etica-axiologia\/etica-axiologia.shtml\">moral<\/a>&nbsp;de aceptar el cargo que ahora ostento y&nbsp;<a href=\"https:\/\/www.monografias.com\/trabajos15\/indicad-evaluacion\/indicad-evaluacion.shtml\">desempe\u00f1o<\/a>, apenas estamos reorganizando las fuerzas armadas para comenzar una campa\u00f1a ofensiva en contra los comunistas\u00bb.<\/p>\n\n\n\n<p>Siguiendo los planes de Martin y las tropas estadounidenses, el general Imbert se puso de frente para dirigir la llamada \u00aboperaci\u00f3n limpieza\u00bb en la zona norte de la&nbsp;<a href=\"https:\/\/www.monografias.com\/trabajos13\/capintel\/capintel.shtml\">capital<\/a>&nbsp;donde se efectu\u00f3 un riguroso ataque casa por casa contra los combatientes constitucionalistas, oblig\u00e1ndolos a replegarse hacia la parte sur de la ciudad donde se encontraban el coronel Caama\u00f1o. La lucha por el&nbsp;<a href=\"https:\/\/www.monografias.com\/trabajos14\/control\/control.shtml\">control<\/a>&nbsp;de la zona norte dej\u00f3 un considerable n\u00famero de bajas en el lado constitucionalista as\u00ed como en la&nbsp;<a href=\"https:\/\/www.monografias.com\/trabajos\/explodemo\/explodemo.shtml\">poblaci\u00f3n<\/a>&nbsp;civil.<\/p>\n\n\n\n<p>Mientras el&nbsp;<a href=\"https:\/\/www.monografias.com\/trabajos4\/confyneg\/confyneg.shtml\">conflicto<\/a>&nbsp;b\u00e9lico en Santo Domingo se agudizaba, la opini\u00f3n publica internacional comenz\u00f3 a condenar la invasi\u00f3n militar norteamericana en Rep\u00fablica Dominicana, y comenzaron a producirse manifestaciones de protestas en casi todos los pa\u00edses de&nbsp;<a href=\"https:\/\/www.monografias.com\/trabajos\/planificacion\/planificacion.shtml\">Latinoam\u00e9rica<\/a>. En New York, los dominicanos junto a otros latinoamericanos protestan por la invasi\u00f3n yankee a Santo Domingo, mientras que en las&nbsp;<a href=\"https:\/\/www.monografias.com\/trabajos5\/ornaun\/ornaun.shtml\">Naciones Unidas<\/a>&nbsp;la Uni\u00f3n Sovi\u00e9tica, convoca de emergencia al consejo de seguridad para tratar el caso dominicano.<\/p>\n\n\n\n<p>En la reuni\u00f3n del Consejo de Seguridad interviene el embajador cubano P\u00e9rez Tab\u00edo, quien denuncia la agresi\u00f3n norteamericana en la patria de M\u00e1ximo G\u00f3mez. Luego de la reuni\u00f3n el Secretario General de la&nbsp;<a href=\"https:\/\/www.monografias.com\/trabajos6\/napro\/napro.shtml\">Organizaci\u00f3n<\/a>&nbsp;de Naciones Unidas&nbsp;<a href=\"https:\/\/www.monografias.com\/trabajos5\/ornaun\/ornaun.shtml\">ONU<\/a>, se\u00f1or U Thang, decide enviar observadores a Santo Domingo para que le informen de la situaci\u00f3n. Ante la&nbsp;<a href=\"https:\/\/www.monografias.com\/trabajos11\/presi\/presi.shtml\">presi\u00f3n<\/a>&nbsp;internacional los EE.UU convocan de urgencia a una reuni\u00f3n de la&nbsp;<a href=\"https:\/\/www.monografias.com\/trabajos16\/terrorismo-internacional\/terrorismo-internacional.shtml#MISICIDH\">OEA<\/a>, en la cual solicitan la creaci\u00f3n de una fuerza interamericana de Paz para enviarla Santo Domingo. De esta forma la invasi\u00f3n militar yankee en Santo Domingo quedar\u00eda internacionalizada y amparada por la bandera de la OEA, disipando la idea de la existencia de una intervenci\u00f3n unilateral y ocupaci\u00f3n militar norteamericana.<\/p>\n\n\n\n<p>La asamblea de la OEA aprob\u00f3 el env\u00edo de una fuerza interamericana, comandada por el general brasile\u00f1o Hugo Panasco Alvin e integrada por: 1,250 soldados de&nbsp;<a href=\"https:\/\/www.monografias.com\/trabajos10\/gebra\/gebra.shtml\">Brasil<\/a>, 250 de Honduras, 170 de Nicaragua, 20 Polic\u00edas de&nbsp;<a href=\"https:\/\/www.monografias.com\/trabajos6\/cori\/cori.shtml\">Costa Rica<\/a>, y una Representaci\u00f3n del&nbsp;<a href=\"https:\/\/www.monografias.com\/trabajos11\/para\/para.shtml\">Paraguay<\/a>.<\/p>\n\n\n\n<p>El 6 de Mayo el presidente de&nbsp;<a href=\"https:\/\/www.monografias.com\/trabajos4\/revolfrancesa\/revolfrancesa.shtml\">Francia<\/a>&nbsp;De Gaulle criticaba la intervenci\u00f3n, urgiendo al retiro de las tropas norteamericanas y anunciaba la posibilidad de reconocer al gobierno rebelde encabezado por Caama\u00f1o.<\/p>\n\n\n\n<p><strong>El asalto al Palacio Nacional<\/strong><\/p>\n\n\n\n<p>El 19 de mayo un comando constitucionalista intenta tomar por asalto el Palacio Nacional, en ese momento en poder de las tropas del Gobierno de Reconstrucci\u00f3n. Cuando avanzaban hacia su&nbsp;<a href=\"https:\/\/www.monografias.com\/trabajos16\/objetivos-educacion\/objetivos-educacion.shtml\">objetivo<\/a>&nbsp;fueron sorprendidos por francotiradores norteamericanos quienes les abrieron fuego haciendo fracasar la toma del palacio. En el intento de asalto perdieron la vida el Coronel Rafael Fern\u00e1ndez Dom\u00ednguez ministro de interior y polic\u00eda del gobierno constitucionalista, el Dr. Juan Miguel Rom\u00e1n destacado dirigente de la Agrupaci\u00f3n&nbsp;<a href=\"https:\/\/www.monografias.com\/Politica\/index.shtml\">Pol\u00edtica<\/a>&nbsp;14 de Junio, Euclides Morillo quien era un importante cuadro de la Agrupaci\u00f3n 14 de Junio y venia de las Guerrillas del 1963, Ilio Capocci entrenador de los hombres ranas y otros constitucionalistas destacados[5] .<\/p>\n\n\n\n<p><strong>Ofensiva Yankee<\/strong><\/p>\n\n\n\n<p>El 15 y 16 de junio, fue la mayor ofensiva del las tropas estadounidenses a la zona constitucionalista. Es el presidente Caama\u00f1o quien explica lo sucedido: \u00abDe una forma sistem\u00e1tica, en horas de la ma\u00f1ana, las tropas americanas intensificaron una ataque abierto por la parte norte, este y sur de la zona del gobierno constitucional. Esto ha sido una genocidio sin precedentes para la&nbsp;<a href=\"https:\/\/www.monografias.com\/Historia\/index.shtml\">historia<\/a>&nbsp;del pa\u00eds, contamos ante el momento 67 muertos entre hombres mujeres y&nbsp;<a href=\"https:\/\/www.monografias.com\/trabajos16\/espacio-tiempo\/espacio-tiempo.shtml\">ni\u00f1os<\/a>&nbsp;y unos 165 heridos y aun faltan personas que deben estar muertas en sus casas, por las&nbsp;<a href=\"https:\/\/www.monografias.com\/trabajos14\/bombas\/bombas.shtml\">bombas<\/a>&nbsp;de mortero\u00bb.<\/p>\n\n\n\n<p>El 28 de junio lleg\u00f3 al pa\u00eds el ex presidente Joaqu\u00edn Balaguer con un permiso de 72 horas otorgado por el gobierno de Antonio Imbert Barreras para ver a su madre enferma, al t\u00e9rmino de este, el Dr. Balaguer desafiando al general Imbert se neg\u00f3 a salir del pa\u00eds y manifest\u00f3 su intenci\u00f3n de presentarse como candidato presidencial, cuando todav\u00eda no hab\u00eda fecha para elecciones generales ni se sabia si se realizar\u00eda. En los d\u00edas siguientes la prensa norteamericana comenz\u00f3 a hacerse eco, de las aspiraciones presidenciales del Dr. Balaguer en la Republica Dominicana.<\/p>\n\n\n\n<p>El 12 de julio se cumpl\u00edan 41 a\u00f1os de la salida en 1924 de las tropas norteamericanas que hab\u00edan invadido al pa\u00eds en 1916. Por tal motivo el gobierno constitucional y el frente de&nbsp;<a href=\"https:\/\/www.monografias.com\/trabajos6\/napro\/napro.shtml\">organizaciones<\/a>&nbsp;democr\u00e1ticas realizaron una manifestaci\u00f3n frente al Altar de la Patria durante el acto se le hizo un homenaje a Gregorio Urbano Gilbert, uno de los h\u00e9roes de la&nbsp;<a href=\"https:\/\/www.monografias.com\/trabajos10\/restat\/restat.shtml\">resistencia<\/a>&nbsp;armada a la invasi\u00f3n militar norteamericana de 1916. Gilbert siempre se mantuvo firme del lado de los constitucionalistas y condenaba la agresi\u00f3n norteamericana.<\/p>\n\n\n\n<p><strong>Informe de John Bartlow Martin<\/strong><\/p>\n\n\n\n<p>En el&nbsp;<a href=\"https:\/\/www.monografias.com\/trabajos12\/guiainf\/guiainf.shtml\">informe<\/a>&nbsp;enviado al presidente Lyndon B. Johnson sobre la crisis, Martin afirm\u00f3: El gobierno de Imbert no es como se dice que es, nosotros no queremos imponer una soluci\u00f3n cualquiera que sea. El gobierno de Imbert presentado a menudo como un gobierno de derecha, no lo es. Primero no es una junta militar, en ese gobierno hay tres civiles conocidos y dos militares que en realidad son liberales. Son gente progresistas que no participar\u00edan en una junta militar<\/p>\n\n\n\n<p><strong>Negociaciones de Paz<\/strong><\/p>\n\n\n\n<p>A mediados del mes de agosto las negociaciones avanzaron y se perfilaron en un posible acuerdo entre los sectores en conflicto. El 30 de agosto se firm\u00f3 un acuerdo con los auspicios de una comisi\u00f3n mediadora de la OEA titulada Acta Institucional, mediante el cual se escogi\u00f3 al Dr. H\u00e9ctor Garc\u00eda Godoy como presidente provisional y se acord\u00f3 la celebraci\u00f3n de elecciones presidenciales para el a\u00f1o siguiente. Con la firma del acta institucional qued\u00f3 finalizada la guerra, se procedi\u00f3 a retirar las trincheras que limitaba la zona constitucionalista y se inici\u00f3 el desarme de la poblaci\u00f3n por parte de las tropas estadounidenses.<\/p>\n\n\n\n<p>El 3 de septiembre H\u00e9ctor Garc\u00eda Godoy asum\u00eda la Presidencia Provisional y el mismo d\u00eda el presidente constitucional Francisco Alberto Caama\u00f1o De\u00f1o presentaba renuncia ante 25,000 dominicanos que acudieron a una manifestaci\u00f3n en la plaza de la Fortaleza Ozama.<\/p>\n\n\n\n<p><strong>Caama\u00f1o entrega la Presidencia<\/strong><\/p>\n\n\n\n<p>El 3 de septiembre en una gigantesca manifestaci\u00f3n en la plaza de la&nbsp;<a href=\"https:\/\/www.monografias.com\/trabajos12\/consti\/consti.shtml\">constituci\u00f3n<\/a>, el coronel Caama\u00f1o present\u00f3 renuncia como presidente constitucional.<\/p>\n","protected":false},"excerpt":{"rendered":"<p>La Guerra Civil Dominicana de 1965 constituye uno de los hechos m\u00e1s relevantes en la&nbsp;historia&nbsp;reciente de la Rep\u00fablica Dominicana. El&nbsp;conflicto&nbsp;se inicia cuando un&nbsp;grupo&nbsp;de oficiales j\u00f3venes se propone restaurar el&nbsp;gobierno&nbsp;constitucional del destituido presidente Juan Bosch, primer gobierno elegido democr\u00e1ticamente en las urnas tras el ajusticiamiento del dictador Rafael Leonidas Trujillo. El&nbsp;profesor&nbsp;Juan Bosch es derrocado siete meses [&hellip;]<\/p>\n","protected":false},"author":1,"featured_media":8611,"comment_status":"open","ping_status":"open","sticky":false,"template":"","format":"standard","meta":{"nf_dc_page":"","jetpack_post_was_ever_published":false,"_jetpack_newsletter_access":"","_jetpack_dont_email_post_to_subs":false,"_jetpack_newsletter_tier_id":0,"_jetpack_memberships_contains_paywalled_content":false,"_jetpack_memberships_contains_paid_content":false,"footnotes":"","jetpack_publicize_message":"","jetpack_publicize_feature_enabled":true,"jetpack_social_post_already_shared":false,"jetpack_social_options":{"image_generator_settings":{"template":"highway","default_image_id":0,"font":"","enabled":false},"version":2}},"categories":[88],"tags":[],"class_list":["post-8609","post","type-post","status-publish","format-standard","has-post-thumbnail","hentry","category-historia"],"yoast_head":"<!-- This site is optimized with the Yoast SEO plugin v27.4 - https:\/\/yoast.com\/product\/yoast-seo-wordpress\/ -->\n<title>Se cumple el 57 aniversario del inicio de la Guerra de abril 1965 - Minuto Cero RD<\/title>\n<meta name=\"robots\" content=\"index, follow, max-snippet:-1, max-image-preview:large, max-video-preview:-1\" \/>\n<link rel=\"canonical\" href=\"http:\/\/minutocerord.com\/?p=8609\" \/>\n<meta property=\"og:locale\" content=\"es_ES\" \/>\n<meta property=\"og:type\" content=\"article\" \/>\n<meta property=\"og:title\" content=\"Se cumple el 57 aniversario del inicio de la Guerra de abril 1965 - Minuto Cero RD\" \/>\n<meta property=\"og:description\" content=\"La Guerra Civil Dominicana de 1965 constituye uno de los hechos m\u00e1s relevantes en la&nbsp;historia&nbsp;reciente de la Rep\u00fablica Dominicana. El&nbsp;conflicto&nbsp;se inicia cuando un&nbsp;grupo&nbsp;de oficiales j\u00f3venes se propone restaurar el&nbsp;gobierno&nbsp;constitucional del destituido presidente Juan Bosch, primer gobierno elegido democr\u00e1ticamente en las urnas tras el ajusticiamiento del dictador Rafael Leonidas Trujillo. El&nbsp;profesor&nbsp;Juan Bosch es derrocado siete meses [&hellip;]\" \/>\n<meta property=\"og:url\" content=\"http:\/\/minutocerord.com\/?p=8609\" \/>\n<meta property=\"og:site_name\" content=\"Minuto Cero RD\" \/>\n<meta property=\"article:publisher\" content=\"https:\/\/www.facebook.com\/Genofnotes\" \/>\n<meta property=\"article:author\" content=\"https:\/\/www.facebook.com\/Genofnotes\" \/>\n<meta property=\"article:published_time\" content=\"2022-04-24T17:31:36+00:00\" \/>\n<meta property=\"article:modified_time\" content=\"2022-04-24T17:32:20+00:00\" \/>\n<meta property=\"og:image\" content=\"https:\/\/i0.wp.com\/minutocerord.com\/wp-content\/uploads\/2022\/04\/Guerra-de-abrsil.jpg?fit=728%2C434\" \/>\n\t<meta property=\"og:image:width\" content=\"728\" \/>\n\t<meta property=\"og:image:height\" content=\"434\" \/>\n\t<meta property=\"og:image:type\" content=\"image\/jpeg\" \/>\n<meta name=\"author\" content=\"Genof\u00f3ntes Urb\u00e1ez\" \/>\n<meta name=\"twitter:card\" content=\"summary_large_image\" \/>\n<meta name=\"twitter:label1\" content=\"Written by\" \/>\n\t<meta name=\"twitter:data1\" content=\"Genof\u00f3ntes Urb\u00e1ez\" \/>\n\t<meta name=\"twitter:label2\" content=\"Est. reading time\" \/>\n\t<meta name=\"twitter:data2\" content=\"15 minutos\" \/>\n<script type=\"application\/ld+json\" class=\"yoast-schema-graph\">{\"@context\":\"https:\\\/\\\/schema.org\",\"@graph\":[{\"@type\":\"Article\",\"@id\":\"http:\\\/\\\/minutocerord.com\\\/?p=8609#article\",\"isPartOf\":{\"@id\":\"http:\\\/\\\/minutocerord.com\\\/?p=8609\"},\"author\":{\"name\":\"Genof\u00f3ntes Urb\u00e1ez\",\"@id\":\"https:\\\/\\\/minutocerord.com\\\/#\\\/schema\\\/person\\\/60b5372d60aaa0a5171fb6488be9aee6\"},\"headline\":\"Se cumple el 57 aniversario del inicio de la Guerra de abril 1965\",\"datePublished\":\"2022-04-24T17:31:36+00:00\",\"dateModified\":\"2022-04-24T17:32:20+00:00\",\"mainEntityOfPage\":{\"@id\":\"http:\\\/\\\/minutocerord.com\\\/?p=8609\"},\"wordCount\":3391,\"commentCount\":0,\"publisher\":{\"@id\":\"https:\\\/\\\/minutocerord.com\\\/#\\\/schema\\\/person\\\/60b5372d60aaa0a5171fb6488be9aee6\"},\"image\":{\"@id\":\"http:\\\/\\\/minutocerord.com\\\/?p=8609#primaryimage\"},\"thumbnailUrl\":\"https:\\\/\\\/i0.wp.com\\\/minutocerord.com\\\/wp-content\\\/uploads\\\/2022\\\/04\\\/Guerra-de-abrsil.jpg?fit=728%2C434&ssl=1\",\"articleSection\":[\"Historia\"],\"inLanguage\":\"es-DO\",\"potentialAction\":[{\"@type\":\"CommentAction\",\"name\":\"Comment\",\"target\":[\"http:\\\/\\\/minutocerord.com\\\/?p=8609#respond\"]}]},{\"@type\":\"WebPage\",\"@id\":\"http:\\\/\\\/minutocerord.com\\\/?p=8609\",\"url\":\"http:\\\/\\\/minutocerord.com\\\/?p=8609\",\"name\":\"Se cumple el 57 aniversario del inicio de la Guerra de abril 1965 - Minuto Cero RD\",\"isPartOf\":{\"@id\":\"https:\\\/\\\/minutocerord.com\\\/#website\"},\"primaryImageOfPage\":{\"@id\":\"http:\\\/\\\/minutocerord.com\\\/?p=8609#primaryimage\"},\"image\":{\"@id\":\"http:\\\/\\\/minutocerord.com\\\/?p=8609#primaryimage\"},\"thumbnailUrl\":\"https:\\\/\\\/i0.wp.com\\\/minutocerord.com\\\/wp-content\\\/uploads\\\/2022\\\/04\\\/Guerra-de-abrsil.jpg?fit=728%2C434&ssl=1\",\"datePublished\":\"2022-04-24T17:31:36+00:00\",\"dateModified\":\"2022-04-24T17:32:20+00:00\",\"breadcrumb\":{\"@id\":\"http:\\\/\\\/minutocerord.com\\\/?p=8609#breadcrumb\"},\"inLanguage\":\"es-DO\",\"potentialAction\":[{\"@type\":\"ReadAction\",\"target\":[\"http:\\\/\\\/minutocerord.com\\\/?p=8609\"]}]},{\"@type\":\"ImageObject\",\"inLanguage\":\"es-DO\",\"@id\":\"http:\\\/\\\/minutocerord.com\\\/?p=8609#primaryimage\",\"url\":\"https:\\\/\\\/i0.wp.com\\\/minutocerord.com\\\/wp-content\\\/uploads\\\/2022\\\/04\\\/Guerra-de-abrsil.jpg?fit=728%2C434&ssl=1\",\"contentUrl\":\"https:\\\/\\\/i0.wp.com\\\/minutocerord.com\\\/wp-content\\\/uploads\\\/2022\\\/04\\\/Guerra-de-abrsil.jpg?fit=728%2C434&ssl=1\",\"width\":728,\"height\":434},{\"@type\":\"BreadcrumbList\",\"@id\":\"http:\\\/\\\/minutocerord.com\\\/?p=8609#breadcrumb\",\"itemListElement\":[{\"@type\":\"ListItem\",\"position\":1,\"name\":\"Home\",\"item\":\"https:\\\/\\\/minutocerord.com\\\/\"},{\"@type\":\"ListItem\",\"position\":2,\"name\":\"Se cumple el 57 aniversario del inicio de la Guerra de abril 1965\"}]},{\"@type\":\"WebSite\",\"@id\":\"https:\\\/\\\/minutocerord.com\\\/#website\",\"url\":\"https:\\\/\\\/minutocerord.com\\\/\",\"name\":\"Minuto Cero RD\",\"description\":\"Periodismo serio y veraz\",\"publisher\":{\"@id\":\"https:\\\/\\\/minutocerord.com\\\/#\\\/schema\\\/person\\\/60b5372d60aaa0a5171fb6488be9aee6\"},\"potentialAction\":[{\"@type\":\"SearchAction\",\"target\":{\"@type\":\"EntryPoint\",\"urlTemplate\":\"https:\\\/\\\/minutocerord.com\\\/?s={search_term_string}\"},\"query-input\":{\"@type\":\"PropertyValueSpecification\",\"valueRequired\":true,\"valueName\":\"search_term_string\"}}],\"inLanguage\":\"es-DO\"},{\"@type\":[\"Person\",\"Organization\"],\"@id\":\"https:\\\/\\\/minutocerord.com\\\/#\\\/schema\\\/person\\\/60b5372d60aaa0a5171fb6488be9aee6\",\"name\":\"Genof\u00f3ntes Urb\u00e1ez\",\"image\":{\"@type\":\"ImageObject\",\"inLanguage\":\"es-DO\",\"@id\":\"https:\\\/\\\/secure.gravatar.com\\\/avatar\\\/a49ef3186a692098ac3e8a1612261e3ad70cf9e44553dff2929e67939a0ecb9d?s=96&d=identicon&r=g\",\"url\":\"https:\\\/\\\/secure.gravatar.com\\\/avatar\\\/a49ef3186a692098ac3e8a1612261e3ad70cf9e44553dff2929e67939a0ecb9d?s=96&d=identicon&r=g\",\"contentUrl\":\"https:\\\/\\\/secure.gravatar.com\\\/avatar\\\/a49ef3186a692098ac3e8a1612261e3ad70cf9e44553dff2929e67939a0ecb9d?s=96&d=identicon&r=g\",\"caption\":\"Genof\u00f3ntes Urb\u00e1ez\"},\"logo\":{\"@id\":\"https:\\\/\\\/secure.gravatar.com\\\/avatar\\\/a49ef3186a692098ac3e8a1612261e3ad70cf9e44553dff2929e67939a0ecb9d?s=96&d=identicon&r=g\"},\"description\":\"Periodista \\\/ Locutor\",\"sameAs\":[\"https:\\\/\\\/www.facebook.com\\\/Genofnotes\",\"https:\\\/\\\/www.instagram.com\\\/genofnotes\\\/\"]}]}<\/script>\n<!-- \/ Yoast SEO plugin. -->","yoast_head_json":{"title":"Se cumple el 57 aniversario del inicio de la Guerra de abril 1965 - Minuto Cero RD","robots":{"index":"index","follow":"follow","max-snippet":"max-snippet:-1","max-image-preview":"max-image-preview:large","max-video-preview":"max-video-preview:-1"},"canonical":"http:\/\/minutocerord.com\/?p=8609","og_locale":"es_ES","og_type":"article","og_title":"Se cumple el 57 aniversario del inicio de la Guerra de abril 1965 - Minuto Cero RD","og_description":"La Guerra Civil Dominicana de 1965 constituye uno de los hechos m\u00e1s relevantes en la&nbsp;historia&nbsp;reciente de la Rep\u00fablica Dominicana. El&nbsp;conflicto&nbsp;se inicia cuando un&nbsp;grupo&nbsp;de oficiales j\u00f3venes se propone restaurar el&nbsp;gobierno&nbsp;constitucional del destituido presidente Juan Bosch, primer gobierno elegido democr\u00e1ticamente en las urnas tras el ajusticiamiento del dictador Rafael Leonidas Trujillo. El&nbsp;profesor&nbsp;Juan Bosch es derrocado siete meses [&hellip;]","og_url":"http:\/\/minutocerord.com\/?p=8609","og_site_name":"Minuto Cero RD","article_publisher":"https:\/\/www.facebook.com\/Genofnotes","article_author":"https:\/\/www.facebook.com\/Genofnotes","article_published_time":"2022-04-24T17:31:36+00:00","article_modified_time":"2022-04-24T17:32:20+00:00","og_image":[{"width":728,"height":434,"url":"https:\/\/i0.wp.com\/minutocerord.com\/wp-content\/uploads\/2022\/04\/Guerra-de-abrsil.jpg?fit=728%2C434","type":"image\/jpeg"}],"author":"Genof\u00f3ntes Urb\u00e1ez","twitter_card":"summary_large_image","twitter_misc":{"Written by":"Genof\u00f3ntes Urb\u00e1ez","Est. reading time":"15 minutos"},"schema":{"@context":"https:\/\/schema.org","@graph":[{"@type":"Article","@id":"http:\/\/minutocerord.com\/?p=8609#article","isPartOf":{"@id":"http:\/\/minutocerord.com\/?p=8609"},"author":{"name":"Genof\u00f3ntes Urb\u00e1ez","@id":"https:\/\/minutocerord.com\/#\/schema\/person\/60b5372d60aaa0a5171fb6488be9aee6"},"headline":"Se cumple el 57 aniversario del inicio de la Guerra de abril 1965","datePublished":"2022-04-24T17:31:36+00:00","dateModified":"2022-04-24T17:32:20+00:00","mainEntityOfPage":{"@id":"http:\/\/minutocerord.com\/?p=8609"},"wordCount":3391,"commentCount":0,"publisher":{"@id":"https:\/\/minutocerord.com\/#\/schema\/person\/60b5372d60aaa0a5171fb6488be9aee6"},"image":{"@id":"http:\/\/minutocerord.com\/?p=8609#primaryimage"},"thumbnailUrl":"https:\/\/i0.wp.com\/minutocerord.com\/wp-content\/uploads\/2022\/04\/Guerra-de-abrsil.jpg?fit=728%2C434&ssl=1","articleSection":["Historia"],"inLanguage":"es-DO","potentialAction":[{"@type":"CommentAction","name":"Comment","target":["http:\/\/minutocerord.com\/?p=8609#respond"]}]},{"@type":"WebPage","@id":"http:\/\/minutocerord.com\/?p=8609","url":"http:\/\/minutocerord.com\/?p=8609","name":"Se cumple el 57 aniversario del inicio de la Guerra de abril 1965 - Minuto Cero RD","isPartOf":{"@id":"https:\/\/minutocerord.com\/#website"},"primaryImageOfPage":{"@id":"http:\/\/minutocerord.com\/?p=8609#primaryimage"},"image":{"@id":"http:\/\/minutocerord.com\/?p=8609#primaryimage"},"thumbnailUrl":"https:\/\/i0.wp.com\/minutocerord.com\/wp-content\/uploads\/2022\/04\/Guerra-de-abrsil.jpg?fit=728%2C434&ssl=1","datePublished":"2022-04-24T17:31:36+00:00","dateModified":"2022-04-24T17:32:20+00:00","breadcrumb":{"@id":"http:\/\/minutocerord.com\/?p=8609#breadcrumb"},"inLanguage":"es-DO","potentialAction":[{"@type":"ReadAction","target":["http:\/\/minutocerord.com\/?p=8609"]}]},{"@type":"ImageObject","inLanguage":"es-DO","@id":"http:\/\/minutocerord.com\/?p=8609#primaryimage","url":"https:\/\/i0.wp.com\/minutocerord.com\/wp-content\/uploads\/2022\/04\/Guerra-de-abrsil.jpg?fit=728%2C434&ssl=1","contentUrl":"https:\/\/i0.wp.com\/minutocerord.com\/wp-content\/uploads\/2022\/04\/Guerra-de-abrsil.jpg?fit=728%2C434&ssl=1","width":728,"height":434},{"@type":"BreadcrumbList","@id":"http:\/\/minutocerord.com\/?p=8609#breadcrumb","itemListElement":[{"@type":"ListItem","position":1,"name":"Home","item":"https:\/\/minutocerord.com\/"},{"@type":"ListItem","position":2,"name":"Se cumple el 57 aniversario del inicio de la Guerra de abril 1965"}]},{"@type":"WebSite","@id":"https:\/\/minutocerord.com\/#website","url":"https:\/\/minutocerord.com\/","name":"Minuto Cero RD","description":"Periodismo serio y veraz","publisher":{"@id":"https:\/\/minutocerord.com\/#\/schema\/person\/60b5372d60aaa0a5171fb6488be9aee6"},"potentialAction":[{"@type":"SearchAction","target":{"@type":"EntryPoint","urlTemplate":"https:\/\/minutocerord.com\/?s={search_term_string}"},"query-input":{"@type":"PropertyValueSpecification","valueRequired":true,"valueName":"search_term_string"}}],"inLanguage":"es-DO"},{"@type":["Person","Organization"],"@id":"https:\/\/minutocerord.com\/#\/schema\/person\/60b5372d60aaa0a5171fb6488be9aee6","name":"Genof\u00f3ntes Urb\u00e1ez","image":{"@type":"ImageObject","inLanguage":"es-DO","@id":"https:\/\/secure.gravatar.com\/avatar\/a49ef3186a692098ac3e8a1612261e3ad70cf9e44553dff2929e67939a0ecb9d?s=96&d=identicon&r=g","url":"https:\/\/secure.gravatar.com\/avatar\/a49ef3186a692098ac3e8a1612261e3ad70cf9e44553dff2929e67939a0ecb9d?s=96&d=identicon&r=g","contentUrl":"https:\/\/secure.gravatar.com\/avatar\/a49ef3186a692098ac3e8a1612261e3ad70cf9e44553dff2929e67939a0ecb9d?s=96&d=identicon&r=g","caption":"Genof\u00f3ntes Urb\u00e1ez"},"logo":{"@id":"https:\/\/secure.gravatar.com\/avatar\/a49ef3186a692098ac3e8a1612261e3ad70cf9e44553dff2929e67939a0ecb9d?s=96&d=identicon&r=g"},"description":"Periodista \/ Locutor","sameAs":["https:\/\/www.facebook.com\/Genofnotes","https:\/\/www.instagram.com\/genofnotes\/"]}]}},"jetpack_publicize_connections":[],"jetpack_featured_media_url":"https:\/\/i0.wp.com\/minutocerord.com\/wp-content\/uploads\/2022\/04\/Guerra-de-abrsil.jpg?fit=728%2C434&ssl=1","jetpack-related-posts":[],"jetpack_sharing_enabled":true,"_links":{"self":[{"href":"https:\/\/minutocerord.com\/index.php?rest_route=\/wp\/v2\/posts\/8609","targetHints":{"allow":["GET"]}}],"collection":[{"href":"https:\/\/minutocerord.com\/index.php?rest_route=\/wp\/v2\/posts"}],"about":[{"href":"https:\/\/minutocerord.com\/index.php?rest_route=\/wp\/v2\/types\/post"}],"author":[{"embeddable":true,"href":"https:\/\/minutocerord.com\/index.php?rest_route=\/wp\/v2\/users\/1"}],"replies":[{"embeddable":true,"href":"https:\/\/minutocerord.com\/index.php?rest_route=%2Fwp%2Fv2%2Fcomments&post=8609"}],"version-history":[{"count":1,"href":"https:\/\/minutocerord.com\/index.php?rest_route=\/wp\/v2\/posts\/8609\/revisions"}],"predecessor-version":[{"id":8612,"href":"https:\/\/minutocerord.com\/index.php?rest_route=\/wp\/v2\/posts\/8609\/revisions\/8612"}],"wp:featuredmedia":[{"embeddable":true,"href":"https:\/\/minutocerord.com\/index.php?rest_route=\/wp\/v2\/media\/8611"}],"wp:attachment":[{"href":"https:\/\/minutocerord.com\/index.php?rest_route=%2Fwp%2Fv2%2Fmedia&parent=8609"}],"wp:term":[{"taxonomy":"category","embeddable":true,"href":"https:\/\/minutocerord.com\/index.php?rest_route=%2Fwp%2Fv2%2Fcategories&post=8609"},{"taxonomy":"post_tag","embeddable":true,"href":"https:\/\/minutocerord.com\/index.php?rest_route=%2Fwp%2Fv2%2Ftags&post=8609"}],"curies":[{"name":"wp","href":"https:\/\/api.w.org\/{rel}","templated":true}]}}