{"id":8616,"date":"2022-04-24T17:50:17","date_gmt":"2022-04-24T21:50:17","guid":{"rendered":"https:\/\/minutocerord.com\/?p=8616"},"modified":"2022-04-24T17:53:50","modified_gmt":"2022-04-24T21:53:50","slug":"padre-de-empleada-que-mato-a-un-chino-dice-que-su-hija-pudo-ser-la-victima-mortal-que-se-entregue-que-no-la-vamos-a-abandonar-exhorta-juan-fracisco-furcal","status":"publish","type":"post","link":"https:\/\/minutocerord.com\/?p=8616","title":{"rendered":"Juan Fracisco Furcal Padre de mujer que mat\u00f3 chino dice su hija pudo ser la v\u00edctima  \u201cQue se entregue, que no la vamos a abandonar\u201d"},"content":{"rendered":"\n<p><strong>Santo Domingo.-<\/strong> Juan Francisco Furcal jugaba d\u00f3mino cuando agentes de la Polic\u00eda Nacional cruzaron a su vivienda.&nbsp; Al cuestionarles el motivo de su presencia, los agentes le dieron la noticia de que buscaban a su hija, Franyeli Mar\u00eda Furcal, la empleada que habr\u00eda ultimado de una pu\u00f1alada a un joven de nacionalidad china, en un negocio en la Avenida Duarte, en el Distrito Nacional.<\/p>\n\n\n\n<p>Cargando las secuelas que le dej\u00f3 un accidente cerebral (acv), el hombre de 70 a\u00f1os pide a su hija que se entregue, al tiempo que externa su deseo de perd\u00f3n a los familiares de la v\u00edctima, identificada como Jhei Leet, de 34 a\u00f1os.<\/p>\n\n\n\n<p>\u201cTenemos la esperanza de que se entregue cuanto antes. Estamos esperanzados que ella nos llame, porque si ella me llama, yo voy a buscar a alguien para entregarla. El mensaje a ella es que se entregue, que me llame y me diga donde est\u00e1 para yo ir a buscarla, que ella sabe que yo no lo voy a abandonar y su familia tambi\u00e9n. Si ella me llama y me dice: estoy debajo de la tierra en un hoy, yo le caigo all\u00e1 y le digo vamos a entregarte\u201d.<\/p>\n\n\n\n<p>Asimilando a\u00fan lo ocurrido, el padre de Franyeli reflexiona en que, si el hombre le habr\u00eda pegado en el costado la patada que le lanz\u00f3 a su hija, como se aprecia en un video que circula en internet, la muerta hoy habr\u00eda sido ella.<\/p>\n\n\n\n<p>\u201cEsa pat\u00e1\u00b4 que \u00e9l le dio, son patadas mortales, que es con el tal\u00f3n. Si esa patada se le habr\u00eda dado a ella por el costado, la que habr\u00eda estado muerta habr\u00eda sido ella\u201d.<a><\/a><\/p>\n\n\n\n<p>Furcal se refiere a la escena del video donde se observa el momento del incidente. Primero se ve al joven chino lanzarle un objeto a la joven que responde lanz\u00e1ndole otro objeto m\u00e1s peque\u00f1o. Luego Leet le lanza una patada y la joven se inclina como buscando algo y procede a herirlo.<\/p>\n\n\n\n<p>\u201cEsa pata\u00b4 que \u00e9l tir\u00f3, si la agarra en el costado, la muerta habr\u00eda sido ella. Porque ellos son especiales en artes marciales\u201d, insiste.&nbsp;<\/p>\n\n\n\n<p>Luego del suceso, Franyeli se dio a la fuga y, hasta esta tarde, la Polic\u00eda no hab\u00eda logrado ubicar su paradero, seg\u00fan inform\u00f3. Aunque ha circulado la informaci\u00f3n de que la joven se entregar\u00eda, la familia dice que a\u00fan no han logrado establecer contacto con la joven para gestionar la entrega.&nbsp;<\/p>\n\n\n\n<p>\u201cNo sabemos d\u00f3nde est\u00e1. Sabr\u00e1 Dios tenga hambre, no haya comido, no haya desayunado, tenga sed, no tenga dinero\u2026 y entonces, eso m\u00e1s nos preocupa\u201d, dice Furcal.<\/p>\n\n\n\n<p>Franyelis, a la que Furcal define como una muchacha tranquila, ten\u00eda casi tres a\u00f1os trabajando en el negocio donde ocurri\u00f3 la tragedia. De ah\u00ed prove\u00eda sustento para sus tres hijos de 12, 9 y 3 a\u00f1os de edad.<\/p>\n\n\n\n<p>Compa\u00f1eros y excompa\u00f1eros de trabajo han denunciado que el ahora occiso era familiar de los due\u00f1os del negocio donde, seg\u00fan afirman, tratan mal a los empleados.<\/p>\n","protected":false},"excerpt":{"rendered":"<p>Santo Domingo.- Juan Francisco Furcal jugaba d\u00f3mino cuando agentes de la Polic\u00eda Nacional cruzaron a su vivienda.&nbsp; Al cuestionarles el motivo de su presencia, los agentes le dieron la noticia de que buscaban a su hija, Franyeli Mar\u00eda Furcal, la empleada que habr\u00eda ultimado de una pu\u00f1alada a un joven de nacionalidad china, en un [&hellip;]<\/p>\n","protected":false},"author":1,"featured_media":8617,"comment_status":"open","ping_status":"open","sticky":false,"template":"","format":"standard","meta":{"nf_dc_page":"","jetpack_post_was_ever_published":false,"_jetpack_newsletter_access":"","_jetpack_dont_email_post_to_subs":false,"_jetpack_newsletter_tier_id":0,"_jetpack_memberships_contains_paywalled_content":false,"_jetpack_memberships_contains_paid_content":false,"footnotes":"","jetpack_publicize_message":"","jetpack_publicize_feature_enabled":true,"jetpack_social_post_already_shared":false,"jetpack_social_options":{"image_generator_settings":{"template":"highway","default_image_id":0,"font":"","enabled":false},"version":2}},"categories":[65],"tags":[],"class_list":["post-8616","post","type-post","status-publish","format-standard","has-post-thumbnail","hentry","category-nacionales"],"yoast_head":"<!-- This site is optimized with the Yoast SEO plugin v27.4 - https:\/\/yoast.com\/product\/yoast-seo-wordpress\/ -->\n<title>Juan Fracisco Furcal Padre de mujer que mat\u00f3 chino dice su hija pudo ser la v\u00edctima \u201cQue se entregue, que no la vamos a abandonar\u201d - Minuto Cero RD<\/title>\n<meta name=\"robots\" content=\"index, follow, max-snippet:-1, max-image-preview:large, max-video-preview:-1\" \/>\n<link rel=\"canonical\" href=\"http:\/\/minutocerord.com\/?p=8616\" \/>\n<meta property=\"og:locale\" content=\"es_ES\" \/>\n<meta property=\"og:type\" content=\"article\" \/>\n<meta property=\"og:title\" content=\"Juan Fracisco Furcal Padre de mujer que mat\u00f3 chino dice su hija pudo ser la v\u00edctima \u201cQue se entregue, que no la vamos a abandonar\u201d - Minuto Cero RD\" \/>\n<meta property=\"og:description\" content=\"Santo Domingo.- Juan Francisco Furcal jugaba d\u00f3mino cuando agentes de la Polic\u00eda Nacional cruzaron a su vivienda.&nbsp; Al cuestionarles el motivo de su presencia, los agentes le dieron la noticia de que buscaban a su hija, Franyeli Mar\u00eda Furcal, la empleada que habr\u00eda ultimado de una pu\u00f1alada a un joven de nacionalidad china, en un [&hellip;]\" \/>\n<meta property=\"og:url\" content=\"http:\/\/minutocerord.com\/?p=8616\" \/>\n<meta property=\"og:site_name\" content=\"Minuto Cero RD\" \/>\n<meta property=\"article:publisher\" content=\"https:\/\/www.facebook.com\/Genofnotes\" \/>\n<meta property=\"article:author\" content=\"https:\/\/www.facebook.com\/Genofnotes\" \/>\n<meta property=\"article:published_time\" content=\"2022-04-24T21:50:17+00:00\" \/>\n<meta property=\"article:modified_time\" content=\"2022-04-24T21:53:50+00:00\" \/>\n<meta property=\"og:image\" content=\"https:\/\/i0.wp.com\/minutocerord.com\/wp-content\/uploads\/2022\/04\/24042022-padre-y-testigo-de-mujer-que-mato-a-empresario-chino-4-7378cb2b-focus-0-0-895-573.jpg?fit=895%2C573\" \/>\n\t<meta property=\"og:image:width\" content=\"895\" \/>\n\t<meta property=\"og:image:height\" content=\"573\" \/>\n\t<meta property=\"og:image:type\" content=\"image\/jpeg\" \/>\n<meta name=\"author\" content=\"Genof\u00f3ntes Urb\u00e1ez\" \/>\n<meta name=\"twitter:card\" content=\"summary_large_image\" \/>\n<meta name=\"twitter:label1\" content=\"Written by\" \/>\n\t<meta name=\"twitter:data1\" content=\"Genof\u00f3ntes Urb\u00e1ez\" \/>\n\t<meta name=\"twitter:label2\" content=\"Est. reading time\" \/>\n\t<meta name=\"twitter:data2\" content=\"3 minutos\" \/>\n<script type=\"application\/ld+json\" class=\"yoast-schema-graph\">{\"@context\":\"https:\\\/\\\/schema.org\",\"@graph\":[{\"@type\":\"Article\",\"@id\":\"http:\\\/\\\/minutocerord.com\\\/?p=8616#article\",\"isPartOf\":{\"@id\":\"http:\\\/\\\/minutocerord.com\\\/?p=8616\"},\"author\":{\"name\":\"Genof\u00f3ntes Urb\u00e1ez\",\"@id\":\"https:\\\/\\\/minutocerord.com\\\/#\\\/schema\\\/person\\\/60b5372d60aaa0a5171fb6488be9aee6\"},\"headline\":\"Juan Fracisco Furcal Padre de mujer que mat\u00f3 chino dice su hija pudo ser la v\u00edctima \u201cQue se entregue, que no la vamos a abandonar\u201d\",\"datePublished\":\"2022-04-24T21:50:17+00:00\",\"dateModified\":\"2022-04-24T21:53:50+00:00\",\"mainEntityOfPage\":{\"@id\":\"http:\\\/\\\/minutocerord.com\\\/?p=8616\"},\"wordCount\":553,\"commentCount\":0,\"publisher\":{\"@id\":\"https:\\\/\\\/minutocerord.com\\\/#\\\/schema\\\/person\\\/60b5372d60aaa0a5171fb6488be9aee6\"},\"image\":{\"@id\":\"http:\\\/\\\/minutocerord.com\\\/?p=8616#primaryimage\"},\"thumbnailUrl\":\"https:\\\/\\\/i0.wp.com\\\/minutocerord.com\\\/wp-content\\\/uploads\\\/2022\\\/04\\\/24042022-padre-y-testigo-de-mujer-que-mato-a-empresario-chino-4-7378cb2b-focus-0-0-895-573.jpg?fit=895%2C573&ssl=1\",\"articleSection\":[\"Nacionales\"],\"inLanguage\":\"es-DO\",\"potentialAction\":[{\"@type\":\"CommentAction\",\"name\":\"Comment\",\"target\":[\"http:\\\/\\\/minutocerord.com\\\/?p=8616#respond\"]}]},{\"@type\":\"WebPage\",\"@id\":\"http:\\\/\\\/minutocerord.com\\\/?p=8616\",\"url\":\"http:\\\/\\\/minutocerord.com\\\/?p=8616\",\"name\":\"Juan Fracisco Furcal Padre de mujer que mat\u00f3 chino dice su hija pudo ser la v\u00edctima \u201cQue se entregue, que no la vamos a abandonar\u201d - Minuto Cero RD\",\"isPartOf\":{\"@id\":\"https:\\\/\\\/minutocerord.com\\\/#website\"},\"primaryImageOfPage\":{\"@id\":\"http:\\\/\\\/minutocerord.com\\\/?p=8616#primaryimage\"},\"image\":{\"@id\":\"http:\\\/\\\/minutocerord.com\\\/?p=8616#primaryimage\"},\"thumbnailUrl\":\"https:\\\/\\\/i0.wp.com\\\/minutocerord.com\\\/wp-content\\\/uploads\\\/2022\\\/04\\\/24042022-padre-y-testigo-de-mujer-que-mato-a-empresario-chino-4-7378cb2b-focus-0-0-895-573.jpg?fit=895%2C573&ssl=1\",\"datePublished\":\"2022-04-24T21:50:17+00:00\",\"dateModified\":\"2022-04-24T21:53:50+00:00\",\"breadcrumb\":{\"@id\":\"http:\\\/\\\/minutocerord.com\\\/?p=8616#breadcrumb\"},\"inLanguage\":\"es-DO\",\"potentialAction\":[{\"@type\":\"ReadAction\",\"target\":[\"http:\\\/\\\/minutocerord.com\\\/?p=8616\"]}]},{\"@type\":\"ImageObject\",\"inLanguage\":\"es-DO\",\"@id\":\"http:\\\/\\\/minutocerord.com\\\/?p=8616#primaryimage\",\"url\":\"https:\\\/\\\/i0.wp.com\\\/minutocerord.com\\\/wp-content\\\/uploads\\\/2022\\\/04\\\/24042022-padre-y-testigo-de-mujer-que-mato-a-empresario-chino-4-7378cb2b-focus-0-0-895-573.jpg?fit=895%2C573&ssl=1\",\"contentUrl\":\"https:\\\/\\\/i0.wp.com\\\/minutocerord.com\\\/wp-content\\\/uploads\\\/2022\\\/04\\\/24042022-padre-y-testigo-de-mujer-que-mato-a-empresario-chino-4-7378cb2b-focus-0-0-895-573.jpg?fit=895%2C573&ssl=1\",\"width\":895,\"height\":573},{\"@type\":\"BreadcrumbList\",\"@id\":\"http:\\\/\\\/minutocerord.com\\\/?p=8616#breadcrumb\",\"itemListElement\":[{\"@type\":\"ListItem\",\"position\":1,\"name\":\"Home\",\"item\":\"https:\\\/\\\/minutocerord.com\\\/\"},{\"@type\":\"ListItem\",\"position\":2,\"name\":\"Juan Fracisco Furcal Padre de mujer que mat\u00f3 chino dice su hija pudo ser la v\u00edctima \u201cQue se entregue, que no la vamos a abandonar\u201d\"}]},{\"@type\":\"WebSite\",\"@id\":\"https:\\\/\\\/minutocerord.com\\\/#website\",\"url\":\"https:\\\/\\\/minutocerord.com\\\/\",\"name\":\"Minuto Cero RD\",\"description\":\"Periodismo serio y veraz\",\"publisher\":{\"@id\":\"https:\\\/\\\/minutocerord.com\\\/#\\\/schema\\\/person\\\/60b5372d60aaa0a5171fb6488be9aee6\"},\"potentialAction\":[{\"@type\":\"SearchAction\",\"target\":{\"@type\":\"EntryPoint\",\"urlTemplate\":\"https:\\\/\\\/minutocerord.com\\\/?s={search_term_string}\"},\"query-input\":{\"@type\":\"PropertyValueSpecification\",\"valueRequired\":true,\"valueName\":\"search_term_string\"}}],\"inLanguage\":\"es-DO\"},{\"@type\":[\"Person\",\"Organization\"],\"@id\":\"https:\\\/\\\/minutocerord.com\\\/#\\\/schema\\\/person\\\/60b5372d60aaa0a5171fb6488be9aee6\",\"name\":\"Genof\u00f3ntes Urb\u00e1ez\",\"image\":{\"@type\":\"ImageObject\",\"inLanguage\":\"es-DO\",\"@id\":\"https:\\\/\\\/secure.gravatar.com\\\/avatar\\\/a49ef3186a692098ac3e8a1612261e3ad70cf9e44553dff2929e67939a0ecb9d?s=96&d=identicon&r=g\",\"url\":\"https:\\\/\\\/secure.gravatar.com\\\/avatar\\\/a49ef3186a692098ac3e8a1612261e3ad70cf9e44553dff2929e67939a0ecb9d?s=96&d=identicon&r=g\",\"contentUrl\":\"https:\\\/\\\/secure.gravatar.com\\\/avatar\\\/a49ef3186a692098ac3e8a1612261e3ad70cf9e44553dff2929e67939a0ecb9d?s=96&d=identicon&r=g\",\"caption\":\"Genof\u00f3ntes Urb\u00e1ez\"},\"logo\":{\"@id\":\"https:\\\/\\\/secure.gravatar.com\\\/avatar\\\/a49ef3186a692098ac3e8a1612261e3ad70cf9e44553dff2929e67939a0ecb9d?s=96&d=identicon&r=g\"},\"description\":\"Periodista \\\/ Locutor\",\"sameAs\":[\"https:\\\/\\\/www.facebook.com\\\/Genofnotes\",\"https:\\\/\\\/www.instagram.com\\\/genofnotes\\\/\"]}]}<\/script>\n<!-- \/ Yoast SEO plugin. -->","yoast_head_json":{"title":"Juan Fracisco Furcal Padre de mujer que mat\u00f3 chino dice su hija pudo ser la v\u00edctima \u201cQue se entregue, que no la vamos a abandonar\u201d - Minuto Cero RD","robots":{"index":"index","follow":"follow","max-snippet":"max-snippet:-1","max-image-preview":"max-image-preview:large","max-video-preview":"max-video-preview:-1"},"canonical":"http:\/\/minutocerord.com\/?p=8616","og_locale":"es_ES","og_type":"article","og_title":"Juan Fracisco Furcal Padre de mujer que mat\u00f3 chino dice su hija pudo ser la v\u00edctima \u201cQue se entregue, que no la vamos a abandonar\u201d - Minuto Cero RD","og_description":"Santo Domingo.- Juan Francisco Furcal jugaba d\u00f3mino cuando agentes de la Polic\u00eda Nacional cruzaron a su vivienda.&nbsp; Al cuestionarles el motivo de su presencia, los agentes le dieron la noticia de que buscaban a su hija, Franyeli Mar\u00eda Furcal, la empleada que habr\u00eda ultimado de una pu\u00f1alada a un joven de nacionalidad china, en un [&hellip;]","og_url":"http:\/\/minutocerord.com\/?p=8616","og_site_name":"Minuto Cero RD","article_publisher":"https:\/\/www.facebook.com\/Genofnotes","article_author":"https:\/\/www.facebook.com\/Genofnotes","article_published_time":"2022-04-24T21:50:17+00:00","article_modified_time":"2022-04-24T21:53:50+00:00","og_image":[{"width":895,"height":573,"url":"https:\/\/i0.wp.com\/minutocerord.com\/wp-content\/uploads\/2022\/04\/24042022-padre-y-testigo-de-mujer-que-mato-a-empresario-chino-4-7378cb2b-focus-0-0-895-573.jpg?fit=895%2C573","type":"image\/jpeg"}],"author":"Genof\u00f3ntes Urb\u00e1ez","twitter_card":"summary_large_image","twitter_misc":{"Written by":"Genof\u00f3ntes Urb\u00e1ez","Est. reading time":"3 minutos"},"schema":{"@context":"https:\/\/schema.org","@graph":[{"@type":"Article","@id":"http:\/\/minutocerord.com\/?p=8616#article","isPartOf":{"@id":"http:\/\/minutocerord.com\/?p=8616"},"author":{"name":"Genof\u00f3ntes Urb\u00e1ez","@id":"https:\/\/minutocerord.com\/#\/schema\/person\/60b5372d60aaa0a5171fb6488be9aee6"},"headline":"Juan Fracisco Furcal Padre de mujer que mat\u00f3 chino dice su hija pudo ser la v\u00edctima \u201cQue se entregue, que no la vamos a abandonar\u201d","datePublished":"2022-04-24T21:50:17+00:00","dateModified":"2022-04-24T21:53:50+00:00","mainEntityOfPage":{"@id":"http:\/\/minutocerord.com\/?p=8616"},"wordCount":553,"commentCount":0,"publisher":{"@id":"https:\/\/minutocerord.com\/#\/schema\/person\/60b5372d60aaa0a5171fb6488be9aee6"},"image":{"@id":"http:\/\/minutocerord.com\/?p=8616#primaryimage"},"thumbnailUrl":"https:\/\/i0.wp.com\/minutocerord.com\/wp-content\/uploads\/2022\/04\/24042022-padre-y-testigo-de-mujer-que-mato-a-empresario-chino-4-7378cb2b-focus-0-0-895-573.jpg?fit=895%2C573&ssl=1","articleSection":["Nacionales"],"inLanguage":"es-DO","potentialAction":[{"@type":"CommentAction","name":"Comment","target":["http:\/\/minutocerord.com\/?p=8616#respond"]}]},{"@type":"WebPage","@id":"http:\/\/minutocerord.com\/?p=8616","url":"http:\/\/minutocerord.com\/?p=8616","name":"Juan Fracisco Furcal Padre de mujer que mat\u00f3 chino dice su hija pudo ser la v\u00edctima \u201cQue se entregue, que no la vamos a abandonar\u201d - Minuto Cero RD","isPartOf":{"@id":"https:\/\/minutocerord.com\/#website"},"primaryImageOfPage":{"@id":"http:\/\/minutocerord.com\/?p=8616#primaryimage"},"image":{"@id":"http:\/\/minutocerord.com\/?p=8616#primaryimage"},"thumbnailUrl":"https:\/\/i0.wp.com\/minutocerord.com\/wp-content\/uploads\/2022\/04\/24042022-padre-y-testigo-de-mujer-que-mato-a-empresario-chino-4-7378cb2b-focus-0-0-895-573.jpg?fit=895%2C573&ssl=1","datePublished":"2022-04-24T21:50:17+00:00","dateModified":"2022-04-24T21:53:50+00:00","breadcrumb":{"@id":"http:\/\/minutocerord.com\/?p=8616#breadcrumb"},"inLanguage":"es-DO","potentialAction":[{"@type":"ReadAction","target":["http:\/\/minutocerord.com\/?p=8616"]}]},{"@type":"ImageObject","inLanguage":"es-DO","@id":"http:\/\/minutocerord.com\/?p=8616#primaryimage","url":"https:\/\/i0.wp.com\/minutocerord.com\/wp-content\/uploads\/2022\/04\/24042022-padre-y-testigo-de-mujer-que-mato-a-empresario-chino-4-7378cb2b-focus-0-0-895-573.jpg?fit=895%2C573&ssl=1","contentUrl":"https:\/\/i0.wp.com\/minutocerord.com\/wp-content\/uploads\/2022\/04\/24042022-padre-y-testigo-de-mujer-que-mato-a-empresario-chino-4-7378cb2b-focus-0-0-895-573.jpg?fit=895%2C573&ssl=1","width":895,"height":573},{"@type":"BreadcrumbList","@id":"http:\/\/minutocerord.com\/?p=8616#breadcrumb","itemListElement":[{"@type":"ListItem","position":1,"name":"Home","item":"https:\/\/minutocerord.com\/"},{"@type":"ListItem","position":2,"name":"Juan Fracisco Furcal Padre de mujer que mat\u00f3 chino dice su hija pudo ser la v\u00edctima \u201cQue se entregue, que no la vamos a abandonar\u201d"}]},{"@type":"WebSite","@id":"https:\/\/minutocerord.com\/#website","url":"https:\/\/minutocerord.com\/","name":"Minuto Cero RD","description":"Periodismo serio y veraz","publisher":{"@id":"https:\/\/minutocerord.com\/#\/schema\/person\/60b5372d60aaa0a5171fb6488be9aee6"},"potentialAction":[{"@type":"SearchAction","target":{"@type":"EntryPoint","urlTemplate":"https:\/\/minutocerord.com\/?s={search_term_string}"},"query-input":{"@type":"PropertyValueSpecification","valueRequired":true,"valueName":"search_term_string"}}],"inLanguage":"es-DO"},{"@type":["Person","Organization"],"@id":"https:\/\/minutocerord.com\/#\/schema\/person\/60b5372d60aaa0a5171fb6488be9aee6","name":"Genof\u00f3ntes Urb\u00e1ez","image":{"@type":"ImageObject","inLanguage":"es-DO","@id":"https:\/\/secure.gravatar.com\/avatar\/a49ef3186a692098ac3e8a1612261e3ad70cf9e44553dff2929e67939a0ecb9d?s=96&d=identicon&r=g","url":"https:\/\/secure.gravatar.com\/avatar\/a49ef3186a692098ac3e8a1612261e3ad70cf9e44553dff2929e67939a0ecb9d?s=96&d=identicon&r=g","contentUrl":"https:\/\/secure.gravatar.com\/avatar\/a49ef3186a692098ac3e8a1612261e3ad70cf9e44553dff2929e67939a0ecb9d?s=96&d=identicon&r=g","caption":"Genof\u00f3ntes Urb\u00e1ez"},"logo":{"@id":"https:\/\/secure.gravatar.com\/avatar\/a49ef3186a692098ac3e8a1612261e3ad70cf9e44553dff2929e67939a0ecb9d?s=96&d=identicon&r=g"},"description":"Periodista \/ Locutor","sameAs":["https:\/\/www.facebook.com\/Genofnotes","https:\/\/www.instagram.com\/genofnotes\/"]}]}},"jetpack_publicize_connections":[],"jetpack_featured_media_url":"https:\/\/i0.wp.com\/minutocerord.com\/wp-content\/uploads\/2022\/04\/24042022-padre-y-testigo-de-mujer-que-mato-a-empresario-chino-4-7378cb2b-focus-0-0-895-573.jpg?fit=895%2C573&ssl=1","jetpack-related-posts":[],"jetpack_sharing_enabled":true,"_links":{"self":[{"href":"https:\/\/minutocerord.com\/index.php?rest_route=\/wp\/v2\/posts\/8616","targetHints":{"allow":["GET"]}}],"collection":[{"href":"https:\/\/minutocerord.com\/index.php?rest_route=\/wp\/v2\/posts"}],"about":[{"href":"https:\/\/minutocerord.com\/index.php?rest_route=\/wp\/v2\/types\/post"}],"author":[{"embeddable":true,"href":"https:\/\/minutocerord.com\/index.php?rest_route=\/wp\/v2\/users\/1"}],"replies":[{"embeddable":true,"href":"https:\/\/minutocerord.com\/index.php?rest_route=%2Fwp%2Fv2%2Fcomments&post=8616"}],"version-history":[{"count":2,"href":"https:\/\/minutocerord.com\/index.php?rest_route=\/wp\/v2\/posts\/8616\/revisions"}],"predecessor-version":[{"id":8619,"href":"https:\/\/minutocerord.com\/index.php?rest_route=\/wp\/v2\/posts\/8616\/revisions\/8619"}],"wp:featuredmedia":[{"embeddable":true,"href":"https:\/\/minutocerord.com\/index.php?rest_route=\/wp\/v2\/media\/8617"}],"wp:attachment":[{"href":"https:\/\/minutocerord.com\/index.php?rest_route=%2Fwp%2Fv2%2Fmedia&parent=8616"}],"wp:term":[{"taxonomy":"category","embeddable":true,"href":"https:\/\/minutocerord.com\/index.php?rest_route=%2Fwp%2Fv2%2Fcategories&post=8616"},{"taxonomy":"post_tag","embeddable":true,"href":"https:\/\/minutocerord.com\/index.php?rest_route=%2Fwp%2Fv2%2Ftags&post=8616"}],"curies":[{"name":"wp","href":"https:\/\/api.w.org\/{rel}","templated":true}]}}