{"id":862,"date":"2020-11-22T11:23:28","date_gmt":"2020-11-22T15:23:28","guid":{"rendered":"https:\/\/minutocerord.com\/?p=862"},"modified":"2020-11-22T11:23:31","modified_gmt":"2020-11-22T15:23:31","slug":"opinion-juan-bolivar-diaz-la-migracion-haitiana-los-vincho-y-los-nacionalistas","status":"publish","type":"post","link":"https:\/\/minutocerord.com\/?p=862","title":{"rendered":"OPINION: Juan Bol\u00edvar Diaz, la migraci\u00f3n haitiana, los Vincho y los nacionalistas"},"content":{"rendered":"\n<p>1 \u2013 El periodista Juan Bol\u00edvar Diaz ha publicado un art\u00edculo titulado, \u201cParece necesario renovar el Plan Nacional de Regularizaci\u00f3n de Extranjeros (PNRE)\u201d.&nbsp; Ese t\u00edtulo fue cambiado tendenciosamente por varios diarios digitales por el siguiente: \u201cEmbajador Juan Bol\u00edvar D\u00edaz sugiere legalizar 500 mil inmigrantes haitianos\u201d.&nbsp;<\/p>\n\n\n\n<p>2 \u2013 Cierto, en su aludido art\u00edculo Bol\u00edvar Diaz hace esa sugerencia, pero sus intenciones con esa sugerencia est\u00e1n muy lejos de las tergiversaciones que de ese texto hace Pelegr\u00edn Castillo en su art\u00edculo titulado \u201cJuan Bol\u00edvar Diaz y los nacionalistas\u201d, cosa que hace de mala fe para pescar en el r\u00edo de la ignorancia en el que ba\u00f1an y \u201cpanquean\u201d, muchos de nuestros conciudadanos. En estas maquinaciones, las bocinas al servicio del PLD, en busca de hacerle da\u00f1o a JBD, han llegado al colmo de cambiar la figura jur\u00eddica que responde a regularizaci\u00f3n, por el concepto \u201ctraer de Hait\u00ed\u201d.&nbsp; Estos sicarios de la democracia est\u00e1n en esta cruzada de difamaciones y habladur\u00edas para vengarse de Juan Bol\u00edvar Diaz, por el papel que \u00e9l jug\u00f3 en la derrota del PLD. Desgraciadamente la gente que ha aceptado esa versi\u00f3n de las bocinas, es porque no piensan por ellos mismos, sino, que otros piensan por ellos.<\/p>\n\n\n\n<p>3 \u2013 Juan Bol\u00edvar Diaz a lo largo de su art\u00edculo nos ilustra sobre la problem\u00e1tica y condiciones actuales de la inmigraci\u00f3n haitiana en nuestro pa\u00eds en los \u00faltimos casi 100 a\u00f1os.&nbsp; En su trabajo nos dice que seg\u00fan el censo Nacional de Inmigrantes del a\u00f1o 2017 en el pa\u00eds existen 497 mil 825 haitianos de los cuales solo tienen estatus migratorio apenas 12,845 (un 2.58%.).&nbsp; A seguidas JBD, explica las imposibilidades del por qu\u00e9 no se han podido legalizar los 484 mil 980 restantes.&nbsp;&nbsp; En esta cifra se incluyen a los dominicos-haitianos que a\u00fan no han podido regularizar la condici\u00f3n de ap\u00e1tridas a que los llev\u00f3 la sentencia 168-13. Tambi\u00e9n, en este art\u00edculo de JBD queda impl\u00edcita la idea, que la regularizaci\u00f3n hay que llevarla a cabo para determinar qui\u00e9nes califican para la misma, y que el que no califique, repatriarlo. Esta propuesta entre l\u00edneas, Pelegr\u00edn Castillo no la intuye, ni&nbsp;puede auscultarla, porque no cuadra con sus malsanas intenciones. \u00c9l disecciona, con un bistur\u00ed que solo usan los impostores. \u00bfO es que a lo mejor, Pelegr\u00edn Castillo no tiene la capacidad espiritual para descubrir las sutilezas abstractas de un texto?&nbsp;<\/p>\n\n\n\n<p>4 \u2013 Entre las imposibilidades para la regularizaci\u00f3n, Juan Bol\u00edvar Diaz expone las siguientes razones: &nbsp;&nbsp;<\/p>\n\n\n\n<p>La regularizaci\u00f3n se encuentra atascada a consecuencia de los m\u00faltiples requerimientos que se impuso para el registro de una poblaci\u00f3n inmigrante de extrema pobreza y v\u00edctima de prejuicios y exclusiones.<\/p>\n\n\n\n<p>El 97 por ciento de los que han solicitado la regulaci\u00f3n nunca pudo cumplir 29 requisitos en 4 ejes fundamentales, en especial las \u201ccondiciones laborales y socio-econ\u00f3micas\u201d.<\/p>\n\n\n\n<p>La condici\u00f3n temporera y volatilidad de esos trabajadores dificulta que consigan certificaci\u00f3n de empleos, de viviendas y de arraigo.<\/p>\n\n\n\n<p>La falta de recursos para seguir asistiendo a las oficinas oficiales, donde muchos son v\u00edctima de extorsi\u00f3n. La mayor\u00eda del 3 por ciento regularizados lo lograron con apoyo econ\u00f3mico y legal de grandes empresas azucareras, como el consorcio Vicini y Central Romana. Sus abogados estimaron que el costo judicial de la regularizaci\u00f3n sal\u00eda sobre los 15 mil pesos.<\/p>\n\n\n\n<p>5 \u2013 El aludido art\u00edculo de Juan Bol\u00edvar Diaz finaliza con el p\u00e1rrafo siguiente:<\/p>\n\n\n\n<p>\u201cEl nuevo gobierno tiene dos opciones: volver a renovar la provisionalidad vencida o si se quiere iniciar un control real de la inmigraci\u00f3n, sincerar los requisitos para que los 196 mil con permisos vencidos puedan alcanzar un estatus migratorio definitivo. Pero la situaci\u00f3n se complica si se piensa en qu\u00e9 hacer con los otros 301 mil haitianos que seg\u00fan Segunda Encuesta Nacional de Inmigrantes ENI-2017, residen en el pa\u00eds, pero que no han solicitado la regularizaci\u00f3n. Lo peor puede ser mantener el desorden migratorio del que sacan enormes ventajas econ\u00f3micas sectores empresariales, pol\u00edticos y militares\u201d.&nbsp; Es decir, en buen dominicano, con todos estos requisitos a esos pobres diablos \u201cse las ponen en china\u201d.<\/p>\n\n\n\n<p><strong>La familia Vincho sale al ataque<\/strong><\/p>\n\n\n\n<p>6 \u2013 Ahora bien\u2026, analizado el contenido del art\u00edculo de Juan Bol\u00edvar Diaz, yo me pregunto, \u00bfqu\u00e9 es lo maligno que tiene ese escrito, para que sean atacados su contenido y su autor tan acremente como lo hace Pelegr\u00edn Castillo, en su art\u00edculo de r\u00e9plica con tergiversaciones titulado \u201cJuan Bol\u00edvar Diaz y los nacionalistas\u201d<\/p>\n\n\n\n<p>7 \u2013 A esa conducta belicosa de Pelegr\u00edn Castillo solo le encuentro una explicaci\u00f3n; y es que, una vez m\u00e1s se pone de manifiesto el extra\u00f1o patriotismo y la naturaleza ciza\u00f1osa de la familia Vincho.&nbsp;<\/p>\n\n\n\n<p>8 \u2013 Recordemos que los Vincho siempre han estado en el poder desde antes de la era de Trujillo militando en los partidos antipueblo y siendo parte de los gobiernos m\u00e1s funestos. Tuvieron con Trujillo y con Balaguer, con Leonel y con Danilo un tiempo. Y cuando en nuestro pa\u00eds ha surgido un gobierno apoyado por la mayor\u00eda del pueblo, como fue el caso del PRD, ellos le hicieron una oposici\u00f3n sucia y destructiva<\/p>\n\n\n\n<p>9 \u2013 No pasemos por alto, que en el gobierno de Leonel, a los Vincho, como cuota de poder se le concedi\u00f3 la Direcci\u00f3n General de Migraci\u00f3n que fue presidida por el abogado Jos\u00e9 Ricardo Taveras Blanco. Y el tronco familiar (Vincho padre), dirigi\u00f3 la Comisi\u00f3n Nacional de \u00c9tica y Combate a la Corrupci\u00f3n (CNECC) y la Comisi\u00f3n de \u00c9tica P\u00fablica (CEP) del Plan de Asistencia Social de la Presidencia de la Rep\u00fablica, adem\u00e1s, el hijo, Pelegr\u00edn Castillo, en el gobierno de Danilo fue diputado y Ministro de Energ\u00eda y Minas; y su otro hijo, Vinicio Castillo (Vinicito), fue diputado por reemplazo de su hermano, Pelegr\u00edn Castillo. &nbsp;&nbsp;Desde esas posiciones, \u00bfqu\u00e9 hicieron por el pa\u00eds?&nbsp; No atacaron la corrupci\u00f3n ni sometieron a ning\u00fan corrupto.&nbsp; El narcotr\u00e1fico sigui\u00f3 su agitado curso. La inmigraci\u00f3n ilegal no fue ni siquiera disminuida, la ley General de Inmigraci\u00f3n sigui\u00f3 engavetada, y la Barrick Gold sigui\u00f3 saqueando nuestro oro y acabando con nuestros bosques, r\u00edos y monta\u00f1as, sin que estos supuestos \u201cpaladines de la patria\u201d pronunciaran una palabra de protesta, o escribieran un p\u00e1rrafo contra estos desmanes contra la Rep\u00fablica. &nbsp;&nbsp;<\/p>\n\n\n\n<p><strong>Del desorden migratorio<\/strong><\/p>\n\n\n\n<p>10 \u2013 Ahora bien, en nuestra RD existe un desorden migratorio que como bien sugiere Juan Bol\u00edvar Diaz, hay que conjurarlo. No podemos seguir permitiendo la pol\u00edtica de \u201cfrontera abierta\u201d que inici\u00f3 Leonel y que consintieron los Vincho desde la direcci\u00f3n de migraci\u00f3n dirigida por ellos.&nbsp; No podemos seguir recibiendo en nuestro suelo, una migraci\u00f3n inculta hasta lo primitivo, que a machetazos limpios cercena y mata a nuestros conciudadanos.&nbsp; Pero tampoco podemos permitir bajo ning\u00fan argumento una inmigraci\u00f3n que desborda la capacidad del pa\u00eds, tal como est\u00e1 sucediendo desde que Leonel, puso la nefasta pr\u00e1ctica de \u201cfrontera abierta\u201d. &nbsp;(No Juan Bol\u00edvar Diaz, ni mi persona).<\/p>\n\n\n\n<p>11 \u2013 Ante esta situaci\u00f3n cabe preguntar: \u00bfEsta emigraci\u00f3n que se origina desde antes del 1929, obedece a los planes de fusi\u00f3n imperialista denunciado por los Vincho, o por la b\u00fasqueda de mano de obra barata que beneficia a los receptores de la misma?<\/p>\n\n\n\n<p>\u00bfLos guardias y civiles que de manera ilegal dejan entrar a los haitianos por la frontera y que incurren en el negocio de traer haitianas a parir a nuestros hospitales, ello se debe a un plan de fusi\u00f3n de las potencias extranjeras o a las vagabunder\u00edas de esos dominicanos?<\/p>\n\n\n\n<p>\u00bfLos miles de haitianos que fueron tra\u00eddos por Trujillo, el triunvirato, Balaguer, Don Antonio, Jorge Blanco, Leonel, Hip\u00f3lito, los empresarios tur\u00edsticos y agr\u00edcolas y de la construcci\u00f3n, ello se debe a la presi\u00f3n de las potencias extranjeras o la angurria de quienes se benefician de esta inmigraci\u00f3n?<\/p>\n\n\n\n<p>&nbsp;12 \u2013 \u00bfLos m\u00e1s de 40 mil haitianos que trajo Milton Le\u00f3nidas Ray Guevara en el gobierno de Don Antonio, se debi\u00f3 a la presi\u00f3n de los imperios fusionistas o al deseo del incremento mercurial de Milton Le\u00f3nidas?<\/p>\n\n\n\n<p>\u00bfLos miles de haitianos que existen en el Este (Punta Cana, B\u00e1varo etc.) y en Puerto Plata (para que trabajen en los hoteles), en Moca y en Constanza y en todos los campos del pa\u00eds para que siembren y cosechen, \u00bfsu existencia es producto de la presi\u00f3n de los imperios fusionista o por la decisi\u00f3n de los empresarios tur\u00edsticos y agropecuarios?&nbsp;<\/p>\n\n\n\n<p>13 \u2013 \u00bfPagarle sueldos de hambre a los guardias y civiles encargados de la vigilancia de la frontera, para que se vean en la necesidad de \u201cbusc\u00e1rselas\u201d, dejando pasara diario miles de haitianos hacia nuestro territorio, es por presi\u00f3n de los imperios fusionistas o por la perversidad de nuestros gobernantes?&nbsp;<\/p>\n\n\n\n<p>14 \u2013 Los c\u00f3nsules dominicanos en Hait\u00ed y los jerarcas militares dominicanos que se la \u201cbuscan\u201d haciendo negocios con el trasvase de haitianos hacia nuestro territorio, \u00bflo hacen presionados por los imperios fusionistas, o para simplemente buscarse unos cuartos?&nbsp;<\/p>\n\n\n\n<p>15 \u2013 \u00bfPor qu\u00e9 los Vincho cuando abordan el problema de la migraci\u00f3n haitiana nunca han tratado las m\u00faltiples causas de esa inmigraci\u00f3n, sino, que solamente se limitan a exponer la tesis de la fusi\u00f3n de la isla patrocinada por potencias extranjeras?<\/p>\n\n\n\n<p>Las respuestas a estas interrogantes, las dejo como tarea a mis amables lectores.&nbsp; Tambi\u00e9n se las dejo a los irreverentes que con sus opiniones al pie de mis art\u00edculos me insultan con improperios y estupideces.&nbsp; &nbsp;<\/p>\n\n\n\n<p><strong>Los Vincho del pasado de nuevo en el presente<\/strong><\/p>\n\n\n\n<p>16 \u2013 Como se recordar\u00e1, Vincho (el padre), fue un feroz persecutor de Jorge Blanco.&nbsp; A\u00f1os despu\u00e9s ha salido a relucir que esa persecuci\u00f3n fue por motivos pol\u00edticos y por venganza personal, porque en realidad los actos de peculado que \u00e9l le atribu\u00eda a su antiguo amigo Jorge Blanco, fueron calumnias viles.&nbsp; En contraste, no es calumnia que Leonel y su corte han constituido una asociaci\u00f3n de malhechores que han defraudado el estado dominicano con miles de millones de d\u00f3lares; sin embargo, para Vincho, Leonel es un pr\u00f3cer, mientras cataloga a Jorge Blanco con la vulgar infamia de ladr\u00f3n.&nbsp; Analizados estos hechos y otros, se evidencia la falsedad del patriotismo y la hip\u00f3crita lucha de los Vincho a favor de la patria. Los Vincho no saben de concertaciones, sino de sembrar discordia. Ellos con su narcisismo inconmensurable y su megaloman\u00eda, ignoran todo el da\u00f1o que le han hecho a su patria.<\/p>\n\n\n\n<p>17 \u2013 Al momento de escribir esta entrega, el art\u00edculo de Vincho publicado en&nbsp;<a href=\"https:\/\/almomento.net\/\" target=\"_blank\" rel=\"noreferrer noopener\">almomento.net<\/a>, tiene m\u00e1s de 100 comentarios y el de Juan Bol\u00edvar Diaz m\u00e1s de 380. Da pena leer esos comentarios sobre el trabajo y la persona del periodista Diaz. \u00a1Dios m\u00edo!&nbsp; \u00a1Cu\u00e1nta ignorancia, revelan esos comentaristas! Para ellos solo me resta decir: \u00a1Perd\u00f3nalos Se\u00f1or, que no saben lo que dicen!&nbsp; Puesto que no leen, y si leen, no tienen la capacidad para interpretar correctamente lo que han le\u00eddo.&nbsp; Sin embargo, para Pelegr\u00edn Castillo no puedo decir lo mismo, porque ese si sabe leer, y sabe lo que dice. En \u00e9l no hay ignorancia, sino maldad en su coraz\u00f3n. \u00c9l es de los que se\u00f1ala la Biblia. \u201cNo duermen sin no han hecho el mal\u201d.&nbsp; Pienso, que por lo narcisista de este se\u00f1or, le sentar\u00edan muy bien los motes como: Pelegr\u00edn peligro, Pelegr\u00edn Chucky, Pelegr\u00edn Trujillo, Pelegr\u00edn Narciso, etc. &nbsp;&nbsp;&nbsp;<\/p>\n\n\n\n<p><strong>A modo de conclusi\u00f3n<\/strong><\/p>\n\n\n\n<p>18 \u2013 En Wikipedia, de Jos\u00e9 Luis Sampedro S\u00e1ez se puede leer lo siguiente: Naci\u00f3 el 1 de febrero de 1917 en Barcelona (Espa\u00f1a) y falleci\u00f3 el 8 de abril de 2013 a la edad de 96 a\u00f1os. Fue un brillante escritor de avanzada y un economista que abog\u00f3 por una econom\u00eda m\u00e1s humana, m\u00e1s solidaria, capaz de contribuir a desarrollar la dignidad de los pueblos.&nbsp; En 2010 el Consejo de Ministros le otorg\u00f3 a este humanista la \u201cOrden de las Artes y las Letras de Espa\u00f1a\u201d por su sobresaliente trayectoria literaria y por su pensamiento comprometido con los problemas de su tiempo. En 2011 se le concedi\u00f3 el Premio Nacional de las Letras Espa\u00f1olas.<\/p>\n\n\n\n<p>19 \u2013 Sobre la ignorancia de la gente para opinar sobre lo que no sabe, este hombre de ciencia y de bien plante\u00f3 lo siguiente:<\/p>\n\n\n\n<p>En Espa\u00f1a no hay democracia, pero fuera tampoco.\u00a0 \u00bfD\u00f3nde est\u00e1 la democracia?\u00a0 La opini\u00f3n p\u00fablica, no es la opini\u00f3n p\u00fablica, no es el resultado del pensamiento reflexivo de la gente. Eso pasa por dos razones.\u00a0 Primero, porque por lo general no estamos educados para pensar, ni para hacer pensamiento propio y pensamiento cr\u00edtico.\u00a0 La otra raz\u00f3n por la cual no hay democracia, es porque el poder existente, hoy es el poder econ\u00f3mico, el cual domina los medios de informaci\u00f3n e inculca a la gente ideas por los medios de informaci\u00f3n.\u00a0 La gente hoy juzga por lo que ve y oye en TV, o por lo que lee en los peri\u00f3dicos.\u00a0 Pero por sobre todo por lo que ve y oye en TV; y vota seg\u00fan lo que ve en TV y lo que le dicen en TV, y no piensa para nada en lo que le ocultan.<\/p>\n\n\n\n<p><strong>Por\u00a0<\/strong><a href=\"https:\/\/almomento.net\/author\/miguelespaillat\/\"><strong>MIGUEL ESPAILLAT<\/strong><\/a><\/p>\n\n\n\n<figure class=\"wp-block-embed-youtube wp-block-embed is-type-video is-provider-youtube wp-embed-aspect-4-3 wp-has-aspect-ratio\"><div class=\"wp-block-embed__wrapper\">\n<div class=\"youtube-embed\" data-video_id=\"rpLDkdc0NkY\"><iframe loading=\"lazy\" title=\"Luis Sampedro sobre la democracia\" width=\"640\" height=\"480\" src=\"https:\/\/www.youtube.com\/embed\/rpLDkdc0NkY?feature=oembed&#038;enablejsapi=1&#038;enablejsapi=1\" frameborder=\"0\" allow=\"accelerometer; autoplay; clipboard-write; encrypted-media; gyroscope; picture-in-picture; web-share\" referrerpolicy=\"strict-origin-when-cross-origin\" allowfullscreen><\/iframe><\/div>\n<\/div><\/figure>\n\n\n\n<p>20 \u2013 Si analizamos la catilinaria de Pelegr\u00edn Castillo, y las opiniones que los foristas han expresado al pie del art\u00edculo que nos ocupa de Juan Bol\u00edvar Diaz, al ver tantas distorsiones, tantas vulgaridades, y tanto desconocimiento de la historia&nbsp; de nuestro pa\u00eds, pero tambi\u00e9n, tanta falta de honradez y criterios jur\u00eddicos cient\u00edficos en el art\u00edculo de Pelegr\u00edn Castillo, aqu\u00ed es donde toman sentido y categor\u00eda los planteamientos de Jos\u00e9 Luis Sampedro, los de Malcolm X, Sim\u00f3n Bol\u00edvar, Joseph Pulitzer, Noam Chomsky y muchos pensadores m\u00e1s, cuando nos advierten de las manipulaciones de ciertos \u201cintelectuales\u201d&nbsp; en los medios de comunicaci\u00f3n, para enga\u00f1ar a la gente con baja escolaridad y sin pensamiento propio.&nbsp; Los Vincho, como siempre, haci\u00e9ndose pasar por patriotas.&nbsp; Lo triste del caso es,que muchos ingenuos as\u00ed lo creen.<\/p>\n\n\n\n<p>El que tenga o\u00eddos, que oiga\u2026<\/p>\n\n\n\n<p>Posdata<\/p>\n\n\n\n<p>La pr\u00f3xima semana tratar\u00e9 sobre la sentencia 168-13<\/p>\n","protected":false},"excerpt":{"rendered":"<p>1 \u2013 El periodista Juan Bol\u00edvar Diaz ha publicado un art\u00edculo titulado, \u201cParece necesario renovar el Plan Nacional de Regularizaci\u00f3n de Extranjeros (PNRE)\u201d.&nbsp; Ese t\u00edtulo fue cambiado tendenciosamente por varios diarios digitales por el siguiente: \u201cEmbajador Juan Bol\u00edvar D\u00edaz sugiere legalizar 500 mil inmigrantes haitianos\u201d.&nbsp; 2 \u2013 Cierto, en su aludido art\u00edculo Bol\u00edvar Diaz hace [&hellip;]<\/p>\n","protected":false},"author":1,"featured_media":863,"comment_status":"open","ping_status":"open","sticky":false,"template":"","format":"standard","meta":{"nf_dc_page":"","jetpack_post_was_ever_published":false,"_jetpack_newsletter_access":"","_jetpack_dont_email_post_to_subs":false,"_jetpack_newsletter_tier_id":0,"_jetpack_memberships_contains_paywalled_content":false,"_jetpack_memberships_contains_paid_content":false,"footnotes":"","jetpack_publicize_message":"","jetpack_publicize_feature_enabled":true,"jetpack_social_post_already_shared":false,"jetpack_social_options":{"image_generator_settings":{"template":"highway","default_image_id":0,"font":"","enabled":false},"version":2}},"categories":[69],"tags":[],"class_list":["post-862","post","type-post","status-publish","format-standard","has-post-thumbnail","hentry","category-opinion"],"yoast_head":"<!-- This site is optimized with the Yoast SEO plugin v27.5 - https:\/\/yoast.com\/product\/yoast-seo-wordpress\/ -->\n<title>OPINION: Juan Bol\u00edvar Diaz, la migraci\u00f3n haitiana, los Vincho y los nacionalistas - Minuto Cero RD<\/title>\n<meta name=\"robots\" content=\"index, follow, max-snippet:-1, max-image-preview:large, max-video-preview:-1\" \/>\n<link rel=\"canonical\" href=\"http:\/\/minutocerord.com\/?p=862\" \/>\n<meta property=\"og:locale\" content=\"es_ES\" \/>\n<meta property=\"og:type\" content=\"article\" \/>\n<meta property=\"og:title\" content=\"OPINION: Juan Bol\u00edvar Diaz, la migraci\u00f3n haitiana, los Vincho y los nacionalistas - Minuto Cero RD\" \/>\n<meta property=\"og:description\" content=\"1 \u2013 El periodista Juan Bol\u00edvar Diaz ha publicado un art\u00edculo titulado, \u201cParece necesario renovar el Plan Nacional de Regularizaci\u00f3n de Extranjeros (PNRE)\u201d.&nbsp; Ese t\u00edtulo fue cambiado tendenciosamente por varios diarios digitales por el siguiente: \u201cEmbajador Juan Bol\u00edvar D\u00edaz sugiere legalizar 500 mil inmigrantes haitianos\u201d.&nbsp; 2 \u2013 Cierto, en su aludido art\u00edculo Bol\u00edvar Diaz hace [&hellip;]\" \/>\n<meta property=\"og:url\" content=\"http:\/\/minutocerord.com\/?p=862\" \/>\n<meta property=\"og:site_name\" content=\"Minuto Cero RD\" \/>\n<meta property=\"article:publisher\" content=\"https:\/\/www.facebook.com\/Genofnotes\" \/>\n<meta property=\"article:author\" content=\"https:\/\/www.facebook.com\/Genofnotes\" \/>\n<meta property=\"article:published_time\" content=\"2020-11-22T15:23:28+00:00\" \/>\n<meta property=\"article:modified_time\" content=\"2020-11-22T15:23:31+00:00\" \/>\n<meta property=\"og:image\" content=\"https:\/\/i0.wp.com\/minutocerord.com\/wp-content\/uploads\/2020\/11\/Miguel-Espaillat.jpg?fit=466%2C289\" \/>\n\t<meta property=\"og:image:width\" content=\"466\" \/>\n\t<meta property=\"og:image:height\" content=\"289\" \/>\n\t<meta property=\"og:image:type\" content=\"image\/jpeg\" \/>\n<meta name=\"author\" content=\"Genof\u00f3ntes Urb\u00e1ez\" \/>\n<meta name=\"twitter:card\" content=\"summary_large_image\" \/>\n<meta name=\"twitter:label1\" content=\"Written by\" \/>\n\t<meta name=\"twitter:data1\" content=\"Genof\u00f3ntes Urb\u00e1ez\" \/>\n\t<meta name=\"twitter:label2\" content=\"Est. reading time\" \/>\n\t<meta name=\"twitter:data2\" content=\"12 minutos\" \/>\n<script type=\"application\/ld+json\" class=\"yoast-schema-graph\">{\"@context\":\"https:\\\/\\\/schema.org\",\"@graph\":[{\"@type\":\"Article\",\"@id\":\"http:\\\/\\\/minutocerord.com\\\/?p=862#article\",\"isPartOf\":{\"@id\":\"http:\\\/\\\/minutocerord.com\\\/?p=862\"},\"author\":{\"name\":\"Genof\u00f3ntes Urb\u00e1ez\",\"@id\":\"https:\\\/\\\/minutocerord.com\\\/#\\\/schema\\\/person\\\/60b5372d60aaa0a5171fb6488be9aee6\"},\"headline\":\"OPINION: Juan Bol\u00edvar Diaz, la migraci\u00f3n haitiana, los Vincho y los nacionalistas\",\"datePublished\":\"2020-11-22T15:23:28+00:00\",\"dateModified\":\"2020-11-22T15:23:31+00:00\",\"mainEntityOfPage\":{\"@id\":\"http:\\\/\\\/minutocerord.com\\\/?p=862\"},\"wordCount\":2500,\"commentCount\":0,\"publisher\":{\"@id\":\"https:\\\/\\\/minutocerord.com\\\/#\\\/schema\\\/person\\\/60b5372d60aaa0a5171fb6488be9aee6\"},\"image\":{\"@id\":\"http:\\\/\\\/minutocerord.com\\\/?p=862#primaryimage\"},\"thumbnailUrl\":\"https:\\\/\\\/i0.wp.com\\\/minutocerord.com\\\/wp-content\\\/uploads\\\/2020\\\/11\\\/Miguel-Espaillat.jpg?fit=466%2C289&ssl=1\",\"articleSection\":[\"Opini\u00f3n\"],\"inLanguage\":\"es-DO\",\"potentialAction\":[{\"@type\":\"CommentAction\",\"name\":\"Comment\",\"target\":[\"http:\\\/\\\/minutocerord.com\\\/?p=862#respond\"]}]},{\"@type\":\"WebPage\",\"@id\":\"http:\\\/\\\/minutocerord.com\\\/?p=862\",\"url\":\"http:\\\/\\\/minutocerord.com\\\/?p=862\",\"name\":\"OPINION: Juan Bol\u00edvar Diaz, la migraci\u00f3n haitiana, los Vincho y los nacionalistas - Minuto Cero RD\",\"isPartOf\":{\"@id\":\"https:\\\/\\\/minutocerord.com\\\/#website\"},\"primaryImageOfPage\":{\"@id\":\"http:\\\/\\\/minutocerord.com\\\/?p=862#primaryimage\"},\"image\":{\"@id\":\"http:\\\/\\\/minutocerord.com\\\/?p=862#primaryimage\"},\"thumbnailUrl\":\"https:\\\/\\\/i0.wp.com\\\/minutocerord.com\\\/wp-content\\\/uploads\\\/2020\\\/11\\\/Miguel-Espaillat.jpg?fit=466%2C289&ssl=1\",\"datePublished\":\"2020-11-22T15:23:28+00:00\",\"dateModified\":\"2020-11-22T15:23:31+00:00\",\"breadcrumb\":{\"@id\":\"http:\\\/\\\/minutocerord.com\\\/?p=862#breadcrumb\"},\"inLanguage\":\"es-DO\",\"potentialAction\":[{\"@type\":\"ReadAction\",\"target\":[\"http:\\\/\\\/minutocerord.com\\\/?p=862\"]}]},{\"@type\":\"ImageObject\",\"inLanguage\":\"es-DO\",\"@id\":\"http:\\\/\\\/minutocerord.com\\\/?p=862#primaryimage\",\"url\":\"https:\\\/\\\/i0.wp.com\\\/minutocerord.com\\\/wp-content\\\/uploads\\\/2020\\\/11\\\/Miguel-Espaillat.jpg?fit=466%2C289&ssl=1\",\"contentUrl\":\"https:\\\/\\\/i0.wp.com\\\/minutocerord.com\\\/wp-content\\\/uploads\\\/2020\\\/11\\\/Miguel-Espaillat.jpg?fit=466%2C289&ssl=1\",\"width\":466,\"height\":289},{\"@type\":\"BreadcrumbList\",\"@id\":\"http:\\\/\\\/minutocerord.com\\\/?p=862#breadcrumb\",\"itemListElement\":[{\"@type\":\"ListItem\",\"position\":1,\"name\":\"Home\",\"item\":\"https:\\\/\\\/minutocerord.com\\\/\"},{\"@type\":\"ListItem\",\"position\":2,\"name\":\"OPINION: Juan Bol\u00edvar Diaz, la migraci\u00f3n haitiana, los Vincho y los nacionalistas\"}]},{\"@type\":\"WebSite\",\"@id\":\"https:\\\/\\\/minutocerord.com\\\/#website\",\"url\":\"https:\\\/\\\/minutocerord.com\\\/\",\"name\":\"Minuto Cero RD\",\"description\":\"Periodismo serio y veraz\",\"publisher\":{\"@id\":\"https:\\\/\\\/minutocerord.com\\\/#\\\/schema\\\/person\\\/60b5372d60aaa0a5171fb6488be9aee6\"},\"potentialAction\":[{\"@type\":\"SearchAction\",\"target\":{\"@type\":\"EntryPoint\",\"urlTemplate\":\"https:\\\/\\\/minutocerord.com\\\/?s={search_term_string}\"},\"query-input\":{\"@type\":\"PropertyValueSpecification\",\"valueRequired\":true,\"valueName\":\"search_term_string\"}}],\"inLanguage\":\"es-DO\"},{\"@type\":[\"Person\",\"Organization\"],\"@id\":\"https:\\\/\\\/minutocerord.com\\\/#\\\/schema\\\/person\\\/60b5372d60aaa0a5171fb6488be9aee6\",\"name\":\"Genof\u00f3ntes Urb\u00e1ez\",\"image\":{\"@type\":\"ImageObject\",\"inLanguage\":\"es-DO\",\"@id\":\"https:\\\/\\\/secure.gravatar.com\\\/avatar\\\/a49ef3186a692098ac3e8a1612261e3ad70cf9e44553dff2929e67939a0ecb9d?s=96&d=identicon&r=g\",\"url\":\"https:\\\/\\\/secure.gravatar.com\\\/avatar\\\/a49ef3186a692098ac3e8a1612261e3ad70cf9e44553dff2929e67939a0ecb9d?s=96&d=identicon&r=g\",\"contentUrl\":\"https:\\\/\\\/secure.gravatar.com\\\/avatar\\\/a49ef3186a692098ac3e8a1612261e3ad70cf9e44553dff2929e67939a0ecb9d?s=96&d=identicon&r=g\",\"caption\":\"Genof\u00f3ntes Urb\u00e1ez\"},\"logo\":{\"@id\":\"https:\\\/\\\/secure.gravatar.com\\\/avatar\\\/a49ef3186a692098ac3e8a1612261e3ad70cf9e44553dff2929e67939a0ecb9d?s=96&d=identicon&r=g\"},\"description\":\"Periodista \\\/ Locutor\",\"sameAs\":[\"https:\\\/\\\/www.facebook.com\\\/Genofnotes\",\"https:\\\/\\\/www.instagram.com\\\/genofnotes\\\/\"]}]}<\/script>\n<!-- \/ Yoast SEO plugin. -->","yoast_head_json":{"title":"OPINION: Juan Bol\u00edvar Diaz, la migraci\u00f3n haitiana, los Vincho y los nacionalistas - Minuto Cero RD","robots":{"index":"index","follow":"follow","max-snippet":"max-snippet:-1","max-image-preview":"max-image-preview:large","max-video-preview":"max-video-preview:-1"},"canonical":"http:\/\/minutocerord.com\/?p=862","og_locale":"es_ES","og_type":"article","og_title":"OPINION: Juan Bol\u00edvar Diaz, la migraci\u00f3n haitiana, los Vincho y los nacionalistas - Minuto Cero RD","og_description":"1 \u2013 El periodista Juan Bol\u00edvar Diaz ha publicado un art\u00edculo titulado, \u201cParece necesario renovar el Plan Nacional de Regularizaci\u00f3n de Extranjeros (PNRE)\u201d.&nbsp; Ese t\u00edtulo fue cambiado tendenciosamente por varios diarios digitales por el siguiente: \u201cEmbajador Juan Bol\u00edvar D\u00edaz sugiere legalizar 500 mil inmigrantes haitianos\u201d.&nbsp; 2 \u2013 Cierto, en su aludido art\u00edculo Bol\u00edvar Diaz hace [&hellip;]","og_url":"http:\/\/minutocerord.com\/?p=862","og_site_name":"Minuto Cero RD","article_publisher":"https:\/\/www.facebook.com\/Genofnotes","article_author":"https:\/\/www.facebook.com\/Genofnotes","article_published_time":"2020-11-22T15:23:28+00:00","article_modified_time":"2020-11-22T15:23:31+00:00","og_image":[{"width":466,"height":289,"url":"https:\/\/i0.wp.com\/minutocerord.com\/wp-content\/uploads\/2020\/11\/Miguel-Espaillat.jpg?fit=466%2C289","type":"image\/jpeg"}],"author":"Genof\u00f3ntes Urb\u00e1ez","twitter_card":"summary_large_image","twitter_misc":{"Written by":"Genof\u00f3ntes Urb\u00e1ez","Est. reading time":"12 minutos"},"schema":{"@context":"https:\/\/schema.org","@graph":[{"@type":"Article","@id":"http:\/\/minutocerord.com\/?p=862#article","isPartOf":{"@id":"http:\/\/minutocerord.com\/?p=862"},"author":{"name":"Genof\u00f3ntes Urb\u00e1ez","@id":"https:\/\/minutocerord.com\/#\/schema\/person\/60b5372d60aaa0a5171fb6488be9aee6"},"headline":"OPINION: Juan Bol\u00edvar Diaz, la migraci\u00f3n haitiana, los Vincho y los nacionalistas","datePublished":"2020-11-22T15:23:28+00:00","dateModified":"2020-11-22T15:23:31+00:00","mainEntityOfPage":{"@id":"http:\/\/minutocerord.com\/?p=862"},"wordCount":2500,"commentCount":0,"publisher":{"@id":"https:\/\/minutocerord.com\/#\/schema\/person\/60b5372d60aaa0a5171fb6488be9aee6"},"image":{"@id":"http:\/\/minutocerord.com\/?p=862#primaryimage"},"thumbnailUrl":"https:\/\/i0.wp.com\/minutocerord.com\/wp-content\/uploads\/2020\/11\/Miguel-Espaillat.jpg?fit=466%2C289&ssl=1","articleSection":["Opini\u00f3n"],"inLanguage":"es-DO","potentialAction":[{"@type":"CommentAction","name":"Comment","target":["http:\/\/minutocerord.com\/?p=862#respond"]}]},{"@type":"WebPage","@id":"http:\/\/minutocerord.com\/?p=862","url":"http:\/\/minutocerord.com\/?p=862","name":"OPINION: Juan Bol\u00edvar Diaz, la migraci\u00f3n haitiana, los Vincho y los nacionalistas - Minuto Cero RD","isPartOf":{"@id":"https:\/\/minutocerord.com\/#website"},"primaryImageOfPage":{"@id":"http:\/\/minutocerord.com\/?p=862#primaryimage"},"image":{"@id":"http:\/\/minutocerord.com\/?p=862#primaryimage"},"thumbnailUrl":"https:\/\/i0.wp.com\/minutocerord.com\/wp-content\/uploads\/2020\/11\/Miguel-Espaillat.jpg?fit=466%2C289&ssl=1","datePublished":"2020-11-22T15:23:28+00:00","dateModified":"2020-11-22T15:23:31+00:00","breadcrumb":{"@id":"http:\/\/minutocerord.com\/?p=862#breadcrumb"},"inLanguage":"es-DO","potentialAction":[{"@type":"ReadAction","target":["http:\/\/minutocerord.com\/?p=862"]}]},{"@type":"ImageObject","inLanguage":"es-DO","@id":"http:\/\/minutocerord.com\/?p=862#primaryimage","url":"https:\/\/i0.wp.com\/minutocerord.com\/wp-content\/uploads\/2020\/11\/Miguel-Espaillat.jpg?fit=466%2C289&ssl=1","contentUrl":"https:\/\/i0.wp.com\/minutocerord.com\/wp-content\/uploads\/2020\/11\/Miguel-Espaillat.jpg?fit=466%2C289&ssl=1","width":466,"height":289},{"@type":"BreadcrumbList","@id":"http:\/\/minutocerord.com\/?p=862#breadcrumb","itemListElement":[{"@type":"ListItem","position":1,"name":"Home","item":"https:\/\/minutocerord.com\/"},{"@type":"ListItem","position":2,"name":"OPINION: Juan Bol\u00edvar Diaz, la migraci\u00f3n haitiana, los Vincho y los nacionalistas"}]},{"@type":"WebSite","@id":"https:\/\/minutocerord.com\/#website","url":"https:\/\/minutocerord.com\/","name":"Minuto Cero RD","description":"Periodismo serio y veraz","publisher":{"@id":"https:\/\/minutocerord.com\/#\/schema\/person\/60b5372d60aaa0a5171fb6488be9aee6"},"potentialAction":[{"@type":"SearchAction","target":{"@type":"EntryPoint","urlTemplate":"https:\/\/minutocerord.com\/?s={search_term_string}"},"query-input":{"@type":"PropertyValueSpecification","valueRequired":true,"valueName":"search_term_string"}}],"inLanguage":"es-DO"},{"@type":["Person","Organization"],"@id":"https:\/\/minutocerord.com\/#\/schema\/person\/60b5372d60aaa0a5171fb6488be9aee6","name":"Genof\u00f3ntes Urb\u00e1ez","image":{"@type":"ImageObject","inLanguage":"es-DO","@id":"https:\/\/secure.gravatar.com\/avatar\/a49ef3186a692098ac3e8a1612261e3ad70cf9e44553dff2929e67939a0ecb9d?s=96&d=identicon&r=g","url":"https:\/\/secure.gravatar.com\/avatar\/a49ef3186a692098ac3e8a1612261e3ad70cf9e44553dff2929e67939a0ecb9d?s=96&d=identicon&r=g","contentUrl":"https:\/\/secure.gravatar.com\/avatar\/a49ef3186a692098ac3e8a1612261e3ad70cf9e44553dff2929e67939a0ecb9d?s=96&d=identicon&r=g","caption":"Genof\u00f3ntes Urb\u00e1ez"},"logo":{"@id":"https:\/\/secure.gravatar.com\/avatar\/a49ef3186a692098ac3e8a1612261e3ad70cf9e44553dff2929e67939a0ecb9d?s=96&d=identicon&r=g"},"description":"Periodista \/ Locutor","sameAs":["https:\/\/www.facebook.com\/Genofnotes","https:\/\/www.instagram.com\/genofnotes\/"]}]}},"jetpack_publicize_connections":[],"jetpack_featured_media_url":"https:\/\/i0.wp.com\/minutocerord.com\/wp-content\/uploads\/2020\/11\/Miguel-Espaillat.jpg?fit=466%2C289&ssl=1","jetpack-related-posts":[],"jetpack_sharing_enabled":true,"_links":{"self":[{"href":"https:\/\/minutocerord.com\/index.php?rest_route=\/wp\/v2\/posts\/862","targetHints":{"allow":["GET"]}}],"collection":[{"href":"https:\/\/minutocerord.com\/index.php?rest_route=\/wp\/v2\/posts"}],"about":[{"href":"https:\/\/minutocerord.com\/index.php?rest_route=\/wp\/v2\/types\/post"}],"author":[{"embeddable":true,"href":"https:\/\/minutocerord.com\/index.php?rest_route=\/wp\/v2\/users\/1"}],"replies":[{"embeddable":true,"href":"https:\/\/minutocerord.com\/index.php?rest_route=%2Fwp%2Fv2%2Fcomments&post=862"}],"version-history":[{"count":1,"href":"https:\/\/minutocerord.com\/index.php?rest_route=\/wp\/v2\/posts\/862\/revisions"}],"predecessor-version":[{"id":864,"href":"https:\/\/minutocerord.com\/index.php?rest_route=\/wp\/v2\/posts\/862\/revisions\/864"}],"wp:featuredmedia":[{"embeddable":true,"href":"https:\/\/minutocerord.com\/index.php?rest_route=\/wp\/v2\/media\/863"}],"wp:attachment":[{"href":"https:\/\/minutocerord.com\/index.php?rest_route=%2Fwp%2Fv2%2Fmedia&parent=862"}],"wp:term":[{"taxonomy":"category","embeddable":true,"href":"https:\/\/minutocerord.com\/index.php?rest_route=%2Fwp%2Fv2%2Fcategories&post=862"},{"taxonomy":"post_tag","embeddable":true,"href":"https:\/\/minutocerord.com\/index.php?rest_route=%2Fwp%2Fv2%2Ftags&post=862"}],"curies":[{"name":"wp","href":"https:\/\/api.w.org\/{rel}","templated":true}]}}