{"id":8620,"date":"2022-04-26T18:14:52","date_gmt":"2022-04-26T22:14:52","guid":{"rendered":"https:\/\/minutocerord.com\/?p=8620"},"modified":"2022-04-27T21:42:44","modified_gmt":"2022-04-28T01:42:44","slug":"vicente-noble-fundacion-benjamin-vargas-realizo-el-pasado-sabado-acto-artistico-cultural-los-nobles-primero","status":"publish","type":"post","link":"https:\/\/minutocerord.com\/?p=8620","title":{"rendered":"VICENTE NOBLE: Fundaci\u00f3n Benjam\u00edn Vargas realiz\u00f3 el pasado s\u00e1bado acto Art\u00edstico Cultural \u00abLos Nobles Primero\u00bb"},"content":{"rendered":"\n<p><strong>Vicente Noble.- <\/strong>El pasado s\u00e1bado 23 de abril, La Fundaci\u00f3n Benjam\u00edn Vargas, en coordinaci\u00f3n con La Academia de M\u00fasica Alfredo Soler realizaron el acto art\u00edstico cultural &#8220;Los Nobles Primero&#8221;.<\/p>\n\n\n\n<div class=\"wp-block-image\"><figure class=\"aligncenter is-resized\"><img data-recalc-dims=\"1\" decoding=\"async\" loading=\"lazy\" src=\"https:\/\/i0.wp.com\/minutocerord.com\/wp-content\/uploads\/2022\/04\/WhatsApp-Image-2022-04-26-at-11.00.17-AM.jpeg?resize=269%2C310\" alt=\"La imagen tiene un atributo ALT vac\u00edo; su nombre de archivo es WhatsApp-Image-2022-04-26-at-11.00.17-AM.jpeg\" width=\"269\" height=\"310\"\/><\/figure><\/div>\n\n\n\n<p>El acto fue encabezado por el presidente de la fundaci\u00f3n,el se\u00f1or Benjam\u00edn Vargas, con la interpretaci\u00f3n del Himno Nacional a cargo de la banda de m\u00fasica de la academia Alfredo Soler.<\/p>\n\n\n\n<p>La Mesa de Honor estuvo integrada por el Sr.&nbsp;Benjam\u00edn Vargas (Pte. De la Fundaci\u00f3n BV), La Alcaldesa Lic. Marilis Novas Labourt, el Sr. Ito Reyes Reyes (Pte. De la Escuela de M\u00fasica Alfredo Soler), el Sr. Mil\u00e1n Sierra (M\u00fasico), el Sr. Andr\u00e9s Jim\u00e9nez (M\u00fasico), El Comandante  Leonor L\u00f3pez L\u00f3pez (Intendente del cuerpo de Bomberos de VN).<br>&nbsp;Invitados especiales y algunas personalidades del municipio que se dieron cita a esta actividad.<\/p>\n\n\n\n<p>La Fundaci\u00f3n Benjam\u00edn Vargas hizo entrega de un majestuoso piano de cola a la academia de m\u00fasica. Adem\u00e1s anunci\u00f3 la entrega de equipos al Cuerpo de Bomberos y \u00fatiles deportivos en los pr\u00f3ximos d\u00edas. <\/p>\n\n\n\n<p>La maestr\u00eda de ceremonia  del evento estuvo a cargo del Lic. Hermes G\u00f3mez (locutor y comentarista de Barahona) y la Lic. Rafaela Gonz\u00e1lez, Coordinadora de la actividad y Secretaria de la Fundaci\u00f3n.<\/p>\n\n\n\n<p>La actividades art\u00edsticas estuvieron a cargo de La Banda de M\u00fasica Alfredo Soler, el bachatero El Diablo Pep\u00eds y el Batumbale de Vicente Noble.<\/p>\n\n\n\n<p>Adem\u00e1s se hicieron homenajes  p\u00f3stumo y entregas de pergaminos al reci\u00e9n fallecido alcalde, Domingo De Los Santos (Savin), fue recibido por la alcaldesa Marilis Novas Labourt y su sobrina Venus Orqu\u00eddea Figuereo. Tambi\u00e9n fueron homenajeados varios m\u00fasicos destacados del municipio, los pergaminos fueron recibidos por familiares.<\/p>\n\n\n\n<p><strong>Homenajes P\u00f3stumo a m\u00fasicos<\/strong><br>1.\u00a0\u00a0\u00a0\u00a0 Aurelio Reyes Cuevas (Moralito) Recibe: Sobrino- Yani Matos (Lo \u00d1olo).<br>2.\u00a0\u00a0\u00a0\u00a0 Janders Terrero (Negro Favio). Recibe: Su hermana- Candita Feliz.<br>3.\u00a0\u00a0\u00a0\u00a0 Lauro Guillermo Matos (Lao). Recibe: Hijo To\u00f1o Lao.<br>4.\u00a0\u00a0\u00a0\u00a0 Alberto Jim\u00e9nez (Betico). Recibe Nieto- Edwar.<br>5.\u00a0\u00a0\u00a0\u00a0 Anibal Espinosa Cuevas (Manolo Durun). Reciben- sus hermanas- Anahelia y Quilita.<br>6.\u00a0\u00a0\u00a0\u00a0 Leoncio Gonz\u00e1lez Pineda (Asdrugal). Recibe &#8211; su esposa &#8211; Inocencia.<\/p>\n\n\n\n<p>La actividad cont\u00f3 con una gran asistencia.<\/p>\n\n\n\n<p>Al finalizar el acto el presidente de la fundaci\u00f3n , el se\u00f1or Benjam\u00edn Vargas, agradeci\u00f3 por el apoyo recibido y exhort\u00f3 a seguir luchando por un Vicente Noble mejor \u00a8Los Nobles Primero\u00a8.<\/p>\n\n\n\n<div class=\"wp-block-image\"><figure class=\"aligncenter size-large is-resized\"><img data-recalc-dims=\"1\" decoding=\"async\" loading=\"lazy\" src=\"https:\/\/i0.wp.com\/minutocerord.com\/wp-content\/uploads\/2022\/04\/WhatsApp-Image-2022-04-26-at-10.59.50-AM-2.jpeg?resize=523%2C338\" alt=\"\" class=\"wp-image-8637\" width=\"523\" height=\"338\" srcset=\"https:\/\/i0.wp.com\/minutocerord.com\/wp-content\/uploads\/2022\/04\/WhatsApp-Image-2022-04-26-at-10.59.50-AM-2.jpeg?resize=300%2C194&amp;ssl=1 300w, https:\/\/i0.wp.com\/minutocerord.com\/wp-content\/uploads\/2022\/04\/WhatsApp-Image-2022-04-26-at-10.59.50-AM-2.jpeg?resize=341%2C220&amp;ssl=1 341w, https:\/\/i0.wp.com\/minutocerord.com\/wp-content\/uploads\/2022\/04\/WhatsApp-Image-2022-04-26-at-10.59.50-AM-2.jpeg?zoom=2&amp;resize=523%2C338 1046w\" sizes=\"auto, (max-width: 523px) 100vw, 523px\" \/><\/figure><\/div>\n\n\n\n<div class=\"wp-block-image\"><figure class=\"aligncenter size-large is-resized\"><img data-recalc-dims=\"1\" decoding=\"async\" loading=\"lazy\" src=\"https:\/\/i0.wp.com\/minutocerord.com\/wp-content\/uploads\/2022\/04\/WhatsApp-Image-2022-04-26-at-10.59.50-AM-1.jpeg?resize=517%2C340\" alt=\"\" class=\"wp-image-8638\" width=\"517\" height=\"340\" srcset=\"https:\/\/i0.wp.com\/minutocerord.com\/wp-content\/uploads\/2022\/04\/WhatsApp-Image-2022-04-26-at-10.59.50-AM-1.jpeg?resize=741%2C486&amp;ssl=1 741w, https:\/\/i0.wp.com\/minutocerord.com\/wp-content\/uploads\/2022\/04\/WhatsApp-Image-2022-04-26-at-10.59.50-AM-1.jpeg?zoom=2&amp;resize=517%2C340 1034w\" sizes=\"auto, (max-width: 517px) 100vw, 517px\" \/><\/figure><\/div>\n\n\n\n<div class=\"wp-block-image\"><figure class=\"aligncenter size-large is-resized\"><img data-recalc-dims=\"1\" decoding=\"async\" loading=\"lazy\" src=\"https:\/\/i0.wp.com\/minutocerord.com\/wp-content\/uploads\/2022\/04\/WhatsApp-Image-2022-04-26-at-10.59.50-AM.jpeg?resize=517%2C340\" alt=\"\" class=\"wp-image-8639\" width=\"517\" height=\"340\" srcset=\"https:\/\/i0.wp.com\/minutocerord.com\/wp-content\/uploads\/2022\/04\/WhatsApp-Image-2022-04-26-at-10.59.50-AM.jpeg?resize=741%2C486&amp;ssl=1 741w, https:\/\/i0.wp.com\/minutocerord.com\/wp-content\/uploads\/2022\/04\/WhatsApp-Image-2022-04-26-at-10.59.50-AM.jpeg?zoom=2&amp;resize=517%2C340 1034w\" sizes=\"auto, (max-width: 517px) 100vw, 517px\" \/><\/figure><\/div>\n","protected":false},"excerpt":{"rendered":"<p>Vicente Noble.- El pasado s\u00e1bado 23 de abril, La Fundaci\u00f3n Benjam\u00edn Vargas, en coordinaci\u00f3n con La Academia de M\u00fasica Alfredo Soler realizaron el acto art\u00edstico cultural &#8220;Los Nobles Primero&#8221;. El acto fue encabezado por el presidente de la fundaci\u00f3n,el se\u00f1or Benjam\u00edn Vargas, con la interpretaci\u00f3n del Himno Nacional a cargo de la banda de m\u00fasica [&hellip;]<\/p>\n","protected":false},"author":1,"featured_media":8621,"comment_status":"open","ping_status":"open","sticky":false,"template":"","format":"standard","meta":{"nf_dc_page":"","jetpack_post_was_ever_published":false,"_jetpack_newsletter_access":"","_jetpack_dont_email_post_to_subs":false,"_jetpack_newsletter_tier_id":0,"_jetpack_memberships_contains_paywalled_content":false,"_jetpack_memberships_contains_paid_content":false,"footnotes":"","jetpack_publicize_message":"","jetpack_publicize_feature_enabled":true,"jetpack_social_post_already_shared":false,"jetpack_social_options":{"image_generator_settings":{"template":"highway","default_image_id":0,"font":"","enabled":false},"version":2}},"categories":[103],"tags":[],"class_list":["post-8620","post","type-post","status-publish","format-standard","has-post-thumbnail","hentry","category-municipio"],"yoast_head":"<!-- This site is optimized with the Yoast SEO plugin v27.4 - https:\/\/yoast.com\/product\/yoast-seo-wordpress\/ -->\n<title>VICENTE NOBLE: Fundaci\u00f3n Benjam\u00edn Vargas realiz\u00f3 el pasado s\u00e1bado acto Art\u00edstico Cultural \u00abLos Nobles Primero\u00bb - Minuto Cero RD<\/title>\n<meta name=\"robots\" content=\"index, follow, max-snippet:-1, max-image-preview:large, max-video-preview:-1\" \/>\n<link rel=\"canonical\" href=\"http:\/\/minutocerord.com\/?p=8620\" \/>\n<meta property=\"og:locale\" content=\"es_ES\" \/>\n<meta property=\"og:type\" content=\"article\" \/>\n<meta property=\"og:title\" content=\"VICENTE NOBLE: Fundaci\u00f3n Benjam\u00edn Vargas realiz\u00f3 el pasado s\u00e1bado acto Art\u00edstico Cultural \u00abLos Nobles Primero\u00bb - Minuto Cero RD\" \/>\n<meta property=\"og:description\" content=\"Vicente Noble.- El pasado s\u00e1bado 23 de abril, La Fundaci\u00f3n Benjam\u00edn Vargas, en coordinaci\u00f3n con La Academia de M\u00fasica Alfredo Soler realizaron el acto art\u00edstico cultural &#8220;Los Nobles Primero&#8221;. El acto fue encabezado por el presidente de la fundaci\u00f3n,el se\u00f1or Benjam\u00edn Vargas, con la interpretaci\u00f3n del Himno Nacional a cargo de la banda de m\u00fasica [&hellip;]\" \/>\n<meta property=\"og:url\" content=\"http:\/\/minutocerord.com\/?p=8620\" \/>\n<meta property=\"og:site_name\" content=\"Minuto Cero RD\" \/>\n<meta property=\"article:publisher\" content=\"https:\/\/www.facebook.com\/Genofnotes\" \/>\n<meta property=\"article:author\" content=\"https:\/\/www.facebook.com\/Genofnotes\" \/>\n<meta property=\"article:published_time\" content=\"2022-04-26T22:14:52+00:00\" \/>\n<meta property=\"article:modified_time\" content=\"2022-04-28T01:42:44+00:00\" \/>\n<meta property=\"og:image\" content=\"https:\/\/i0.wp.com\/minutocerord.com\/wp-content\/uploads\/2022\/04\/WhatsApp-Image-2022-04-26-at-12.18.40-PM.jpeg?fit=853%2C1280\" \/>\n\t<meta property=\"og:image:width\" content=\"853\" \/>\n\t<meta property=\"og:image:height\" content=\"1280\" \/>\n\t<meta property=\"og:image:type\" content=\"image\/jpeg\" \/>\n<meta name=\"author\" content=\"Genof\u00f3ntes Urb\u00e1ez\" \/>\n<meta name=\"twitter:card\" content=\"summary_large_image\" \/>\n<meta name=\"twitter:label1\" content=\"Written by\" \/>\n\t<meta name=\"twitter:data1\" content=\"Genof\u00f3ntes Urb\u00e1ez\" \/>\n\t<meta name=\"twitter:label2\" content=\"Est. reading time\" \/>\n\t<meta name=\"twitter:data2\" content=\"3 minutos\" \/>\n<script type=\"application\/ld+json\" class=\"yoast-schema-graph\">{\"@context\":\"https:\\\/\\\/schema.org\",\"@graph\":[{\"@type\":\"Article\",\"@id\":\"http:\\\/\\\/minutocerord.com\\\/?p=8620#article\",\"isPartOf\":{\"@id\":\"http:\\\/\\\/minutocerord.com\\\/?p=8620\"},\"author\":{\"name\":\"Genof\u00f3ntes Urb\u00e1ez\",\"@id\":\"https:\\\/\\\/minutocerord.com\\\/#\\\/schema\\\/person\\\/60b5372d60aaa0a5171fb6488be9aee6\"},\"headline\":\"VICENTE NOBLE: Fundaci\u00f3n Benjam\u00edn Vargas realiz\u00f3 el pasado s\u00e1bado acto Art\u00edstico Cultural \u00abLos Nobles Primero\u00bb\",\"datePublished\":\"2022-04-26T22:14:52+00:00\",\"dateModified\":\"2022-04-28T01:42:44+00:00\",\"mainEntityOfPage\":{\"@id\":\"http:\\\/\\\/minutocerord.com\\\/?p=8620\"},\"wordCount\":433,\"commentCount\":0,\"publisher\":{\"@id\":\"https:\\\/\\\/minutocerord.com\\\/#\\\/schema\\\/person\\\/60b5372d60aaa0a5171fb6488be9aee6\"},\"image\":{\"@id\":\"http:\\\/\\\/minutocerord.com\\\/?p=8620#primaryimage\"},\"thumbnailUrl\":\"https:\\\/\\\/i0.wp.com\\\/minutocerord.com\\\/wp-content\\\/uploads\\\/2022\\\/04\\\/WhatsApp-Image-2022-04-26-at-12.18.40-PM.jpeg?fit=853%2C1280&ssl=1\",\"articleSection\":[\"Municipio\"],\"inLanguage\":\"es-DO\",\"potentialAction\":[{\"@type\":\"CommentAction\",\"name\":\"Comment\",\"target\":[\"http:\\\/\\\/minutocerord.com\\\/?p=8620#respond\"]}]},{\"@type\":\"WebPage\",\"@id\":\"http:\\\/\\\/minutocerord.com\\\/?p=8620\",\"url\":\"http:\\\/\\\/minutocerord.com\\\/?p=8620\",\"name\":\"VICENTE NOBLE: Fundaci\u00f3n Benjam\u00edn Vargas realiz\u00f3 el pasado s\u00e1bado acto Art\u00edstico Cultural \u00abLos Nobles Primero\u00bb - Minuto Cero RD\",\"isPartOf\":{\"@id\":\"https:\\\/\\\/minutocerord.com\\\/#website\"},\"primaryImageOfPage\":{\"@id\":\"http:\\\/\\\/minutocerord.com\\\/?p=8620#primaryimage\"},\"image\":{\"@id\":\"http:\\\/\\\/minutocerord.com\\\/?p=8620#primaryimage\"},\"thumbnailUrl\":\"https:\\\/\\\/i0.wp.com\\\/minutocerord.com\\\/wp-content\\\/uploads\\\/2022\\\/04\\\/WhatsApp-Image-2022-04-26-at-12.18.40-PM.jpeg?fit=853%2C1280&ssl=1\",\"datePublished\":\"2022-04-26T22:14:52+00:00\",\"dateModified\":\"2022-04-28T01:42:44+00:00\",\"breadcrumb\":{\"@id\":\"http:\\\/\\\/minutocerord.com\\\/?p=8620#breadcrumb\"},\"inLanguage\":\"es-DO\",\"potentialAction\":[{\"@type\":\"ReadAction\",\"target\":[\"http:\\\/\\\/minutocerord.com\\\/?p=8620\"]}]},{\"@type\":\"ImageObject\",\"inLanguage\":\"es-DO\",\"@id\":\"http:\\\/\\\/minutocerord.com\\\/?p=8620#primaryimage\",\"url\":\"https:\\\/\\\/i0.wp.com\\\/minutocerord.com\\\/wp-content\\\/uploads\\\/2022\\\/04\\\/WhatsApp-Image-2022-04-26-at-12.18.40-PM.jpeg?fit=853%2C1280&ssl=1\",\"contentUrl\":\"https:\\\/\\\/i0.wp.com\\\/minutocerord.com\\\/wp-content\\\/uploads\\\/2022\\\/04\\\/WhatsApp-Image-2022-04-26-at-12.18.40-PM.jpeg?fit=853%2C1280&ssl=1\",\"width\":853,\"height\":1280},{\"@type\":\"BreadcrumbList\",\"@id\":\"http:\\\/\\\/minutocerord.com\\\/?p=8620#breadcrumb\",\"itemListElement\":[{\"@type\":\"ListItem\",\"position\":1,\"name\":\"Home\",\"item\":\"https:\\\/\\\/minutocerord.com\\\/\"},{\"@type\":\"ListItem\",\"position\":2,\"name\":\"VICENTE NOBLE: Fundaci\u00f3n Benjam\u00edn Vargas realiz\u00f3 el pasado s\u00e1bado acto Art\u00edstico Cultural \u00abLos Nobles Primero\u00bb\"}]},{\"@type\":\"WebSite\",\"@id\":\"https:\\\/\\\/minutocerord.com\\\/#website\",\"url\":\"https:\\\/\\\/minutocerord.com\\\/\",\"name\":\"Minuto Cero RD\",\"description\":\"Periodismo serio y veraz\",\"publisher\":{\"@id\":\"https:\\\/\\\/minutocerord.com\\\/#\\\/schema\\\/person\\\/60b5372d60aaa0a5171fb6488be9aee6\"},\"potentialAction\":[{\"@type\":\"SearchAction\",\"target\":{\"@type\":\"EntryPoint\",\"urlTemplate\":\"https:\\\/\\\/minutocerord.com\\\/?s={search_term_string}\"},\"query-input\":{\"@type\":\"PropertyValueSpecification\",\"valueRequired\":true,\"valueName\":\"search_term_string\"}}],\"inLanguage\":\"es-DO\"},{\"@type\":[\"Person\",\"Organization\"],\"@id\":\"https:\\\/\\\/minutocerord.com\\\/#\\\/schema\\\/person\\\/60b5372d60aaa0a5171fb6488be9aee6\",\"name\":\"Genof\u00f3ntes Urb\u00e1ez\",\"image\":{\"@type\":\"ImageObject\",\"inLanguage\":\"es-DO\",\"@id\":\"https:\\\/\\\/secure.gravatar.com\\\/avatar\\\/a49ef3186a692098ac3e8a1612261e3ad70cf9e44553dff2929e67939a0ecb9d?s=96&d=identicon&r=g\",\"url\":\"https:\\\/\\\/secure.gravatar.com\\\/avatar\\\/a49ef3186a692098ac3e8a1612261e3ad70cf9e44553dff2929e67939a0ecb9d?s=96&d=identicon&r=g\",\"contentUrl\":\"https:\\\/\\\/secure.gravatar.com\\\/avatar\\\/a49ef3186a692098ac3e8a1612261e3ad70cf9e44553dff2929e67939a0ecb9d?s=96&d=identicon&r=g\",\"caption\":\"Genof\u00f3ntes Urb\u00e1ez\"},\"logo\":{\"@id\":\"https:\\\/\\\/secure.gravatar.com\\\/avatar\\\/a49ef3186a692098ac3e8a1612261e3ad70cf9e44553dff2929e67939a0ecb9d?s=96&d=identicon&r=g\"},\"description\":\"Periodista \\\/ Locutor\",\"sameAs\":[\"https:\\\/\\\/www.facebook.com\\\/Genofnotes\",\"https:\\\/\\\/www.instagram.com\\\/genofnotes\\\/\"]}]}<\/script>\n<!-- \/ Yoast SEO plugin. -->","yoast_head_json":{"title":"VICENTE NOBLE: Fundaci\u00f3n Benjam\u00edn Vargas realiz\u00f3 el pasado s\u00e1bado acto Art\u00edstico Cultural \u00abLos Nobles Primero\u00bb - Minuto Cero RD","robots":{"index":"index","follow":"follow","max-snippet":"max-snippet:-1","max-image-preview":"max-image-preview:large","max-video-preview":"max-video-preview:-1"},"canonical":"http:\/\/minutocerord.com\/?p=8620","og_locale":"es_ES","og_type":"article","og_title":"VICENTE NOBLE: Fundaci\u00f3n Benjam\u00edn Vargas realiz\u00f3 el pasado s\u00e1bado acto Art\u00edstico Cultural \u00abLos Nobles Primero\u00bb - Minuto Cero RD","og_description":"Vicente Noble.- El pasado s\u00e1bado 23 de abril, La Fundaci\u00f3n Benjam\u00edn Vargas, en coordinaci\u00f3n con La Academia de M\u00fasica Alfredo Soler realizaron el acto art\u00edstico cultural &#8220;Los Nobles Primero&#8221;. El acto fue encabezado por el presidente de la fundaci\u00f3n,el se\u00f1or Benjam\u00edn Vargas, con la interpretaci\u00f3n del Himno Nacional a cargo de la banda de m\u00fasica [&hellip;]","og_url":"http:\/\/minutocerord.com\/?p=8620","og_site_name":"Minuto Cero RD","article_publisher":"https:\/\/www.facebook.com\/Genofnotes","article_author":"https:\/\/www.facebook.com\/Genofnotes","article_published_time":"2022-04-26T22:14:52+00:00","article_modified_time":"2022-04-28T01:42:44+00:00","og_image":[{"width":853,"height":1280,"url":"https:\/\/i0.wp.com\/minutocerord.com\/wp-content\/uploads\/2022\/04\/WhatsApp-Image-2022-04-26-at-12.18.40-PM.jpeg?fit=853%2C1280","type":"image\/jpeg"}],"author":"Genof\u00f3ntes Urb\u00e1ez","twitter_card":"summary_large_image","twitter_misc":{"Written by":"Genof\u00f3ntes Urb\u00e1ez","Est. reading time":"3 minutos"},"schema":{"@context":"https:\/\/schema.org","@graph":[{"@type":"Article","@id":"http:\/\/minutocerord.com\/?p=8620#article","isPartOf":{"@id":"http:\/\/minutocerord.com\/?p=8620"},"author":{"name":"Genof\u00f3ntes Urb\u00e1ez","@id":"https:\/\/minutocerord.com\/#\/schema\/person\/60b5372d60aaa0a5171fb6488be9aee6"},"headline":"VICENTE NOBLE: Fundaci\u00f3n Benjam\u00edn Vargas realiz\u00f3 el pasado s\u00e1bado acto Art\u00edstico Cultural \u00abLos Nobles Primero\u00bb","datePublished":"2022-04-26T22:14:52+00:00","dateModified":"2022-04-28T01:42:44+00:00","mainEntityOfPage":{"@id":"http:\/\/minutocerord.com\/?p=8620"},"wordCount":433,"commentCount":0,"publisher":{"@id":"https:\/\/minutocerord.com\/#\/schema\/person\/60b5372d60aaa0a5171fb6488be9aee6"},"image":{"@id":"http:\/\/minutocerord.com\/?p=8620#primaryimage"},"thumbnailUrl":"https:\/\/i0.wp.com\/minutocerord.com\/wp-content\/uploads\/2022\/04\/WhatsApp-Image-2022-04-26-at-12.18.40-PM.jpeg?fit=853%2C1280&ssl=1","articleSection":["Municipio"],"inLanguage":"es-DO","potentialAction":[{"@type":"CommentAction","name":"Comment","target":["http:\/\/minutocerord.com\/?p=8620#respond"]}]},{"@type":"WebPage","@id":"http:\/\/minutocerord.com\/?p=8620","url":"http:\/\/minutocerord.com\/?p=8620","name":"VICENTE NOBLE: Fundaci\u00f3n Benjam\u00edn Vargas realiz\u00f3 el pasado s\u00e1bado acto Art\u00edstico Cultural \u00abLos Nobles Primero\u00bb - Minuto Cero RD","isPartOf":{"@id":"https:\/\/minutocerord.com\/#website"},"primaryImageOfPage":{"@id":"http:\/\/minutocerord.com\/?p=8620#primaryimage"},"image":{"@id":"http:\/\/minutocerord.com\/?p=8620#primaryimage"},"thumbnailUrl":"https:\/\/i0.wp.com\/minutocerord.com\/wp-content\/uploads\/2022\/04\/WhatsApp-Image-2022-04-26-at-12.18.40-PM.jpeg?fit=853%2C1280&ssl=1","datePublished":"2022-04-26T22:14:52+00:00","dateModified":"2022-04-28T01:42:44+00:00","breadcrumb":{"@id":"http:\/\/minutocerord.com\/?p=8620#breadcrumb"},"inLanguage":"es-DO","potentialAction":[{"@type":"ReadAction","target":["http:\/\/minutocerord.com\/?p=8620"]}]},{"@type":"ImageObject","inLanguage":"es-DO","@id":"http:\/\/minutocerord.com\/?p=8620#primaryimage","url":"https:\/\/i0.wp.com\/minutocerord.com\/wp-content\/uploads\/2022\/04\/WhatsApp-Image-2022-04-26-at-12.18.40-PM.jpeg?fit=853%2C1280&ssl=1","contentUrl":"https:\/\/i0.wp.com\/minutocerord.com\/wp-content\/uploads\/2022\/04\/WhatsApp-Image-2022-04-26-at-12.18.40-PM.jpeg?fit=853%2C1280&ssl=1","width":853,"height":1280},{"@type":"BreadcrumbList","@id":"http:\/\/minutocerord.com\/?p=8620#breadcrumb","itemListElement":[{"@type":"ListItem","position":1,"name":"Home","item":"https:\/\/minutocerord.com\/"},{"@type":"ListItem","position":2,"name":"VICENTE NOBLE: Fundaci\u00f3n Benjam\u00edn Vargas realiz\u00f3 el pasado s\u00e1bado acto Art\u00edstico Cultural \u00abLos Nobles Primero\u00bb"}]},{"@type":"WebSite","@id":"https:\/\/minutocerord.com\/#website","url":"https:\/\/minutocerord.com\/","name":"Minuto Cero RD","description":"Periodismo serio y veraz","publisher":{"@id":"https:\/\/minutocerord.com\/#\/schema\/person\/60b5372d60aaa0a5171fb6488be9aee6"},"potentialAction":[{"@type":"SearchAction","target":{"@type":"EntryPoint","urlTemplate":"https:\/\/minutocerord.com\/?s={search_term_string}"},"query-input":{"@type":"PropertyValueSpecification","valueRequired":true,"valueName":"search_term_string"}}],"inLanguage":"es-DO"},{"@type":["Person","Organization"],"@id":"https:\/\/minutocerord.com\/#\/schema\/person\/60b5372d60aaa0a5171fb6488be9aee6","name":"Genof\u00f3ntes Urb\u00e1ez","image":{"@type":"ImageObject","inLanguage":"es-DO","@id":"https:\/\/secure.gravatar.com\/avatar\/a49ef3186a692098ac3e8a1612261e3ad70cf9e44553dff2929e67939a0ecb9d?s=96&d=identicon&r=g","url":"https:\/\/secure.gravatar.com\/avatar\/a49ef3186a692098ac3e8a1612261e3ad70cf9e44553dff2929e67939a0ecb9d?s=96&d=identicon&r=g","contentUrl":"https:\/\/secure.gravatar.com\/avatar\/a49ef3186a692098ac3e8a1612261e3ad70cf9e44553dff2929e67939a0ecb9d?s=96&d=identicon&r=g","caption":"Genof\u00f3ntes Urb\u00e1ez"},"logo":{"@id":"https:\/\/secure.gravatar.com\/avatar\/a49ef3186a692098ac3e8a1612261e3ad70cf9e44553dff2929e67939a0ecb9d?s=96&d=identicon&r=g"},"description":"Periodista \/ Locutor","sameAs":["https:\/\/www.facebook.com\/Genofnotes","https:\/\/www.instagram.com\/genofnotes\/"]}]}},"jetpack_publicize_connections":[],"jetpack_featured_media_url":"https:\/\/i0.wp.com\/minutocerord.com\/wp-content\/uploads\/2022\/04\/WhatsApp-Image-2022-04-26-at-12.18.40-PM.jpeg?fit=853%2C1280&ssl=1","jetpack-related-posts":[],"jetpack_sharing_enabled":true,"_links":{"self":[{"href":"https:\/\/minutocerord.com\/index.php?rest_route=\/wp\/v2\/posts\/8620","targetHints":{"allow":["GET"]}}],"collection":[{"href":"https:\/\/minutocerord.com\/index.php?rest_route=\/wp\/v2\/posts"}],"about":[{"href":"https:\/\/minutocerord.com\/index.php?rest_route=\/wp\/v2\/types\/post"}],"author":[{"embeddable":true,"href":"https:\/\/minutocerord.com\/index.php?rest_route=\/wp\/v2\/users\/1"}],"replies":[{"embeddable":true,"href":"https:\/\/minutocerord.com\/index.php?rest_route=%2Fwp%2Fv2%2Fcomments&post=8620"}],"version-history":[{"count":4,"href":"https:\/\/minutocerord.com\/index.php?rest_route=\/wp\/v2\/posts\/8620\/revisions"}],"predecessor-version":[{"id":8676,"href":"https:\/\/minutocerord.com\/index.php?rest_route=\/wp\/v2\/posts\/8620\/revisions\/8676"}],"wp:featuredmedia":[{"embeddable":true,"href":"https:\/\/minutocerord.com\/index.php?rest_route=\/wp\/v2\/media\/8621"}],"wp:attachment":[{"href":"https:\/\/minutocerord.com\/index.php?rest_route=%2Fwp%2Fv2%2Fmedia&parent=8620"}],"wp:term":[{"taxonomy":"category","embeddable":true,"href":"https:\/\/minutocerord.com\/index.php?rest_route=%2Fwp%2Fv2%2Fcategories&post=8620"},{"taxonomy":"post_tag","embeddable":true,"href":"https:\/\/minutocerord.com\/index.php?rest_route=%2Fwp%2Fv2%2Ftags&post=8620"}],"curies":[{"name":"wp","href":"https:\/\/api.w.org\/{rel}","templated":true}]}}