{"id":8655,"date":"2022-04-26T21:00:03","date_gmt":"2022-04-27T01:00:03","guid":{"rendered":"https:\/\/minutocerord.com\/?p=8655"},"modified":"2022-04-26T21:00:43","modified_gmt":"2022-04-27T01:00:43","slug":"confiscan-1-4-toneladas-cocaina-en-dos-operativos-r-dominicana","status":"publish","type":"post","link":"https:\/\/minutocerord.com\/?p=8655","title":{"rendered":"Confiscan 1.4 toneladas coca\u00edna en dos operativos R. Dominicana"},"content":{"rendered":"\n<p>SANTO DOMINGO.- Las autoridades de la Rep\u00fablica Dominicana confiscaron cerca de 1.4 toneladas de coca\u00edna en dos operativos realizados en las \u00faltimas horas en las costas del pa\u00eds. Se trata del mayor y m\u00e1s costoso alijo descubierto en la historia del pa\u00eds.<\/p>\n\n\n\n<p>Ocho personas fueron detenidas, entre ellos cinco venezolanos, un colombiano y dos dominicanos, en los dos operativos, desarrollados por la Direcci\u00f3n Nacional de Control de Drogas (DNCD) y la Armada.<\/p>\n\n\n\n<p>En total, fueron incautados 1,402 paquetes de coca\u00edna, repartidos en dos lanchas r\u00e1pidas interceptadas en el mar Caribe, frente a las costas de las provincias de San Pedro de Macor\u00eds y Santo Domingo.<\/p>\n\n\n\n<p>En el primer operativo, que dur\u00f3 cerca de 16 horas, fueron arrestados dos dominicanos, un colombiano y un venezolano, en una lancha con 659 paquetes de coca\u00edna, a varias millas al sur de San Pedro de Macor\u00eds.<\/p>\n\n\n\n<p>En una segunda operaci\u00f3n, al sur de Santo Domingo, tras varias horas de persecuci\u00f3n se logr\u00f3 interceptar una embarcaci\u00f3n en la que iban cuatro venezolanos, con un cargamento de 743 paquetes de coca\u00edna.<\/p>\n\n\n\n<p>Las lanchas hab\u00edan &nbsp;partido de La Guajira, en la zona fronteriza de Colombia y Venezuela, detall\u00f3 el portavoz de la DNCD, Carlos Devers, quien asegur\u00f3 que las autoridades investigan si hay conexi\u00f3n entre ambos cargamentos.<\/p>\n\n\n\n<p>En lo que va de abril los decomisos de coca\u00edna en Rep\u00fablica Dominicana superan las cinco toneladas, cifra similar al total de la coca\u00edna incautada en el primer trimestre del a\u00f1o.<\/p>\n\n\n\n<p>En total, se acumulan m\u00e1s de 11 toneladas de coca\u00edna decomisada en 2022, mientras que a lo largo de 2021 las autoridades interceptaron en total 19 toneladas.<\/p>\n\n\n\n<p>Devers dijo &nbsp;que el aumento de los decomisos responde, en parte, a la cooperaci\u00f3n entre diferentes instituciones del Estado, as\u00ed como con \u00abpa\u00edses amigos\u00bb.<\/p>\n\n\n\n<p>\u00abEstamos aplicando una nueva estrategia, junto de la Procuradur\u00eda General de la Rep\u00fablica, de cooperaci\u00f3n m\u00e1s amplia con pa\u00edses aliados, con personas que act\u00faan a diario, con los agentes de la Rep\u00fablica Dominicana. Esto ha hecho que la cooperaci\u00f3n comience a dar resultados, unos resultados que no tienen precedentes\u00bb, afirm\u00f3.<\/p>\n\n\n\n<p>Devers afirm\u00f3 que tambi\u00e9n ha aumentado \u00abconsiderablemente\u00bb el n\u00famero de detenciones, y ahora se consigue hacer arrestos entre el \u00ab70 u 80 %\u00bb de los operativo, lo que es \u00abun logro\u00bb.<\/p>\n","protected":false},"excerpt":{"rendered":"<p>SANTO DOMINGO.- Las autoridades de la Rep\u00fablica Dominicana confiscaron cerca de 1.4 toneladas de coca\u00edna en dos operativos realizados en las \u00faltimas horas en las costas del pa\u00eds. Se trata del mayor y m\u00e1s costoso alijo descubierto en la historia del pa\u00eds. Ocho personas fueron detenidas, entre ellos cinco venezolanos, un colombiano y dos dominicanos, [&hellip;]<\/p>\n","protected":false},"author":1,"featured_media":8656,"comment_status":"open","ping_status":"open","sticky":false,"template":"","format":"standard","meta":{"nf_dc_page":"","jetpack_post_was_ever_published":false,"_jetpack_newsletter_access":"","_jetpack_dont_email_post_to_subs":false,"_jetpack_newsletter_tier_id":0,"_jetpack_memberships_contains_paywalled_content":false,"_jetpack_memberships_contains_paid_content":false,"footnotes":"","jetpack_publicize_message":"","jetpack_publicize_feature_enabled":true,"jetpack_social_post_already_shared":false,"jetpack_social_options":{"image_generator_settings":{"template":"highway","default_image_id":0,"font":"","enabled":false},"version":2}},"categories":[65],"tags":[],"class_list":["post-8655","post","type-post","status-publish","format-standard","has-post-thumbnail","hentry","category-nacionales"],"yoast_head":"<!-- This site is optimized with the Yoast SEO plugin v27.4 - https:\/\/yoast.com\/product\/yoast-seo-wordpress\/ -->\n<title>Confiscan 1.4 toneladas coca\u00edna en dos operativos R. Dominicana - Minuto Cero RD<\/title>\n<meta name=\"robots\" content=\"index, follow, max-snippet:-1, max-image-preview:large, max-video-preview:-1\" \/>\n<link rel=\"canonical\" href=\"http:\/\/minutocerord.com\/?p=8655\" \/>\n<meta property=\"og:locale\" content=\"es_ES\" \/>\n<meta property=\"og:type\" content=\"article\" \/>\n<meta property=\"og:title\" content=\"Confiscan 1.4 toneladas coca\u00edna en dos operativos R. Dominicana - Minuto Cero RD\" \/>\n<meta property=\"og:description\" content=\"SANTO DOMINGO.- Las autoridades de la Rep\u00fablica Dominicana confiscaron cerca de 1.4 toneladas de coca\u00edna en dos operativos realizados en las \u00faltimas horas en las costas del pa\u00eds. Se trata del mayor y m\u00e1s costoso alijo descubierto en la historia del pa\u00eds. Ocho personas fueron detenidas, entre ellos cinco venezolanos, un colombiano y dos dominicanos, [&hellip;]\" \/>\n<meta property=\"og:url\" content=\"http:\/\/minutocerord.com\/?p=8655\" \/>\n<meta property=\"og:site_name\" content=\"Minuto Cero RD\" \/>\n<meta property=\"article:publisher\" content=\"https:\/\/www.facebook.com\/Genofnotes\" \/>\n<meta property=\"article:author\" content=\"https:\/\/www.facebook.com\/Genofnotes\" \/>\n<meta property=\"article:published_time\" content=\"2022-04-27T01:00:03+00:00\" \/>\n<meta property=\"article:modified_time\" content=\"2022-04-27T01:00:43+00:00\" \/>\n<meta property=\"og:image\" content=\"https:\/\/i0.wp.com\/minutocerord.com\/wp-content\/uploads\/2022\/04\/CN-DOM-2-TONS_1.jpeg?fit=1259%2C712\" \/>\n\t<meta property=\"og:image:width\" content=\"1259\" \/>\n\t<meta property=\"og:image:height\" content=\"712\" \/>\n\t<meta property=\"og:image:type\" content=\"image\/jpeg\" \/>\n<meta name=\"author\" content=\"Genof\u00f3ntes Urb\u00e1ez\" \/>\n<meta name=\"twitter:card\" content=\"summary_large_image\" \/>\n<meta name=\"twitter:label1\" content=\"Written by\" \/>\n\t<meta name=\"twitter:data1\" content=\"Genof\u00f3ntes Urb\u00e1ez\" \/>\n\t<meta name=\"twitter:label2\" content=\"Est. reading time\" \/>\n\t<meta name=\"twitter:data2\" content=\"2 minutos\" \/>\n<script type=\"application\/ld+json\" class=\"yoast-schema-graph\">{\"@context\":\"https:\\\/\\\/schema.org\",\"@graph\":[{\"@type\":\"Article\",\"@id\":\"http:\\\/\\\/minutocerord.com\\\/?p=8655#article\",\"isPartOf\":{\"@id\":\"http:\\\/\\\/minutocerord.com\\\/?p=8655\"},\"author\":{\"name\":\"Genof\u00f3ntes Urb\u00e1ez\",\"@id\":\"https:\\\/\\\/minutocerord.com\\\/#\\\/schema\\\/person\\\/60b5372d60aaa0a5171fb6488be9aee6\"},\"headline\":\"Confiscan 1.4 toneladas coca\u00edna en dos operativos R. Dominicana\",\"datePublished\":\"2022-04-27T01:00:03+00:00\",\"dateModified\":\"2022-04-27T01:00:43+00:00\",\"mainEntityOfPage\":{\"@id\":\"http:\\\/\\\/minutocerord.com\\\/?p=8655\"},\"wordCount\":408,\"commentCount\":0,\"publisher\":{\"@id\":\"https:\\\/\\\/minutocerord.com\\\/#\\\/schema\\\/person\\\/60b5372d60aaa0a5171fb6488be9aee6\"},\"image\":{\"@id\":\"http:\\\/\\\/minutocerord.com\\\/?p=8655#primaryimage\"},\"thumbnailUrl\":\"https:\\\/\\\/i0.wp.com\\\/minutocerord.com\\\/wp-content\\\/uploads\\\/2022\\\/04\\\/CN-DOM-2-TONS_1.jpeg?fit=1259%2C712&ssl=1\",\"articleSection\":[\"Nacionales\"],\"inLanguage\":\"es-DO\",\"potentialAction\":[{\"@type\":\"CommentAction\",\"name\":\"Comment\",\"target\":[\"http:\\\/\\\/minutocerord.com\\\/?p=8655#respond\"]}]},{\"@type\":\"WebPage\",\"@id\":\"http:\\\/\\\/minutocerord.com\\\/?p=8655\",\"url\":\"http:\\\/\\\/minutocerord.com\\\/?p=8655\",\"name\":\"Confiscan 1.4 toneladas coca\u00edna en dos operativos R. Dominicana - Minuto Cero RD\",\"isPartOf\":{\"@id\":\"https:\\\/\\\/minutocerord.com\\\/#website\"},\"primaryImageOfPage\":{\"@id\":\"http:\\\/\\\/minutocerord.com\\\/?p=8655#primaryimage\"},\"image\":{\"@id\":\"http:\\\/\\\/minutocerord.com\\\/?p=8655#primaryimage\"},\"thumbnailUrl\":\"https:\\\/\\\/i0.wp.com\\\/minutocerord.com\\\/wp-content\\\/uploads\\\/2022\\\/04\\\/CN-DOM-2-TONS_1.jpeg?fit=1259%2C712&ssl=1\",\"datePublished\":\"2022-04-27T01:00:03+00:00\",\"dateModified\":\"2022-04-27T01:00:43+00:00\",\"breadcrumb\":{\"@id\":\"http:\\\/\\\/minutocerord.com\\\/?p=8655#breadcrumb\"},\"inLanguage\":\"es-DO\",\"potentialAction\":[{\"@type\":\"ReadAction\",\"target\":[\"http:\\\/\\\/minutocerord.com\\\/?p=8655\"]}]},{\"@type\":\"ImageObject\",\"inLanguage\":\"es-DO\",\"@id\":\"http:\\\/\\\/minutocerord.com\\\/?p=8655#primaryimage\",\"url\":\"https:\\\/\\\/i0.wp.com\\\/minutocerord.com\\\/wp-content\\\/uploads\\\/2022\\\/04\\\/CN-DOM-2-TONS_1.jpeg?fit=1259%2C712&ssl=1\",\"contentUrl\":\"https:\\\/\\\/i0.wp.com\\\/minutocerord.com\\\/wp-content\\\/uploads\\\/2022\\\/04\\\/CN-DOM-2-TONS_1.jpeg?fit=1259%2C712&ssl=1\",\"width\":1259,\"height\":712},{\"@type\":\"BreadcrumbList\",\"@id\":\"http:\\\/\\\/minutocerord.com\\\/?p=8655#breadcrumb\",\"itemListElement\":[{\"@type\":\"ListItem\",\"position\":1,\"name\":\"Home\",\"item\":\"https:\\\/\\\/minutocerord.com\\\/\"},{\"@type\":\"ListItem\",\"position\":2,\"name\":\"Confiscan 1.4 toneladas coca\u00edna en dos operativos R. Dominicana\"}]},{\"@type\":\"WebSite\",\"@id\":\"https:\\\/\\\/minutocerord.com\\\/#website\",\"url\":\"https:\\\/\\\/minutocerord.com\\\/\",\"name\":\"Minuto Cero RD\",\"description\":\"Periodismo serio y veraz\",\"publisher\":{\"@id\":\"https:\\\/\\\/minutocerord.com\\\/#\\\/schema\\\/person\\\/60b5372d60aaa0a5171fb6488be9aee6\"},\"potentialAction\":[{\"@type\":\"SearchAction\",\"target\":{\"@type\":\"EntryPoint\",\"urlTemplate\":\"https:\\\/\\\/minutocerord.com\\\/?s={search_term_string}\"},\"query-input\":{\"@type\":\"PropertyValueSpecification\",\"valueRequired\":true,\"valueName\":\"search_term_string\"}}],\"inLanguage\":\"es-DO\"},{\"@type\":[\"Person\",\"Organization\"],\"@id\":\"https:\\\/\\\/minutocerord.com\\\/#\\\/schema\\\/person\\\/60b5372d60aaa0a5171fb6488be9aee6\",\"name\":\"Genof\u00f3ntes Urb\u00e1ez\",\"image\":{\"@type\":\"ImageObject\",\"inLanguage\":\"es-DO\",\"@id\":\"https:\\\/\\\/secure.gravatar.com\\\/avatar\\\/a49ef3186a692098ac3e8a1612261e3ad70cf9e44553dff2929e67939a0ecb9d?s=96&d=identicon&r=g\",\"url\":\"https:\\\/\\\/secure.gravatar.com\\\/avatar\\\/a49ef3186a692098ac3e8a1612261e3ad70cf9e44553dff2929e67939a0ecb9d?s=96&d=identicon&r=g\",\"contentUrl\":\"https:\\\/\\\/secure.gravatar.com\\\/avatar\\\/a49ef3186a692098ac3e8a1612261e3ad70cf9e44553dff2929e67939a0ecb9d?s=96&d=identicon&r=g\",\"caption\":\"Genof\u00f3ntes Urb\u00e1ez\"},\"logo\":{\"@id\":\"https:\\\/\\\/secure.gravatar.com\\\/avatar\\\/a49ef3186a692098ac3e8a1612261e3ad70cf9e44553dff2929e67939a0ecb9d?s=96&d=identicon&r=g\"},\"description\":\"Periodista \\\/ Locutor\",\"sameAs\":[\"https:\\\/\\\/www.facebook.com\\\/Genofnotes\",\"https:\\\/\\\/www.instagram.com\\\/genofnotes\\\/\"]}]}<\/script>\n<!-- \/ Yoast SEO plugin. -->","yoast_head_json":{"title":"Confiscan 1.4 toneladas coca\u00edna en dos operativos R. Dominicana - Minuto Cero RD","robots":{"index":"index","follow":"follow","max-snippet":"max-snippet:-1","max-image-preview":"max-image-preview:large","max-video-preview":"max-video-preview:-1"},"canonical":"http:\/\/minutocerord.com\/?p=8655","og_locale":"es_ES","og_type":"article","og_title":"Confiscan 1.4 toneladas coca\u00edna en dos operativos R. Dominicana - Minuto Cero RD","og_description":"SANTO DOMINGO.- Las autoridades de la Rep\u00fablica Dominicana confiscaron cerca de 1.4 toneladas de coca\u00edna en dos operativos realizados en las \u00faltimas horas en las costas del pa\u00eds. Se trata del mayor y m\u00e1s costoso alijo descubierto en la historia del pa\u00eds. Ocho personas fueron detenidas, entre ellos cinco venezolanos, un colombiano y dos dominicanos, [&hellip;]","og_url":"http:\/\/minutocerord.com\/?p=8655","og_site_name":"Minuto Cero RD","article_publisher":"https:\/\/www.facebook.com\/Genofnotes","article_author":"https:\/\/www.facebook.com\/Genofnotes","article_published_time":"2022-04-27T01:00:03+00:00","article_modified_time":"2022-04-27T01:00:43+00:00","og_image":[{"width":1259,"height":712,"url":"https:\/\/i0.wp.com\/minutocerord.com\/wp-content\/uploads\/2022\/04\/CN-DOM-2-TONS_1.jpeg?fit=1259%2C712","type":"image\/jpeg"}],"author":"Genof\u00f3ntes Urb\u00e1ez","twitter_card":"summary_large_image","twitter_misc":{"Written by":"Genof\u00f3ntes Urb\u00e1ez","Est. reading time":"2 minutos"},"schema":{"@context":"https:\/\/schema.org","@graph":[{"@type":"Article","@id":"http:\/\/minutocerord.com\/?p=8655#article","isPartOf":{"@id":"http:\/\/minutocerord.com\/?p=8655"},"author":{"name":"Genof\u00f3ntes Urb\u00e1ez","@id":"https:\/\/minutocerord.com\/#\/schema\/person\/60b5372d60aaa0a5171fb6488be9aee6"},"headline":"Confiscan 1.4 toneladas coca\u00edna en dos operativos R. Dominicana","datePublished":"2022-04-27T01:00:03+00:00","dateModified":"2022-04-27T01:00:43+00:00","mainEntityOfPage":{"@id":"http:\/\/minutocerord.com\/?p=8655"},"wordCount":408,"commentCount":0,"publisher":{"@id":"https:\/\/minutocerord.com\/#\/schema\/person\/60b5372d60aaa0a5171fb6488be9aee6"},"image":{"@id":"http:\/\/minutocerord.com\/?p=8655#primaryimage"},"thumbnailUrl":"https:\/\/i0.wp.com\/minutocerord.com\/wp-content\/uploads\/2022\/04\/CN-DOM-2-TONS_1.jpeg?fit=1259%2C712&ssl=1","articleSection":["Nacionales"],"inLanguage":"es-DO","potentialAction":[{"@type":"CommentAction","name":"Comment","target":["http:\/\/minutocerord.com\/?p=8655#respond"]}]},{"@type":"WebPage","@id":"http:\/\/minutocerord.com\/?p=8655","url":"http:\/\/minutocerord.com\/?p=8655","name":"Confiscan 1.4 toneladas coca\u00edna en dos operativos R. Dominicana - Minuto Cero RD","isPartOf":{"@id":"https:\/\/minutocerord.com\/#website"},"primaryImageOfPage":{"@id":"http:\/\/minutocerord.com\/?p=8655#primaryimage"},"image":{"@id":"http:\/\/minutocerord.com\/?p=8655#primaryimage"},"thumbnailUrl":"https:\/\/i0.wp.com\/minutocerord.com\/wp-content\/uploads\/2022\/04\/CN-DOM-2-TONS_1.jpeg?fit=1259%2C712&ssl=1","datePublished":"2022-04-27T01:00:03+00:00","dateModified":"2022-04-27T01:00:43+00:00","breadcrumb":{"@id":"http:\/\/minutocerord.com\/?p=8655#breadcrumb"},"inLanguage":"es-DO","potentialAction":[{"@type":"ReadAction","target":["http:\/\/minutocerord.com\/?p=8655"]}]},{"@type":"ImageObject","inLanguage":"es-DO","@id":"http:\/\/minutocerord.com\/?p=8655#primaryimage","url":"https:\/\/i0.wp.com\/minutocerord.com\/wp-content\/uploads\/2022\/04\/CN-DOM-2-TONS_1.jpeg?fit=1259%2C712&ssl=1","contentUrl":"https:\/\/i0.wp.com\/minutocerord.com\/wp-content\/uploads\/2022\/04\/CN-DOM-2-TONS_1.jpeg?fit=1259%2C712&ssl=1","width":1259,"height":712},{"@type":"BreadcrumbList","@id":"http:\/\/minutocerord.com\/?p=8655#breadcrumb","itemListElement":[{"@type":"ListItem","position":1,"name":"Home","item":"https:\/\/minutocerord.com\/"},{"@type":"ListItem","position":2,"name":"Confiscan 1.4 toneladas coca\u00edna en dos operativos R. Dominicana"}]},{"@type":"WebSite","@id":"https:\/\/minutocerord.com\/#website","url":"https:\/\/minutocerord.com\/","name":"Minuto Cero RD","description":"Periodismo serio y veraz","publisher":{"@id":"https:\/\/minutocerord.com\/#\/schema\/person\/60b5372d60aaa0a5171fb6488be9aee6"},"potentialAction":[{"@type":"SearchAction","target":{"@type":"EntryPoint","urlTemplate":"https:\/\/minutocerord.com\/?s={search_term_string}"},"query-input":{"@type":"PropertyValueSpecification","valueRequired":true,"valueName":"search_term_string"}}],"inLanguage":"es-DO"},{"@type":["Person","Organization"],"@id":"https:\/\/minutocerord.com\/#\/schema\/person\/60b5372d60aaa0a5171fb6488be9aee6","name":"Genof\u00f3ntes Urb\u00e1ez","image":{"@type":"ImageObject","inLanguage":"es-DO","@id":"https:\/\/secure.gravatar.com\/avatar\/a49ef3186a692098ac3e8a1612261e3ad70cf9e44553dff2929e67939a0ecb9d?s=96&d=identicon&r=g","url":"https:\/\/secure.gravatar.com\/avatar\/a49ef3186a692098ac3e8a1612261e3ad70cf9e44553dff2929e67939a0ecb9d?s=96&d=identicon&r=g","contentUrl":"https:\/\/secure.gravatar.com\/avatar\/a49ef3186a692098ac3e8a1612261e3ad70cf9e44553dff2929e67939a0ecb9d?s=96&d=identicon&r=g","caption":"Genof\u00f3ntes Urb\u00e1ez"},"logo":{"@id":"https:\/\/secure.gravatar.com\/avatar\/a49ef3186a692098ac3e8a1612261e3ad70cf9e44553dff2929e67939a0ecb9d?s=96&d=identicon&r=g"},"description":"Periodista \/ Locutor","sameAs":["https:\/\/www.facebook.com\/Genofnotes","https:\/\/www.instagram.com\/genofnotes\/"]}]}},"jetpack_publicize_connections":[],"jetpack_featured_media_url":"https:\/\/i0.wp.com\/minutocerord.com\/wp-content\/uploads\/2022\/04\/CN-DOM-2-TONS_1.jpeg?fit=1259%2C712&ssl=1","jetpack-related-posts":[],"jetpack_sharing_enabled":true,"_links":{"self":[{"href":"https:\/\/minutocerord.com\/index.php?rest_route=\/wp\/v2\/posts\/8655","targetHints":{"allow":["GET"]}}],"collection":[{"href":"https:\/\/minutocerord.com\/index.php?rest_route=\/wp\/v2\/posts"}],"about":[{"href":"https:\/\/minutocerord.com\/index.php?rest_route=\/wp\/v2\/types\/post"}],"author":[{"embeddable":true,"href":"https:\/\/minutocerord.com\/index.php?rest_route=\/wp\/v2\/users\/1"}],"replies":[{"embeddable":true,"href":"https:\/\/minutocerord.com\/index.php?rest_route=%2Fwp%2Fv2%2Fcomments&post=8655"}],"version-history":[{"count":1,"href":"https:\/\/minutocerord.com\/index.php?rest_route=\/wp\/v2\/posts\/8655\/revisions"}],"predecessor-version":[{"id":8657,"href":"https:\/\/minutocerord.com\/index.php?rest_route=\/wp\/v2\/posts\/8655\/revisions\/8657"}],"wp:featuredmedia":[{"embeddable":true,"href":"https:\/\/minutocerord.com\/index.php?rest_route=\/wp\/v2\/media\/8656"}],"wp:attachment":[{"href":"https:\/\/minutocerord.com\/index.php?rest_route=%2Fwp%2Fv2%2Fmedia&parent=8655"}],"wp:term":[{"taxonomy":"category","embeddable":true,"href":"https:\/\/minutocerord.com\/index.php?rest_route=%2Fwp%2Fv2%2Fcategories&post=8655"},{"taxonomy":"post_tag","embeddable":true,"href":"https:\/\/minutocerord.com\/index.php?rest_route=%2Fwp%2Fv2%2Ftags&post=8655"}],"curies":[{"name":"wp","href":"https:\/\/api.w.org\/{rel}","templated":true}]}}