{"id":866,"date":"2020-11-22T11:28:53","date_gmt":"2020-11-22T15:28:53","guid":{"rendered":"https:\/\/minutocerord.com\/?p=866"},"modified":"2020-11-22T11:28:57","modified_gmt":"2020-11-22T15:28:57","slug":"rep-dominicana-da-marcha-atras-y-prohibe-peleas-de-gallos-sin-publico","status":"publish","type":"post","link":"https:\/\/minutocerord.com\/?p=866","title":{"rendered":"Rep. Dominicana da marcha atr\u00e1s y proh\u00edbe peleas de gallos sin p\u00fablico"},"content":{"rendered":"\n<p>SANTO DOMINGO.- La Rep\u00fablica Dominicana decidi\u00f3 suspender las peleas de gallos de manera virtual, que hab\u00eda autorizado a finales de septiembre pasado, debido a que los propietarios y arrendatarios de galleras han incumplido de forma \u00abrecurrente\u00bb el protocolo contra la covid-19.<\/p>\n\n\n\n<p>La informaci\u00f3n fue dada a conocer este s\u00e1bado por el Ministerio de Deportes, que regula una actividad arraigada profundamente en la cultura popular<\/p>\n\n\n\n<p>El organismo establece, en un documento de prensa, que la decisi\u00f3n se tom\u00f3 luego de que el Ministerio de Salud P\u00fablica le formulara una recomendaci\u00f3n en ese sentido.<\/p>\n\n\n\n<div class=\"wp-block-group is-layout-flow wp-block-group-is-layout-flow\"><div class=\"wp-block-group__inner-container\"><\/div><\/div>\n\n\n\n<p>\u00abDadas las violaciones constantes a esos permisos, que en su momento otorg\u00f3 el Ministerio Deportes bajo el compromiso de las galleras de cumplir cabalmente con el protocolo de las autoridades sanitarias para combatir la covid-19, se procede a suspender las lidias de gallos que se hab\u00edan autorizado a celebrarse de manera virtual\u00bb, precisa la informaci\u00f3n.<\/p>\n\n\n\n<p>La disposici\u00f3n, que de acuerdo a la nota de prensa entr\u00f3 en vigor desde ayer, se fundamenta en el incumplimiento recurrente de los propietarios y arrendatarios de galleras y coliseos al protocolo sanitario que se comprometieron a cumplir.<\/p>\n\n\n\n<p>\u00abSe advierte, en ese orden, que toda convocatoria a peleas de gallos, en cualquier establecimiento, se considerar\u00e1 una violaci\u00f3n a las leyes y reglamentos establecidos por las autoridades nacionales para el combate al coronavirus\u00bb, agreg\u00f3 el Ministerio de Deportes.<\/p>\n\n\n\n<p>A finales de septiembre, el organismo autoriz\u00f3 el reinicio de las peleas de gallos, sin la presencia de p\u00fablico, y siempre que se cumplan los protocolos sanitarios para la prevenci\u00f3n de la covid-19.<\/p>\n\n\n\n<p>El ministro de Deportes, Francisco Camacho, as\u00ed lo dej\u00f3 establecido en una comunicaci\u00f3n que envi\u00f3 al presidente del mayor coliseo para la lidia de gallos del pa\u00eds, quien en una carta previa le solicit\u00f3 la reanudaci\u00f3n de las peleas de manera virtual.<\/p>\n\n\n\n<p>\u00abEste Ministerio de Deportes y Recreaci\u00f3n no tiene objeci\u00f3n para estos fines, siempre y cuando se cumpla con el protocolo establecido por el Ministerio de Salud para el cuidado y prevenci\u00f3n de la covid-19 de nuestros ciudadanos\u00bb, dijo el funcionario en esa oportunidad.<\/p>\n","protected":false},"excerpt":{"rendered":"<p>SANTO DOMINGO.- La Rep\u00fablica Dominicana decidi\u00f3 suspender las peleas de gallos de manera virtual, que hab\u00eda autorizado a finales de septiembre pasado, debido a que los propietarios y arrendatarios de galleras han incumplido de forma \u00abrecurrente\u00bb el protocolo contra la covid-19. La informaci\u00f3n fue dada a conocer este s\u00e1bado por el Ministerio de Deportes, que [&hellip;]<\/p>\n","protected":false},"author":1,"featured_media":867,"comment_status":"open","ping_status":"open","sticky":false,"template":"","format":"standard","meta":{"nf_dc_page":"","jetpack_post_was_ever_published":false,"_jetpack_newsletter_access":"","_jetpack_dont_email_post_to_subs":false,"_jetpack_newsletter_tier_id":0,"_jetpack_memberships_contains_paywalled_content":false,"_jetpack_memberships_contains_paid_content":false,"footnotes":"","jetpack_publicize_message":"","jetpack_publicize_feature_enabled":true,"jetpack_social_post_already_shared":false,"jetpack_social_options":{"image_generator_settings":{"template":"highway","default_image_id":0,"font":"","enabled":false},"version":2}},"categories":[73],"tags":[],"class_list":["post-866","post","type-post","status-publish","format-standard","has-post-thumbnail","hentry","category-deportes"],"yoast_head":"<!-- This site is optimized with the Yoast SEO plugin v27.5 - https:\/\/yoast.com\/product\/yoast-seo-wordpress\/ -->\n<title>Rep. Dominicana da marcha atr\u00e1s y proh\u00edbe peleas de gallos sin p\u00fablico - Minuto Cero RD<\/title>\n<meta name=\"robots\" content=\"index, follow, max-snippet:-1, max-image-preview:large, max-video-preview:-1\" \/>\n<link rel=\"canonical\" href=\"http:\/\/minutocerord.com\/?p=866\" \/>\n<meta property=\"og:locale\" content=\"es_ES\" \/>\n<meta property=\"og:type\" content=\"article\" \/>\n<meta property=\"og:title\" content=\"Rep. Dominicana da marcha atr\u00e1s y proh\u00edbe peleas de gallos sin p\u00fablico - Minuto Cero RD\" \/>\n<meta property=\"og:description\" content=\"SANTO DOMINGO.- La Rep\u00fablica Dominicana decidi\u00f3 suspender las peleas de gallos de manera virtual, que hab\u00eda autorizado a finales de septiembre pasado, debido a que los propietarios y arrendatarios de galleras han incumplido de forma \u00abrecurrente\u00bb el protocolo contra la covid-19. La informaci\u00f3n fue dada a conocer este s\u00e1bado por el Ministerio de Deportes, que [&hellip;]\" \/>\n<meta property=\"og:url\" content=\"http:\/\/minutocerord.com\/?p=866\" \/>\n<meta property=\"og:site_name\" content=\"Minuto Cero RD\" \/>\n<meta property=\"article:publisher\" content=\"https:\/\/www.facebook.com\/Genofnotes\" \/>\n<meta property=\"article:author\" content=\"https:\/\/www.facebook.com\/Genofnotes\" \/>\n<meta property=\"article:published_time\" content=\"2020-11-22T15:28:53+00:00\" \/>\n<meta property=\"article:modified_time\" content=\"2020-11-22T15:28:57+00:00\" \/>\n<meta property=\"og:image\" content=\"https:\/\/i0.wp.com\/minutocerord.com\/wp-content\/uploads\/2020\/11\/450_1000_1_7aee6e281d314f97117dc9f5acdc4b37.jpg?fit=960%2C550\" \/>\n\t<meta property=\"og:image:width\" content=\"960\" \/>\n\t<meta property=\"og:image:height\" content=\"550\" \/>\n\t<meta property=\"og:image:type\" content=\"image\/jpeg\" \/>\n<meta name=\"author\" content=\"Genof\u00f3ntes Urb\u00e1ez\" \/>\n<meta name=\"twitter:card\" content=\"summary_large_image\" \/>\n<meta name=\"twitter:label1\" content=\"Written by\" \/>\n\t<meta name=\"twitter:data1\" content=\"Genof\u00f3ntes Urb\u00e1ez\" \/>\n\t<meta name=\"twitter:label2\" content=\"Est. reading time\" \/>\n\t<meta name=\"twitter:data2\" content=\"2 minutos\" \/>\n<script type=\"application\/ld+json\" class=\"yoast-schema-graph\">{\"@context\":\"https:\\\/\\\/schema.org\",\"@graph\":[{\"@type\":\"Article\",\"@id\":\"http:\\\/\\\/minutocerord.com\\\/?p=866#article\",\"isPartOf\":{\"@id\":\"http:\\\/\\\/minutocerord.com\\\/?p=866\"},\"author\":{\"name\":\"Genof\u00f3ntes Urb\u00e1ez\",\"@id\":\"https:\\\/\\\/minutocerord.com\\\/#\\\/schema\\\/person\\\/60b5372d60aaa0a5171fb6488be9aee6\"},\"headline\":\"Rep. Dominicana da marcha atr\u00e1s y proh\u00edbe peleas de gallos sin p\u00fablico\",\"datePublished\":\"2020-11-22T15:28:53+00:00\",\"dateModified\":\"2020-11-22T15:28:57+00:00\",\"mainEntityOfPage\":{\"@id\":\"http:\\\/\\\/minutocerord.com\\\/?p=866\"},\"wordCount\":377,\"commentCount\":0,\"publisher\":{\"@id\":\"https:\\\/\\\/minutocerord.com\\\/#\\\/schema\\\/person\\\/60b5372d60aaa0a5171fb6488be9aee6\"},\"image\":{\"@id\":\"http:\\\/\\\/minutocerord.com\\\/?p=866#primaryimage\"},\"thumbnailUrl\":\"https:\\\/\\\/i0.wp.com\\\/minutocerord.com\\\/wp-content\\\/uploads\\\/2020\\\/11\\\/450_1000_1_7aee6e281d314f97117dc9f5acdc4b37.jpg?fit=960%2C550&ssl=1\",\"articleSection\":[\"Deportes\"],\"inLanguage\":\"es-DO\",\"potentialAction\":[{\"@type\":\"CommentAction\",\"name\":\"Comment\",\"target\":[\"http:\\\/\\\/minutocerord.com\\\/?p=866#respond\"]}]},{\"@type\":\"WebPage\",\"@id\":\"http:\\\/\\\/minutocerord.com\\\/?p=866\",\"url\":\"http:\\\/\\\/minutocerord.com\\\/?p=866\",\"name\":\"Rep. Dominicana da marcha atr\u00e1s y proh\u00edbe peleas de gallos sin p\u00fablico - Minuto Cero RD\",\"isPartOf\":{\"@id\":\"https:\\\/\\\/minutocerord.com\\\/#website\"},\"primaryImageOfPage\":{\"@id\":\"http:\\\/\\\/minutocerord.com\\\/?p=866#primaryimage\"},\"image\":{\"@id\":\"http:\\\/\\\/minutocerord.com\\\/?p=866#primaryimage\"},\"thumbnailUrl\":\"https:\\\/\\\/i0.wp.com\\\/minutocerord.com\\\/wp-content\\\/uploads\\\/2020\\\/11\\\/450_1000_1_7aee6e281d314f97117dc9f5acdc4b37.jpg?fit=960%2C550&ssl=1\",\"datePublished\":\"2020-11-22T15:28:53+00:00\",\"dateModified\":\"2020-11-22T15:28:57+00:00\",\"breadcrumb\":{\"@id\":\"http:\\\/\\\/minutocerord.com\\\/?p=866#breadcrumb\"},\"inLanguage\":\"es-DO\",\"potentialAction\":[{\"@type\":\"ReadAction\",\"target\":[\"http:\\\/\\\/minutocerord.com\\\/?p=866\"]}]},{\"@type\":\"ImageObject\",\"inLanguage\":\"es-DO\",\"@id\":\"http:\\\/\\\/minutocerord.com\\\/?p=866#primaryimage\",\"url\":\"https:\\\/\\\/i0.wp.com\\\/minutocerord.com\\\/wp-content\\\/uploads\\\/2020\\\/11\\\/450_1000_1_7aee6e281d314f97117dc9f5acdc4b37.jpg?fit=960%2C550&ssl=1\",\"contentUrl\":\"https:\\\/\\\/i0.wp.com\\\/minutocerord.com\\\/wp-content\\\/uploads\\\/2020\\\/11\\\/450_1000_1_7aee6e281d314f97117dc9f5acdc4b37.jpg?fit=960%2C550&ssl=1\",\"width\":960,\"height\":550},{\"@type\":\"BreadcrumbList\",\"@id\":\"http:\\\/\\\/minutocerord.com\\\/?p=866#breadcrumb\",\"itemListElement\":[{\"@type\":\"ListItem\",\"position\":1,\"name\":\"Home\",\"item\":\"https:\\\/\\\/minutocerord.com\\\/\"},{\"@type\":\"ListItem\",\"position\":2,\"name\":\"Rep. Dominicana da marcha atr\u00e1s y proh\u00edbe peleas de gallos sin p\u00fablico\"}]},{\"@type\":\"WebSite\",\"@id\":\"https:\\\/\\\/minutocerord.com\\\/#website\",\"url\":\"https:\\\/\\\/minutocerord.com\\\/\",\"name\":\"Minuto Cero RD\",\"description\":\"Periodismo serio y veraz\",\"publisher\":{\"@id\":\"https:\\\/\\\/minutocerord.com\\\/#\\\/schema\\\/person\\\/60b5372d60aaa0a5171fb6488be9aee6\"},\"potentialAction\":[{\"@type\":\"SearchAction\",\"target\":{\"@type\":\"EntryPoint\",\"urlTemplate\":\"https:\\\/\\\/minutocerord.com\\\/?s={search_term_string}\"},\"query-input\":{\"@type\":\"PropertyValueSpecification\",\"valueRequired\":true,\"valueName\":\"search_term_string\"}}],\"inLanguage\":\"es-DO\"},{\"@type\":[\"Person\",\"Organization\"],\"@id\":\"https:\\\/\\\/minutocerord.com\\\/#\\\/schema\\\/person\\\/60b5372d60aaa0a5171fb6488be9aee6\",\"name\":\"Genof\u00f3ntes Urb\u00e1ez\",\"image\":{\"@type\":\"ImageObject\",\"inLanguage\":\"es-DO\",\"@id\":\"https:\\\/\\\/secure.gravatar.com\\\/avatar\\\/a49ef3186a692098ac3e8a1612261e3ad70cf9e44553dff2929e67939a0ecb9d?s=96&d=identicon&r=g\",\"url\":\"https:\\\/\\\/secure.gravatar.com\\\/avatar\\\/a49ef3186a692098ac3e8a1612261e3ad70cf9e44553dff2929e67939a0ecb9d?s=96&d=identicon&r=g\",\"contentUrl\":\"https:\\\/\\\/secure.gravatar.com\\\/avatar\\\/a49ef3186a692098ac3e8a1612261e3ad70cf9e44553dff2929e67939a0ecb9d?s=96&d=identicon&r=g\",\"caption\":\"Genof\u00f3ntes Urb\u00e1ez\"},\"logo\":{\"@id\":\"https:\\\/\\\/secure.gravatar.com\\\/avatar\\\/a49ef3186a692098ac3e8a1612261e3ad70cf9e44553dff2929e67939a0ecb9d?s=96&d=identicon&r=g\"},\"description\":\"Periodista \\\/ Locutor\",\"sameAs\":[\"https:\\\/\\\/www.facebook.com\\\/Genofnotes\",\"https:\\\/\\\/www.instagram.com\\\/genofnotes\\\/\"]}]}<\/script>\n<!-- \/ Yoast SEO plugin. -->","yoast_head_json":{"title":"Rep. Dominicana da marcha atr\u00e1s y proh\u00edbe peleas de gallos sin p\u00fablico - Minuto Cero RD","robots":{"index":"index","follow":"follow","max-snippet":"max-snippet:-1","max-image-preview":"max-image-preview:large","max-video-preview":"max-video-preview:-1"},"canonical":"http:\/\/minutocerord.com\/?p=866","og_locale":"es_ES","og_type":"article","og_title":"Rep. Dominicana da marcha atr\u00e1s y proh\u00edbe peleas de gallos sin p\u00fablico - Minuto Cero RD","og_description":"SANTO DOMINGO.- La Rep\u00fablica Dominicana decidi\u00f3 suspender las peleas de gallos de manera virtual, que hab\u00eda autorizado a finales de septiembre pasado, debido a que los propietarios y arrendatarios de galleras han incumplido de forma \u00abrecurrente\u00bb el protocolo contra la covid-19. La informaci\u00f3n fue dada a conocer este s\u00e1bado por el Ministerio de Deportes, que [&hellip;]","og_url":"http:\/\/minutocerord.com\/?p=866","og_site_name":"Minuto Cero RD","article_publisher":"https:\/\/www.facebook.com\/Genofnotes","article_author":"https:\/\/www.facebook.com\/Genofnotes","article_published_time":"2020-11-22T15:28:53+00:00","article_modified_time":"2020-11-22T15:28:57+00:00","og_image":[{"width":960,"height":550,"url":"https:\/\/i0.wp.com\/minutocerord.com\/wp-content\/uploads\/2020\/11\/450_1000_1_7aee6e281d314f97117dc9f5acdc4b37.jpg?fit=960%2C550","type":"image\/jpeg"}],"author":"Genof\u00f3ntes Urb\u00e1ez","twitter_card":"summary_large_image","twitter_misc":{"Written by":"Genof\u00f3ntes Urb\u00e1ez","Est. reading time":"2 minutos"},"schema":{"@context":"https:\/\/schema.org","@graph":[{"@type":"Article","@id":"http:\/\/minutocerord.com\/?p=866#article","isPartOf":{"@id":"http:\/\/minutocerord.com\/?p=866"},"author":{"name":"Genof\u00f3ntes Urb\u00e1ez","@id":"https:\/\/minutocerord.com\/#\/schema\/person\/60b5372d60aaa0a5171fb6488be9aee6"},"headline":"Rep. Dominicana da marcha atr\u00e1s y proh\u00edbe peleas de gallos sin p\u00fablico","datePublished":"2020-11-22T15:28:53+00:00","dateModified":"2020-11-22T15:28:57+00:00","mainEntityOfPage":{"@id":"http:\/\/minutocerord.com\/?p=866"},"wordCount":377,"commentCount":0,"publisher":{"@id":"https:\/\/minutocerord.com\/#\/schema\/person\/60b5372d60aaa0a5171fb6488be9aee6"},"image":{"@id":"http:\/\/minutocerord.com\/?p=866#primaryimage"},"thumbnailUrl":"https:\/\/i0.wp.com\/minutocerord.com\/wp-content\/uploads\/2020\/11\/450_1000_1_7aee6e281d314f97117dc9f5acdc4b37.jpg?fit=960%2C550&ssl=1","articleSection":["Deportes"],"inLanguage":"es-DO","potentialAction":[{"@type":"CommentAction","name":"Comment","target":["http:\/\/minutocerord.com\/?p=866#respond"]}]},{"@type":"WebPage","@id":"http:\/\/minutocerord.com\/?p=866","url":"http:\/\/minutocerord.com\/?p=866","name":"Rep. Dominicana da marcha atr\u00e1s y proh\u00edbe peleas de gallos sin p\u00fablico - Minuto Cero RD","isPartOf":{"@id":"https:\/\/minutocerord.com\/#website"},"primaryImageOfPage":{"@id":"http:\/\/minutocerord.com\/?p=866#primaryimage"},"image":{"@id":"http:\/\/minutocerord.com\/?p=866#primaryimage"},"thumbnailUrl":"https:\/\/i0.wp.com\/minutocerord.com\/wp-content\/uploads\/2020\/11\/450_1000_1_7aee6e281d314f97117dc9f5acdc4b37.jpg?fit=960%2C550&ssl=1","datePublished":"2020-11-22T15:28:53+00:00","dateModified":"2020-11-22T15:28:57+00:00","breadcrumb":{"@id":"http:\/\/minutocerord.com\/?p=866#breadcrumb"},"inLanguage":"es-DO","potentialAction":[{"@type":"ReadAction","target":["http:\/\/minutocerord.com\/?p=866"]}]},{"@type":"ImageObject","inLanguage":"es-DO","@id":"http:\/\/minutocerord.com\/?p=866#primaryimage","url":"https:\/\/i0.wp.com\/minutocerord.com\/wp-content\/uploads\/2020\/11\/450_1000_1_7aee6e281d314f97117dc9f5acdc4b37.jpg?fit=960%2C550&ssl=1","contentUrl":"https:\/\/i0.wp.com\/minutocerord.com\/wp-content\/uploads\/2020\/11\/450_1000_1_7aee6e281d314f97117dc9f5acdc4b37.jpg?fit=960%2C550&ssl=1","width":960,"height":550},{"@type":"BreadcrumbList","@id":"http:\/\/minutocerord.com\/?p=866#breadcrumb","itemListElement":[{"@type":"ListItem","position":1,"name":"Home","item":"https:\/\/minutocerord.com\/"},{"@type":"ListItem","position":2,"name":"Rep. Dominicana da marcha atr\u00e1s y proh\u00edbe peleas de gallos sin p\u00fablico"}]},{"@type":"WebSite","@id":"https:\/\/minutocerord.com\/#website","url":"https:\/\/minutocerord.com\/","name":"Minuto Cero RD","description":"Periodismo serio y veraz","publisher":{"@id":"https:\/\/minutocerord.com\/#\/schema\/person\/60b5372d60aaa0a5171fb6488be9aee6"},"potentialAction":[{"@type":"SearchAction","target":{"@type":"EntryPoint","urlTemplate":"https:\/\/minutocerord.com\/?s={search_term_string}"},"query-input":{"@type":"PropertyValueSpecification","valueRequired":true,"valueName":"search_term_string"}}],"inLanguage":"es-DO"},{"@type":["Person","Organization"],"@id":"https:\/\/minutocerord.com\/#\/schema\/person\/60b5372d60aaa0a5171fb6488be9aee6","name":"Genof\u00f3ntes Urb\u00e1ez","image":{"@type":"ImageObject","inLanguage":"es-DO","@id":"https:\/\/secure.gravatar.com\/avatar\/a49ef3186a692098ac3e8a1612261e3ad70cf9e44553dff2929e67939a0ecb9d?s=96&d=identicon&r=g","url":"https:\/\/secure.gravatar.com\/avatar\/a49ef3186a692098ac3e8a1612261e3ad70cf9e44553dff2929e67939a0ecb9d?s=96&d=identicon&r=g","contentUrl":"https:\/\/secure.gravatar.com\/avatar\/a49ef3186a692098ac3e8a1612261e3ad70cf9e44553dff2929e67939a0ecb9d?s=96&d=identicon&r=g","caption":"Genof\u00f3ntes Urb\u00e1ez"},"logo":{"@id":"https:\/\/secure.gravatar.com\/avatar\/a49ef3186a692098ac3e8a1612261e3ad70cf9e44553dff2929e67939a0ecb9d?s=96&d=identicon&r=g"},"description":"Periodista \/ Locutor","sameAs":["https:\/\/www.facebook.com\/Genofnotes","https:\/\/www.instagram.com\/genofnotes\/"]}]}},"jetpack_publicize_connections":[],"jetpack_featured_media_url":"https:\/\/i0.wp.com\/minutocerord.com\/wp-content\/uploads\/2020\/11\/450_1000_1_7aee6e281d314f97117dc9f5acdc4b37.jpg?fit=960%2C550&ssl=1","jetpack-related-posts":[],"jetpack_sharing_enabled":true,"_links":{"self":[{"href":"https:\/\/minutocerord.com\/index.php?rest_route=\/wp\/v2\/posts\/866","targetHints":{"allow":["GET"]}}],"collection":[{"href":"https:\/\/minutocerord.com\/index.php?rest_route=\/wp\/v2\/posts"}],"about":[{"href":"https:\/\/minutocerord.com\/index.php?rest_route=\/wp\/v2\/types\/post"}],"author":[{"embeddable":true,"href":"https:\/\/minutocerord.com\/index.php?rest_route=\/wp\/v2\/users\/1"}],"replies":[{"embeddable":true,"href":"https:\/\/minutocerord.com\/index.php?rest_route=%2Fwp%2Fv2%2Fcomments&post=866"}],"version-history":[{"count":1,"href":"https:\/\/minutocerord.com\/index.php?rest_route=\/wp\/v2\/posts\/866\/revisions"}],"predecessor-version":[{"id":868,"href":"https:\/\/minutocerord.com\/index.php?rest_route=\/wp\/v2\/posts\/866\/revisions\/868"}],"wp:featuredmedia":[{"embeddable":true,"href":"https:\/\/minutocerord.com\/index.php?rest_route=\/wp\/v2\/media\/867"}],"wp:attachment":[{"href":"https:\/\/minutocerord.com\/index.php?rest_route=%2Fwp%2Fv2%2Fmedia&parent=866"}],"wp:term":[{"taxonomy":"category","embeddable":true,"href":"https:\/\/minutocerord.com\/index.php?rest_route=%2Fwp%2Fv2%2Fcategories&post=866"},{"taxonomy":"post_tag","embeddable":true,"href":"https:\/\/minutocerord.com\/index.php?rest_route=%2Fwp%2Fv2%2Ftags&post=866"}],"curies":[{"name":"wp","href":"https:\/\/api.w.org\/{rel}","templated":true}]}}