{"id":8672,"date":"2022-04-27T21:19:09","date_gmt":"2022-04-28T01:19:09","guid":{"rendered":"https:\/\/minutocerord.com\/?p=8672"},"modified":"2022-04-27T21:19:15","modified_gmt":"2022-04-28T01:19:15","slug":"eeuu-ratifica-apoyo-a-r-dominicana-en-la-lucha-contra-el-narcotrafico","status":"publish","type":"post","link":"https:\/\/minutocerord.com\/?p=8672","title":{"rendered":"EEUU ratifica apoyo a R. Dominicana en la lucha contra el narcotr\u00e1fico"},"content":{"rendered":"\n<p><strong>Santo Domingo.- <\/strong>Estados Unidos ratific\u00f3 su \u00abfirme apoyo\u00bb a los esfuerzos de Rep\u00fablica Dominicana para enfrenar y detener el narcotr\u00e1fico y sus delitos conexos, afirm\u00f3 la responsable para el Caribe de la Agencia Antidrogas estadounidense (DEA, por sus siglas en ingl\u00e9s), Denise Foster.<\/p>\n\n\n\n<p>La funcionaria estadounidense se reuni\u00f3 con el presidente de la Direcci\u00f3n Nacional de Control de Drogas (DNCD), Jos\u00e9 Cabrera Ulloa, en el marco del fortalecimiento de la cooperaci\u00f3n internacional, para combatir el narcotr\u00e1fico, el lavado de activos y el delito transnacional, precis\u00f3 una nota de ese organismo divulgada este mi\u00e9rcoles.<\/p>\n\n\n\n<p><strong>\u00abRatificamos nuestro firme apoyo a los esfuerzos de la Rep\u00fablica Dominicana y de los pa\u00edses de la regi\u00f3n, en estas acciones conjuntas para enfrentar y detener el narcotr\u00e1fico y sus delitos conexos\u00bb, expuso Foster<\/strong>.<\/p>\n\n\n\n<p><strong>REUNI\u00d3N<\/strong><\/p>\n\n\n\n<p>La reuni\u00f3n se realiz\u00f3 en la sede central de la DNCD y cont\u00f3 con la presencia del agente especial de la DEA en Puerto Rico, Greg Garza.<\/p>\n\n\n\n<p>Cabrera Ulloa, por su parte, resalt\u00f3 la cooperaci\u00f3n \u00abdeterminante\u00bb de la DEA para, asegur\u00f3, desmantelar las estructuras de narcotr\u00e1fico nacional e internacional.<\/p>\n\n\n\n<p>Afirm\u00f3 que su pa\u00eds tiene el compromiso de continuar trabajando, junto a los pa\u00edses aliados, para enfrentar las amenazas del tr\u00e1fico il\u00edcito de sustancias controladas.<\/p>\n\n\n\n<p><strong>6.6 TONELADAS DE COCA\u00cdNA DECOMISADA EN ABRIL<\/strong><\/p>\n\n\n\n<p>La informaci\u00f3n fue difundida horas despu\u00e9s de que las autoridades dominicanas confiscaron este mi\u00e9rcoles 344 paquetes de coca\u00edna en un operativo mar\u00edtimo cerca de las costas de Peravia (sur), elevando a 6,4 toneladas el total de coca\u00edna decomisada en abril.<\/p>\n\n\n\n<p>La operaci\u00f3n, realizada por agentes de la DNCD, la Armada de Rep\u00fablica Dominicana, la Fuerza A\u00e9rea y agencias de inteligencia del Estado, llev\u00f3 a la detenci\u00f3n de tres hombres, dos dominicanos y un colombiano, que llevaban la droga en una lancha.<\/p>\n\n\n\n<p>Las 6,4 toneladas de coca\u00edna confiscada en abril supera al total de la coca\u00edna decomisada en el primer trimestre, que asciende a 5,9 toneladas, seg\u00fan cifras consolidadas.<\/p>\n\n\n\n<p>El martes la DNCD inform\u00f3 de otros dos operativos en los que se confiscaron cerca de 1,4 toneladas de coca\u00edna y ocho personas fueron detenidas, entre ellos cinco venezolanos, un colombiano y dos dominicanos.EFE<\/p>\n","protected":false},"excerpt":{"rendered":"<p>Santo Domingo.- Estados Unidos ratific\u00f3 su \u00abfirme apoyo\u00bb a los esfuerzos de Rep\u00fablica Dominicana para enfrenar y detener el narcotr\u00e1fico y sus delitos conexos, afirm\u00f3 la responsable para el Caribe de la Agencia Antidrogas estadounidense (DEA, por sus siglas en ingl\u00e9s), Denise Foster. La funcionaria estadounidense se reuni\u00f3 con el presidente de la Direcci\u00f3n Nacional [&hellip;]<\/p>\n","protected":false},"author":1,"featured_media":8673,"comment_status":"open","ping_status":"open","sticky":false,"template":"","format":"standard","meta":{"nf_dc_page":"","jetpack_post_was_ever_published":false,"_jetpack_newsletter_access":"","_jetpack_dont_email_post_to_subs":false,"_jetpack_newsletter_tier_id":0,"_jetpack_memberships_contains_paywalled_content":false,"_jetpack_memberships_contains_paid_content":false,"footnotes":"","jetpack_publicize_message":"","jetpack_publicize_feature_enabled":true,"jetpack_social_post_already_shared":false,"jetpack_social_options":{"image_generator_settings":{"template":"highway","default_image_id":0,"font":"","enabled":false},"version":2}},"categories":[65],"tags":[],"class_list":["post-8672","post","type-post","status-publish","format-standard","has-post-thumbnail","hentry","category-nacionales"],"yoast_head":"<!-- This site is optimized with the Yoast SEO plugin v27.4 - https:\/\/yoast.com\/product\/yoast-seo-wordpress\/ -->\n<title>EEUU ratifica apoyo a R. Dominicana en la lucha contra el narcotr\u00e1fico - Minuto Cero RD<\/title>\n<meta name=\"robots\" content=\"index, follow, max-snippet:-1, max-image-preview:large, max-video-preview:-1\" \/>\n<link rel=\"canonical\" href=\"https:\/\/minutocerord.com\/?p=8672\" \/>\n<meta property=\"og:locale\" content=\"es_ES\" \/>\n<meta property=\"og:type\" content=\"article\" \/>\n<meta property=\"og:title\" content=\"EEUU ratifica apoyo a R. Dominicana en la lucha contra el narcotr\u00e1fico - Minuto Cero RD\" \/>\n<meta property=\"og:description\" content=\"Santo Domingo.- Estados Unidos ratific\u00f3 su \u00abfirme apoyo\u00bb a los esfuerzos de Rep\u00fablica Dominicana para enfrenar y detener el narcotr\u00e1fico y sus delitos conexos, afirm\u00f3 la responsable para el Caribe de la Agencia Antidrogas estadounidense (DEA, por sus siglas en ingl\u00e9s), Denise Foster. La funcionaria estadounidense se reuni\u00f3 con el presidente de la Direcci\u00f3n Nacional [&hellip;]\" \/>\n<meta property=\"og:url\" content=\"https:\/\/minutocerord.com\/?p=8672\" \/>\n<meta property=\"og:site_name\" content=\"Minuto Cero RD\" \/>\n<meta property=\"article:publisher\" content=\"https:\/\/www.facebook.com\/Genofnotes\" \/>\n<meta property=\"article:author\" content=\"https:\/\/www.facebook.com\/Genofnotes\" \/>\n<meta property=\"article:published_time\" content=\"2022-04-28T01:19:09+00:00\" \/>\n<meta property=\"article:modified_time\" content=\"2022-04-28T01:19:15+00:00\" \/>\n<meta property=\"og:image\" content=\"https:\/\/i0.wp.com\/minutocerord.com\/wp-content\/uploads\/2022\/04\/0F7EF103-856C-43F6-9EC9-1E5F60997E5D.jpeg?fit=611%2C400&ssl=1\" \/>\n\t<meta property=\"og:image:width\" content=\"611\" \/>\n\t<meta property=\"og:image:height\" content=\"400\" \/>\n\t<meta property=\"og:image:type\" content=\"image\/jpeg\" \/>\n<meta name=\"author\" content=\"Genof\u00f3ntes Urb\u00e1ez\" \/>\n<meta name=\"twitter:card\" content=\"summary_large_image\" \/>\n<meta name=\"twitter:label1\" content=\"Written by\" \/>\n\t<meta name=\"twitter:data1\" content=\"Genof\u00f3ntes Urb\u00e1ez\" \/>\n\t<meta name=\"twitter:label2\" content=\"Est. reading time\" \/>\n\t<meta name=\"twitter:data2\" content=\"2 minutos\" \/>\n<script type=\"application\/ld+json\" class=\"yoast-schema-graph\">{\"@context\":\"https:\\\/\\\/schema.org\",\"@graph\":[{\"@type\":\"Article\",\"@id\":\"https:\\\/\\\/minutocerord.com\\\/?p=8672#article\",\"isPartOf\":{\"@id\":\"https:\\\/\\\/minutocerord.com\\\/?p=8672\"},\"author\":{\"name\":\"Genof\u00f3ntes Urb\u00e1ez\",\"@id\":\"https:\\\/\\\/minutocerord.com\\\/#\\\/schema\\\/person\\\/60b5372d60aaa0a5171fb6488be9aee6\"},\"headline\":\"EEUU ratifica apoyo a R. Dominicana en la lucha contra el narcotr\u00e1fico\",\"datePublished\":\"2022-04-28T01:19:09+00:00\",\"dateModified\":\"2022-04-28T01:19:15+00:00\",\"mainEntityOfPage\":{\"@id\":\"https:\\\/\\\/minutocerord.com\\\/?p=8672\"},\"wordCount\":394,\"commentCount\":0,\"publisher\":{\"@id\":\"https:\\\/\\\/minutocerord.com\\\/#\\\/schema\\\/person\\\/60b5372d60aaa0a5171fb6488be9aee6\"},\"image\":{\"@id\":\"https:\\\/\\\/minutocerord.com\\\/?p=8672#primaryimage\"},\"thumbnailUrl\":\"https:\\\/\\\/i0.wp.com\\\/minutocerord.com\\\/wp-content\\\/uploads\\\/2022\\\/04\\\/0F7EF103-856C-43F6-9EC9-1E5F60997E5D.jpeg?fit=611%2C400&ssl=1\",\"articleSection\":[\"Nacionales\"],\"inLanguage\":\"es-DO\",\"potentialAction\":[{\"@type\":\"CommentAction\",\"name\":\"Comment\",\"target\":[\"https:\\\/\\\/minutocerord.com\\\/?p=8672#respond\"]}]},{\"@type\":\"WebPage\",\"@id\":\"https:\\\/\\\/minutocerord.com\\\/?p=8672\",\"url\":\"https:\\\/\\\/minutocerord.com\\\/?p=8672\",\"name\":\"EEUU ratifica apoyo a R. Dominicana en la lucha contra el narcotr\u00e1fico - Minuto Cero RD\",\"isPartOf\":{\"@id\":\"https:\\\/\\\/minutocerord.com\\\/#website\"},\"primaryImageOfPage\":{\"@id\":\"https:\\\/\\\/minutocerord.com\\\/?p=8672#primaryimage\"},\"image\":{\"@id\":\"https:\\\/\\\/minutocerord.com\\\/?p=8672#primaryimage\"},\"thumbnailUrl\":\"https:\\\/\\\/i0.wp.com\\\/minutocerord.com\\\/wp-content\\\/uploads\\\/2022\\\/04\\\/0F7EF103-856C-43F6-9EC9-1E5F60997E5D.jpeg?fit=611%2C400&ssl=1\",\"datePublished\":\"2022-04-28T01:19:09+00:00\",\"dateModified\":\"2022-04-28T01:19:15+00:00\",\"breadcrumb\":{\"@id\":\"https:\\\/\\\/minutocerord.com\\\/?p=8672#breadcrumb\"},\"inLanguage\":\"es-DO\",\"potentialAction\":[{\"@type\":\"ReadAction\",\"target\":[\"https:\\\/\\\/minutocerord.com\\\/?p=8672\"]}]},{\"@type\":\"ImageObject\",\"inLanguage\":\"es-DO\",\"@id\":\"https:\\\/\\\/minutocerord.com\\\/?p=8672#primaryimage\",\"url\":\"https:\\\/\\\/i0.wp.com\\\/minutocerord.com\\\/wp-content\\\/uploads\\\/2022\\\/04\\\/0F7EF103-856C-43F6-9EC9-1E5F60997E5D.jpeg?fit=611%2C400&ssl=1\",\"contentUrl\":\"https:\\\/\\\/i0.wp.com\\\/minutocerord.com\\\/wp-content\\\/uploads\\\/2022\\\/04\\\/0F7EF103-856C-43F6-9EC9-1E5F60997E5D.jpeg?fit=611%2C400&ssl=1\",\"width\":611,\"height\":400},{\"@type\":\"BreadcrumbList\",\"@id\":\"https:\\\/\\\/minutocerord.com\\\/?p=8672#breadcrumb\",\"itemListElement\":[{\"@type\":\"ListItem\",\"position\":1,\"name\":\"Home\",\"item\":\"https:\\\/\\\/minutocerord.com\\\/\"},{\"@type\":\"ListItem\",\"position\":2,\"name\":\"EEUU ratifica apoyo a R. Dominicana en la lucha contra el narcotr\u00e1fico\"}]},{\"@type\":\"WebSite\",\"@id\":\"https:\\\/\\\/minutocerord.com\\\/#website\",\"url\":\"https:\\\/\\\/minutocerord.com\\\/\",\"name\":\"Minuto Cero RD\",\"description\":\"Periodismo serio y veraz\",\"publisher\":{\"@id\":\"https:\\\/\\\/minutocerord.com\\\/#\\\/schema\\\/person\\\/60b5372d60aaa0a5171fb6488be9aee6\"},\"potentialAction\":[{\"@type\":\"SearchAction\",\"target\":{\"@type\":\"EntryPoint\",\"urlTemplate\":\"https:\\\/\\\/minutocerord.com\\\/?s={search_term_string}\"},\"query-input\":{\"@type\":\"PropertyValueSpecification\",\"valueRequired\":true,\"valueName\":\"search_term_string\"}}],\"inLanguage\":\"es-DO\"},{\"@type\":[\"Person\",\"Organization\"],\"@id\":\"https:\\\/\\\/minutocerord.com\\\/#\\\/schema\\\/person\\\/60b5372d60aaa0a5171fb6488be9aee6\",\"name\":\"Genof\u00f3ntes Urb\u00e1ez\",\"image\":{\"@type\":\"ImageObject\",\"inLanguage\":\"es-DO\",\"@id\":\"https:\\\/\\\/secure.gravatar.com\\\/avatar\\\/a49ef3186a692098ac3e8a1612261e3ad70cf9e44553dff2929e67939a0ecb9d?s=96&d=identicon&r=g\",\"url\":\"https:\\\/\\\/secure.gravatar.com\\\/avatar\\\/a49ef3186a692098ac3e8a1612261e3ad70cf9e44553dff2929e67939a0ecb9d?s=96&d=identicon&r=g\",\"contentUrl\":\"https:\\\/\\\/secure.gravatar.com\\\/avatar\\\/a49ef3186a692098ac3e8a1612261e3ad70cf9e44553dff2929e67939a0ecb9d?s=96&d=identicon&r=g\",\"caption\":\"Genof\u00f3ntes Urb\u00e1ez\"},\"logo\":{\"@id\":\"https:\\\/\\\/secure.gravatar.com\\\/avatar\\\/a49ef3186a692098ac3e8a1612261e3ad70cf9e44553dff2929e67939a0ecb9d?s=96&d=identicon&r=g\"},\"description\":\"Periodista \\\/ Locutor\",\"sameAs\":[\"https:\\\/\\\/www.facebook.com\\\/Genofnotes\",\"https:\\\/\\\/www.instagram.com\\\/genofnotes\\\/\"]}]}<\/script>\n<!-- \/ Yoast SEO plugin. -->","yoast_head_json":{"title":"EEUU ratifica apoyo a R. Dominicana en la lucha contra el narcotr\u00e1fico - Minuto Cero RD","robots":{"index":"index","follow":"follow","max-snippet":"max-snippet:-1","max-image-preview":"max-image-preview:large","max-video-preview":"max-video-preview:-1"},"canonical":"https:\/\/minutocerord.com\/?p=8672","og_locale":"es_ES","og_type":"article","og_title":"EEUU ratifica apoyo a R. Dominicana en la lucha contra el narcotr\u00e1fico - Minuto Cero RD","og_description":"Santo Domingo.- Estados Unidos ratific\u00f3 su \u00abfirme apoyo\u00bb a los esfuerzos de Rep\u00fablica Dominicana para enfrenar y detener el narcotr\u00e1fico y sus delitos conexos, afirm\u00f3 la responsable para el Caribe de la Agencia Antidrogas estadounidense (DEA, por sus siglas en ingl\u00e9s), Denise Foster. La funcionaria estadounidense se reuni\u00f3 con el presidente de la Direcci\u00f3n Nacional [&hellip;]","og_url":"https:\/\/minutocerord.com\/?p=8672","og_site_name":"Minuto Cero RD","article_publisher":"https:\/\/www.facebook.com\/Genofnotes","article_author":"https:\/\/www.facebook.com\/Genofnotes","article_published_time":"2022-04-28T01:19:09+00:00","article_modified_time":"2022-04-28T01:19:15+00:00","og_image":[{"width":611,"height":400,"url":"https:\/\/i0.wp.com\/minutocerord.com\/wp-content\/uploads\/2022\/04\/0F7EF103-856C-43F6-9EC9-1E5F60997E5D.jpeg?fit=611%2C400&ssl=1","type":"image\/jpeg"}],"author":"Genof\u00f3ntes Urb\u00e1ez","twitter_card":"summary_large_image","twitter_misc":{"Written by":"Genof\u00f3ntes Urb\u00e1ez","Est. reading time":"2 minutos"},"schema":{"@context":"https:\/\/schema.org","@graph":[{"@type":"Article","@id":"https:\/\/minutocerord.com\/?p=8672#article","isPartOf":{"@id":"https:\/\/minutocerord.com\/?p=8672"},"author":{"name":"Genof\u00f3ntes Urb\u00e1ez","@id":"https:\/\/minutocerord.com\/#\/schema\/person\/60b5372d60aaa0a5171fb6488be9aee6"},"headline":"EEUU ratifica apoyo a R. Dominicana en la lucha contra el narcotr\u00e1fico","datePublished":"2022-04-28T01:19:09+00:00","dateModified":"2022-04-28T01:19:15+00:00","mainEntityOfPage":{"@id":"https:\/\/minutocerord.com\/?p=8672"},"wordCount":394,"commentCount":0,"publisher":{"@id":"https:\/\/minutocerord.com\/#\/schema\/person\/60b5372d60aaa0a5171fb6488be9aee6"},"image":{"@id":"https:\/\/minutocerord.com\/?p=8672#primaryimage"},"thumbnailUrl":"https:\/\/i0.wp.com\/minutocerord.com\/wp-content\/uploads\/2022\/04\/0F7EF103-856C-43F6-9EC9-1E5F60997E5D.jpeg?fit=611%2C400&ssl=1","articleSection":["Nacionales"],"inLanguage":"es-DO","potentialAction":[{"@type":"CommentAction","name":"Comment","target":["https:\/\/minutocerord.com\/?p=8672#respond"]}]},{"@type":"WebPage","@id":"https:\/\/minutocerord.com\/?p=8672","url":"https:\/\/minutocerord.com\/?p=8672","name":"EEUU ratifica apoyo a R. Dominicana en la lucha contra el narcotr\u00e1fico - Minuto Cero RD","isPartOf":{"@id":"https:\/\/minutocerord.com\/#website"},"primaryImageOfPage":{"@id":"https:\/\/minutocerord.com\/?p=8672#primaryimage"},"image":{"@id":"https:\/\/minutocerord.com\/?p=8672#primaryimage"},"thumbnailUrl":"https:\/\/i0.wp.com\/minutocerord.com\/wp-content\/uploads\/2022\/04\/0F7EF103-856C-43F6-9EC9-1E5F60997E5D.jpeg?fit=611%2C400&ssl=1","datePublished":"2022-04-28T01:19:09+00:00","dateModified":"2022-04-28T01:19:15+00:00","breadcrumb":{"@id":"https:\/\/minutocerord.com\/?p=8672#breadcrumb"},"inLanguage":"es-DO","potentialAction":[{"@type":"ReadAction","target":["https:\/\/minutocerord.com\/?p=8672"]}]},{"@type":"ImageObject","inLanguage":"es-DO","@id":"https:\/\/minutocerord.com\/?p=8672#primaryimage","url":"https:\/\/i0.wp.com\/minutocerord.com\/wp-content\/uploads\/2022\/04\/0F7EF103-856C-43F6-9EC9-1E5F60997E5D.jpeg?fit=611%2C400&ssl=1","contentUrl":"https:\/\/i0.wp.com\/minutocerord.com\/wp-content\/uploads\/2022\/04\/0F7EF103-856C-43F6-9EC9-1E5F60997E5D.jpeg?fit=611%2C400&ssl=1","width":611,"height":400},{"@type":"BreadcrumbList","@id":"https:\/\/minutocerord.com\/?p=8672#breadcrumb","itemListElement":[{"@type":"ListItem","position":1,"name":"Home","item":"https:\/\/minutocerord.com\/"},{"@type":"ListItem","position":2,"name":"EEUU ratifica apoyo a R. Dominicana en la lucha contra el narcotr\u00e1fico"}]},{"@type":"WebSite","@id":"https:\/\/minutocerord.com\/#website","url":"https:\/\/minutocerord.com\/","name":"Minuto Cero RD","description":"Periodismo serio y veraz","publisher":{"@id":"https:\/\/minutocerord.com\/#\/schema\/person\/60b5372d60aaa0a5171fb6488be9aee6"},"potentialAction":[{"@type":"SearchAction","target":{"@type":"EntryPoint","urlTemplate":"https:\/\/minutocerord.com\/?s={search_term_string}"},"query-input":{"@type":"PropertyValueSpecification","valueRequired":true,"valueName":"search_term_string"}}],"inLanguage":"es-DO"},{"@type":["Person","Organization"],"@id":"https:\/\/minutocerord.com\/#\/schema\/person\/60b5372d60aaa0a5171fb6488be9aee6","name":"Genof\u00f3ntes Urb\u00e1ez","image":{"@type":"ImageObject","inLanguage":"es-DO","@id":"https:\/\/secure.gravatar.com\/avatar\/a49ef3186a692098ac3e8a1612261e3ad70cf9e44553dff2929e67939a0ecb9d?s=96&d=identicon&r=g","url":"https:\/\/secure.gravatar.com\/avatar\/a49ef3186a692098ac3e8a1612261e3ad70cf9e44553dff2929e67939a0ecb9d?s=96&d=identicon&r=g","contentUrl":"https:\/\/secure.gravatar.com\/avatar\/a49ef3186a692098ac3e8a1612261e3ad70cf9e44553dff2929e67939a0ecb9d?s=96&d=identicon&r=g","caption":"Genof\u00f3ntes Urb\u00e1ez"},"logo":{"@id":"https:\/\/secure.gravatar.com\/avatar\/a49ef3186a692098ac3e8a1612261e3ad70cf9e44553dff2929e67939a0ecb9d?s=96&d=identicon&r=g"},"description":"Periodista \/ Locutor","sameAs":["https:\/\/www.facebook.com\/Genofnotes","https:\/\/www.instagram.com\/genofnotes\/"]}]}},"jetpack_publicize_connections":[],"jetpack_featured_media_url":"https:\/\/i0.wp.com\/minutocerord.com\/wp-content\/uploads\/2022\/04\/0F7EF103-856C-43F6-9EC9-1E5F60997E5D.jpeg?fit=611%2C400&ssl=1","jetpack-related-posts":[],"jetpack_sharing_enabled":true,"_links":{"self":[{"href":"https:\/\/minutocerord.com\/index.php?rest_route=\/wp\/v2\/posts\/8672","targetHints":{"allow":["GET"]}}],"collection":[{"href":"https:\/\/minutocerord.com\/index.php?rest_route=\/wp\/v2\/posts"}],"about":[{"href":"https:\/\/minutocerord.com\/index.php?rest_route=\/wp\/v2\/types\/post"}],"author":[{"embeddable":true,"href":"https:\/\/minutocerord.com\/index.php?rest_route=\/wp\/v2\/users\/1"}],"replies":[{"embeddable":true,"href":"https:\/\/minutocerord.com\/index.php?rest_route=%2Fwp%2Fv2%2Fcomments&post=8672"}],"version-history":[{"count":1,"href":"https:\/\/minutocerord.com\/index.php?rest_route=\/wp\/v2\/posts\/8672\/revisions"}],"predecessor-version":[{"id":8674,"href":"https:\/\/minutocerord.com\/index.php?rest_route=\/wp\/v2\/posts\/8672\/revisions\/8674"}],"wp:featuredmedia":[{"embeddable":true,"href":"https:\/\/minutocerord.com\/index.php?rest_route=\/wp\/v2\/media\/8673"}],"wp:attachment":[{"href":"https:\/\/minutocerord.com\/index.php?rest_route=%2Fwp%2Fv2%2Fmedia&parent=8672"}],"wp:term":[{"taxonomy":"category","embeddable":true,"href":"https:\/\/minutocerord.com\/index.php?rest_route=%2Fwp%2Fv2%2Fcategories&post=8672"},{"taxonomy":"post_tag","embeddable":true,"href":"https:\/\/minutocerord.com\/index.php?rest_route=%2Fwp%2Fv2%2Ftags&post=8672"}],"curies":[{"name":"wp","href":"https:\/\/api.w.org\/{rel}","templated":true}]}}