{"id":8683,"date":"2022-04-27T23:35:39","date_gmt":"2022-04-28T03:35:39","guid":{"rendered":"https:\/\/minutocerord.com\/?p=8683"},"modified":"2022-04-27T23:41:22","modified_gmt":"2022-04-28T03:41:22","slug":"ex-primer-ministro-haitiano-denuncia-supuestos-abusos-a-haitianos-en-rd","status":"publish","type":"post","link":"https:\/\/minutocerord.com\/?p=8683","title":{"rendered":"Ex primer ministro haitiano denuncia supuestos abusos a haitianos en RD"},"content":{"rendered":"\n<p><strong>&nbsp;Santo Domingo, RD.- <\/strong>El ex primer ministro interino de Hait\u00ed, Claude Joseph, divulg\u00f3 un video donde se observa a militares dominicanos maltratando a una persona, que parece ser un inmigrante haitiano.<\/p>\n\n\n\n<p>A trav\u00e9s de su cuenta de Twitter, Joseph subi\u00f3 un video, que no data de fecha ni detalles sobre cu\u00e1ndo o d\u00f3nde fue grabado, y en \u00e9l se observan unos cuatro militares dominicanos, uno de ellos con una gorra de la DGM (Direcci\u00f3n General de Migraci\u00f3n) forcejeando con el civil.<\/p>\n\n\n\n<p>El video, grabado detr\u00e1s de una aparente verja de metal, muestra c\u00f3mo los militares toman al ciudadano por la ropa, lo golpean en principio con una cadena y despu\u00e9s con una especie de bast\u00f3n de madera.<\/p>\n\n\n\n<p>El audio del video no se logra entender, pero al concluir se escucha decir \u00fanicamente \u201cas\u00ed no\u201d; sin embargo, no hay contexto alguno sobre la situaci\u00f3n mostrada.<\/p>\n\n\n\n<p>\u201cAs\u00ed es como soldados dominicanos est\u00e1n tratando a los haitianos en Rep\u00fablica Dominicana. Esto es inaceptable\u201d, tuite\u00f3 el ex primer ministro interino junto al video.<\/p>\n\n\n\n<p>Listin Diario<\/p>\n","protected":false},"excerpt":{"rendered":"<p>&nbsp;Santo Domingo, RD.- El ex primer ministro interino de Hait\u00ed, Claude Joseph, divulg\u00f3 un video donde se observa a militares dominicanos maltratando a una persona, que parece ser un inmigrante haitiano. A trav\u00e9s de su cuenta de Twitter, Joseph subi\u00f3 un video, que no data de fecha ni detalles sobre cu\u00e1ndo o d\u00f3nde fue grabado, [&hellip;]<\/p>\n","protected":false},"author":1,"featured_media":8687,"comment_status":"open","ping_status":"open","sticky":false,"template":"","format":"standard","meta":{"nf_dc_page":"","jetpack_post_was_ever_published":false,"_jetpack_newsletter_access":"","_jetpack_dont_email_post_to_subs":false,"_jetpack_newsletter_tier_id":0,"_jetpack_memberships_contains_paywalled_content":false,"_jetpack_memberships_contains_paid_content":false,"footnotes":"","jetpack_publicize_message":"","jetpack_publicize_feature_enabled":true,"jetpack_social_post_already_shared":false,"jetpack_social_options":{"image_generator_settings":{"template":"highway","default_image_id":0,"font":"","enabled":false},"version":2}},"categories":[65],"tags":[],"class_list":["post-8683","post","type-post","status-publish","format-standard","has-post-thumbnail","hentry","category-nacionales"],"yoast_head":"<!-- This site is optimized with the Yoast SEO plugin v27.4 - https:\/\/yoast.com\/product\/yoast-seo-wordpress\/ -->\n<title>Ex primer ministro haitiano denuncia supuestos abusos a haitianos en RD - Minuto Cero RD<\/title>\n<meta name=\"robots\" content=\"index, follow, max-snippet:-1, max-image-preview:large, max-video-preview:-1\" \/>\n<link rel=\"canonical\" href=\"https:\/\/minutocerord.com\/?p=8683\" \/>\n<meta property=\"og:locale\" content=\"es_ES\" \/>\n<meta property=\"og:type\" content=\"article\" \/>\n<meta property=\"og:title\" content=\"Ex primer ministro haitiano denuncia supuestos abusos a haitianos en RD - Minuto Cero RD\" \/>\n<meta property=\"og:description\" content=\"&nbsp;Santo Domingo, RD.- El ex primer ministro interino de Hait\u00ed, Claude Joseph, divulg\u00f3 un video donde se observa a militares dominicanos maltratando a una persona, que parece ser un inmigrante haitiano. A trav\u00e9s de su cuenta de Twitter, Joseph subi\u00f3 un video, que no data de fecha ni detalles sobre cu\u00e1ndo o d\u00f3nde fue grabado, [&hellip;]\" \/>\n<meta property=\"og:url\" content=\"https:\/\/minutocerord.com\/?p=8683\" \/>\n<meta property=\"og:site_name\" content=\"Minuto Cero RD\" \/>\n<meta property=\"article:publisher\" content=\"https:\/\/www.facebook.com\/Genofnotes\" \/>\n<meta property=\"article:author\" content=\"https:\/\/www.facebook.com\/Genofnotes\" \/>\n<meta property=\"article:published_time\" content=\"2022-04-28T03:35:39+00:00\" \/>\n<meta property=\"article:modified_time\" content=\"2022-04-28T03:41:22+00:00\" \/>\n<meta property=\"og:image\" content=\"https:\/\/i0.wp.com\/minutocerord.com\/wp-content\/uploads\/2022\/04\/HAITIANOS-DEPORTADOS-2-768x407-1.jpg?fit=768%2C407&ssl=1\" \/>\n\t<meta property=\"og:image:width\" content=\"768\" \/>\n\t<meta property=\"og:image:height\" content=\"407\" \/>\n\t<meta property=\"og:image:type\" content=\"image\/jpeg\" \/>\n<meta name=\"author\" content=\"Genof\u00f3ntes Urb\u00e1ez\" \/>\n<meta name=\"twitter:card\" content=\"summary_large_image\" \/>\n<meta name=\"twitter:label1\" content=\"Written by\" \/>\n\t<meta name=\"twitter:data1\" content=\"Genof\u00f3ntes Urb\u00e1ez\" \/>\n\t<meta name=\"twitter:label2\" content=\"Est. reading time\" \/>\n\t<meta name=\"twitter:data2\" content=\"1 minuto\" \/>\n<script type=\"application\/ld+json\" class=\"yoast-schema-graph\">{\"@context\":\"https:\\\/\\\/schema.org\",\"@graph\":[{\"@type\":\"Article\",\"@id\":\"https:\\\/\\\/minutocerord.com\\\/?p=8683#article\",\"isPartOf\":{\"@id\":\"https:\\\/\\\/minutocerord.com\\\/?p=8683\"},\"author\":{\"name\":\"Genof\u00f3ntes Urb\u00e1ez\",\"@id\":\"https:\\\/\\\/minutocerord.com\\\/#\\\/schema\\\/person\\\/60b5372d60aaa0a5171fb6488be9aee6\"},\"headline\":\"Ex primer ministro haitiano denuncia supuestos abusos a haitianos en RD\",\"datePublished\":\"2022-04-28T03:35:39+00:00\",\"dateModified\":\"2022-04-28T03:41:22+00:00\",\"mainEntityOfPage\":{\"@id\":\"https:\\\/\\\/minutocerord.com\\\/?p=8683\"},\"wordCount\":196,\"commentCount\":0,\"publisher\":{\"@id\":\"https:\\\/\\\/minutocerord.com\\\/#\\\/schema\\\/person\\\/60b5372d60aaa0a5171fb6488be9aee6\"},\"image\":{\"@id\":\"https:\\\/\\\/minutocerord.com\\\/?p=8683#primaryimage\"},\"thumbnailUrl\":\"https:\\\/\\\/i0.wp.com\\\/minutocerord.com\\\/wp-content\\\/uploads\\\/2022\\\/04\\\/HAITIANOS-DEPORTADOS-2-768x407-1.jpg?fit=768%2C407&ssl=1\",\"articleSection\":[\"Nacionales\"],\"inLanguage\":\"es-DO\",\"potentialAction\":[{\"@type\":\"CommentAction\",\"name\":\"Comment\",\"target\":[\"https:\\\/\\\/minutocerord.com\\\/?p=8683#respond\"]}]},{\"@type\":\"WebPage\",\"@id\":\"https:\\\/\\\/minutocerord.com\\\/?p=8683\",\"url\":\"https:\\\/\\\/minutocerord.com\\\/?p=8683\",\"name\":\"Ex primer ministro haitiano denuncia supuestos abusos a haitianos en RD - Minuto Cero RD\",\"isPartOf\":{\"@id\":\"https:\\\/\\\/minutocerord.com\\\/#website\"},\"primaryImageOfPage\":{\"@id\":\"https:\\\/\\\/minutocerord.com\\\/?p=8683#primaryimage\"},\"image\":{\"@id\":\"https:\\\/\\\/minutocerord.com\\\/?p=8683#primaryimage\"},\"thumbnailUrl\":\"https:\\\/\\\/i0.wp.com\\\/minutocerord.com\\\/wp-content\\\/uploads\\\/2022\\\/04\\\/HAITIANOS-DEPORTADOS-2-768x407-1.jpg?fit=768%2C407&ssl=1\",\"datePublished\":\"2022-04-28T03:35:39+00:00\",\"dateModified\":\"2022-04-28T03:41:22+00:00\",\"breadcrumb\":{\"@id\":\"https:\\\/\\\/minutocerord.com\\\/?p=8683#breadcrumb\"},\"inLanguage\":\"es-DO\",\"potentialAction\":[{\"@type\":\"ReadAction\",\"target\":[\"https:\\\/\\\/minutocerord.com\\\/?p=8683\"]}]},{\"@type\":\"ImageObject\",\"inLanguage\":\"es-DO\",\"@id\":\"https:\\\/\\\/minutocerord.com\\\/?p=8683#primaryimage\",\"url\":\"https:\\\/\\\/i0.wp.com\\\/minutocerord.com\\\/wp-content\\\/uploads\\\/2022\\\/04\\\/HAITIANOS-DEPORTADOS-2-768x407-1.jpg?fit=768%2C407&ssl=1\",\"contentUrl\":\"https:\\\/\\\/i0.wp.com\\\/minutocerord.com\\\/wp-content\\\/uploads\\\/2022\\\/04\\\/HAITIANOS-DEPORTADOS-2-768x407-1.jpg?fit=768%2C407&ssl=1\",\"width\":768,\"height\":407},{\"@type\":\"BreadcrumbList\",\"@id\":\"https:\\\/\\\/minutocerord.com\\\/?p=8683#breadcrumb\",\"itemListElement\":[{\"@type\":\"ListItem\",\"position\":1,\"name\":\"Home\",\"item\":\"https:\\\/\\\/minutocerord.com\\\/\"},{\"@type\":\"ListItem\",\"position\":2,\"name\":\"Ex primer ministro haitiano denuncia supuestos abusos a haitianos en RD\"}]},{\"@type\":\"WebSite\",\"@id\":\"https:\\\/\\\/minutocerord.com\\\/#website\",\"url\":\"https:\\\/\\\/minutocerord.com\\\/\",\"name\":\"Minuto Cero RD\",\"description\":\"Periodismo serio y veraz\",\"publisher\":{\"@id\":\"https:\\\/\\\/minutocerord.com\\\/#\\\/schema\\\/person\\\/60b5372d60aaa0a5171fb6488be9aee6\"},\"potentialAction\":[{\"@type\":\"SearchAction\",\"target\":{\"@type\":\"EntryPoint\",\"urlTemplate\":\"https:\\\/\\\/minutocerord.com\\\/?s={search_term_string}\"},\"query-input\":{\"@type\":\"PropertyValueSpecification\",\"valueRequired\":true,\"valueName\":\"search_term_string\"}}],\"inLanguage\":\"es-DO\"},{\"@type\":[\"Person\",\"Organization\"],\"@id\":\"https:\\\/\\\/minutocerord.com\\\/#\\\/schema\\\/person\\\/60b5372d60aaa0a5171fb6488be9aee6\",\"name\":\"Genof\u00f3ntes Urb\u00e1ez\",\"image\":{\"@type\":\"ImageObject\",\"inLanguage\":\"es-DO\",\"@id\":\"https:\\\/\\\/secure.gravatar.com\\\/avatar\\\/a49ef3186a692098ac3e8a1612261e3ad70cf9e44553dff2929e67939a0ecb9d?s=96&d=identicon&r=g\",\"url\":\"https:\\\/\\\/secure.gravatar.com\\\/avatar\\\/a49ef3186a692098ac3e8a1612261e3ad70cf9e44553dff2929e67939a0ecb9d?s=96&d=identicon&r=g\",\"contentUrl\":\"https:\\\/\\\/secure.gravatar.com\\\/avatar\\\/a49ef3186a692098ac3e8a1612261e3ad70cf9e44553dff2929e67939a0ecb9d?s=96&d=identicon&r=g\",\"caption\":\"Genof\u00f3ntes Urb\u00e1ez\"},\"logo\":{\"@id\":\"https:\\\/\\\/secure.gravatar.com\\\/avatar\\\/a49ef3186a692098ac3e8a1612261e3ad70cf9e44553dff2929e67939a0ecb9d?s=96&d=identicon&r=g\"},\"description\":\"Periodista \\\/ Locutor\",\"sameAs\":[\"https:\\\/\\\/www.facebook.com\\\/Genofnotes\",\"https:\\\/\\\/www.instagram.com\\\/genofnotes\\\/\"]}]}<\/script>\n<!-- \/ Yoast SEO plugin. -->","yoast_head_json":{"title":"Ex primer ministro haitiano denuncia supuestos abusos a haitianos en RD - Minuto Cero RD","robots":{"index":"index","follow":"follow","max-snippet":"max-snippet:-1","max-image-preview":"max-image-preview:large","max-video-preview":"max-video-preview:-1"},"canonical":"https:\/\/minutocerord.com\/?p=8683","og_locale":"es_ES","og_type":"article","og_title":"Ex primer ministro haitiano denuncia supuestos abusos a haitianos en RD - Minuto Cero RD","og_description":"&nbsp;Santo Domingo, RD.- El ex primer ministro interino de Hait\u00ed, Claude Joseph, divulg\u00f3 un video donde se observa a militares dominicanos maltratando a una persona, que parece ser un inmigrante haitiano. A trav\u00e9s de su cuenta de Twitter, Joseph subi\u00f3 un video, que no data de fecha ni detalles sobre cu\u00e1ndo o d\u00f3nde fue grabado, [&hellip;]","og_url":"https:\/\/minutocerord.com\/?p=8683","og_site_name":"Minuto Cero RD","article_publisher":"https:\/\/www.facebook.com\/Genofnotes","article_author":"https:\/\/www.facebook.com\/Genofnotes","article_published_time":"2022-04-28T03:35:39+00:00","article_modified_time":"2022-04-28T03:41:22+00:00","og_image":[{"width":768,"height":407,"url":"https:\/\/i0.wp.com\/minutocerord.com\/wp-content\/uploads\/2022\/04\/HAITIANOS-DEPORTADOS-2-768x407-1.jpg?fit=768%2C407&ssl=1","type":"image\/jpeg"}],"author":"Genof\u00f3ntes Urb\u00e1ez","twitter_card":"summary_large_image","twitter_misc":{"Written by":"Genof\u00f3ntes Urb\u00e1ez","Est. reading time":"1 minuto"},"schema":{"@context":"https:\/\/schema.org","@graph":[{"@type":"Article","@id":"https:\/\/minutocerord.com\/?p=8683#article","isPartOf":{"@id":"https:\/\/minutocerord.com\/?p=8683"},"author":{"name":"Genof\u00f3ntes Urb\u00e1ez","@id":"https:\/\/minutocerord.com\/#\/schema\/person\/60b5372d60aaa0a5171fb6488be9aee6"},"headline":"Ex primer ministro haitiano denuncia supuestos abusos a haitianos en RD","datePublished":"2022-04-28T03:35:39+00:00","dateModified":"2022-04-28T03:41:22+00:00","mainEntityOfPage":{"@id":"https:\/\/minutocerord.com\/?p=8683"},"wordCount":196,"commentCount":0,"publisher":{"@id":"https:\/\/minutocerord.com\/#\/schema\/person\/60b5372d60aaa0a5171fb6488be9aee6"},"image":{"@id":"https:\/\/minutocerord.com\/?p=8683#primaryimage"},"thumbnailUrl":"https:\/\/i0.wp.com\/minutocerord.com\/wp-content\/uploads\/2022\/04\/HAITIANOS-DEPORTADOS-2-768x407-1.jpg?fit=768%2C407&ssl=1","articleSection":["Nacionales"],"inLanguage":"es-DO","potentialAction":[{"@type":"CommentAction","name":"Comment","target":["https:\/\/minutocerord.com\/?p=8683#respond"]}]},{"@type":"WebPage","@id":"https:\/\/minutocerord.com\/?p=8683","url":"https:\/\/minutocerord.com\/?p=8683","name":"Ex primer ministro haitiano denuncia supuestos abusos a haitianos en RD - Minuto Cero RD","isPartOf":{"@id":"https:\/\/minutocerord.com\/#website"},"primaryImageOfPage":{"@id":"https:\/\/minutocerord.com\/?p=8683#primaryimage"},"image":{"@id":"https:\/\/minutocerord.com\/?p=8683#primaryimage"},"thumbnailUrl":"https:\/\/i0.wp.com\/minutocerord.com\/wp-content\/uploads\/2022\/04\/HAITIANOS-DEPORTADOS-2-768x407-1.jpg?fit=768%2C407&ssl=1","datePublished":"2022-04-28T03:35:39+00:00","dateModified":"2022-04-28T03:41:22+00:00","breadcrumb":{"@id":"https:\/\/minutocerord.com\/?p=8683#breadcrumb"},"inLanguage":"es-DO","potentialAction":[{"@type":"ReadAction","target":["https:\/\/minutocerord.com\/?p=8683"]}]},{"@type":"ImageObject","inLanguage":"es-DO","@id":"https:\/\/minutocerord.com\/?p=8683#primaryimage","url":"https:\/\/i0.wp.com\/minutocerord.com\/wp-content\/uploads\/2022\/04\/HAITIANOS-DEPORTADOS-2-768x407-1.jpg?fit=768%2C407&ssl=1","contentUrl":"https:\/\/i0.wp.com\/minutocerord.com\/wp-content\/uploads\/2022\/04\/HAITIANOS-DEPORTADOS-2-768x407-1.jpg?fit=768%2C407&ssl=1","width":768,"height":407},{"@type":"BreadcrumbList","@id":"https:\/\/minutocerord.com\/?p=8683#breadcrumb","itemListElement":[{"@type":"ListItem","position":1,"name":"Home","item":"https:\/\/minutocerord.com\/"},{"@type":"ListItem","position":2,"name":"Ex primer ministro haitiano denuncia supuestos abusos a haitianos en RD"}]},{"@type":"WebSite","@id":"https:\/\/minutocerord.com\/#website","url":"https:\/\/minutocerord.com\/","name":"Minuto Cero RD","description":"Periodismo serio y veraz","publisher":{"@id":"https:\/\/minutocerord.com\/#\/schema\/person\/60b5372d60aaa0a5171fb6488be9aee6"},"potentialAction":[{"@type":"SearchAction","target":{"@type":"EntryPoint","urlTemplate":"https:\/\/minutocerord.com\/?s={search_term_string}"},"query-input":{"@type":"PropertyValueSpecification","valueRequired":true,"valueName":"search_term_string"}}],"inLanguage":"es-DO"},{"@type":["Person","Organization"],"@id":"https:\/\/minutocerord.com\/#\/schema\/person\/60b5372d60aaa0a5171fb6488be9aee6","name":"Genof\u00f3ntes Urb\u00e1ez","image":{"@type":"ImageObject","inLanguage":"es-DO","@id":"https:\/\/secure.gravatar.com\/avatar\/a49ef3186a692098ac3e8a1612261e3ad70cf9e44553dff2929e67939a0ecb9d?s=96&d=identicon&r=g","url":"https:\/\/secure.gravatar.com\/avatar\/a49ef3186a692098ac3e8a1612261e3ad70cf9e44553dff2929e67939a0ecb9d?s=96&d=identicon&r=g","contentUrl":"https:\/\/secure.gravatar.com\/avatar\/a49ef3186a692098ac3e8a1612261e3ad70cf9e44553dff2929e67939a0ecb9d?s=96&d=identicon&r=g","caption":"Genof\u00f3ntes Urb\u00e1ez"},"logo":{"@id":"https:\/\/secure.gravatar.com\/avatar\/a49ef3186a692098ac3e8a1612261e3ad70cf9e44553dff2929e67939a0ecb9d?s=96&d=identicon&r=g"},"description":"Periodista \/ Locutor","sameAs":["https:\/\/www.facebook.com\/Genofnotes","https:\/\/www.instagram.com\/genofnotes\/"]}]}},"jetpack_publicize_connections":[],"jetpack_featured_media_url":"https:\/\/i0.wp.com\/minutocerord.com\/wp-content\/uploads\/2022\/04\/HAITIANOS-DEPORTADOS-2-768x407-1.jpg?fit=768%2C407&ssl=1","jetpack-related-posts":[],"jetpack_sharing_enabled":true,"_links":{"self":[{"href":"https:\/\/minutocerord.com\/index.php?rest_route=\/wp\/v2\/posts\/8683","targetHints":{"allow":["GET"]}}],"collection":[{"href":"https:\/\/minutocerord.com\/index.php?rest_route=\/wp\/v2\/posts"}],"about":[{"href":"https:\/\/minutocerord.com\/index.php?rest_route=\/wp\/v2\/types\/post"}],"author":[{"embeddable":true,"href":"https:\/\/minutocerord.com\/index.php?rest_route=\/wp\/v2\/users\/1"}],"replies":[{"embeddable":true,"href":"https:\/\/minutocerord.com\/index.php?rest_route=%2Fwp%2Fv2%2Fcomments&post=8683"}],"version-history":[{"count":2,"href":"https:\/\/minutocerord.com\/index.php?rest_route=\/wp\/v2\/posts\/8683\/revisions"}],"predecessor-version":[{"id":8688,"href":"https:\/\/minutocerord.com\/index.php?rest_route=\/wp\/v2\/posts\/8683\/revisions\/8688"}],"wp:featuredmedia":[{"embeddable":true,"href":"https:\/\/minutocerord.com\/index.php?rest_route=\/wp\/v2\/media\/8687"}],"wp:attachment":[{"href":"https:\/\/minutocerord.com\/index.php?rest_route=%2Fwp%2Fv2%2Fmedia&parent=8683"}],"wp:term":[{"taxonomy":"category","embeddable":true,"href":"https:\/\/minutocerord.com\/index.php?rest_route=%2Fwp%2Fv2%2Fcategories&post=8683"},{"taxonomy":"post_tag","embeddable":true,"href":"https:\/\/minutocerord.com\/index.php?rest_route=%2Fwp%2Fv2%2Ftags&post=8683"}],"curies":[{"name":"wp","href":"https:\/\/api.w.org\/{rel}","templated":true}]}}