{"id":8689,"date":"2022-04-28T00:02:46","date_gmt":"2022-04-28T04:02:46","guid":{"rendered":"https:\/\/minutocerord.com\/?p=8689"},"modified":"2022-04-28T00:02:48","modified_gmt":"2022-04-28T04:02:48","slug":"camara-de-representantes-de-eua-aprueba-proyecto-de-ley-bipartidista-de-espaillat-para-impulsar-la-seguridad-y-la-cooperacion-en-el-caribe","status":"publish","type":"post","link":"https:\/\/minutocerord.com\/?p=8689","title":{"rendered":"C\u00e1mara de Representantes de EUA aprueba proyecto de ley bipartidista de Espaillat para impulsar la seguridad y la cooperaci\u00f3n en el Caribe"},"content":{"rendered":"\n<p><strong>El proyecto de ley aumenta el financiamiento de la Iniciativa de Seguridad de la Cuenca del Caribe, mejora las relaciones entre EE.UU. y el Caribe, combate la corrupci\u00f3n y el narcotr\u00e1fico y apoya a la sociedad civil<\/strong><\/p>\n\n\n\n<p><strong>WASHINGTON, D.C. EUA. _ <\/strong>Hoy, el congresista Adriano Espaillat emiti\u00f3 la siguiente declaraci\u00f3n sobre la aprobaci\u00f3n en la C\u00e1mara de Representantes de su proyecto de ley bipartidista, H.R.4133 \u2013 Ley de Autorizaci\u00f3n de la Iniciativa de Seguridad de la Cuenca del Caribe. Esta legislaci\u00f3n asignar\u00eda casi $75,000,000 por a\u00f1o desde 2022 hasta 2026 para mejorar la cooperaci\u00f3n en materia de seguridad con las naciones del Caribe y combatir el tr\u00e1fico il\u00edcito de drogas, apoyar la reforma del sector judicial y fortalecer el estado de derecho, y abordar la inestabilidad causada por los desastres naturales.<\/p>\n\n\n\n<p>\u201cEste proyecto de ley es vital para combatir el narcotr\u00e1fico, promover la buena gobernanza y sectores de justicia independientes, y empoderar a la sociedad civil en el Caribe\u201d, dijo el legislador Adriano Espaillat (NY-13).<\/p>\n\n\n\n<p>\u201c La colaboraci\u00f3n de los EE.UU. para fortalecer la seguridad del Caribe de manera multidimensional ayudar\u00e1 a fortalecer la estabilidad y el desarrollo con algunos de nuestros aliados m\u00e1s cercanos. Trabajando juntos, podemos ayudar a aumentar la seguridad de los ciudadanos, desarrollar la resiliencia ante los desastres naturales causados por el cambio clim\u00e1tico, y mejorar las estrategias para reducir el tr\u00e1fico ilegal de estupefacientes\u201d, agreg\u00f3<\/p>\n\n\n\n<p>El Legislador Espaillat asegur\u00f3 $80 millones para la Iniciativa de Seguridad de la Cuenca del Caribe en el presupuesto federal del a\u00f1o fiscal 2022. La H.R.4133 del congresista Espaillat.<\/p>\n\n\n\n<p>Adem\u00e1s esta codificar\u00eda los aumentos de fondos y mejorar\u00eda la eficacia y el enfoque de la CBSI para abordar las preocupaciones continuas en la regi\u00f3n. Incorporar\u00e1 esfuerzos para promover la resiliencia ante desastres dado el aumento y el empeoramiento de los huracanes en la regi\u00f3n que amenazan la seguridad a largo plazo.<\/p>\n\n\n\n<p><strong>Sobre Adriano Espaillat<\/strong><\/p>\n\n\n\n<p>El congresista Espaillat es el primer dom\u00ednico-estadounidense en servir en la C\u00e1mara de Representantes de los Estados Unidos y su distrito congresual incluye las comunidades de Harlem, East Harlem, West Harlem, Hamilton Heights, Washington Heights, Inwood, Marble Hill y el noroeste del Bronx<\/p>\n\n\n\n<p>Elegido por primera vez al Congreso en 2016, el congresista Espaillat cumple su tercer mandato en el Congreso. El congresista Espaillat actualmente se desempe\u00f1a como miembro del influyente Comit\u00e9 de Apropiaciones de la C\u00e1mara de Representantes de los Estados Unidos, responsable de financiar las actividades vitales del Gobierno federal.<\/p>\n\n\n\n<p>Tambi\u00e9n es miembro del Caucus Hispano del Congreso (CHC), donde se desempe\u00f1a como segundo vicepresidente y es miembro del Caucus Progresista del Congreso, donde se desempe\u00f1a como subcoordinador (Deputy Whip). El congresista Espaillat tambi\u00e9n se desempe\u00f1a actualmente como coordinador s\u00e9nior del Caucus Dem\u00f3crata.<\/p>\n\n\n\n<p><strong>Por Aquiles Rojas<\/strong><\/p>\n","protected":false},"excerpt":{"rendered":"<p>El proyecto de ley aumenta el financiamiento de la Iniciativa de Seguridad de la Cuenca del Caribe, mejora las relaciones entre EE.UU. y el Caribe, combate la corrupci\u00f3n y el narcotr\u00e1fico y apoya a la sociedad civil WASHINGTON, D.C. EUA. _ Hoy, el congresista Adriano Espaillat emiti\u00f3 la siguiente declaraci\u00f3n sobre la aprobaci\u00f3n en la [&hellip;]<\/p>\n","protected":false},"author":1,"featured_media":8690,"comment_status":"open","ping_status":"open","sticky":false,"template":"","format":"standard","meta":{"nf_dc_page":"","jetpack_post_was_ever_published":false,"_jetpack_newsletter_access":"","_jetpack_dont_email_post_to_subs":false,"_jetpack_newsletter_tier_id":0,"_jetpack_memberships_contains_paywalled_content":false,"_jetpack_memberships_contains_paid_content":false,"footnotes":"","jetpack_publicize_message":"","jetpack_publicize_feature_enabled":true,"jetpack_social_post_already_shared":false,"jetpack_social_options":{"image_generator_settings":{"template":"highway","default_image_id":0,"font":"","enabled":false},"version":2}},"categories":[83],"tags":[],"class_list":["post-8689","post","type-post","status-publish","format-standard","has-post-thumbnail","hentry","category-estados-unidos"],"yoast_head":"<!-- This site is optimized with the Yoast SEO plugin v27.4 - https:\/\/yoast.com\/product\/yoast-seo-wordpress\/ -->\n<title>C\u00e1mara de Representantes de EUA aprueba proyecto de ley bipartidista de Espaillat para impulsar la seguridad y la cooperaci\u00f3n en el Caribe - Minuto Cero RD<\/title>\n<meta name=\"robots\" content=\"index, follow, max-snippet:-1, max-image-preview:large, max-video-preview:-1\" \/>\n<link rel=\"canonical\" href=\"http:\/\/minutocerord.com\/?p=8689\" \/>\n<meta property=\"og:locale\" content=\"es_ES\" \/>\n<meta property=\"og:type\" content=\"article\" \/>\n<meta property=\"og:title\" content=\"C\u00e1mara de Representantes de EUA aprueba proyecto de ley bipartidista de Espaillat para impulsar la seguridad y la cooperaci\u00f3n en el Caribe - Minuto Cero RD\" \/>\n<meta property=\"og:description\" content=\"El proyecto de ley aumenta el financiamiento de la Iniciativa de Seguridad de la Cuenca del Caribe, mejora las relaciones entre EE.UU. y el Caribe, combate la corrupci\u00f3n y el narcotr\u00e1fico y apoya a la sociedad civil WASHINGTON, D.C. EUA. _ Hoy, el congresista Adriano Espaillat emiti\u00f3 la siguiente declaraci\u00f3n sobre la aprobaci\u00f3n en la [&hellip;]\" \/>\n<meta property=\"og:url\" content=\"http:\/\/minutocerord.com\/?p=8689\" \/>\n<meta property=\"og:site_name\" content=\"Minuto Cero RD\" \/>\n<meta property=\"article:publisher\" content=\"https:\/\/www.facebook.com\/Genofnotes\" \/>\n<meta property=\"article:author\" content=\"https:\/\/www.facebook.com\/Genofnotes\" \/>\n<meta property=\"article:published_time\" content=\"2022-04-28T04:02:46+00:00\" \/>\n<meta property=\"article:modified_time\" content=\"2022-04-28T04:02:48+00:00\" \/>\n<meta property=\"og:image\" content=\"https:\/\/i0.wp.com\/minutocerord.com\/wp-content\/uploads\/2022\/04\/32812782770_d62b98e0ab_b.jpg?fit=1024%2C683\" \/>\n\t<meta property=\"og:image:width\" content=\"1024\" \/>\n\t<meta property=\"og:image:height\" content=\"683\" \/>\n\t<meta property=\"og:image:type\" content=\"image\/jpeg\" \/>\n<meta name=\"author\" content=\"Genof\u00f3ntes Urb\u00e1ez\" \/>\n<meta name=\"twitter:card\" content=\"summary_large_image\" \/>\n<meta name=\"twitter:label1\" content=\"Written by\" \/>\n\t<meta name=\"twitter:data1\" content=\"Genof\u00f3ntes Urb\u00e1ez\" \/>\n\t<meta name=\"twitter:label2\" content=\"Est. reading time\" \/>\n\t<meta name=\"twitter:data2\" content=\"3 minutos\" \/>\n<script type=\"application\/ld+json\" class=\"yoast-schema-graph\">{\"@context\":\"https:\\\/\\\/schema.org\",\"@graph\":[{\"@type\":\"Article\",\"@id\":\"http:\\\/\\\/minutocerord.com\\\/?p=8689#article\",\"isPartOf\":{\"@id\":\"http:\\\/\\\/minutocerord.com\\\/?p=8689\"},\"author\":{\"name\":\"Genof\u00f3ntes Urb\u00e1ez\",\"@id\":\"https:\\\/\\\/minutocerord.com\\\/#\\\/schema\\\/person\\\/60b5372d60aaa0a5171fb6488be9aee6\"},\"headline\":\"C\u00e1mara de Representantes de EUA aprueba proyecto de ley bipartidista de Espaillat para impulsar la seguridad y la cooperaci\u00f3n en el Caribe\",\"datePublished\":\"2022-04-28T04:02:46+00:00\",\"dateModified\":\"2022-04-28T04:02:48+00:00\",\"mainEntityOfPage\":{\"@id\":\"http:\\\/\\\/minutocerord.com\\\/?p=8689\"},\"wordCount\":506,\"commentCount\":0,\"publisher\":{\"@id\":\"https:\\\/\\\/minutocerord.com\\\/#\\\/schema\\\/person\\\/60b5372d60aaa0a5171fb6488be9aee6\"},\"image\":{\"@id\":\"http:\\\/\\\/minutocerord.com\\\/?p=8689#primaryimage\"},\"thumbnailUrl\":\"https:\\\/\\\/i0.wp.com\\\/minutocerord.com\\\/wp-content\\\/uploads\\\/2022\\\/04\\\/32812782770_d62b98e0ab_b.jpg?fit=1024%2C683&ssl=1\",\"articleSection\":[\"Estados Unidos\"],\"inLanguage\":\"es-DO\",\"potentialAction\":[{\"@type\":\"CommentAction\",\"name\":\"Comment\",\"target\":[\"http:\\\/\\\/minutocerord.com\\\/?p=8689#respond\"]}]},{\"@type\":\"WebPage\",\"@id\":\"http:\\\/\\\/minutocerord.com\\\/?p=8689\",\"url\":\"http:\\\/\\\/minutocerord.com\\\/?p=8689\",\"name\":\"C\u00e1mara de Representantes de EUA aprueba proyecto de ley bipartidista de Espaillat para impulsar la seguridad y la cooperaci\u00f3n en el Caribe - Minuto Cero RD\",\"isPartOf\":{\"@id\":\"https:\\\/\\\/minutocerord.com\\\/#website\"},\"primaryImageOfPage\":{\"@id\":\"http:\\\/\\\/minutocerord.com\\\/?p=8689#primaryimage\"},\"image\":{\"@id\":\"http:\\\/\\\/minutocerord.com\\\/?p=8689#primaryimage\"},\"thumbnailUrl\":\"https:\\\/\\\/i0.wp.com\\\/minutocerord.com\\\/wp-content\\\/uploads\\\/2022\\\/04\\\/32812782770_d62b98e0ab_b.jpg?fit=1024%2C683&ssl=1\",\"datePublished\":\"2022-04-28T04:02:46+00:00\",\"dateModified\":\"2022-04-28T04:02:48+00:00\",\"breadcrumb\":{\"@id\":\"http:\\\/\\\/minutocerord.com\\\/?p=8689#breadcrumb\"},\"inLanguage\":\"es-DO\",\"potentialAction\":[{\"@type\":\"ReadAction\",\"target\":[\"http:\\\/\\\/minutocerord.com\\\/?p=8689\"]}]},{\"@type\":\"ImageObject\",\"inLanguage\":\"es-DO\",\"@id\":\"http:\\\/\\\/minutocerord.com\\\/?p=8689#primaryimage\",\"url\":\"https:\\\/\\\/i0.wp.com\\\/minutocerord.com\\\/wp-content\\\/uploads\\\/2022\\\/04\\\/32812782770_d62b98e0ab_b.jpg?fit=1024%2C683&ssl=1\",\"contentUrl\":\"https:\\\/\\\/i0.wp.com\\\/minutocerord.com\\\/wp-content\\\/uploads\\\/2022\\\/04\\\/32812782770_d62b98e0ab_b.jpg?fit=1024%2C683&ssl=1\",\"width\":1024,\"height\":683},{\"@type\":\"BreadcrumbList\",\"@id\":\"http:\\\/\\\/minutocerord.com\\\/?p=8689#breadcrumb\",\"itemListElement\":[{\"@type\":\"ListItem\",\"position\":1,\"name\":\"Home\",\"item\":\"https:\\\/\\\/minutocerord.com\\\/\"},{\"@type\":\"ListItem\",\"position\":2,\"name\":\"C\u00e1mara de Representantes de EUA aprueba proyecto de ley bipartidista de Espaillat para impulsar la seguridad y la cooperaci\u00f3n en el Caribe\"}]},{\"@type\":\"WebSite\",\"@id\":\"https:\\\/\\\/minutocerord.com\\\/#website\",\"url\":\"https:\\\/\\\/minutocerord.com\\\/\",\"name\":\"Minuto Cero RD\",\"description\":\"Periodismo serio y veraz\",\"publisher\":{\"@id\":\"https:\\\/\\\/minutocerord.com\\\/#\\\/schema\\\/person\\\/60b5372d60aaa0a5171fb6488be9aee6\"},\"potentialAction\":[{\"@type\":\"SearchAction\",\"target\":{\"@type\":\"EntryPoint\",\"urlTemplate\":\"https:\\\/\\\/minutocerord.com\\\/?s={search_term_string}\"},\"query-input\":{\"@type\":\"PropertyValueSpecification\",\"valueRequired\":true,\"valueName\":\"search_term_string\"}}],\"inLanguage\":\"es-DO\"},{\"@type\":[\"Person\",\"Organization\"],\"@id\":\"https:\\\/\\\/minutocerord.com\\\/#\\\/schema\\\/person\\\/60b5372d60aaa0a5171fb6488be9aee6\",\"name\":\"Genof\u00f3ntes Urb\u00e1ez\",\"image\":{\"@type\":\"ImageObject\",\"inLanguage\":\"es-DO\",\"@id\":\"https:\\\/\\\/secure.gravatar.com\\\/avatar\\\/a49ef3186a692098ac3e8a1612261e3ad70cf9e44553dff2929e67939a0ecb9d?s=96&d=identicon&r=g\",\"url\":\"https:\\\/\\\/secure.gravatar.com\\\/avatar\\\/a49ef3186a692098ac3e8a1612261e3ad70cf9e44553dff2929e67939a0ecb9d?s=96&d=identicon&r=g\",\"contentUrl\":\"https:\\\/\\\/secure.gravatar.com\\\/avatar\\\/a49ef3186a692098ac3e8a1612261e3ad70cf9e44553dff2929e67939a0ecb9d?s=96&d=identicon&r=g\",\"caption\":\"Genof\u00f3ntes Urb\u00e1ez\"},\"logo\":{\"@id\":\"https:\\\/\\\/secure.gravatar.com\\\/avatar\\\/a49ef3186a692098ac3e8a1612261e3ad70cf9e44553dff2929e67939a0ecb9d?s=96&d=identicon&r=g\"},\"description\":\"Periodista \\\/ Locutor\",\"sameAs\":[\"https:\\\/\\\/www.facebook.com\\\/Genofnotes\",\"https:\\\/\\\/www.instagram.com\\\/genofnotes\\\/\"]}]}<\/script>\n<!-- \/ Yoast SEO plugin. -->","yoast_head_json":{"title":"C\u00e1mara de Representantes de EUA aprueba proyecto de ley bipartidista de Espaillat para impulsar la seguridad y la cooperaci\u00f3n en el Caribe - Minuto Cero RD","robots":{"index":"index","follow":"follow","max-snippet":"max-snippet:-1","max-image-preview":"max-image-preview:large","max-video-preview":"max-video-preview:-1"},"canonical":"http:\/\/minutocerord.com\/?p=8689","og_locale":"es_ES","og_type":"article","og_title":"C\u00e1mara de Representantes de EUA aprueba proyecto de ley bipartidista de Espaillat para impulsar la seguridad y la cooperaci\u00f3n en el Caribe - Minuto Cero RD","og_description":"El proyecto de ley aumenta el financiamiento de la Iniciativa de Seguridad de la Cuenca del Caribe, mejora las relaciones entre EE.UU. y el Caribe, combate la corrupci\u00f3n y el narcotr\u00e1fico y apoya a la sociedad civil WASHINGTON, D.C. EUA. _ Hoy, el congresista Adriano Espaillat emiti\u00f3 la siguiente declaraci\u00f3n sobre la aprobaci\u00f3n en la [&hellip;]","og_url":"http:\/\/minutocerord.com\/?p=8689","og_site_name":"Minuto Cero RD","article_publisher":"https:\/\/www.facebook.com\/Genofnotes","article_author":"https:\/\/www.facebook.com\/Genofnotes","article_published_time":"2022-04-28T04:02:46+00:00","article_modified_time":"2022-04-28T04:02:48+00:00","og_image":[{"width":1024,"height":683,"url":"https:\/\/i0.wp.com\/minutocerord.com\/wp-content\/uploads\/2022\/04\/32812782770_d62b98e0ab_b.jpg?fit=1024%2C683","type":"image\/jpeg"}],"author":"Genof\u00f3ntes Urb\u00e1ez","twitter_card":"summary_large_image","twitter_misc":{"Written by":"Genof\u00f3ntes Urb\u00e1ez","Est. reading time":"3 minutos"},"schema":{"@context":"https:\/\/schema.org","@graph":[{"@type":"Article","@id":"http:\/\/minutocerord.com\/?p=8689#article","isPartOf":{"@id":"http:\/\/minutocerord.com\/?p=8689"},"author":{"name":"Genof\u00f3ntes Urb\u00e1ez","@id":"https:\/\/minutocerord.com\/#\/schema\/person\/60b5372d60aaa0a5171fb6488be9aee6"},"headline":"C\u00e1mara de Representantes de EUA aprueba proyecto de ley bipartidista de Espaillat para impulsar la seguridad y la cooperaci\u00f3n en el Caribe","datePublished":"2022-04-28T04:02:46+00:00","dateModified":"2022-04-28T04:02:48+00:00","mainEntityOfPage":{"@id":"http:\/\/minutocerord.com\/?p=8689"},"wordCount":506,"commentCount":0,"publisher":{"@id":"https:\/\/minutocerord.com\/#\/schema\/person\/60b5372d60aaa0a5171fb6488be9aee6"},"image":{"@id":"http:\/\/minutocerord.com\/?p=8689#primaryimage"},"thumbnailUrl":"https:\/\/i0.wp.com\/minutocerord.com\/wp-content\/uploads\/2022\/04\/32812782770_d62b98e0ab_b.jpg?fit=1024%2C683&ssl=1","articleSection":["Estados Unidos"],"inLanguage":"es-DO","potentialAction":[{"@type":"CommentAction","name":"Comment","target":["http:\/\/minutocerord.com\/?p=8689#respond"]}]},{"@type":"WebPage","@id":"http:\/\/minutocerord.com\/?p=8689","url":"http:\/\/minutocerord.com\/?p=8689","name":"C\u00e1mara de Representantes de EUA aprueba proyecto de ley bipartidista de Espaillat para impulsar la seguridad y la cooperaci\u00f3n en el Caribe - Minuto Cero RD","isPartOf":{"@id":"https:\/\/minutocerord.com\/#website"},"primaryImageOfPage":{"@id":"http:\/\/minutocerord.com\/?p=8689#primaryimage"},"image":{"@id":"http:\/\/minutocerord.com\/?p=8689#primaryimage"},"thumbnailUrl":"https:\/\/i0.wp.com\/minutocerord.com\/wp-content\/uploads\/2022\/04\/32812782770_d62b98e0ab_b.jpg?fit=1024%2C683&ssl=1","datePublished":"2022-04-28T04:02:46+00:00","dateModified":"2022-04-28T04:02:48+00:00","breadcrumb":{"@id":"http:\/\/minutocerord.com\/?p=8689#breadcrumb"},"inLanguage":"es-DO","potentialAction":[{"@type":"ReadAction","target":["http:\/\/minutocerord.com\/?p=8689"]}]},{"@type":"ImageObject","inLanguage":"es-DO","@id":"http:\/\/minutocerord.com\/?p=8689#primaryimage","url":"https:\/\/i0.wp.com\/minutocerord.com\/wp-content\/uploads\/2022\/04\/32812782770_d62b98e0ab_b.jpg?fit=1024%2C683&ssl=1","contentUrl":"https:\/\/i0.wp.com\/minutocerord.com\/wp-content\/uploads\/2022\/04\/32812782770_d62b98e0ab_b.jpg?fit=1024%2C683&ssl=1","width":1024,"height":683},{"@type":"BreadcrumbList","@id":"http:\/\/minutocerord.com\/?p=8689#breadcrumb","itemListElement":[{"@type":"ListItem","position":1,"name":"Home","item":"https:\/\/minutocerord.com\/"},{"@type":"ListItem","position":2,"name":"C\u00e1mara de Representantes de EUA aprueba proyecto de ley bipartidista de Espaillat para impulsar la seguridad y la cooperaci\u00f3n en el Caribe"}]},{"@type":"WebSite","@id":"https:\/\/minutocerord.com\/#website","url":"https:\/\/minutocerord.com\/","name":"Minuto Cero RD","description":"Periodismo serio y veraz","publisher":{"@id":"https:\/\/minutocerord.com\/#\/schema\/person\/60b5372d60aaa0a5171fb6488be9aee6"},"potentialAction":[{"@type":"SearchAction","target":{"@type":"EntryPoint","urlTemplate":"https:\/\/minutocerord.com\/?s={search_term_string}"},"query-input":{"@type":"PropertyValueSpecification","valueRequired":true,"valueName":"search_term_string"}}],"inLanguage":"es-DO"},{"@type":["Person","Organization"],"@id":"https:\/\/minutocerord.com\/#\/schema\/person\/60b5372d60aaa0a5171fb6488be9aee6","name":"Genof\u00f3ntes Urb\u00e1ez","image":{"@type":"ImageObject","inLanguage":"es-DO","@id":"https:\/\/secure.gravatar.com\/avatar\/a49ef3186a692098ac3e8a1612261e3ad70cf9e44553dff2929e67939a0ecb9d?s=96&d=identicon&r=g","url":"https:\/\/secure.gravatar.com\/avatar\/a49ef3186a692098ac3e8a1612261e3ad70cf9e44553dff2929e67939a0ecb9d?s=96&d=identicon&r=g","contentUrl":"https:\/\/secure.gravatar.com\/avatar\/a49ef3186a692098ac3e8a1612261e3ad70cf9e44553dff2929e67939a0ecb9d?s=96&d=identicon&r=g","caption":"Genof\u00f3ntes Urb\u00e1ez"},"logo":{"@id":"https:\/\/secure.gravatar.com\/avatar\/a49ef3186a692098ac3e8a1612261e3ad70cf9e44553dff2929e67939a0ecb9d?s=96&d=identicon&r=g"},"description":"Periodista \/ Locutor","sameAs":["https:\/\/www.facebook.com\/Genofnotes","https:\/\/www.instagram.com\/genofnotes\/"]}]}},"jetpack_publicize_connections":[],"jetpack_featured_media_url":"https:\/\/i0.wp.com\/minutocerord.com\/wp-content\/uploads\/2022\/04\/32812782770_d62b98e0ab_b.jpg?fit=1024%2C683&ssl=1","jetpack-related-posts":[],"jetpack_sharing_enabled":true,"_links":{"self":[{"href":"https:\/\/minutocerord.com\/index.php?rest_route=\/wp\/v2\/posts\/8689","targetHints":{"allow":["GET"]}}],"collection":[{"href":"https:\/\/minutocerord.com\/index.php?rest_route=\/wp\/v2\/posts"}],"about":[{"href":"https:\/\/minutocerord.com\/index.php?rest_route=\/wp\/v2\/types\/post"}],"author":[{"embeddable":true,"href":"https:\/\/minutocerord.com\/index.php?rest_route=\/wp\/v2\/users\/1"}],"replies":[{"embeddable":true,"href":"https:\/\/minutocerord.com\/index.php?rest_route=%2Fwp%2Fv2%2Fcomments&post=8689"}],"version-history":[{"count":1,"href":"https:\/\/minutocerord.com\/index.php?rest_route=\/wp\/v2\/posts\/8689\/revisions"}],"predecessor-version":[{"id":8691,"href":"https:\/\/minutocerord.com\/index.php?rest_route=\/wp\/v2\/posts\/8689\/revisions\/8691"}],"wp:featuredmedia":[{"embeddable":true,"href":"https:\/\/minutocerord.com\/index.php?rest_route=\/wp\/v2\/media\/8690"}],"wp:attachment":[{"href":"https:\/\/minutocerord.com\/index.php?rest_route=%2Fwp%2Fv2%2Fmedia&parent=8689"}],"wp:term":[{"taxonomy":"category","embeddable":true,"href":"https:\/\/minutocerord.com\/index.php?rest_route=%2Fwp%2Fv2%2Fcategories&post=8689"},{"taxonomy":"post_tag","embeddable":true,"href":"https:\/\/minutocerord.com\/index.php?rest_route=%2Fwp%2Fv2%2Ftags&post=8689"}],"curies":[{"name":"wp","href":"https:\/\/api.w.org\/{rel}","templated":true}]}}