{"id":8700,"date":"2022-05-03T23:37:49","date_gmt":"2022-05-04T03:37:49","guid":{"rendered":"https:\/\/minutocerord.com\/?p=8700"},"modified":"2022-05-03T23:38:08","modified_gmt":"2022-05-04T03:38:08","slug":"ejercito-de-republica-dominicana-busca-contrarrestar-cualquier-situacion-que-se-pueda-avecinar-en-la-frontera-con-haiti","status":"publish","type":"post","link":"https:\/\/minutocerord.com\/?p=8700","title":{"rendered":"Ejercito de Rep\u00fablica Dominicana busca contrarrestar \u00abcualquier situaci\u00f3n que se pueda avecinar\u00bb en la frontera con Hait\u00ed"},"content":{"rendered":"\n<p><strong>SANTO DOMINGO.- <\/strong>El despliegue de militares dominicanos en la frontera con Hait\u00ed tiene el prop\u00f3sito de \u00abcontrarrestar cualquier tipo de situaci\u00f3n que se pueda avecinar\u00bb, dijo el comandante de la Cuarta Brigada de Infanter\u00eda, coronel Faustino Almonte.<\/p>\n\n\n\n<p>En declaraciones a la prensa en Dajab\u00f3n, paso fronterizo m\u00e1s septentrional entre ambos pa\u00edses, confirm\u00f3 que el&nbsp;&nbsp;Ej\u00e9rcito de la Rep\u00fablica Dominicana despleg\u00f3 un contingente militar en la frontera a ra\u00edz del secuestro del consejero agr\u00edcola de su embajada en Puerto Pr\u00edncipe, Carlos Guill\u00e9n Tatis, capturado el viernes por una banda armada en el pa\u00eds vecino.<\/p>\n\n\n\n<p>Ni el Ministerio de Defensa ni el Ej\u00e9rcito han precisado el n\u00famero de militares que han sido desplegadas en la frontera.<\/p>\n\n\n\n<p>El pasado domingo, el Gobierno de Rep\u00fablica Dominicana inform\u00f3 del secuestro de su diplom\u00e1tico y solicit\u00f3 a Hait\u00ed dar inicio a una \u00abinmediata investigaci\u00f3n\u00bb, para contribuir a su liberaci\u00f3n \u00absano y salvo\u00bb.<\/p>\n\n\n\n<p>Guill\u00e9n fue raptado en el \u00e1rea de Croix-des-Bouquets, zona controlada por la banda armada 400 Mawozo, cuando se dirig\u00eda por tierra al municipio dominicano de Jiman\u00ed, punto fronterizo m\u00e1s cercano a Puerto Pr\u00edncipe.<\/p>\n\n\n\n<p>Las bandas armadas que luchan por el control de territorios Puerto Pr\u00edncipe perpetran secuestros indiscriminados para financiar sus actividades, en pleno recrudecimiento de la violencia en el pa\u00eds.<\/p>\n\n\n\n<p>Desde mediados de abril, las bandas 400 Mawozo y Chen Mechan se est\u00e1n disputando el control de varias barriadas en el norte de la capital, enfrentamientos que han causado la muerte de al menos 20 civiles y el desplazamiento de cientos de personas.<\/p>\n\n\n\n<p>En febrero pasado, el presidente dominicano, Luis Abinader, inaugur\u00f3 las obras de una verja fronteriza \u00abinteligente\u00bb, que pretende cubrir cerca de la mitad de los 400 kil\u00f3metros entre ambos pa\u00edses.<\/p>\n\n\n\n<p>La verja pretende regular los flujos transfronterizos comerciales y migratorios, enfrentar el contrabando, el tr\u00e1fico de estupefacientes y garantizar la seguridad.<\/p>\n\n\n\n<p><strong><em>Con informaci\u00f3n de la Agencia EFE<\/em><\/strong><\/p>\n","protected":false},"excerpt":{"rendered":"<p>SANTO DOMINGO.- El despliegue de militares dominicanos en la frontera con Hait\u00ed tiene el prop\u00f3sito de \u00abcontrarrestar cualquier tipo de situaci\u00f3n que se pueda avecinar\u00bb, dijo el comandante de la Cuarta Brigada de Infanter\u00eda, coronel Faustino Almonte. En declaraciones a la prensa en Dajab\u00f3n, paso fronterizo m\u00e1s septentrional entre ambos pa\u00edses, confirm\u00f3 que el&nbsp;&nbsp;Ej\u00e9rcito de [&hellip;]<\/p>\n","protected":false},"author":1,"featured_media":8701,"comment_status":"open","ping_status":"open","sticky":false,"template":"","format":"standard","meta":{"nf_dc_page":"","jetpack_post_was_ever_published":false,"_jetpack_newsletter_access":"","_jetpack_dont_email_post_to_subs":false,"_jetpack_newsletter_tier_id":0,"_jetpack_memberships_contains_paywalled_content":false,"_jetpack_memberships_contains_paid_content":false,"footnotes":"","jetpack_publicize_message":"","jetpack_publicize_feature_enabled":true,"jetpack_social_post_already_shared":true,"jetpack_social_options":{"image_generator_settings":{"template":"highway","default_image_id":0,"font":"","enabled":false},"version":2}},"categories":[65],"tags":[],"class_list":["post-8700","post","type-post","status-publish","format-standard","has-post-thumbnail","hentry","category-nacionales"],"yoast_head":"<!-- This site is optimized with the Yoast SEO plugin v27.4 - https:\/\/yoast.com\/product\/yoast-seo-wordpress\/ -->\n<title>Ejercito de Rep\u00fablica Dominicana busca contrarrestar \u00abcualquier situaci\u00f3n que se pueda avecinar\u00bb en la frontera con Hait\u00ed - Minuto Cero RD<\/title>\n<meta name=\"robots\" content=\"index, follow, max-snippet:-1, max-image-preview:large, max-video-preview:-1\" \/>\n<link rel=\"canonical\" href=\"http:\/\/minutocerord.com\/?p=8700\" \/>\n<meta property=\"og:locale\" content=\"es_ES\" \/>\n<meta property=\"og:type\" content=\"article\" \/>\n<meta property=\"og:title\" content=\"Ejercito de Rep\u00fablica Dominicana busca contrarrestar \u00abcualquier situaci\u00f3n que se pueda avecinar\u00bb en la frontera con Hait\u00ed - Minuto Cero RD\" \/>\n<meta property=\"og:description\" content=\"SANTO DOMINGO.- El despliegue de militares dominicanos en la frontera con Hait\u00ed tiene el prop\u00f3sito de \u00abcontrarrestar cualquier tipo de situaci\u00f3n que se pueda avecinar\u00bb, dijo el comandante de la Cuarta Brigada de Infanter\u00eda, coronel Faustino Almonte. En declaraciones a la prensa en Dajab\u00f3n, paso fronterizo m\u00e1s septentrional entre ambos pa\u00edses, confirm\u00f3 que el&nbsp;&nbsp;Ej\u00e9rcito de [&hellip;]\" \/>\n<meta property=\"og:url\" content=\"http:\/\/minutocerord.com\/?p=8700\" \/>\n<meta property=\"og:site_name\" content=\"Minuto Cero RD\" \/>\n<meta property=\"article:publisher\" content=\"https:\/\/www.facebook.com\/Genofnotes\" \/>\n<meta property=\"article:author\" content=\"https:\/\/www.facebook.com\/Genofnotes\" \/>\n<meta property=\"article:published_time\" content=\"2022-05-04T03:37:49+00:00\" \/>\n<meta property=\"article:modified_time\" content=\"2022-05-04T03:38:08+00:00\" \/>\n<meta property=\"og:image\" content=\"https:\/\/i0.wp.com\/minutocerord.com\/wp-content\/uploads\/2022\/05\/militares.jpg?fit=604%2C335\" \/>\n\t<meta property=\"og:image:width\" content=\"604\" \/>\n\t<meta property=\"og:image:height\" content=\"335\" \/>\n\t<meta property=\"og:image:type\" content=\"image\/jpeg\" \/>\n<meta name=\"author\" content=\"Genof\u00f3ntes Urb\u00e1ez\" \/>\n<meta name=\"twitter:card\" content=\"summary_large_image\" \/>\n<meta name=\"twitter:label1\" content=\"Written by\" \/>\n\t<meta name=\"twitter:data1\" content=\"Genof\u00f3ntes Urb\u00e1ez\" \/>\n\t<meta name=\"twitter:label2\" content=\"Est. reading time\" \/>\n\t<meta name=\"twitter:data2\" content=\"2 minutos\" \/>\n<script type=\"application\/ld+json\" class=\"yoast-schema-graph\">{\"@context\":\"https:\\\/\\\/schema.org\",\"@graph\":[{\"@type\":\"Article\",\"@id\":\"http:\\\/\\\/minutocerord.com\\\/?p=8700#article\",\"isPartOf\":{\"@id\":\"http:\\\/\\\/minutocerord.com\\\/?p=8700\"},\"author\":{\"name\":\"Genof\u00f3ntes Urb\u00e1ez\",\"@id\":\"https:\\\/\\\/minutocerord.com\\\/#\\\/schema\\\/person\\\/60b5372d60aaa0a5171fb6488be9aee6\"},\"headline\":\"Ejercito de Rep\u00fablica Dominicana busca contrarrestar \u00abcualquier situaci\u00f3n que se pueda avecinar\u00bb en la frontera con Hait\u00ed\",\"datePublished\":\"2022-05-04T03:37:49+00:00\",\"dateModified\":\"2022-05-04T03:38:08+00:00\",\"mainEntityOfPage\":{\"@id\":\"http:\\\/\\\/minutocerord.com\\\/?p=8700\"},\"wordCount\":355,\"commentCount\":0,\"publisher\":{\"@id\":\"https:\\\/\\\/minutocerord.com\\\/#\\\/schema\\\/person\\\/60b5372d60aaa0a5171fb6488be9aee6\"},\"image\":{\"@id\":\"http:\\\/\\\/minutocerord.com\\\/?p=8700#primaryimage\"},\"thumbnailUrl\":\"https:\\\/\\\/i0.wp.com\\\/minutocerord.com\\\/wp-content\\\/uploads\\\/2022\\\/05\\\/militares.jpg?fit=604%2C335&ssl=1\",\"articleSection\":[\"Nacionales\"],\"inLanguage\":\"es-DO\",\"potentialAction\":[{\"@type\":\"CommentAction\",\"name\":\"Comment\",\"target\":[\"http:\\\/\\\/minutocerord.com\\\/?p=8700#respond\"]}]},{\"@type\":\"WebPage\",\"@id\":\"http:\\\/\\\/minutocerord.com\\\/?p=8700\",\"url\":\"http:\\\/\\\/minutocerord.com\\\/?p=8700\",\"name\":\"Ejercito de Rep\u00fablica Dominicana busca contrarrestar \u00abcualquier situaci\u00f3n que se pueda avecinar\u00bb en la frontera con Hait\u00ed - Minuto Cero RD\",\"isPartOf\":{\"@id\":\"https:\\\/\\\/minutocerord.com\\\/#website\"},\"primaryImageOfPage\":{\"@id\":\"http:\\\/\\\/minutocerord.com\\\/?p=8700#primaryimage\"},\"image\":{\"@id\":\"http:\\\/\\\/minutocerord.com\\\/?p=8700#primaryimage\"},\"thumbnailUrl\":\"https:\\\/\\\/i0.wp.com\\\/minutocerord.com\\\/wp-content\\\/uploads\\\/2022\\\/05\\\/militares.jpg?fit=604%2C335&ssl=1\",\"datePublished\":\"2022-05-04T03:37:49+00:00\",\"dateModified\":\"2022-05-04T03:38:08+00:00\",\"breadcrumb\":{\"@id\":\"http:\\\/\\\/minutocerord.com\\\/?p=8700#breadcrumb\"},\"inLanguage\":\"es-DO\",\"potentialAction\":[{\"@type\":\"ReadAction\",\"target\":[\"http:\\\/\\\/minutocerord.com\\\/?p=8700\"]}]},{\"@type\":\"ImageObject\",\"inLanguage\":\"es-DO\",\"@id\":\"http:\\\/\\\/minutocerord.com\\\/?p=8700#primaryimage\",\"url\":\"https:\\\/\\\/i0.wp.com\\\/minutocerord.com\\\/wp-content\\\/uploads\\\/2022\\\/05\\\/militares.jpg?fit=604%2C335&ssl=1\",\"contentUrl\":\"https:\\\/\\\/i0.wp.com\\\/minutocerord.com\\\/wp-content\\\/uploads\\\/2022\\\/05\\\/militares.jpg?fit=604%2C335&ssl=1\",\"width\":604,\"height\":335},{\"@type\":\"BreadcrumbList\",\"@id\":\"http:\\\/\\\/minutocerord.com\\\/?p=8700#breadcrumb\",\"itemListElement\":[{\"@type\":\"ListItem\",\"position\":1,\"name\":\"Home\",\"item\":\"https:\\\/\\\/minutocerord.com\\\/\"},{\"@type\":\"ListItem\",\"position\":2,\"name\":\"Ejercito de Rep\u00fablica Dominicana busca contrarrestar \u00abcualquier situaci\u00f3n que se pueda avecinar\u00bb en la frontera con Hait\u00ed\"}]},{\"@type\":\"WebSite\",\"@id\":\"https:\\\/\\\/minutocerord.com\\\/#website\",\"url\":\"https:\\\/\\\/minutocerord.com\\\/\",\"name\":\"Minuto Cero RD\",\"description\":\"Periodismo serio y veraz\",\"publisher\":{\"@id\":\"https:\\\/\\\/minutocerord.com\\\/#\\\/schema\\\/person\\\/60b5372d60aaa0a5171fb6488be9aee6\"},\"potentialAction\":[{\"@type\":\"SearchAction\",\"target\":{\"@type\":\"EntryPoint\",\"urlTemplate\":\"https:\\\/\\\/minutocerord.com\\\/?s={search_term_string}\"},\"query-input\":{\"@type\":\"PropertyValueSpecification\",\"valueRequired\":true,\"valueName\":\"search_term_string\"}}],\"inLanguage\":\"es-DO\"},{\"@type\":[\"Person\",\"Organization\"],\"@id\":\"https:\\\/\\\/minutocerord.com\\\/#\\\/schema\\\/person\\\/60b5372d60aaa0a5171fb6488be9aee6\",\"name\":\"Genof\u00f3ntes Urb\u00e1ez\",\"image\":{\"@type\":\"ImageObject\",\"inLanguage\":\"es-DO\",\"@id\":\"https:\\\/\\\/secure.gravatar.com\\\/avatar\\\/a49ef3186a692098ac3e8a1612261e3ad70cf9e44553dff2929e67939a0ecb9d?s=96&d=identicon&r=g\",\"url\":\"https:\\\/\\\/secure.gravatar.com\\\/avatar\\\/a49ef3186a692098ac3e8a1612261e3ad70cf9e44553dff2929e67939a0ecb9d?s=96&d=identicon&r=g\",\"contentUrl\":\"https:\\\/\\\/secure.gravatar.com\\\/avatar\\\/a49ef3186a692098ac3e8a1612261e3ad70cf9e44553dff2929e67939a0ecb9d?s=96&d=identicon&r=g\",\"caption\":\"Genof\u00f3ntes Urb\u00e1ez\"},\"logo\":{\"@id\":\"https:\\\/\\\/secure.gravatar.com\\\/avatar\\\/a49ef3186a692098ac3e8a1612261e3ad70cf9e44553dff2929e67939a0ecb9d?s=96&d=identicon&r=g\"},\"description\":\"Periodista \\\/ Locutor\",\"sameAs\":[\"https:\\\/\\\/www.facebook.com\\\/Genofnotes\",\"https:\\\/\\\/www.instagram.com\\\/genofnotes\\\/\"]}]}<\/script>\n<!-- \/ Yoast SEO plugin. -->","yoast_head_json":{"title":"Ejercito de Rep\u00fablica Dominicana busca contrarrestar \u00abcualquier situaci\u00f3n que se pueda avecinar\u00bb en la frontera con Hait\u00ed - Minuto Cero RD","robots":{"index":"index","follow":"follow","max-snippet":"max-snippet:-1","max-image-preview":"max-image-preview:large","max-video-preview":"max-video-preview:-1"},"canonical":"http:\/\/minutocerord.com\/?p=8700","og_locale":"es_ES","og_type":"article","og_title":"Ejercito de Rep\u00fablica Dominicana busca contrarrestar \u00abcualquier situaci\u00f3n que se pueda avecinar\u00bb en la frontera con Hait\u00ed - Minuto Cero RD","og_description":"SANTO DOMINGO.- El despliegue de militares dominicanos en la frontera con Hait\u00ed tiene el prop\u00f3sito de \u00abcontrarrestar cualquier tipo de situaci\u00f3n que se pueda avecinar\u00bb, dijo el comandante de la Cuarta Brigada de Infanter\u00eda, coronel Faustino Almonte. En declaraciones a la prensa en Dajab\u00f3n, paso fronterizo m\u00e1s septentrional entre ambos pa\u00edses, confirm\u00f3 que el&nbsp;&nbsp;Ej\u00e9rcito de [&hellip;]","og_url":"http:\/\/minutocerord.com\/?p=8700","og_site_name":"Minuto Cero RD","article_publisher":"https:\/\/www.facebook.com\/Genofnotes","article_author":"https:\/\/www.facebook.com\/Genofnotes","article_published_time":"2022-05-04T03:37:49+00:00","article_modified_time":"2022-05-04T03:38:08+00:00","og_image":[{"width":604,"height":335,"url":"https:\/\/i0.wp.com\/minutocerord.com\/wp-content\/uploads\/2022\/05\/militares.jpg?fit=604%2C335","type":"image\/jpeg"}],"author":"Genof\u00f3ntes Urb\u00e1ez","twitter_card":"summary_large_image","twitter_misc":{"Written by":"Genof\u00f3ntes Urb\u00e1ez","Est. reading time":"2 minutos"},"schema":{"@context":"https:\/\/schema.org","@graph":[{"@type":"Article","@id":"http:\/\/minutocerord.com\/?p=8700#article","isPartOf":{"@id":"http:\/\/minutocerord.com\/?p=8700"},"author":{"name":"Genof\u00f3ntes Urb\u00e1ez","@id":"https:\/\/minutocerord.com\/#\/schema\/person\/60b5372d60aaa0a5171fb6488be9aee6"},"headline":"Ejercito de Rep\u00fablica Dominicana busca contrarrestar \u00abcualquier situaci\u00f3n que se pueda avecinar\u00bb en la frontera con Hait\u00ed","datePublished":"2022-05-04T03:37:49+00:00","dateModified":"2022-05-04T03:38:08+00:00","mainEntityOfPage":{"@id":"http:\/\/minutocerord.com\/?p=8700"},"wordCount":355,"commentCount":0,"publisher":{"@id":"https:\/\/minutocerord.com\/#\/schema\/person\/60b5372d60aaa0a5171fb6488be9aee6"},"image":{"@id":"http:\/\/minutocerord.com\/?p=8700#primaryimage"},"thumbnailUrl":"https:\/\/i0.wp.com\/minutocerord.com\/wp-content\/uploads\/2022\/05\/militares.jpg?fit=604%2C335&ssl=1","articleSection":["Nacionales"],"inLanguage":"es-DO","potentialAction":[{"@type":"CommentAction","name":"Comment","target":["http:\/\/minutocerord.com\/?p=8700#respond"]}]},{"@type":"WebPage","@id":"http:\/\/minutocerord.com\/?p=8700","url":"http:\/\/minutocerord.com\/?p=8700","name":"Ejercito de Rep\u00fablica Dominicana busca contrarrestar \u00abcualquier situaci\u00f3n que se pueda avecinar\u00bb en la frontera con Hait\u00ed - Minuto Cero RD","isPartOf":{"@id":"https:\/\/minutocerord.com\/#website"},"primaryImageOfPage":{"@id":"http:\/\/minutocerord.com\/?p=8700#primaryimage"},"image":{"@id":"http:\/\/minutocerord.com\/?p=8700#primaryimage"},"thumbnailUrl":"https:\/\/i0.wp.com\/minutocerord.com\/wp-content\/uploads\/2022\/05\/militares.jpg?fit=604%2C335&ssl=1","datePublished":"2022-05-04T03:37:49+00:00","dateModified":"2022-05-04T03:38:08+00:00","breadcrumb":{"@id":"http:\/\/minutocerord.com\/?p=8700#breadcrumb"},"inLanguage":"es-DO","potentialAction":[{"@type":"ReadAction","target":["http:\/\/minutocerord.com\/?p=8700"]}]},{"@type":"ImageObject","inLanguage":"es-DO","@id":"http:\/\/minutocerord.com\/?p=8700#primaryimage","url":"https:\/\/i0.wp.com\/minutocerord.com\/wp-content\/uploads\/2022\/05\/militares.jpg?fit=604%2C335&ssl=1","contentUrl":"https:\/\/i0.wp.com\/minutocerord.com\/wp-content\/uploads\/2022\/05\/militares.jpg?fit=604%2C335&ssl=1","width":604,"height":335},{"@type":"BreadcrumbList","@id":"http:\/\/minutocerord.com\/?p=8700#breadcrumb","itemListElement":[{"@type":"ListItem","position":1,"name":"Home","item":"https:\/\/minutocerord.com\/"},{"@type":"ListItem","position":2,"name":"Ejercito de Rep\u00fablica Dominicana busca contrarrestar \u00abcualquier situaci\u00f3n que se pueda avecinar\u00bb en la frontera con Hait\u00ed"}]},{"@type":"WebSite","@id":"https:\/\/minutocerord.com\/#website","url":"https:\/\/minutocerord.com\/","name":"Minuto Cero RD","description":"Periodismo serio y veraz","publisher":{"@id":"https:\/\/minutocerord.com\/#\/schema\/person\/60b5372d60aaa0a5171fb6488be9aee6"},"potentialAction":[{"@type":"SearchAction","target":{"@type":"EntryPoint","urlTemplate":"https:\/\/minutocerord.com\/?s={search_term_string}"},"query-input":{"@type":"PropertyValueSpecification","valueRequired":true,"valueName":"search_term_string"}}],"inLanguage":"es-DO"},{"@type":["Person","Organization"],"@id":"https:\/\/minutocerord.com\/#\/schema\/person\/60b5372d60aaa0a5171fb6488be9aee6","name":"Genof\u00f3ntes Urb\u00e1ez","image":{"@type":"ImageObject","inLanguage":"es-DO","@id":"https:\/\/secure.gravatar.com\/avatar\/a49ef3186a692098ac3e8a1612261e3ad70cf9e44553dff2929e67939a0ecb9d?s=96&d=identicon&r=g","url":"https:\/\/secure.gravatar.com\/avatar\/a49ef3186a692098ac3e8a1612261e3ad70cf9e44553dff2929e67939a0ecb9d?s=96&d=identicon&r=g","contentUrl":"https:\/\/secure.gravatar.com\/avatar\/a49ef3186a692098ac3e8a1612261e3ad70cf9e44553dff2929e67939a0ecb9d?s=96&d=identicon&r=g","caption":"Genof\u00f3ntes Urb\u00e1ez"},"logo":{"@id":"https:\/\/secure.gravatar.com\/avatar\/a49ef3186a692098ac3e8a1612261e3ad70cf9e44553dff2929e67939a0ecb9d?s=96&d=identicon&r=g"},"description":"Periodista \/ Locutor","sameAs":["https:\/\/www.facebook.com\/Genofnotes","https:\/\/www.instagram.com\/genofnotes\/"]}]}},"jetpack_publicize_connections":[],"jetpack_featured_media_url":"https:\/\/i0.wp.com\/minutocerord.com\/wp-content\/uploads\/2022\/05\/militares.jpg?fit=604%2C335&ssl=1","jetpack-related-posts":[],"jetpack_sharing_enabled":true,"_links":{"self":[{"href":"https:\/\/minutocerord.com\/index.php?rest_route=\/wp\/v2\/posts\/8700","targetHints":{"allow":["GET"]}}],"collection":[{"href":"https:\/\/minutocerord.com\/index.php?rest_route=\/wp\/v2\/posts"}],"about":[{"href":"https:\/\/minutocerord.com\/index.php?rest_route=\/wp\/v2\/types\/post"}],"author":[{"embeddable":true,"href":"https:\/\/minutocerord.com\/index.php?rest_route=\/wp\/v2\/users\/1"}],"replies":[{"embeddable":true,"href":"https:\/\/minutocerord.com\/index.php?rest_route=%2Fwp%2Fv2%2Fcomments&post=8700"}],"version-history":[{"count":1,"href":"https:\/\/minutocerord.com\/index.php?rest_route=\/wp\/v2\/posts\/8700\/revisions"}],"predecessor-version":[{"id":8702,"href":"https:\/\/minutocerord.com\/index.php?rest_route=\/wp\/v2\/posts\/8700\/revisions\/8702"}],"wp:featuredmedia":[{"embeddable":true,"href":"https:\/\/minutocerord.com\/index.php?rest_route=\/wp\/v2\/media\/8701"}],"wp:attachment":[{"href":"https:\/\/minutocerord.com\/index.php?rest_route=%2Fwp%2Fv2%2Fmedia&parent=8700"}],"wp:term":[{"taxonomy":"category","embeddable":true,"href":"https:\/\/minutocerord.com\/index.php?rest_route=%2Fwp%2Fv2%2Fcategories&post=8700"},{"taxonomy":"post_tag","embeddable":true,"href":"https:\/\/minutocerord.com\/index.php?rest_route=%2Fwp%2Fv2%2Ftags&post=8700"}],"curies":[{"name":"wp","href":"https:\/\/api.w.org\/{rel}","templated":true}]}}