{"id":8706,"date":"2022-05-03T23:46:52","date_gmt":"2022-05-04T03:46:52","guid":{"rendered":"https:\/\/minutocerord.com\/?p=8706"},"modified":"2022-05-03T23:47:34","modified_gmt":"2022-05-04T03:47:34","slug":"indignacion-en-rd-por-muerte-de-3-hombres-en-custodia-policial","status":"publish","type":"post","link":"https:\/\/minutocerord.com\/?p=8706","title":{"rendered":"Indignaci\u00f3n en RD por muerte de 3 hombres en custodia policial"},"content":{"rendered":"\n<p><strong>Santo Domingo.-<\/strong> La muerte de tres hombres bajo custodia policial en Rep\u00fablica Dominicana desat\u00f3 la indignaci\u00f3n contra el cuerpo del orden, frecuentemente cuestionado por sus excesos, e incluso motiv\u00f3 la convocatoria de una in\u00e9dita protesta prevista para este martes.<\/p>\n\n\n\n<p><strong>El \u00faltimo caso, el que ha causado reacciones pol\u00edticas y una mayor consternaci\u00f3n, es el de David de los Santos, de 24<\/strong>&nbsp;a\u00f1os, quien falleci\u00f3 el domingo pasado en un hospital por causas no aclaradas, cuatro d\u00edas despu\u00e9s de haber sido arrestado por un altercado con una mujer en una plaza comercial de Santo Domingo.<\/p>\n\n\n\n<p>La Polic\u00eda afirm\u00f3 que el joven se autolesion\u00f3 en el destacamento en el que estaba detenido, pero el certificado de defunci\u00f3n entregado por el Ministerio de Salud P\u00fablica a los familiares del joven, dado a conocer por algunos medios, establece de manera preliminar que se trat\u00f3 de un homicidio a causa de un trauma craneoencef\u00e1lico.<\/p>\n\n\n\n<p>La procuradora general, Miriam Germ\u00e1n Brito, instruy\u00f3 a la Direcci\u00f3n General de Persecuci\u00f3n del Ministerio P\u00fablico para que coordine una investigaci\u00f3n de los casos de ciudadanos que han perdido la vida despu\u00e9s de estar retenidos en cuarteles policiales.<\/p>\n\n\n\n<p>Durante una reuni\u00f3n de trabajo con la titular de la Direcci\u00f3n General de Persecuci\u00f3n, la procuradora adjunta Yeni Berenice Reynoso, la magistrada Germ\u00e1n Brito afirm\u00f3 que entiende \u00abperfectamente la indignaci\u00f3n de la sociedad\u00bb con estos casos, \u00aben los cuales se avizora un cierto patr\u00f3n de conducta que no podemos permitir\u201d.<\/p>\n\n\n\n<p>\u201cComo a todos en nuestra sociedad, esta situaci\u00f3n nos genera un gran dolor, porque se trata de hechos que causan indignaci\u00f3n, dolor y verg\u00fcenza\u201d, explic\u00f3 Germ\u00e1n Brito.<\/p>\n\n\n\n<p>El Ministerio P\u00fablico anunci\u00f3 que el deceso del joven se investiga como un homicidio, mientras que la Polic\u00eda Nacional dispuso la suspensi\u00f3n de los agentes del destacamento donde estuvo el detenido mientras siguen las pesquisas sobre el caso.<\/p>\n\n\n\n<p><strong>PROTESTA<\/strong><\/p>\n\n\n\n<p>Para hoy, relacionados con De los Santos, quien hace poco se hab\u00eda graduado de educaci\u00f3n f\u00edsica, han convocado una protesta en las afueras del centro comercial en el que se produjo su arresto.<\/p>\n\n\n\n<p><strong>Anteriormente murieron tambi\u00e9n bajo custodia policial Jos\u00e9 Gregorio Custodio, de 37 a\u00f1os, el 17 de abril, y Richard B\u00e1ez, de 30 a\u00f1os, el 5 d\u00eda de ese mismo mes, seg\u00fan denuncias de sus familiares.<\/strong><\/p>\n\n\n\n<p><strong>Despu\u00e9s de que el presidente del pa\u00eds, Luis Abinader, conden\u00f3 este lunes la muerte de De los Santos, el titular del Senado, Eduardo Estrella, pidi\u00f3 hoy sacar \u00ablas manzanas podridas\u00bb de la Polic\u00eda \u00aby condenar a quien haya que condenar\u00bb.<\/strong><\/p>\n\n\n\n<p>Los casos denunciados \u00abdeben ser investigados hasta las \u00faltimas consecuencias (\u2026) no puede haber pa\u00f1os tibios\u00bb, agreg\u00f3 Estrella a la prensa.<\/p>\n\n\n\n<p>En tanto,&nbsp;<strong>Participaci\u00f3n Ciudadana<\/strong>&nbsp;demand\u00f3 \u00abacciones concretas\u00bb entorno a la reforma policial que Abinader puso en marcha en 2021.<\/p>\n\n\n\n<p><strong>REFORMA POLICIAL<\/strong><\/p>\n\n\n\n<p>La reforma policial fue anunciada despu\u00e9s de que en marzo de ese a\u00f1o un matrimonio de religiosos muri\u00f3 tiroteado en un ret\u00e9n de la Polic\u00eda.<\/p>\n\n\n\n<p>En su informe anual sobre derechos humanos publicado el mes pasado, Estados Unidos volvi\u00f3 a denunciar asesinatos ilegales o arbitrarios por parte de las fuerzas policiales dominicanos.<\/p>\n\n\n\n<p>Asimismo, golpes, malos tratos y tortura a detenidos, pese a que esa pr\u00e1ctica est\u00e1 prohibida en el pa\u00eds. EFE<\/p>\n","protected":false},"excerpt":{"rendered":"<p>Santo Domingo.- La muerte de tres hombres bajo custodia policial en Rep\u00fablica Dominicana desat\u00f3 la indignaci\u00f3n contra el cuerpo del orden, frecuentemente cuestionado por sus excesos, e incluso motiv\u00f3 la convocatoria de una in\u00e9dita protesta prevista para este martes. El \u00faltimo caso, el que ha causado reacciones pol\u00edticas y una mayor consternaci\u00f3n, es el de [&hellip;]<\/p>\n","protected":false},"author":1,"featured_media":8707,"comment_status":"open","ping_status":"open","sticky":false,"template":"","format":"standard","meta":{"nf_dc_page":"","jetpack_post_was_ever_published":false,"_jetpack_newsletter_access":"","_jetpack_dont_email_post_to_subs":false,"_jetpack_newsletter_tier_id":0,"_jetpack_memberships_contains_paywalled_content":false,"_jetpack_memberships_contains_paid_content":false,"footnotes":"","jetpack_publicize_message":"","jetpack_publicize_feature_enabled":true,"jetpack_social_post_already_shared":true,"jetpack_social_options":{"image_generator_settings":{"template":"highway","default_image_id":0,"font":"","enabled":false},"version":2}},"categories":[65],"tags":[],"class_list":["post-8706","post","type-post","status-publish","format-standard","has-post-thumbnail","hentry","category-nacionales"],"yoast_head":"<!-- This site is optimized with the Yoast SEO plugin v27.4 - https:\/\/yoast.com\/product\/yoast-seo-wordpress\/ -->\n<title>Indignaci\u00f3n en RD por muerte de 3 hombres en custodia policial - Minuto Cero RD<\/title>\n<meta name=\"robots\" content=\"index, follow, max-snippet:-1, max-image-preview:large, max-video-preview:-1\" \/>\n<link rel=\"canonical\" href=\"https:\/\/minutocerord.com\/?p=8706\" \/>\n<meta property=\"og:locale\" content=\"es_ES\" \/>\n<meta property=\"og:type\" content=\"article\" \/>\n<meta property=\"og:title\" content=\"Indignaci\u00f3n en RD por muerte de 3 hombres en custodia policial - Minuto Cero RD\" \/>\n<meta property=\"og:description\" content=\"Santo Domingo.- La muerte de tres hombres bajo custodia policial en Rep\u00fablica Dominicana desat\u00f3 la indignaci\u00f3n contra el cuerpo del orden, frecuentemente cuestionado por sus excesos, e incluso motiv\u00f3 la convocatoria de una in\u00e9dita protesta prevista para este martes. El \u00faltimo caso, el que ha causado reacciones pol\u00edticas y una mayor consternaci\u00f3n, es el de [&hellip;]\" \/>\n<meta property=\"og:url\" content=\"https:\/\/minutocerord.com\/?p=8706\" \/>\n<meta property=\"og:site_name\" content=\"Minuto Cero RD\" \/>\n<meta property=\"article:publisher\" content=\"https:\/\/www.facebook.com\/Genofnotes\" \/>\n<meta property=\"article:author\" content=\"https:\/\/www.facebook.com\/Genofnotes\" \/>\n<meta property=\"article:published_time\" content=\"2022-05-04T03:46:52+00:00\" \/>\n<meta property=\"article:modified_time\" content=\"2022-05-04T03:47:34+00:00\" \/>\n<meta property=\"og:image\" content=\"https:\/\/i0.wp.com\/minutocerord.com\/wp-content\/uploads\/2022\/05\/la-primera-familiares-del-joven-david-de-los-santos-dpolanco-58-62708266c68fe.jpg?fit=645%2C410&ssl=1\" \/>\n\t<meta property=\"og:image:width\" content=\"645\" \/>\n\t<meta property=\"og:image:height\" content=\"410\" \/>\n\t<meta property=\"og:image:type\" content=\"image\/jpeg\" \/>\n<meta name=\"author\" content=\"Genof\u00f3ntes Urb\u00e1ez\" \/>\n<meta name=\"twitter:card\" content=\"summary_large_image\" \/>\n<meta name=\"twitter:label1\" content=\"Written by\" \/>\n\t<meta name=\"twitter:data1\" content=\"Genof\u00f3ntes Urb\u00e1ez\" \/>\n\t<meta name=\"twitter:label2\" content=\"Est. reading time\" \/>\n\t<meta name=\"twitter:data2\" content=\"3 minutos\" \/>\n<script type=\"application\/ld+json\" class=\"yoast-schema-graph\">{\"@context\":\"https:\\\/\\\/schema.org\",\"@graph\":[{\"@type\":\"Article\",\"@id\":\"https:\\\/\\\/minutocerord.com\\\/?p=8706#article\",\"isPartOf\":{\"@id\":\"https:\\\/\\\/minutocerord.com\\\/?p=8706\"},\"author\":{\"name\":\"Genof\u00f3ntes Urb\u00e1ez\",\"@id\":\"https:\\\/\\\/minutocerord.com\\\/#\\\/schema\\\/person\\\/60b5372d60aaa0a5171fb6488be9aee6\"},\"headline\":\"Indignaci\u00f3n en RD por muerte de 3 hombres en custodia policial\",\"datePublished\":\"2022-05-04T03:46:52+00:00\",\"dateModified\":\"2022-05-04T03:47:34+00:00\",\"mainEntityOfPage\":{\"@id\":\"https:\\\/\\\/minutocerord.com\\\/?p=8706\"},\"wordCount\":582,\"commentCount\":0,\"publisher\":{\"@id\":\"https:\\\/\\\/minutocerord.com\\\/#\\\/schema\\\/person\\\/60b5372d60aaa0a5171fb6488be9aee6\"},\"image\":{\"@id\":\"https:\\\/\\\/minutocerord.com\\\/?p=8706#primaryimage\"},\"thumbnailUrl\":\"https:\\\/\\\/i0.wp.com\\\/minutocerord.com\\\/wp-content\\\/uploads\\\/2022\\\/05\\\/la-primera-familiares-del-joven-david-de-los-santos-dpolanco-58-62708266c68fe.jpg?fit=645%2C410&ssl=1\",\"articleSection\":[\"Nacionales\"],\"inLanguage\":\"es-DO\",\"potentialAction\":[{\"@type\":\"CommentAction\",\"name\":\"Comment\",\"target\":[\"https:\\\/\\\/minutocerord.com\\\/?p=8706#respond\"]}]},{\"@type\":\"WebPage\",\"@id\":\"https:\\\/\\\/minutocerord.com\\\/?p=8706\",\"url\":\"https:\\\/\\\/minutocerord.com\\\/?p=8706\",\"name\":\"Indignaci\u00f3n en RD por muerte de 3 hombres en custodia policial - Minuto Cero RD\",\"isPartOf\":{\"@id\":\"https:\\\/\\\/minutocerord.com\\\/#website\"},\"primaryImageOfPage\":{\"@id\":\"https:\\\/\\\/minutocerord.com\\\/?p=8706#primaryimage\"},\"image\":{\"@id\":\"https:\\\/\\\/minutocerord.com\\\/?p=8706#primaryimage\"},\"thumbnailUrl\":\"https:\\\/\\\/i0.wp.com\\\/minutocerord.com\\\/wp-content\\\/uploads\\\/2022\\\/05\\\/la-primera-familiares-del-joven-david-de-los-santos-dpolanco-58-62708266c68fe.jpg?fit=645%2C410&ssl=1\",\"datePublished\":\"2022-05-04T03:46:52+00:00\",\"dateModified\":\"2022-05-04T03:47:34+00:00\",\"breadcrumb\":{\"@id\":\"https:\\\/\\\/minutocerord.com\\\/?p=8706#breadcrumb\"},\"inLanguage\":\"es-DO\",\"potentialAction\":[{\"@type\":\"ReadAction\",\"target\":[\"https:\\\/\\\/minutocerord.com\\\/?p=8706\"]}]},{\"@type\":\"ImageObject\",\"inLanguage\":\"es-DO\",\"@id\":\"https:\\\/\\\/minutocerord.com\\\/?p=8706#primaryimage\",\"url\":\"https:\\\/\\\/i0.wp.com\\\/minutocerord.com\\\/wp-content\\\/uploads\\\/2022\\\/05\\\/la-primera-familiares-del-joven-david-de-los-santos-dpolanco-58-62708266c68fe.jpg?fit=645%2C410&ssl=1\",\"contentUrl\":\"https:\\\/\\\/i0.wp.com\\\/minutocerord.com\\\/wp-content\\\/uploads\\\/2022\\\/05\\\/la-primera-familiares-del-joven-david-de-los-santos-dpolanco-58-62708266c68fe.jpg?fit=645%2C410&ssl=1\",\"width\":645,\"height\":410},{\"@type\":\"BreadcrumbList\",\"@id\":\"https:\\\/\\\/minutocerord.com\\\/?p=8706#breadcrumb\",\"itemListElement\":[{\"@type\":\"ListItem\",\"position\":1,\"name\":\"Home\",\"item\":\"https:\\\/\\\/minutocerord.com\\\/\"},{\"@type\":\"ListItem\",\"position\":2,\"name\":\"Indignaci\u00f3n en RD por muerte de 3 hombres en custodia policial\"}]},{\"@type\":\"WebSite\",\"@id\":\"https:\\\/\\\/minutocerord.com\\\/#website\",\"url\":\"https:\\\/\\\/minutocerord.com\\\/\",\"name\":\"Minuto Cero RD\",\"description\":\"Periodismo serio y veraz\",\"publisher\":{\"@id\":\"https:\\\/\\\/minutocerord.com\\\/#\\\/schema\\\/person\\\/60b5372d60aaa0a5171fb6488be9aee6\"},\"potentialAction\":[{\"@type\":\"SearchAction\",\"target\":{\"@type\":\"EntryPoint\",\"urlTemplate\":\"https:\\\/\\\/minutocerord.com\\\/?s={search_term_string}\"},\"query-input\":{\"@type\":\"PropertyValueSpecification\",\"valueRequired\":true,\"valueName\":\"search_term_string\"}}],\"inLanguage\":\"es-DO\"},{\"@type\":[\"Person\",\"Organization\"],\"@id\":\"https:\\\/\\\/minutocerord.com\\\/#\\\/schema\\\/person\\\/60b5372d60aaa0a5171fb6488be9aee6\",\"name\":\"Genof\u00f3ntes Urb\u00e1ez\",\"image\":{\"@type\":\"ImageObject\",\"inLanguage\":\"es-DO\",\"@id\":\"https:\\\/\\\/secure.gravatar.com\\\/avatar\\\/a49ef3186a692098ac3e8a1612261e3ad70cf9e44553dff2929e67939a0ecb9d?s=96&d=identicon&r=g\",\"url\":\"https:\\\/\\\/secure.gravatar.com\\\/avatar\\\/a49ef3186a692098ac3e8a1612261e3ad70cf9e44553dff2929e67939a0ecb9d?s=96&d=identicon&r=g\",\"contentUrl\":\"https:\\\/\\\/secure.gravatar.com\\\/avatar\\\/a49ef3186a692098ac3e8a1612261e3ad70cf9e44553dff2929e67939a0ecb9d?s=96&d=identicon&r=g\",\"caption\":\"Genof\u00f3ntes Urb\u00e1ez\"},\"logo\":{\"@id\":\"https:\\\/\\\/secure.gravatar.com\\\/avatar\\\/a49ef3186a692098ac3e8a1612261e3ad70cf9e44553dff2929e67939a0ecb9d?s=96&d=identicon&r=g\"},\"description\":\"Periodista \\\/ Locutor\",\"sameAs\":[\"https:\\\/\\\/www.facebook.com\\\/Genofnotes\",\"https:\\\/\\\/www.instagram.com\\\/genofnotes\\\/\"]}]}<\/script>\n<!-- \/ Yoast SEO plugin. -->","yoast_head_json":{"title":"Indignaci\u00f3n en RD por muerte de 3 hombres en custodia policial - Minuto Cero RD","robots":{"index":"index","follow":"follow","max-snippet":"max-snippet:-1","max-image-preview":"max-image-preview:large","max-video-preview":"max-video-preview:-1"},"canonical":"https:\/\/minutocerord.com\/?p=8706","og_locale":"es_ES","og_type":"article","og_title":"Indignaci\u00f3n en RD por muerte de 3 hombres en custodia policial - Minuto Cero RD","og_description":"Santo Domingo.- La muerte de tres hombres bajo custodia policial en Rep\u00fablica Dominicana desat\u00f3 la indignaci\u00f3n contra el cuerpo del orden, frecuentemente cuestionado por sus excesos, e incluso motiv\u00f3 la convocatoria de una in\u00e9dita protesta prevista para este martes. El \u00faltimo caso, el que ha causado reacciones pol\u00edticas y una mayor consternaci\u00f3n, es el de [&hellip;]","og_url":"https:\/\/minutocerord.com\/?p=8706","og_site_name":"Minuto Cero RD","article_publisher":"https:\/\/www.facebook.com\/Genofnotes","article_author":"https:\/\/www.facebook.com\/Genofnotes","article_published_time":"2022-05-04T03:46:52+00:00","article_modified_time":"2022-05-04T03:47:34+00:00","og_image":[{"width":645,"height":410,"url":"https:\/\/i0.wp.com\/minutocerord.com\/wp-content\/uploads\/2022\/05\/la-primera-familiares-del-joven-david-de-los-santos-dpolanco-58-62708266c68fe.jpg?fit=645%2C410&ssl=1","type":"image\/jpeg"}],"author":"Genof\u00f3ntes Urb\u00e1ez","twitter_card":"summary_large_image","twitter_misc":{"Written by":"Genof\u00f3ntes Urb\u00e1ez","Est. reading time":"3 minutos"},"schema":{"@context":"https:\/\/schema.org","@graph":[{"@type":"Article","@id":"https:\/\/minutocerord.com\/?p=8706#article","isPartOf":{"@id":"https:\/\/minutocerord.com\/?p=8706"},"author":{"name":"Genof\u00f3ntes Urb\u00e1ez","@id":"https:\/\/minutocerord.com\/#\/schema\/person\/60b5372d60aaa0a5171fb6488be9aee6"},"headline":"Indignaci\u00f3n en RD por muerte de 3 hombres en custodia policial","datePublished":"2022-05-04T03:46:52+00:00","dateModified":"2022-05-04T03:47:34+00:00","mainEntityOfPage":{"@id":"https:\/\/minutocerord.com\/?p=8706"},"wordCount":582,"commentCount":0,"publisher":{"@id":"https:\/\/minutocerord.com\/#\/schema\/person\/60b5372d60aaa0a5171fb6488be9aee6"},"image":{"@id":"https:\/\/minutocerord.com\/?p=8706#primaryimage"},"thumbnailUrl":"https:\/\/i0.wp.com\/minutocerord.com\/wp-content\/uploads\/2022\/05\/la-primera-familiares-del-joven-david-de-los-santos-dpolanco-58-62708266c68fe.jpg?fit=645%2C410&ssl=1","articleSection":["Nacionales"],"inLanguage":"es-DO","potentialAction":[{"@type":"CommentAction","name":"Comment","target":["https:\/\/minutocerord.com\/?p=8706#respond"]}]},{"@type":"WebPage","@id":"https:\/\/minutocerord.com\/?p=8706","url":"https:\/\/minutocerord.com\/?p=8706","name":"Indignaci\u00f3n en RD por muerte de 3 hombres en custodia policial - Minuto Cero RD","isPartOf":{"@id":"https:\/\/minutocerord.com\/#website"},"primaryImageOfPage":{"@id":"https:\/\/minutocerord.com\/?p=8706#primaryimage"},"image":{"@id":"https:\/\/minutocerord.com\/?p=8706#primaryimage"},"thumbnailUrl":"https:\/\/i0.wp.com\/minutocerord.com\/wp-content\/uploads\/2022\/05\/la-primera-familiares-del-joven-david-de-los-santos-dpolanco-58-62708266c68fe.jpg?fit=645%2C410&ssl=1","datePublished":"2022-05-04T03:46:52+00:00","dateModified":"2022-05-04T03:47:34+00:00","breadcrumb":{"@id":"https:\/\/minutocerord.com\/?p=8706#breadcrumb"},"inLanguage":"es-DO","potentialAction":[{"@type":"ReadAction","target":["https:\/\/minutocerord.com\/?p=8706"]}]},{"@type":"ImageObject","inLanguage":"es-DO","@id":"https:\/\/minutocerord.com\/?p=8706#primaryimage","url":"https:\/\/i0.wp.com\/minutocerord.com\/wp-content\/uploads\/2022\/05\/la-primera-familiares-del-joven-david-de-los-santos-dpolanco-58-62708266c68fe.jpg?fit=645%2C410&ssl=1","contentUrl":"https:\/\/i0.wp.com\/minutocerord.com\/wp-content\/uploads\/2022\/05\/la-primera-familiares-del-joven-david-de-los-santos-dpolanco-58-62708266c68fe.jpg?fit=645%2C410&ssl=1","width":645,"height":410},{"@type":"BreadcrumbList","@id":"https:\/\/minutocerord.com\/?p=8706#breadcrumb","itemListElement":[{"@type":"ListItem","position":1,"name":"Home","item":"https:\/\/minutocerord.com\/"},{"@type":"ListItem","position":2,"name":"Indignaci\u00f3n en RD por muerte de 3 hombres en custodia policial"}]},{"@type":"WebSite","@id":"https:\/\/minutocerord.com\/#website","url":"https:\/\/minutocerord.com\/","name":"Minuto Cero RD","description":"Periodismo serio y veraz","publisher":{"@id":"https:\/\/minutocerord.com\/#\/schema\/person\/60b5372d60aaa0a5171fb6488be9aee6"},"potentialAction":[{"@type":"SearchAction","target":{"@type":"EntryPoint","urlTemplate":"https:\/\/minutocerord.com\/?s={search_term_string}"},"query-input":{"@type":"PropertyValueSpecification","valueRequired":true,"valueName":"search_term_string"}}],"inLanguage":"es-DO"},{"@type":["Person","Organization"],"@id":"https:\/\/minutocerord.com\/#\/schema\/person\/60b5372d60aaa0a5171fb6488be9aee6","name":"Genof\u00f3ntes Urb\u00e1ez","image":{"@type":"ImageObject","inLanguage":"es-DO","@id":"https:\/\/secure.gravatar.com\/avatar\/a49ef3186a692098ac3e8a1612261e3ad70cf9e44553dff2929e67939a0ecb9d?s=96&d=identicon&r=g","url":"https:\/\/secure.gravatar.com\/avatar\/a49ef3186a692098ac3e8a1612261e3ad70cf9e44553dff2929e67939a0ecb9d?s=96&d=identicon&r=g","contentUrl":"https:\/\/secure.gravatar.com\/avatar\/a49ef3186a692098ac3e8a1612261e3ad70cf9e44553dff2929e67939a0ecb9d?s=96&d=identicon&r=g","caption":"Genof\u00f3ntes Urb\u00e1ez"},"logo":{"@id":"https:\/\/secure.gravatar.com\/avatar\/a49ef3186a692098ac3e8a1612261e3ad70cf9e44553dff2929e67939a0ecb9d?s=96&d=identicon&r=g"},"description":"Periodista \/ Locutor","sameAs":["https:\/\/www.facebook.com\/Genofnotes","https:\/\/www.instagram.com\/genofnotes\/"]}]}},"jetpack_publicize_connections":[],"jetpack_featured_media_url":"https:\/\/i0.wp.com\/minutocerord.com\/wp-content\/uploads\/2022\/05\/la-primera-familiares-del-joven-david-de-los-santos-dpolanco-58-62708266c68fe.jpg?fit=645%2C410&ssl=1","jetpack-related-posts":[],"jetpack_sharing_enabled":true,"_links":{"self":[{"href":"https:\/\/minutocerord.com\/index.php?rest_route=\/wp\/v2\/posts\/8706","targetHints":{"allow":["GET"]}}],"collection":[{"href":"https:\/\/minutocerord.com\/index.php?rest_route=\/wp\/v2\/posts"}],"about":[{"href":"https:\/\/minutocerord.com\/index.php?rest_route=\/wp\/v2\/types\/post"}],"author":[{"embeddable":true,"href":"https:\/\/minutocerord.com\/index.php?rest_route=\/wp\/v2\/users\/1"}],"replies":[{"embeddable":true,"href":"https:\/\/minutocerord.com\/index.php?rest_route=%2Fwp%2Fv2%2Fcomments&post=8706"}],"version-history":[{"count":1,"href":"https:\/\/minutocerord.com\/index.php?rest_route=\/wp\/v2\/posts\/8706\/revisions"}],"predecessor-version":[{"id":8708,"href":"https:\/\/minutocerord.com\/index.php?rest_route=\/wp\/v2\/posts\/8706\/revisions\/8708"}],"wp:featuredmedia":[{"embeddable":true,"href":"https:\/\/minutocerord.com\/index.php?rest_route=\/wp\/v2\/media\/8707"}],"wp:attachment":[{"href":"https:\/\/minutocerord.com\/index.php?rest_route=%2Fwp%2Fv2%2Fmedia&parent=8706"}],"wp:term":[{"taxonomy":"category","embeddable":true,"href":"https:\/\/minutocerord.com\/index.php?rest_route=%2Fwp%2Fv2%2Fcategories&post=8706"},{"taxonomy":"post_tag","embeddable":true,"href":"https:\/\/minutocerord.com\/index.php?rest_route=%2Fwp%2Fv2%2Ftags&post=8706"}],"curies":[{"name":"wp","href":"https:\/\/api.w.org\/{rel}","templated":true}]}}