{"id":8709,"date":"2022-05-03T23:51:38","date_gmt":"2022-05-04T03:51:38","guid":{"rendered":"https:\/\/minutocerord.com\/?p=8709"},"modified":"2022-05-03T23:51:40","modified_gmt":"2022-05-04T03:51:40","slug":"abren-pesquisa-judicial-sobre-la-muerte-personas-en-cuarteles-pn","status":"publish","type":"post","link":"https:\/\/minutocerord.com\/?p=8709","title":{"rendered":"Abren pesquisa judicial sobre la muerte personas en cuarteles PN"},"content":{"rendered":"\n<p><strong>SANTO DOMINGO.- <\/strong>La procuradora general de la Rep\u00fablica Dominicana,\u00a0 Miriam Germ\u00e1n Brito, instruy\u00f3 a la procuradora adjunta Yeni Berenice Reynoso para que coordine las investigaciones de los casos en que ciudadanos \u00a0han perdido la vida en cuarteles policiales.<\/p>\n\n\n\n<p>\u201cComo a todos en nuestra sociedad, esta situaci\u00f3n nos genera un gran dolor, porque se trata de hechos que causan indignaci\u00f3n, dolor y verg\u00fcenza\u201d, explic\u00f3 Germ\u00e1n Brito al final de una reuni\u00f3n con Reynoso.<\/p>\n\n\n\n<p>\u201cEntendemos perfectamente la indignaci\u00f3n de la sociedad. Estamos a la espera de los resultados de investigaciones que est\u00e1n en curso en las distintas jurisdicciones del pa\u00eds\u00bb, enfatiz\u00f3.<\/p>\n\n\n\n<p>Record\u00f3 que el Ministerio P\u00fablico tiene el firme compromiso de asegurar que estos casos que apuntan a posibles violaciones de Derechos Humanos y a posible brutalidad de la autoridad policial se investiguen, siempre con la responsabilidad y objetividad que amerita cada uno, para someter a la justicia a los responsables de los hechos sin importar qui\u00e9n sea el responsable.<\/p>\n\n\n\n<p><strong>MINISTRO DE INTERIOR GARANTIZA SANCIONES<\/strong><\/p>\n\n\n\n<p>El ministro de Interior y Polic\u00eda, Jes\u00fas V\u00e1squez Mart\u00ednez, conden\u00f3 la muerte del joven de los Santos e instruy\u00f3 para que las investigaciones del caso sean llevadas hasta las \u00faltimas consecuencias, a fin de que a los responsables les caiga todo el peso de la Ley, tanto en el \u00e1mbito policial como en lo penal.Anunci\u00f3 que tan pronto concluyan las indagaciones convocar\u00e1 al Consejo Superior Policial para proceder con la destituci\u00f3n de los culpables.\u201cQuiero que sepan que, en \u00e9ste, y otros casos actuaremos apegados a la verdad\u201d, garantiz\u00f3 el funcionario.<\/p>\n\n\n\n<p>V\u00e1squez Mart\u00ednez tambi\u00e9n se solidariz\u00f3 con los familiares del joven fallecido.<\/p>\n","protected":false},"excerpt":{"rendered":"<p>SANTO DOMINGO.- La procuradora general de la Rep\u00fablica Dominicana,\u00a0 Miriam Germ\u00e1n Brito, instruy\u00f3 a la procuradora adjunta Yeni Berenice Reynoso para que coordine las investigaciones de los casos en que ciudadanos \u00a0han perdido la vida en cuarteles policiales. \u201cComo a todos en nuestra sociedad, esta situaci\u00f3n nos genera un gran dolor, porque se trata de [&hellip;]<\/p>\n","protected":false},"author":1,"featured_media":8710,"comment_status":"open","ping_status":"open","sticky":false,"template":"","format":"standard","meta":{"nf_dc_page":"","jetpack_post_was_ever_published":false,"_jetpack_newsletter_access":"","_jetpack_dont_email_post_to_subs":false,"_jetpack_newsletter_tier_id":0,"_jetpack_memberships_contains_paywalled_content":false,"_jetpack_memberships_contains_paid_content":false,"footnotes":"","jetpack_publicize_message":"","jetpack_publicize_feature_enabled":true,"jetpack_social_post_already_shared":true,"jetpack_social_options":{"image_generator_settings":{"template":"highway","default_image_id":0,"font":"","enabled":false},"version":2}},"categories":[65],"tags":[],"class_list":["post-8709","post","type-post","status-publish","format-standard","has-post-thumbnail","hentry","category-nacionales"],"yoast_head":"<!-- This site is optimized with the Yoast SEO plugin v27.4 - https:\/\/yoast.com\/product\/yoast-seo-wordpress\/ -->\n<title>Abren pesquisa judicial sobre la muerte personas en cuarteles PN - Minuto Cero RD<\/title>\n<meta name=\"robots\" content=\"index, follow, max-snippet:-1, max-image-preview:large, max-video-preview:-1\" \/>\n<link rel=\"canonical\" href=\"http:\/\/minutocerord.com\/?p=8709\" \/>\n<meta property=\"og:locale\" content=\"es_ES\" \/>\n<meta property=\"og:type\" content=\"article\" \/>\n<meta property=\"og:title\" content=\"Abren pesquisa judicial sobre la muerte personas en cuarteles PN - Minuto Cero RD\" \/>\n<meta property=\"og:description\" content=\"SANTO DOMINGO.- La procuradora general de la Rep\u00fablica Dominicana,\u00a0 Miriam Germ\u00e1n Brito, instruy\u00f3 a la procuradora adjunta Yeni Berenice Reynoso para que coordine las investigaciones de los casos en que ciudadanos \u00a0han perdido la vida en cuarteles policiales. \u201cComo a todos en nuestra sociedad, esta situaci\u00f3n nos genera un gran dolor, porque se trata de [&hellip;]\" \/>\n<meta property=\"og:url\" content=\"http:\/\/minutocerord.com\/?p=8709\" \/>\n<meta property=\"og:site_name\" content=\"Minuto Cero RD\" \/>\n<meta property=\"article:publisher\" content=\"https:\/\/www.facebook.com\/Genofnotes\" \/>\n<meta property=\"article:author\" content=\"https:\/\/www.facebook.com\/Genofnotes\" \/>\n<meta property=\"article:published_time\" content=\"2022-05-04T03:51:38+00:00\" \/>\n<meta property=\"article:modified_time\" content=\"2022-05-04T03:51:40+00:00\" \/>\n<meta property=\"og:image\" content=\"https:\/\/i0.wp.com\/minutocerord.com\/wp-content\/uploads\/2022\/05\/Mirian-German-Brito-Yeni-Berenice-Reynoso-y-Jesus-Vasquez.jpg?fit=600%2C301\" \/>\n\t<meta property=\"og:image:width\" content=\"600\" \/>\n\t<meta property=\"og:image:height\" content=\"301\" \/>\n\t<meta property=\"og:image:type\" content=\"image\/jpeg\" \/>\n<meta name=\"author\" content=\"Genof\u00f3ntes Urb\u00e1ez\" \/>\n<meta name=\"twitter:card\" content=\"summary_large_image\" \/>\n<meta name=\"twitter:label1\" content=\"Written by\" \/>\n\t<meta name=\"twitter:data1\" content=\"Genof\u00f3ntes Urb\u00e1ez\" \/>\n\t<meta name=\"twitter:label2\" content=\"Est. reading time\" \/>\n\t<meta name=\"twitter:data2\" content=\"2 minutos\" \/>\n<script type=\"application\/ld+json\" class=\"yoast-schema-graph\">{\"@context\":\"https:\\\/\\\/schema.org\",\"@graph\":[{\"@type\":\"Article\",\"@id\":\"http:\\\/\\\/minutocerord.com\\\/?p=8709#article\",\"isPartOf\":{\"@id\":\"http:\\\/\\\/minutocerord.com\\\/?p=8709\"},\"author\":{\"name\":\"Genof\u00f3ntes Urb\u00e1ez\",\"@id\":\"https:\\\/\\\/minutocerord.com\\\/#\\\/schema\\\/person\\\/60b5372d60aaa0a5171fb6488be9aee6\"},\"headline\":\"Abren pesquisa judicial sobre la muerte personas en cuarteles PN\",\"datePublished\":\"2022-05-04T03:51:38+00:00\",\"dateModified\":\"2022-05-04T03:51:40+00:00\",\"mainEntityOfPage\":{\"@id\":\"http:\\\/\\\/minutocerord.com\\\/?p=8709\"},\"wordCount\":297,\"commentCount\":0,\"publisher\":{\"@id\":\"https:\\\/\\\/minutocerord.com\\\/#\\\/schema\\\/person\\\/60b5372d60aaa0a5171fb6488be9aee6\"},\"image\":{\"@id\":\"http:\\\/\\\/minutocerord.com\\\/?p=8709#primaryimage\"},\"thumbnailUrl\":\"https:\\\/\\\/i0.wp.com\\\/minutocerord.com\\\/wp-content\\\/uploads\\\/2022\\\/05\\\/Mirian-German-Brito-Yeni-Berenice-Reynoso-y-Jesus-Vasquez.jpg?fit=600%2C301&ssl=1\",\"articleSection\":[\"Nacionales\"],\"inLanguage\":\"es-DO\",\"potentialAction\":[{\"@type\":\"CommentAction\",\"name\":\"Comment\",\"target\":[\"http:\\\/\\\/minutocerord.com\\\/?p=8709#respond\"]}]},{\"@type\":\"WebPage\",\"@id\":\"http:\\\/\\\/minutocerord.com\\\/?p=8709\",\"url\":\"http:\\\/\\\/minutocerord.com\\\/?p=8709\",\"name\":\"Abren pesquisa judicial sobre la muerte personas en cuarteles PN - Minuto Cero RD\",\"isPartOf\":{\"@id\":\"https:\\\/\\\/minutocerord.com\\\/#website\"},\"primaryImageOfPage\":{\"@id\":\"http:\\\/\\\/minutocerord.com\\\/?p=8709#primaryimage\"},\"image\":{\"@id\":\"http:\\\/\\\/minutocerord.com\\\/?p=8709#primaryimage\"},\"thumbnailUrl\":\"https:\\\/\\\/i0.wp.com\\\/minutocerord.com\\\/wp-content\\\/uploads\\\/2022\\\/05\\\/Mirian-German-Brito-Yeni-Berenice-Reynoso-y-Jesus-Vasquez.jpg?fit=600%2C301&ssl=1\",\"datePublished\":\"2022-05-04T03:51:38+00:00\",\"dateModified\":\"2022-05-04T03:51:40+00:00\",\"breadcrumb\":{\"@id\":\"http:\\\/\\\/minutocerord.com\\\/?p=8709#breadcrumb\"},\"inLanguage\":\"es-DO\",\"potentialAction\":[{\"@type\":\"ReadAction\",\"target\":[\"http:\\\/\\\/minutocerord.com\\\/?p=8709\"]}]},{\"@type\":\"ImageObject\",\"inLanguage\":\"es-DO\",\"@id\":\"http:\\\/\\\/minutocerord.com\\\/?p=8709#primaryimage\",\"url\":\"https:\\\/\\\/i0.wp.com\\\/minutocerord.com\\\/wp-content\\\/uploads\\\/2022\\\/05\\\/Mirian-German-Brito-Yeni-Berenice-Reynoso-y-Jesus-Vasquez.jpg?fit=600%2C301&ssl=1\",\"contentUrl\":\"https:\\\/\\\/i0.wp.com\\\/minutocerord.com\\\/wp-content\\\/uploads\\\/2022\\\/05\\\/Mirian-German-Brito-Yeni-Berenice-Reynoso-y-Jesus-Vasquez.jpg?fit=600%2C301&ssl=1\",\"width\":600,\"height\":301},{\"@type\":\"BreadcrumbList\",\"@id\":\"http:\\\/\\\/minutocerord.com\\\/?p=8709#breadcrumb\",\"itemListElement\":[{\"@type\":\"ListItem\",\"position\":1,\"name\":\"Home\",\"item\":\"https:\\\/\\\/minutocerord.com\\\/\"},{\"@type\":\"ListItem\",\"position\":2,\"name\":\"Abren pesquisa judicial sobre la muerte personas en cuarteles PN\"}]},{\"@type\":\"WebSite\",\"@id\":\"https:\\\/\\\/minutocerord.com\\\/#website\",\"url\":\"https:\\\/\\\/minutocerord.com\\\/\",\"name\":\"Minuto Cero RD\",\"description\":\"Periodismo serio y veraz\",\"publisher\":{\"@id\":\"https:\\\/\\\/minutocerord.com\\\/#\\\/schema\\\/person\\\/60b5372d60aaa0a5171fb6488be9aee6\"},\"potentialAction\":[{\"@type\":\"SearchAction\",\"target\":{\"@type\":\"EntryPoint\",\"urlTemplate\":\"https:\\\/\\\/minutocerord.com\\\/?s={search_term_string}\"},\"query-input\":{\"@type\":\"PropertyValueSpecification\",\"valueRequired\":true,\"valueName\":\"search_term_string\"}}],\"inLanguage\":\"es-DO\"},{\"@type\":[\"Person\",\"Organization\"],\"@id\":\"https:\\\/\\\/minutocerord.com\\\/#\\\/schema\\\/person\\\/60b5372d60aaa0a5171fb6488be9aee6\",\"name\":\"Genof\u00f3ntes Urb\u00e1ez\",\"image\":{\"@type\":\"ImageObject\",\"inLanguage\":\"es-DO\",\"@id\":\"https:\\\/\\\/secure.gravatar.com\\\/avatar\\\/a49ef3186a692098ac3e8a1612261e3ad70cf9e44553dff2929e67939a0ecb9d?s=96&d=identicon&r=g\",\"url\":\"https:\\\/\\\/secure.gravatar.com\\\/avatar\\\/a49ef3186a692098ac3e8a1612261e3ad70cf9e44553dff2929e67939a0ecb9d?s=96&d=identicon&r=g\",\"contentUrl\":\"https:\\\/\\\/secure.gravatar.com\\\/avatar\\\/a49ef3186a692098ac3e8a1612261e3ad70cf9e44553dff2929e67939a0ecb9d?s=96&d=identicon&r=g\",\"caption\":\"Genof\u00f3ntes Urb\u00e1ez\"},\"logo\":{\"@id\":\"https:\\\/\\\/secure.gravatar.com\\\/avatar\\\/a49ef3186a692098ac3e8a1612261e3ad70cf9e44553dff2929e67939a0ecb9d?s=96&d=identicon&r=g\"},\"description\":\"Periodista \\\/ Locutor\",\"sameAs\":[\"https:\\\/\\\/www.facebook.com\\\/Genofnotes\",\"https:\\\/\\\/www.instagram.com\\\/genofnotes\\\/\"]}]}<\/script>\n<!-- \/ Yoast SEO plugin. -->","yoast_head_json":{"title":"Abren pesquisa judicial sobre la muerte personas en cuarteles PN - Minuto Cero RD","robots":{"index":"index","follow":"follow","max-snippet":"max-snippet:-1","max-image-preview":"max-image-preview:large","max-video-preview":"max-video-preview:-1"},"canonical":"http:\/\/minutocerord.com\/?p=8709","og_locale":"es_ES","og_type":"article","og_title":"Abren pesquisa judicial sobre la muerte personas en cuarteles PN - Minuto Cero RD","og_description":"SANTO DOMINGO.- La procuradora general de la Rep\u00fablica Dominicana,\u00a0 Miriam Germ\u00e1n Brito, instruy\u00f3 a la procuradora adjunta Yeni Berenice Reynoso para que coordine las investigaciones de los casos en que ciudadanos \u00a0han perdido la vida en cuarteles policiales. \u201cComo a todos en nuestra sociedad, esta situaci\u00f3n nos genera un gran dolor, porque se trata de [&hellip;]","og_url":"http:\/\/minutocerord.com\/?p=8709","og_site_name":"Minuto Cero RD","article_publisher":"https:\/\/www.facebook.com\/Genofnotes","article_author":"https:\/\/www.facebook.com\/Genofnotes","article_published_time":"2022-05-04T03:51:38+00:00","article_modified_time":"2022-05-04T03:51:40+00:00","og_image":[{"width":600,"height":301,"url":"https:\/\/i0.wp.com\/minutocerord.com\/wp-content\/uploads\/2022\/05\/Mirian-German-Brito-Yeni-Berenice-Reynoso-y-Jesus-Vasquez.jpg?fit=600%2C301","type":"image\/jpeg"}],"author":"Genof\u00f3ntes Urb\u00e1ez","twitter_card":"summary_large_image","twitter_misc":{"Written by":"Genof\u00f3ntes Urb\u00e1ez","Est. reading time":"2 minutos"},"schema":{"@context":"https:\/\/schema.org","@graph":[{"@type":"Article","@id":"http:\/\/minutocerord.com\/?p=8709#article","isPartOf":{"@id":"http:\/\/minutocerord.com\/?p=8709"},"author":{"name":"Genof\u00f3ntes Urb\u00e1ez","@id":"https:\/\/minutocerord.com\/#\/schema\/person\/60b5372d60aaa0a5171fb6488be9aee6"},"headline":"Abren pesquisa judicial sobre la muerte personas en cuarteles PN","datePublished":"2022-05-04T03:51:38+00:00","dateModified":"2022-05-04T03:51:40+00:00","mainEntityOfPage":{"@id":"http:\/\/minutocerord.com\/?p=8709"},"wordCount":297,"commentCount":0,"publisher":{"@id":"https:\/\/minutocerord.com\/#\/schema\/person\/60b5372d60aaa0a5171fb6488be9aee6"},"image":{"@id":"http:\/\/minutocerord.com\/?p=8709#primaryimage"},"thumbnailUrl":"https:\/\/i0.wp.com\/minutocerord.com\/wp-content\/uploads\/2022\/05\/Mirian-German-Brito-Yeni-Berenice-Reynoso-y-Jesus-Vasquez.jpg?fit=600%2C301&ssl=1","articleSection":["Nacionales"],"inLanguage":"es-DO","potentialAction":[{"@type":"CommentAction","name":"Comment","target":["http:\/\/minutocerord.com\/?p=8709#respond"]}]},{"@type":"WebPage","@id":"http:\/\/minutocerord.com\/?p=8709","url":"http:\/\/minutocerord.com\/?p=8709","name":"Abren pesquisa judicial sobre la muerte personas en cuarteles PN - Minuto Cero RD","isPartOf":{"@id":"https:\/\/minutocerord.com\/#website"},"primaryImageOfPage":{"@id":"http:\/\/minutocerord.com\/?p=8709#primaryimage"},"image":{"@id":"http:\/\/minutocerord.com\/?p=8709#primaryimage"},"thumbnailUrl":"https:\/\/i0.wp.com\/minutocerord.com\/wp-content\/uploads\/2022\/05\/Mirian-German-Brito-Yeni-Berenice-Reynoso-y-Jesus-Vasquez.jpg?fit=600%2C301&ssl=1","datePublished":"2022-05-04T03:51:38+00:00","dateModified":"2022-05-04T03:51:40+00:00","breadcrumb":{"@id":"http:\/\/minutocerord.com\/?p=8709#breadcrumb"},"inLanguage":"es-DO","potentialAction":[{"@type":"ReadAction","target":["http:\/\/minutocerord.com\/?p=8709"]}]},{"@type":"ImageObject","inLanguage":"es-DO","@id":"http:\/\/minutocerord.com\/?p=8709#primaryimage","url":"https:\/\/i0.wp.com\/minutocerord.com\/wp-content\/uploads\/2022\/05\/Mirian-German-Brito-Yeni-Berenice-Reynoso-y-Jesus-Vasquez.jpg?fit=600%2C301&ssl=1","contentUrl":"https:\/\/i0.wp.com\/minutocerord.com\/wp-content\/uploads\/2022\/05\/Mirian-German-Brito-Yeni-Berenice-Reynoso-y-Jesus-Vasquez.jpg?fit=600%2C301&ssl=1","width":600,"height":301},{"@type":"BreadcrumbList","@id":"http:\/\/minutocerord.com\/?p=8709#breadcrumb","itemListElement":[{"@type":"ListItem","position":1,"name":"Home","item":"https:\/\/minutocerord.com\/"},{"@type":"ListItem","position":2,"name":"Abren pesquisa judicial sobre la muerte personas en cuarteles PN"}]},{"@type":"WebSite","@id":"https:\/\/minutocerord.com\/#website","url":"https:\/\/minutocerord.com\/","name":"Minuto Cero RD","description":"Periodismo serio y veraz","publisher":{"@id":"https:\/\/minutocerord.com\/#\/schema\/person\/60b5372d60aaa0a5171fb6488be9aee6"},"potentialAction":[{"@type":"SearchAction","target":{"@type":"EntryPoint","urlTemplate":"https:\/\/minutocerord.com\/?s={search_term_string}"},"query-input":{"@type":"PropertyValueSpecification","valueRequired":true,"valueName":"search_term_string"}}],"inLanguage":"es-DO"},{"@type":["Person","Organization"],"@id":"https:\/\/minutocerord.com\/#\/schema\/person\/60b5372d60aaa0a5171fb6488be9aee6","name":"Genof\u00f3ntes Urb\u00e1ez","image":{"@type":"ImageObject","inLanguage":"es-DO","@id":"https:\/\/secure.gravatar.com\/avatar\/a49ef3186a692098ac3e8a1612261e3ad70cf9e44553dff2929e67939a0ecb9d?s=96&d=identicon&r=g","url":"https:\/\/secure.gravatar.com\/avatar\/a49ef3186a692098ac3e8a1612261e3ad70cf9e44553dff2929e67939a0ecb9d?s=96&d=identicon&r=g","contentUrl":"https:\/\/secure.gravatar.com\/avatar\/a49ef3186a692098ac3e8a1612261e3ad70cf9e44553dff2929e67939a0ecb9d?s=96&d=identicon&r=g","caption":"Genof\u00f3ntes Urb\u00e1ez"},"logo":{"@id":"https:\/\/secure.gravatar.com\/avatar\/a49ef3186a692098ac3e8a1612261e3ad70cf9e44553dff2929e67939a0ecb9d?s=96&d=identicon&r=g"},"description":"Periodista \/ Locutor","sameAs":["https:\/\/www.facebook.com\/Genofnotes","https:\/\/www.instagram.com\/genofnotes\/"]}]}},"jetpack_publicize_connections":[],"jetpack_featured_media_url":"https:\/\/i0.wp.com\/minutocerord.com\/wp-content\/uploads\/2022\/05\/Mirian-German-Brito-Yeni-Berenice-Reynoso-y-Jesus-Vasquez.jpg?fit=600%2C301&ssl=1","jetpack-related-posts":[],"jetpack_sharing_enabled":true,"_links":{"self":[{"href":"https:\/\/minutocerord.com\/index.php?rest_route=\/wp\/v2\/posts\/8709","targetHints":{"allow":["GET"]}}],"collection":[{"href":"https:\/\/minutocerord.com\/index.php?rest_route=\/wp\/v2\/posts"}],"about":[{"href":"https:\/\/minutocerord.com\/index.php?rest_route=\/wp\/v2\/types\/post"}],"author":[{"embeddable":true,"href":"https:\/\/minutocerord.com\/index.php?rest_route=\/wp\/v2\/users\/1"}],"replies":[{"embeddable":true,"href":"https:\/\/minutocerord.com\/index.php?rest_route=%2Fwp%2Fv2%2Fcomments&post=8709"}],"version-history":[{"count":1,"href":"https:\/\/minutocerord.com\/index.php?rest_route=\/wp\/v2\/posts\/8709\/revisions"}],"predecessor-version":[{"id":8711,"href":"https:\/\/minutocerord.com\/index.php?rest_route=\/wp\/v2\/posts\/8709\/revisions\/8711"}],"wp:featuredmedia":[{"embeddable":true,"href":"https:\/\/minutocerord.com\/index.php?rest_route=\/wp\/v2\/media\/8710"}],"wp:attachment":[{"href":"https:\/\/minutocerord.com\/index.php?rest_route=%2Fwp%2Fv2%2Fmedia&parent=8709"}],"wp:term":[{"taxonomy":"category","embeddable":true,"href":"https:\/\/minutocerord.com\/index.php?rest_route=%2Fwp%2Fv2%2Fcategories&post=8709"},{"taxonomy":"post_tag","embeddable":true,"href":"https:\/\/minutocerord.com\/index.php?rest_route=%2Fwp%2Fv2%2Ftags&post=8709"}],"curies":[{"name":"wp","href":"https:\/\/api.w.org\/{rel}","templated":true}]}}