{"id":8712,"date":"2022-05-04T00:37:25","date_gmt":"2022-05-04T04:37:25","guid":{"rendered":"https:\/\/minutocerord.com\/?p=8712"},"modified":"2022-05-04T00:37:51","modified_gmt":"2022-05-04T04:37:51","slug":"david-ortiz-afirma-proximo-24-de-julio-hara-historia-en-cooperstown","status":"publish","type":"post","link":"https:\/\/minutocerord.com\/?p=8712","title":{"rendered":"David Ortiz afirma pr\u00f3ximo 24 de julio har\u00e1 historia en Cooperstown"},"content":{"rendered":"\n<p><strong>NUEVA YORK.- <\/strong>El expelotero de Grandes Ligas, David Ortiz, asegur\u00f3 que el pr\u00f3ximo 24 de julio, Cooperstown temblar\u00e1 con la alegr\u00eda y m\u00fasica de los dominicanos durante \u201cCooperstown Dominican Latin Fest\u201d, evento con el cual celebrar\u00e1 su exaltaci\u00f3n al Sal\u00f3n de la Fama del b\u00e9isbol para compartir con toda su fanaticada de estadounidenses, latinoamericanos, dominicanos y de todo el mundo.<\/p>\n\n\n\n<p>Esta es la primera visita de Ortiz a la ciudad, luego de su anuncio al Sal\u00f3n de la Fama, donde ofreci\u00f3 una rueda de prensa y firm\u00f3 la tarja donde aparecer\u00e1 su imagen el 24 de julio, que lo acreditar\u00e1 como miembro del templo sagrado del b\u00e9isbol.<\/p>\n\n\n\n<p>\u201cEstoy emocionado por llegar al templo del b\u00e9isbol donde est\u00e1n grandes peloteros. Pero lo m\u00e1s importante es que estar\u00e9 junto a tres grandes dominicanos: Juan Marichal, Pedro Mart\u00ednez y Vladimir Guerrero\u201d, expuso David Ortiz durante la rueda de prensa.<\/p>\n\n\n\n<p>Asegur\u00f3 que el 24 de julio ser\u00e1 un d\u00eda muy importante para Am\u00e9rica Latina, pero sobre todo para la Rep\u00fablica Dominicana, donde inici\u00f3 todo. \u201cEse d\u00eda de la exaltaci\u00f3n, el mundo conocer\u00e1 la fanaticada m\u00e1s alegre del b\u00e9isbol: los dominicanos, quienes llegar\u00e1n a Cooperstown para derrochar su alegr\u00eda y entusiasmo\u201d.<\/p>\n\n\n\n<p>Al responder una pregunta sobre lo que representaron para \u00e9l su madre, Angela Ortiz y el expelotero Kirby Pucket, y que no estar\u00e1n presentes en el evento de exaltaci\u00f3n, Ortiz se fue en llanto y asegur\u00f3 que su madre fue una de su principal motivaci\u00f3n para ser quien es hoy. Y en cuanto a Pucket, dijo que se convirti\u00f3 en un padre y protector durante su estad\u00eda con el equipo de Minnesota, donde jug\u00f3 varios a\u00f1os.<\/p>\n\n\n\n<p>Durante la actividad, Josh Rawitch, presidente del Sal\u00f3n de la Fama del B\u00e9isbol, le coloc\u00f3 la camiseta al slugger dominicano, que le identifica como miembro del Sal\u00f3n de la Fama.<\/p>\n\n\n\n<p>Posteriormente a la ceremonia de exaltaci\u00f3n del pr\u00f3ximo 24 de julio, David Ortiz ha organizado el \u201cCooperstown Dominican Latin Fest\u201d, una actividad abierta al p\u00fablico, porque como hombre humilde y de pueblo que es, quiere celebrar su escogencia junto a su fanaticada que siempre lo ha apoyado \u201cy merece compartir este gran logro que no es solo m\u00edo, sino de todos los dominicanos, latinoamericanos, estadounidenses y fan\u00e1ticos de todo el mundo\u201d.<\/p>\n\n\n\n<p>\u201cCooperstown Dominican Latin Fest\u201d se realizar\u00e1 en Brewery Ommegang, un espacio al aire libre con capacidad para m\u00e1s de 5,000 personas situado en Cooperstown, New York.<\/p>\n\n\n\n<p>Ortiz ha expresado que esta actividad representa un homenaje a todos los jugadores dominicanos del b\u00e9isbol que viven poniendo en alto el nombre de la Rep\u00fablica Dominicana, y que con su dedicaci\u00f3n y entrega nos hacen sentir orgullosos, adem\u00e1s de servir como ejemplo a los j\u00f3venes que cada d\u00eda luchan por alcanzar sus sue\u00f1os.<\/p>\n\n\n\n<p>La celebraci\u00f3n tendr\u00e1 una amplia cartelera art\u00edstica con la presentaci\u00f3n de artistas dominicanos de la talla de los merengueros Fernando Villalona y Sergio Vargas; del salsero Yiyo Sarante, as\u00ed como del exponente de m\u00fasica urbana El Alfa, y el afamado animador musical DJ Adonis.<\/p>\n\n\n\n<p>Y para animar al p\u00fablico, estar\u00e1n reconocidos presentadores nacionales e internacionales como: Tony Dandrade, Michael Miguel Holgu\u00edn, Joel L\u00f3pez, Francisca Lachapel y Enriquito Rojas.<\/p>\n\n\n\n<p>Este magno evento que tendr\u00e1 una producci\u00f3n televisiva de dos horas, estar\u00e1 bajo la producci\u00f3n de Ram\u00f3n Carmona y Miguel Medina; la comercializaci\u00f3n de Grupo de Medios Panorama, y ser\u00e1 transmitido para toda la Rep\u00fablica Dominicana por Telemicro, Canal 5; para la ciudad de Nueva York en Telemicro Internacional, y para todo el mundo a trav\u00e9s de Prende TV, nueva plataforma de streaming de la cadena Univisi\u00f3n. Adem\u00e1s, ser\u00e1 transmitido por las redes sociales de David Ortiz.<\/p>\n","protected":false},"excerpt":{"rendered":"<p>NUEVA YORK.- El expelotero de Grandes Ligas, David Ortiz, asegur\u00f3 que el pr\u00f3ximo 24 de julio, Cooperstown temblar\u00e1 con la alegr\u00eda y m\u00fasica de los dominicanos durante \u201cCooperstown Dominican Latin Fest\u201d, evento con el cual celebrar\u00e1 su exaltaci\u00f3n al Sal\u00f3n de la Fama del b\u00e9isbol para compartir con toda su fanaticada de estadounidenses, latinoamericanos, dominicanos [&hellip;]<\/p>\n","protected":false},"author":1,"featured_media":8713,"comment_status":"open","ping_status":"open","sticky":false,"template":"","format":"standard","meta":{"nf_dc_page":"","jetpack_post_was_ever_published":false,"_jetpack_newsletter_access":"","_jetpack_dont_email_post_to_subs":false,"_jetpack_newsletter_tier_id":0,"_jetpack_memberships_contains_paywalled_content":false,"_jetpack_memberships_contains_paid_content":false,"footnotes":"","jetpack_publicize_message":"","jetpack_publicize_feature_enabled":true,"jetpack_social_post_already_shared":true,"jetpack_social_options":{"image_generator_settings":{"template":"highway","default_image_id":0,"font":"","enabled":false},"version":2}},"categories":[80],"tags":[],"class_list":["post-8712","post","type-post","status-publish","format-standard","has-post-thumbnail","hentry","category-beisbol"],"yoast_head":"<!-- This site is optimized with the Yoast SEO plugin v27.4 - https:\/\/yoast.com\/product\/yoast-seo-wordpress\/ -->\n<title>David Ortiz afirma pr\u00f3ximo 24 de julio har\u00e1 historia en Cooperstown - Minuto Cero RD<\/title>\n<meta name=\"robots\" content=\"index, follow, max-snippet:-1, max-image-preview:large, max-video-preview:-1\" \/>\n<link rel=\"canonical\" href=\"http:\/\/minutocerord.com\/?p=8712\" \/>\n<meta property=\"og:locale\" content=\"es_ES\" \/>\n<meta property=\"og:type\" content=\"article\" \/>\n<meta property=\"og:title\" content=\"David Ortiz afirma pr\u00f3ximo 24 de julio har\u00e1 historia en Cooperstown - Minuto Cero RD\" \/>\n<meta property=\"og:description\" content=\"NUEVA YORK.- El expelotero de Grandes Ligas, David Ortiz, asegur\u00f3 que el pr\u00f3ximo 24 de julio, Cooperstown temblar\u00e1 con la alegr\u00eda y m\u00fasica de los dominicanos durante \u201cCooperstown Dominican Latin Fest\u201d, evento con el cual celebrar\u00e1 su exaltaci\u00f3n al Sal\u00f3n de la Fama del b\u00e9isbol para compartir con toda su fanaticada de estadounidenses, latinoamericanos, dominicanos [&hellip;]\" \/>\n<meta property=\"og:url\" content=\"http:\/\/minutocerord.com\/?p=8712\" \/>\n<meta property=\"og:site_name\" content=\"Minuto Cero RD\" \/>\n<meta property=\"article:publisher\" content=\"https:\/\/www.facebook.com\/Genofnotes\" \/>\n<meta property=\"article:author\" content=\"https:\/\/www.facebook.com\/Genofnotes\" \/>\n<meta property=\"article:published_time\" content=\"2022-05-04T04:37:25+00:00\" \/>\n<meta property=\"article:modified_time\" content=\"2022-05-04T04:37:51+00:00\" \/>\n<meta property=\"og:image\" content=\"https:\/\/i0.wp.com\/minutocerord.com\/wp-content\/uploads\/2022\/05\/davidcoo.jpg?fit=362%2C314\" \/>\n\t<meta property=\"og:image:width\" content=\"362\" \/>\n\t<meta property=\"og:image:height\" content=\"314\" \/>\n\t<meta property=\"og:image:type\" content=\"image\/jpeg\" \/>\n<meta name=\"author\" content=\"Genof\u00f3ntes Urb\u00e1ez\" \/>\n<meta name=\"twitter:card\" content=\"summary_large_image\" \/>\n<meta name=\"twitter:label1\" content=\"Written by\" \/>\n\t<meta name=\"twitter:data1\" content=\"Genof\u00f3ntes Urb\u00e1ez\" \/>\n\t<meta name=\"twitter:label2\" content=\"Est. reading time\" \/>\n\t<meta name=\"twitter:data2\" content=\"3 minutos\" \/>\n<script type=\"application\/ld+json\" class=\"yoast-schema-graph\">{\"@context\":\"https:\\\/\\\/schema.org\",\"@graph\":[{\"@type\":\"Article\",\"@id\":\"http:\\\/\\\/minutocerord.com\\\/?p=8712#article\",\"isPartOf\":{\"@id\":\"http:\\\/\\\/minutocerord.com\\\/?p=8712\"},\"author\":{\"name\":\"Genof\u00f3ntes Urb\u00e1ez\",\"@id\":\"https:\\\/\\\/minutocerord.com\\\/#\\\/schema\\\/person\\\/60b5372d60aaa0a5171fb6488be9aee6\"},\"headline\":\"David Ortiz afirma pr\u00f3ximo 24 de julio har\u00e1 historia en Cooperstown\",\"datePublished\":\"2022-05-04T04:37:25+00:00\",\"dateModified\":\"2022-05-04T04:37:51+00:00\",\"mainEntityOfPage\":{\"@id\":\"http:\\\/\\\/minutocerord.com\\\/?p=8712\"},\"wordCount\":662,\"commentCount\":0,\"publisher\":{\"@id\":\"https:\\\/\\\/minutocerord.com\\\/#\\\/schema\\\/person\\\/60b5372d60aaa0a5171fb6488be9aee6\"},\"image\":{\"@id\":\"http:\\\/\\\/minutocerord.com\\\/?p=8712#primaryimage\"},\"thumbnailUrl\":\"https:\\\/\\\/i0.wp.com\\\/minutocerord.com\\\/wp-content\\\/uploads\\\/2022\\\/05\\\/davidcoo.jpg?fit=362%2C314&ssl=1\",\"articleSection\":[\"Beisbol\"],\"inLanguage\":\"es-DO\",\"potentialAction\":[{\"@type\":\"CommentAction\",\"name\":\"Comment\",\"target\":[\"http:\\\/\\\/minutocerord.com\\\/?p=8712#respond\"]}]},{\"@type\":\"WebPage\",\"@id\":\"http:\\\/\\\/minutocerord.com\\\/?p=8712\",\"url\":\"http:\\\/\\\/minutocerord.com\\\/?p=8712\",\"name\":\"David Ortiz afirma pr\u00f3ximo 24 de julio har\u00e1 historia en Cooperstown - Minuto Cero RD\",\"isPartOf\":{\"@id\":\"https:\\\/\\\/minutocerord.com\\\/#website\"},\"primaryImageOfPage\":{\"@id\":\"http:\\\/\\\/minutocerord.com\\\/?p=8712#primaryimage\"},\"image\":{\"@id\":\"http:\\\/\\\/minutocerord.com\\\/?p=8712#primaryimage\"},\"thumbnailUrl\":\"https:\\\/\\\/i0.wp.com\\\/minutocerord.com\\\/wp-content\\\/uploads\\\/2022\\\/05\\\/davidcoo.jpg?fit=362%2C314&ssl=1\",\"datePublished\":\"2022-05-04T04:37:25+00:00\",\"dateModified\":\"2022-05-04T04:37:51+00:00\",\"breadcrumb\":{\"@id\":\"http:\\\/\\\/minutocerord.com\\\/?p=8712#breadcrumb\"},\"inLanguage\":\"es-DO\",\"potentialAction\":[{\"@type\":\"ReadAction\",\"target\":[\"http:\\\/\\\/minutocerord.com\\\/?p=8712\"]}]},{\"@type\":\"ImageObject\",\"inLanguage\":\"es-DO\",\"@id\":\"http:\\\/\\\/minutocerord.com\\\/?p=8712#primaryimage\",\"url\":\"https:\\\/\\\/i0.wp.com\\\/minutocerord.com\\\/wp-content\\\/uploads\\\/2022\\\/05\\\/davidcoo.jpg?fit=362%2C314&ssl=1\",\"contentUrl\":\"https:\\\/\\\/i0.wp.com\\\/minutocerord.com\\\/wp-content\\\/uploads\\\/2022\\\/05\\\/davidcoo.jpg?fit=362%2C314&ssl=1\",\"width\":362,\"height\":314},{\"@type\":\"BreadcrumbList\",\"@id\":\"http:\\\/\\\/minutocerord.com\\\/?p=8712#breadcrumb\",\"itemListElement\":[{\"@type\":\"ListItem\",\"position\":1,\"name\":\"Home\",\"item\":\"https:\\\/\\\/minutocerord.com\\\/\"},{\"@type\":\"ListItem\",\"position\":2,\"name\":\"David Ortiz afirma pr\u00f3ximo 24 de julio har\u00e1 historia en Cooperstown\"}]},{\"@type\":\"WebSite\",\"@id\":\"https:\\\/\\\/minutocerord.com\\\/#website\",\"url\":\"https:\\\/\\\/minutocerord.com\\\/\",\"name\":\"Minuto Cero RD\",\"description\":\"Periodismo serio y veraz\",\"publisher\":{\"@id\":\"https:\\\/\\\/minutocerord.com\\\/#\\\/schema\\\/person\\\/60b5372d60aaa0a5171fb6488be9aee6\"},\"potentialAction\":[{\"@type\":\"SearchAction\",\"target\":{\"@type\":\"EntryPoint\",\"urlTemplate\":\"https:\\\/\\\/minutocerord.com\\\/?s={search_term_string}\"},\"query-input\":{\"@type\":\"PropertyValueSpecification\",\"valueRequired\":true,\"valueName\":\"search_term_string\"}}],\"inLanguage\":\"es-DO\"},{\"@type\":[\"Person\",\"Organization\"],\"@id\":\"https:\\\/\\\/minutocerord.com\\\/#\\\/schema\\\/person\\\/60b5372d60aaa0a5171fb6488be9aee6\",\"name\":\"Genof\u00f3ntes Urb\u00e1ez\",\"image\":{\"@type\":\"ImageObject\",\"inLanguage\":\"es-DO\",\"@id\":\"https:\\\/\\\/secure.gravatar.com\\\/avatar\\\/a49ef3186a692098ac3e8a1612261e3ad70cf9e44553dff2929e67939a0ecb9d?s=96&d=identicon&r=g\",\"url\":\"https:\\\/\\\/secure.gravatar.com\\\/avatar\\\/a49ef3186a692098ac3e8a1612261e3ad70cf9e44553dff2929e67939a0ecb9d?s=96&d=identicon&r=g\",\"contentUrl\":\"https:\\\/\\\/secure.gravatar.com\\\/avatar\\\/a49ef3186a692098ac3e8a1612261e3ad70cf9e44553dff2929e67939a0ecb9d?s=96&d=identicon&r=g\",\"caption\":\"Genof\u00f3ntes Urb\u00e1ez\"},\"logo\":{\"@id\":\"https:\\\/\\\/secure.gravatar.com\\\/avatar\\\/a49ef3186a692098ac3e8a1612261e3ad70cf9e44553dff2929e67939a0ecb9d?s=96&d=identicon&r=g\"},\"description\":\"Periodista \\\/ Locutor\",\"sameAs\":[\"https:\\\/\\\/www.facebook.com\\\/Genofnotes\",\"https:\\\/\\\/www.instagram.com\\\/genofnotes\\\/\"]}]}<\/script>\n<!-- \/ Yoast SEO plugin. -->","yoast_head_json":{"title":"David Ortiz afirma pr\u00f3ximo 24 de julio har\u00e1 historia en Cooperstown - Minuto Cero RD","robots":{"index":"index","follow":"follow","max-snippet":"max-snippet:-1","max-image-preview":"max-image-preview:large","max-video-preview":"max-video-preview:-1"},"canonical":"http:\/\/minutocerord.com\/?p=8712","og_locale":"es_ES","og_type":"article","og_title":"David Ortiz afirma pr\u00f3ximo 24 de julio har\u00e1 historia en Cooperstown - Minuto Cero RD","og_description":"NUEVA YORK.- El expelotero de Grandes Ligas, David Ortiz, asegur\u00f3 que el pr\u00f3ximo 24 de julio, Cooperstown temblar\u00e1 con la alegr\u00eda y m\u00fasica de los dominicanos durante \u201cCooperstown Dominican Latin Fest\u201d, evento con el cual celebrar\u00e1 su exaltaci\u00f3n al Sal\u00f3n de la Fama del b\u00e9isbol para compartir con toda su fanaticada de estadounidenses, latinoamericanos, dominicanos [&hellip;]","og_url":"http:\/\/minutocerord.com\/?p=8712","og_site_name":"Minuto Cero RD","article_publisher":"https:\/\/www.facebook.com\/Genofnotes","article_author":"https:\/\/www.facebook.com\/Genofnotes","article_published_time":"2022-05-04T04:37:25+00:00","article_modified_time":"2022-05-04T04:37:51+00:00","og_image":[{"width":362,"height":314,"url":"https:\/\/i0.wp.com\/minutocerord.com\/wp-content\/uploads\/2022\/05\/davidcoo.jpg?fit=362%2C314","type":"image\/jpeg"}],"author":"Genof\u00f3ntes Urb\u00e1ez","twitter_card":"summary_large_image","twitter_misc":{"Written by":"Genof\u00f3ntes Urb\u00e1ez","Est. reading time":"3 minutos"},"schema":{"@context":"https:\/\/schema.org","@graph":[{"@type":"Article","@id":"http:\/\/minutocerord.com\/?p=8712#article","isPartOf":{"@id":"http:\/\/minutocerord.com\/?p=8712"},"author":{"name":"Genof\u00f3ntes Urb\u00e1ez","@id":"https:\/\/minutocerord.com\/#\/schema\/person\/60b5372d60aaa0a5171fb6488be9aee6"},"headline":"David Ortiz afirma pr\u00f3ximo 24 de julio har\u00e1 historia en Cooperstown","datePublished":"2022-05-04T04:37:25+00:00","dateModified":"2022-05-04T04:37:51+00:00","mainEntityOfPage":{"@id":"http:\/\/minutocerord.com\/?p=8712"},"wordCount":662,"commentCount":0,"publisher":{"@id":"https:\/\/minutocerord.com\/#\/schema\/person\/60b5372d60aaa0a5171fb6488be9aee6"},"image":{"@id":"http:\/\/minutocerord.com\/?p=8712#primaryimage"},"thumbnailUrl":"https:\/\/i0.wp.com\/minutocerord.com\/wp-content\/uploads\/2022\/05\/davidcoo.jpg?fit=362%2C314&ssl=1","articleSection":["Beisbol"],"inLanguage":"es-DO","potentialAction":[{"@type":"CommentAction","name":"Comment","target":["http:\/\/minutocerord.com\/?p=8712#respond"]}]},{"@type":"WebPage","@id":"http:\/\/minutocerord.com\/?p=8712","url":"http:\/\/minutocerord.com\/?p=8712","name":"David Ortiz afirma pr\u00f3ximo 24 de julio har\u00e1 historia en Cooperstown - Minuto Cero RD","isPartOf":{"@id":"https:\/\/minutocerord.com\/#website"},"primaryImageOfPage":{"@id":"http:\/\/minutocerord.com\/?p=8712#primaryimage"},"image":{"@id":"http:\/\/minutocerord.com\/?p=8712#primaryimage"},"thumbnailUrl":"https:\/\/i0.wp.com\/minutocerord.com\/wp-content\/uploads\/2022\/05\/davidcoo.jpg?fit=362%2C314&ssl=1","datePublished":"2022-05-04T04:37:25+00:00","dateModified":"2022-05-04T04:37:51+00:00","breadcrumb":{"@id":"http:\/\/minutocerord.com\/?p=8712#breadcrumb"},"inLanguage":"es-DO","potentialAction":[{"@type":"ReadAction","target":["http:\/\/minutocerord.com\/?p=8712"]}]},{"@type":"ImageObject","inLanguage":"es-DO","@id":"http:\/\/minutocerord.com\/?p=8712#primaryimage","url":"https:\/\/i0.wp.com\/minutocerord.com\/wp-content\/uploads\/2022\/05\/davidcoo.jpg?fit=362%2C314&ssl=1","contentUrl":"https:\/\/i0.wp.com\/minutocerord.com\/wp-content\/uploads\/2022\/05\/davidcoo.jpg?fit=362%2C314&ssl=1","width":362,"height":314},{"@type":"BreadcrumbList","@id":"http:\/\/minutocerord.com\/?p=8712#breadcrumb","itemListElement":[{"@type":"ListItem","position":1,"name":"Home","item":"https:\/\/minutocerord.com\/"},{"@type":"ListItem","position":2,"name":"David Ortiz afirma pr\u00f3ximo 24 de julio har\u00e1 historia en Cooperstown"}]},{"@type":"WebSite","@id":"https:\/\/minutocerord.com\/#website","url":"https:\/\/minutocerord.com\/","name":"Minuto Cero RD","description":"Periodismo serio y veraz","publisher":{"@id":"https:\/\/minutocerord.com\/#\/schema\/person\/60b5372d60aaa0a5171fb6488be9aee6"},"potentialAction":[{"@type":"SearchAction","target":{"@type":"EntryPoint","urlTemplate":"https:\/\/minutocerord.com\/?s={search_term_string}"},"query-input":{"@type":"PropertyValueSpecification","valueRequired":true,"valueName":"search_term_string"}}],"inLanguage":"es-DO"},{"@type":["Person","Organization"],"@id":"https:\/\/minutocerord.com\/#\/schema\/person\/60b5372d60aaa0a5171fb6488be9aee6","name":"Genof\u00f3ntes Urb\u00e1ez","image":{"@type":"ImageObject","inLanguage":"es-DO","@id":"https:\/\/secure.gravatar.com\/avatar\/a49ef3186a692098ac3e8a1612261e3ad70cf9e44553dff2929e67939a0ecb9d?s=96&d=identicon&r=g","url":"https:\/\/secure.gravatar.com\/avatar\/a49ef3186a692098ac3e8a1612261e3ad70cf9e44553dff2929e67939a0ecb9d?s=96&d=identicon&r=g","contentUrl":"https:\/\/secure.gravatar.com\/avatar\/a49ef3186a692098ac3e8a1612261e3ad70cf9e44553dff2929e67939a0ecb9d?s=96&d=identicon&r=g","caption":"Genof\u00f3ntes Urb\u00e1ez"},"logo":{"@id":"https:\/\/secure.gravatar.com\/avatar\/a49ef3186a692098ac3e8a1612261e3ad70cf9e44553dff2929e67939a0ecb9d?s=96&d=identicon&r=g"},"description":"Periodista \/ Locutor","sameAs":["https:\/\/www.facebook.com\/Genofnotes","https:\/\/www.instagram.com\/genofnotes\/"]}]}},"jetpack_publicize_connections":[],"jetpack_featured_media_url":"https:\/\/i0.wp.com\/minutocerord.com\/wp-content\/uploads\/2022\/05\/davidcoo.jpg?fit=362%2C314&ssl=1","jetpack-related-posts":[],"jetpack_sharing_enabled":true,"_links":{"self":[{"href":"https:\/\/minutocerord.com\/index.php?rest_route=\/wp\/v2\/posts\/8712","targetHints":{"allow":["GET"]}}],"collection":[{"href":"https:\/\/minutocerord.com\/index.php?rest_route=\/wp\/v2\/posts"}],"about":[{"href":"https:\/\/minutocerord.com\/index.php?rest_route=\/wp\/v2\/types\/post"}],"author":[{"embeddable":true,"href":"https:\/\/minutocerord.com\/index.php?rest_route=\/wp\/v2\/users\/1"}],"replies":[{"embeddable":true,"href":"https:\/\/minutocerord.com\/index.php?rest_route=%2Fwp%2Fv2%2Fcomments&post=8712"}],"version-history":[{"count":1,"href":"https:\/\/minutocerord.com\/index.php?rest_route=\/wp\/v2\/posts\/8712\/revisions"}],"predecessor-version":[{"id":8714,"href":"https:\/\/minutocerord.com\/index.php?rest_route=\/wp\/v2\/posts\/8712\/revisions\/8714"}],"wp:featuredmedia":[{"embeddable":true,"href":"https:\/\/minutocerord.com\/index.php?rest_route=\/wp\/v2\/media\/8713"}],"wp:attachment":[{"href":"https:\/\/minutocerord.com\/index.php?rest_route=%2Fwp%2Fv2%2Fmedia&parent=8712"}],"wp:term":[{"taxonomy":"category","embeddable":true,"href":"https:\/\/minutocerord.com\/index.php?rest_route=%2Fwp%2Fv2%2Fcategories&post=8712"},{"taxonomy":"post_tag","embeddable":true,"href":"https:\/\/minutocerord.com\/index.php?rest_route=%2Fwp%2Fv2%2Ftags&post=8712"}],"curies":[{"name":"wp","href":"https:\/\/api.w.org\/{rel}","templated":true}]}}